{"id":163022,"date":"2024-01-18T08:51:50","date_gmt":"2024-01-18T07:51:50","guid":{"rendered":"https:\/\/www.budokampsport.se\/?p=163022"},"modified":"2025-03-13T10:18:22","modified_gmt":"2025-03-13T09:18:22","slug":"stockholm-aikikai-60-ar-en-kanslosam-inledning-pa-firandet","status":"publish","type":"post","link":"https:\/\/www.budokampsport.se\/2024\/01\/18\/stockholm-aikikai-60-ar-en-kanslosam-inledning-pa-firandet\/","title":{"rendered":"Stockholm Aikikai 60 \u00e5r &#8211; en k\u00e4nslosam inledning p\u00e5 firandet"},"content":{"rendered":"<p>Det \u00e4r sannolikt ganska f\u00e5 saker i v\u00e5ra liv som ser mer eller mindre likadana ut efter 60 \u00e5r.<\/p>\n<p>Den anrika f\u00f6reningen <a href=\"https:\/\/www.stockholmaikikai.se\/\" target=\"_blank\" rel=\"noopener\">Stockholm Aikikai<\/a> har huserat i klassiska Br\u00e4nnkyrkahallens nedersta v\u00e5ningsplan sedan starten av f\u00f6reningen 1964.<\/p>\n<h3>Tr\u00e4ningsdag &#8211; vi minns<\/h3>\n<p>Utanf\u00f6r idrottshallen f\u00f6rs\u00f6ker en enslig solstrimma v\u00e4rma genom det tunga molnt\u00e4cke som legat \u00f6ver huvudstaden ett tag. En ensam str\u00e5le sol tr\u00e4ffar ett f\u00f6nster till lokalen dit n\u00e4stan 60 personer tr\u00e4nar ihop. Det \u00e4r f\u00f6rsta delen i Stockholm Aikikais 60-\u00e5rsfirande som kommer att p\u00e5g\u00e5 under \u00e5ret.<\/p>\n<p>\u201dVi minns\u201d blir en b\u00e5de passande och k\u00e4nslosamt tr\u00e4ffs\u00e4ker hyllning och firande i ett. Olika bortg\u00e5ngna pionj\u00e4rers stilar tr\u00e4nas och samtidigt h\u00e5lls tal och anekdoter ber\u00e4ttas. Det \u00e4r n\u00e4ra t\u00e5rar av b\u00e5de saknad och skratt.<\/p>\n<p>Anna Spangfort, bilden, ler &#8211; som hon ofta g\u00f6r. Hon har tr\u00e4nat aikido sedan 1985 och innehar idag den 5 dangraden. Hon \u00e4r \u00e4ven kass\u00f6r i f\u00f6reningen och fick under fjol\u00e5ret SB&amp;K:s f\u00f6rtj\u00e4nsttecken niv\u00e5 5 av 6.<\/p>\n<p>&#8211; Klubben har funnits h\u00e4r i 60 \u00e5r och det \u00e4r helt fantastiskt. Vi har medlemmar h\u00e4r idag som var med och startade f\u00f6reningen. Det \u00e4r otroligt. Det \u00e4r j\u00e4ttekul att kunna tr\u00e4na ihop med alla h\u00e4r och fira tillsammans.<\/p>\n<figure id=\"attachment_163150\" aria-describedby=\"caption-attachment-163150\" style=\"width: 278px\" class=\"wp-caption alignright\"><img loading=\"lazy\" decoding=\"async\" class=\"size-thumbnail wp-image-163150\" src=\"https:\/\/www.budokampsport.se\/wp-content\/uploads\/2024\/01\/DSC7313-278x185.jpg\" alt=\"\" width=\"278\" height=\"185\" srcset=\"https:\/\/www.budokampsport.se\/wp-content\/uploads\/2024\/01\/DSC7313-278x185.jpg 278w, https:\/\/www.budokampsport.se\/wp-content\/uploads\/2024\/01\/DSC7313-600x400.jpg 600w, https:\/\/www.budokampsport.se\/wp-content\/uploads\/2024\/01\/DSC7313-376x251.jpg 376w, https:\/\/www.budokampsport.se\/wp-content\/uploads\/2024\/01\/DSC7313-847x565.jpg 847w, https:\/\/www.budokampsport.se\/wp-content\/uploads\/2024\/01\/DSC7313-572x382.jpg 572w, https:\/\/www.budokampsport.se\/wp-content\/uploads\/2024\/01\/DSC7313.jpg 1090w\" sizes=\"auto, (max-width: 278px) 100vw, 278px\" \/><figcaption id=\"caption-attachment-163150\" class=\"wp-caption-text\">Foto: Magnus Hartman<\/figcaption><\/figure>\n<h3>&#8220;Klubben har f\u00f6rst\u00e5s betytt v\u00e4ldigt mycket&#8221;<\/h3>\n<p>En av de som var med p\u00e5 den tiden d\u00e5 klubben kom till \u00e4r Roland Hultberg, som ocks\u00e5 s\u00e5klart tr\u00e4nade under den h\u00e4r januaril\u00f6rdagen.<\/p>\n<p>&#8211; Stockholm Aikikai bildades sent p\u00e5 \u00e5ret -64. Det var egentligen n\u00e5gra som kom fr\u00e5n Goozen p\u00e5 Sk\u00e5negatan som br\u00f6ts sig ur. Olle Ederklev, Stig Forsberg och Robert von Sandor byggde dojon, samma lokal som vi har idag. Jag b\u00f6rjade tr\u00e4na i maj 1964 och klubben har f\u00f6rst\u00e5s betytt v\u00e4ldigt mycket f\u00f6r mig.<\/p>\n<p>Hultberg, vars egna idrottsliga bana vi hade f\u00f6rm\u00e5n att <a href=\"https:\/\/www.budokampsport.se\/2015\/02\/05\/budokampsport-se-motte-roland-hultberg-nyligen-7e-dan-i-aikido\/\" target=\"_blank\" rel=\"noopener\">f\u00e5 ber\u00e4tta om p\u00e5 budokampsport.se<\/a> f\u00f6r n\u00e4stan nio \u00e5r sedan, ler n\u00e4r han t\u00e4nker att 60 \u00e5r p\u00e5 mattan \u00e4r n\u00e5gra timmar av tekniktr\u00e4ning.<\/p>\n<p>&#8211; (skratt) Ja, det har det v\u00e4l blivit\u2026 Det har varit helt fantastiskt, s\u00e5 klart. Och det \u00e4r det varje tr\u00e4ning fortfarande. Klubben har ocks\u00e5 betytt mycket p\u00e5 det s\u00e4ttet att vi ha haft tr\u00e4ningsm\u00f6jligheter utomlands och kunnat skaffa oss viktiga kontakter.<\/p>\n<p>Under tiden budokampsport.se bes\u00f6kte tr\u00e4ningsdagen \u201dvi minns\u201d hann pass till minne av Lennart Linder och Jan Seveflod h\u00e5llas. Passen bj\u00f6d p\u00e5 historier kopplade till olika tr\u00e4ningsfilosofier och tekniker.<\/p>\n<p>Det var b\u00e5de innerligt, roligt och sev\u00e4rt.<br \/>\nOm det h\u00e4r inledde Stockholm Aikikais jubileum, \u00e4r det nog inte f\u00f6r mycket att anta att m\u00e5nga t\u00f6rstar efter n\u00e4sta punkt i firandet.<\/p>\n<p>Klubbens fortsatta firande sker den 10 februari, d\u00e5 med fokus p\u00e5 &#8220;levande historia&#8221;.<\/p>\n<p>&nbsp;<\/p>\n<figure id=\"attachment_163153\" aria-describedby=\"caption-attachment-163153\" style=\"width: 847px\" class=\"wp-caption aligncenter\"><img loading=\"lazy\" decoding=\"async\" class=\"wp-image-163153 size-large\" src=\"https:\/\/www.budokampsport.se\/wp-content\/uploads\/2024\/01\/DSF8568-847x288.jpg\" alt=\"\" width=\"847\" height=\"288\" srcset=\"https:\/\/www.budokampsport.se\/wp-content\/uploads\/2024\/01\/DSF8568-847x288.jpg 847w, https:\/\/www.budokampsport.se\/wp-content\/uploads\/2024\/01\/DSF8568-600x204.jpg 600w, https:\/\/www.budokampsport.se\/wp-content\/uploads\/2024\/01\/DSF8568-376x128.jpg 376w, https:\/\/www.budokampsport.se\/wp-content\/uploads\/2024\/01\/DSF8568-278x94.jpg 278w, https:\/\/www.budokampsport.se\/wp-content\/uploads\/2024\/01\/DSF8568-572x194.jpg 572w, https:\/\/www.budokampsport.se\/wp-content\/uploads\/2024\/01\/DSF8568.jpg 1090w\" sizes=\"auto, (max-width: 847px) 100vw, 847px\" \/><figcaption id=\"caption-attachment-163153\" class=\"wp-caption-text\">Foto: Magnus Hartman<\/figcaption><\/figure>\n<h3>\u00a0<\/h3>\n<table style=\"border-collapse: collapse; width: 100%; height: 231px;\">\n<tbody>\n<tr style=\"height: 15px;\">\n<td style=\"width: 100%; height: 15px;\">\n<p><strong>Profiler som lyftes under dagen<\/strong><\/p>\n<\/td>\n<\/tr>\n<tr style=\"height: 216px;\">\n<td style=\"width: 100%; height: 216px;\"><img loading=\"lazy\" decoding=\"async\" class=\"alignnone  wp-image-146375\" src=\"https:\/\/www.budokampsport.se\/wp-content\/uploads\/2022\/12\/hjartat-278x180.jpg\" alt=\"\" width=\"23\" height=\"15\" \/><strong>Bror S\u00f6derman<\/strong><br \/>\n<img loading=\"lazy\" decoding=\"async\" class=\"alignnone  wp-image-146375\" src=\"https:\/\/www.budokampsport.se\/wp-content\/uploads\/2022\/12\/hjartat-278x180.jpg\" alt=\"\" width=\"23\" height=\"15\" \/><strong>Sven Yngve Gyllsj\u00f6<\/strong><br \/>\n<img loading=\"lazy\" decoding=\"async\" class=\"alignnone  wp-image-146375\" src=\"https:\/\/www.budokampsport.se\/wp-content\/uploads\/2022\/12\/hjartat-278x180.jpg\" alt=\"\" width=\"23\" height=\"15\" \/><strong>Hans Gauffin<\/strong><br \/>\n<img loading=\"lazy\" decoding=\"async\" class=\"alignnone  wp-image-146375\" src=\"https:\/\/www.budokampsport.se\/wp-content\/uploads\/2022\/12\/hjartat-278x180.jpg\" alt=\"\" width=\"23\" height=\"15\" \/><strong>Lennart Linder<\/strong><br \/>\n<img loading=\"lazy\" decoding=\"async\" class=\"alignnone  wp-image-146375\" src=\"https:\/\/www.budokampsport.se\/wp-content\/uploads\/2022\/12\/hjartat-278x180.jpg\" alt=\"\" width=\"23\" height=\"15\" \/><strong>Jan Seveflod<\/strong><br \/>\n<img loading=\"lazy\" decoding=\"async\" class=\"alignnone  wp-image-146375\" src=\"https:\/\/www.budokampsport.se\/wp-content\/uploads\/2022\/12\/hjartat-278x180.jpg\" alt=\"\" width=\"23\" height=\"15\" \/><strong>Lennart Gullberg<\/strong><br \/>\n<img loading=\"lazy\" decoding=\"async\" class=\"alignnone  wp-image-146375\" src=\"https:\/\/www.budokampsport.se\/wp-content\/uploads\/2022\/12\/hjartat-278x180.jpg\" alt=\"\" width=\"23\" height=\"15\" \/><strong>Jan Hermansson<\/strong><br \/>\n<img loading=\"lazy\" decoding=\"async\" class=\"alignnone  wp-image-146375\" src=\"https:\/\/www.budokampsport.se\/wp-content\/uploads\/2022\/12\/hjartat-278x180.jpg\" alt=\"\" width=\"23\" height=\"15\" \/><strong>Sven-Olof Dehl\u00e9n<\/strong><br \/>\n<img loading=\"lazy\" decoding=\"async\" class=\"alignnone  wp-image-146375\" src=\"https:\/\/www.budokampsport.se\/wp-content\/uploads\/2022\/12\/hjartat-278x180.jpg\" alt=\"\" width=\"23\" height=\"15\" \/><strong>S\u00f6ren Olsson<\/strong><\/td>\n<\/tr>\n<\/tbody>\n<\/table>\n<div>\u00a0<\/div>\n<table style=\"border-collapse: collapse; width: 100%; height: 58px;\">\n<tbody>\n<tr style=\"height: 65px;\">\n<td style=\"width: 100%; height: 10px;\">\n<p><strong>Instrukt\u00f6rer under dagen<\/strong><\/p>\n<\/td>\n<\/tr>\n<tr style=\"height: 48px;\">\n<td style=\"width: 100%; height: 48px;\"><img loading=\"lazy\" decoding=\"async\" class=\"alignnone  wp-image-146375\" src=\"https:\/\/www.budokampsport.se\/wp-content\/uploads\/2022\/12\/hjartat-278x180.jpg\" alt=\"\" width=\"23\" height=\"15\" \/><strong>Anna Spangfort<\/strong><br \/>\n<img loading=\"lazy\" decoding=\"async\" class=\"alignnone  wp-image-146375\" src=\"https:\/\/www.budokampsport.se\/wp-content\/uploads\/2022\/12\/hjartat-278x180.jpg\" alt=\"\" width=\"23\" height=\"15\" \/><strong>Roland Hultberg<\/strong><br \/>\n<img loading=\"lazy\" decoding=\"async\" class=\"alignnone  wp-image-146375\" src=\"https:\/\/www.budokampsport.se\/wp-content\/uploads\/2022\/12\/hjartat-278x180.jpg\" alt=\"\" width=\"23\" height=\"15\" \/><strong>Olle Svensson<\/strong><br \/>\n<img loading=\"lazy\" decoding=\"async\" class=\"alignnone  wp-image-146375\" src=\"https:\/\/www.budokampsport.se\/wp-content\/uploads\/2022\/12\/hjartat-278x180.jpg\" alt=\"\" width=\"23\" height=\"15\" \/><strong>Annika Norin<\/strong><br \/>\n<img loading=\"lazy\" decoding=\"async\" class=\"alignnone  wp-image-146375\" src=\"https:\/\/www.budokampsport.se\/wp-content\/uploads\/2022\/12\/hjartat-278x180.jpg\" alt=\"\" width=\"23\" height=\"15\" \/><strong>Magnus Hartman<\/strong><br \/>\n<img loading=\"lazy\" decoding=\"async\" class=\"alignnone  wp-image-146375\" src=\"https:\/\/www.budokampsport.se\/wp-content\/uploads\/2022\/12\/hjartat-278x180.jpg\" alt=\"\" width=\"23\" height=\"15\" \/><strong>Lars Niklasson<\/strong><br \/>\n<img loading=\"lazy\" decoding=\"async\" class=\"alignnone  wp-image-146375\" src=\"https:\/\/www.budokampsport.se\/wp-content\/uploads\/2022\/12\/hjartat-278x180.jpg\" alt=\"\" width=\"23\" height=\"15\" \/><strong>Bertil Andersson<\/strong><br \/>\n<img loading=\"lazy\" decoding=\"async\" class=\"alignnone  wp-image-146375\" src=\"https:\/\/www.budokampsport.se\/wp-content\/uploads\/2022\/12\/hjartat-278x180.jpg\" alt=\"\" width=\"23\" height=\"15\" \/><strong>Peter Spangfort<\/strong><br \/>\n<img loading=\"lazy\" decoding=\"async\" class=\"alignnone  wp-image-146375\" src=\"https:\/\/www.budokampsport.se\/wp-content\/uploads\/2022\/12\/hjartat-278x180.jpg\" alt=\"\" width=\"23\" height=\"15\" \/><strong>Mathias B\u00e4ck<\/strong><\/td>\n<\/tr>\n<\/tbody>\n<\/table>\n<p>\nText: Jonathan Broberg<\/p>\n","protected":false},"excerpt":{"rendered":"<p>AIKIDO. En av SB&#038;K:s \u00e4ldsta f\u00f6reningar inledde 60-\u00e5rsfirandet med en tr\u00e4ningsdag under parollen \u201dvi minns\u201d. Budokampsport.se var p\u00e5 plats under dagen som lockade till m\u00e5nga skratt, ing\u00f6t hopp och gav oss en varm tillbakablick.<br \/><br>(Foto: Magnus Hartman)<\/p><br>","protected":false},"author":7,"featured_media":163152,"comment_status":"closed","ping_status":"closed","sticky":false,"template":"","format":"standard","meta":{"_acf_changed":false,"footnotes":""},"categories":[562],"tags":[],"class_list":["post-163022","post","type-post","status-publish","format-standard","has-post-thumbnail","hentry","category-aikido"],"acf":[],"yoast_head":"<!-- This site is optimized with the Yoast SEO plugin v26.8 - https:\/\/yoast.com\/product\/yoast-seo-wordpress\/ -->\n<title>Stockholm Aikikai 60 \u00e5r - en k\u00e4nslosam inledning p\u00e5 firandet - Svenska Budo &amp; Kampsportsf\u00f6rbundet<\/title>\n<meta name=\"description\" content=\"AIKIDO. En av SB&amp;K:s \u00e4ldsta f\u00f6reningar inledde 60-\u00e5rsfirandet med en tr\u00e4ningsdag under parollen \u201dvi minns\u201d. Budokampsport.se var p\u00e5 plats under dagen som lockade till m\u00e5nga skratt, ing\u00f6t hopp och gav oss en varm tillbakablick. (Foto: Magnus Hartman)\" \/>\n<meta name=\"robots\" content=\"index, follow, max-snippet:-1, max-image-preview:large, max-video-preview:-1\" \/>\n<link rel=\"canonical\" href=\"https:\/\/www.budokampsport.se\/2024\/01\/18\/stockholm-aikikai-60-ar-en-kanslosam-inledning-pa-firandet\/\" \/>\n<meta property=\"og:locale\" content=\"sv_SE\" \/>\n<meta property=\"og:type\" content=\"article\" \/>\n<meta property=\"og:title\" content=\"Stockholm Aikikai 60 \u00e5r - en k\u00e4nslosam inledning p\u00e5 firandet - Svenska Budo &amp; Kampsportsf\u00f6rbundet\" \/>\n<meta property=\"og:description\" content=\"AIKIDO. En av SB&amp;K:s \u00e4ldsta f\u00f6reningar inledde 60-\u00e5rsfirandet med en tr\u00e4ningsdag under parollen \u201dvi minns\u201d. Budokampsport.se var p\u00e5 plats under dagen som lockade till m\u00e5nga skratt, ing\u00f6t hopp och gav oss en varm tillbakablick. (Foto: Magnus Hartman)\" \/>\n<meta property=\"og:url\" content=\"https:\/\/www.budokampsport.se\/2024\/01\/18\/stockholm-aikikai-60-ar-en-kanslosam-inledning-pa-firandet\/\" \/>\n<meta property=\"og:site_name\" content=\"Svenska Budo &amp; Kampsportsf\u00f6rbundet\" \/>\n<meta property=\"article:author\" content=\"https:\/\/www.facebook.com\/jonathan.broberg.7\" \/>\n<meta property=\"article:published_time\" content=\"2024-01-18T07:51:50+00:00\" \/>\n<meta property=\"article:modified_time\" content=\"2025-03-13T09:18:22+00:00\" \/>\n<meta property=\"og:image\" content=\"https:\/\/www.budokampsport.se\/wp-content\/uploads\/2024\/01\/DSC7392.jpg\" \/>\n\t<meta property=\"og:image:width\" content=\"1090\" \/>\n\t<meta property=\"og:image:height\" content=\"713\" \/>\n\t<meta property=\"og:image:type\" content=\"image\/jpeg\" \/>\n<meta name=\"author\" content=\"Jonathan Broberg\" \/>\n<meta name=\"twitter:card\" content=\"summary_large_image\" \/>\n<meta name=\"twitter:label1\" content=\"Skriven av\" \/>\n\t<meta name=\"twitter:data1\" content=\"Jonathan Broberg\" \/>\n\t<meta name=\"twitter:label2\" content=\"Ber\u00e4knad l\u00e4stid\" \/>\n\t<meta name=\"twitter:data2\" content=\"7 minuter\" \/>\n<script type=\"application\/ld+json\" class=\"yoast-schema-graph\">{\"@context\":\"https:\/\/schema.org\",\"@graph\":[{\"@type\":\"Article\",\"@id\":\"https:\/\/www.budokampsport.se\/2024\/01\/18\/stockholm-aikikai-60-ar-en-kanslosam-inledning-pa-firandet\/#article\",\"isPartOf\":{\"@id\":\"https:\/\/www.budokampsport.se\/2024\/01\/18\/stockholm-aikikai-60-ar-en-kanslosam-inledning-pa-firandet\/\"},\"author\":{\"name\":\"Jonathan Broberg\",\"@id\":\"https:\/\/www.budokampsport.se\/#\/schema\/person\/5c06d81d14850e2a8ce5493386560145\"},\"headline\":\"Stockholm Aikikai 60 \u00e5r &#8211; en k\u00e4nslosam inledning p\u00e5 firandet\",\"datePublished\":\"2024-01-18T07:51:50+00:00\",\"dateModified\":\"2025-03-13T09:18:22+00:00\",\"mainEntityOfPage\":{\"@id\":\"https:\/\/www.budokampsport.se\/2024\/01\/18\/stockholm-aikikai-60-ar-en-kanslosam-inledning-pa-firandet\/\"},\"wordCount\":592,\"image\":{\"@id\":\"https:\/\/www.budokampsport.se\/2024\/01\/18\/stockholm-aikikai-60-ar-en-kanslosam-inledning-pa-firandet\/#primaryimage\"},\"thumbnailUrl\":\"https:\/\/www.budokampsport.se\/wp-content\/uploads\/2024\/01\/DSC7392.jpg\",\"articleSection\":[\"Aikido\"],\"inLanguage\":\"sv-SE\"},{\"@type\":\"WebPage\",\"@id\":\"https:\/\/www.budokampsport.se\/2024\/01\/18\/stockholm-aikikai-60-ar-en-kanslosam-inledning-pa-firandet\/\",\"url\":\"https:\/\/www.budokampsport.se\/2024\/01\/18\/stockholm-aikikai-60-ar-en-kanslosam-inledning-pa-firandet\/\",\"name\":\"Stockholm Aikikai 60 \u00e5r - en k\u00e4nslosam inledning p\u00e5 firandet - Svenska Budo &amp; Kampsportsf\u00f6rbundet\",\"isPartOf\":{\"@id\":\"https:\/\/www.budokampsport.se\/#website\"},\"primaryImageOfPage\":{\"@id\":\"https:\/\/www.budokampsport.se\/2024\/01\/18\/stockholm-aikikai-60-ar-en-kanslosam-inledning-pa-firandet\/#primaryimage\"},\"image\":{\"@id\":\"https:\/\/www.budokampsport.se\/2024\/01\/18\/stockholm-aikikai-60-ar-en-kanslosam-inledning-pa-firandet\/#primaryimage\"},\"thumbnailUrl\":\"https:\/\/www.budokampsport.se\/wp-content\/uploads\/2024\/01\/DSC7392.jpg\",\"datePublished\":\"2024-01-18T07:51:50+00:00\",\"dateModified\":\"2025-03-13T09:18:22+00:00\",\"author\":{\"@id\":\"https:\/\/www.budokampsport.se\/#\/schema\/person\/5c06d81d14850e2a8ce5493386560145\"},\"description\":\"AIKIDO. En av SB&K:s \u00e4ldsta f\u00f6reningar inledde 60-\u00e5rsfirandet med en tr\u00e4ningsdag under parollen \u201dvi minns\u201d. Budokampsport.se var p\u00e5 plats under dagen som lockade till m\u00e5nga skratt, ing\u00f6t hopp och gav oss en varm tillbakablick. (Foto: Magnus Hartman)\",\"breadcrumb\":{\"@id\":\"https:\/\/www.budokampsport.se\/2024\/01\/18\/stockholm-aikikai-60-ar-en-kanslosam-inledning-pa-firandet\/#breadcrumb\"},\"inLanguage\":\"sv-SE\",\"potentialAction\":[{\"@type\":\"ReadAction\",\"target\":[\"https:\/\/www.budokampsport.se\/2024\/01\/18\/stockholm-aikikai-60-ar-en-kanslosam-inledning-pa-firandet\/\"]}]},{\"@type\":\"ImageObject\",\"inLanguage\":\"sv-SE\",\"@id\":\"https:\/\/www.budokampsport.se\/2024\/01\/18\/stockholm-aikikai-60-ar-en-kanslosam-inledning-pa-firandet\/#primaryimage\",\"url\":\"https:\/\/www.budokampsport.se\/wp-content\/uploads\/2024\/01\/DSC7392.jpg\",\"contentUrl\":\"https:\/\/www.budokampsport.se\/wp-content\/uploads\/2024\/01\/DSC7392.jpg\",\"width\":1090,\"height\":713,\"caption\":\"Foto: Magnus Hartman\"},{\"@type\":\"BreadcrumbList\",\"@id\":\"https:\/\/www.budokampsport.se\/2024\/01\/18\/stockholm-aikikai-60-ar-en-kanslosam-inledning-pa-firandet\/#breadcrumb\",\"itemListElement\":[{\"@type\":\"ListItem\",\"position\":1,\"name\":\"Hem\",\"item\":\"https:\/\/www.budokampsport.se\/\"},{\"@type\":\"ListItem\",\"position\":2,\"name\":\"Stockholm Aikikai 60 \u00e5r &#8211; en k\u00e4nslosam inledning p\u00e5 firandet\"}]},{\"@type\":\"WebSite\",\"@id\":\"https:\/\/www.budokampsport.se\/#website\",\"url\":\"https:\/\/www.budokampsport.se\/\",\"name\":\"Svenska Budo &amp; Kampsportsf\u00f6rbundet\",\"description\":\"T\u00e4vling, Tr\u00e4ning, Tradition\",\"potentialAction\":[{\"@type\":\"SearchAction\",\"target\":{\"@type\":\"EntryPoint\",\"urlTemplate\":\"https:\/\/www.budokampsport.se\/?s={search_term_string}\"},\"query-input\":{\"@type\":\"PropertyValueSpecification\",\"valueRequired\":true,\"valueName\":\"search_term_string\"}}],\"inLanguage\":\"sv-SE\"},{\"@type\":\"Person\",\"@id\":\"https:\/\/www.budokampsport.se\/#\/schema\/person\/5c06d81d14850e2a8ce5493386560145\",\"name\":\"Jonathan Broberg\",\"image\":{\"@type\":\"ImageObject\",\"inLanguage\":\"sv-SE\",\"@id\":\"https:\/\/www.budokampsport.se\/#\/schema\/person\/image\/\",\"url\":\"https:\/\/secure.gravatar.com\/avatar\/a58041c6cea9128bd9c40ee2f26d4136?s=96&d=blank&r=g\",\"contentUrl\":\"https:\/\/secure.gravatar.com\/avatar\/a58041c6cea9128bd9c40ee2f26d4136?s=96&d=blank&r=g\",\"caption\":\"Jonathan Broberg\"},\"sameAs\":[\"https:\/\/www.facebook.com\/jonathan.broberg.7\"],\"url\":\"https:\/\/www.budokampsport.se\/author\/jonathan\/\"}]}<\/script>\n<!-- \/ Yoast SEO plugin. -->","yoast_head_json":{"title":"Stockholm Aikikai 60 \u00e5r - en k\u00e4nslosam inledning p\u00e5 firandet - Svenska Budo &amp; Kampsportsf\u00f6rbundet","description":"AIKIDO. En av SB&K:s \u00e4ldsta f\u00f6reningar inledde 60-\u00e5rsfirandet med en tr\u00e4ningsdag under parollen \u201dvi minns\u201d. Budokampsport.se var p\u00e5 plats under dagen som lockade till m\u00e5nga skratt, ing\u00f6t hopp och gav oss en varm tillbakablick. (Foto: Magnus Hartman)","robots":{"index":"index","follow":"follow","max-snippet":"max-snippet:-1","max-image-preview":"max-image-preview:large","max-video-preview":"max-video-preview:-1"},"canonical":"https:\/\/www.budokampsport.se\/2024\/01\/18\/stockholm-aikikai-60-ar-en-kanslosam-inledning-pa-firandet\/","og_locale":"sv_SE","og_type":"article","og_title":"Stockholm Aikikai 60 \u00e5r - en k\u00e4nslosam inledning p\u00e5 firandet - Svenska Budo &amp; Kampsportsf\u00f6rbundet","og_description":"AIKIDO. En av SB&K:s \u00e4ldsta f\u00f6reningar inledde 60-\u00e5rsfirandet med en tr\u00e4ningsdag under parollen \u201dvi minns\u201d. Budokampsport.se var p\u00e5 plats under dagen som lockade till m\u00e5nga skratt, ing\u00f6t hopp och gav oss en varm tillbakablick. (Foto: Magnus Hartman)","og_url":"https:\/\/www.budokampsport.se\/2024\/01\/18\/stockholm-aikikai-60-ar-en-kanslosam-inledning-pa-firandet\/","og_site_name":"Svenska Budo &amp; Kampsportsf\u00f6rbundet","article_author":"https:\/\/www.facebook.com\/jonathan.broberg.7","article_published_time":"2024-01-18T07:51:50+00:00","article_modified_time":"2025-03-13T09:18:22+00:00","og_image":[{"width":1090,"height":713,"url":"https:\/\/www.budokampsport.se\/wp-content\/uploads\/2024\/01\/DSC7392.jpg","type":"image\/jpeg"}],"author":"Jonathan Broberg","twitter_card":"summary_large_image","twitter_misc":{"Skriven av":"Jonathan Broberg","Ber\u00e4knad l\u00e4stid":"7 minuter"},"schema":{"@context":"https:\/\/schema.org","@graph":[{"@type":"Article","@id":"https:\/\/www.budokampsport.se\/2024\/01\/18\/stockholm-aikikai-60-ar-en-kanslosam-inledning-pa-firandet\/#article","isPartOf":{"@id":"https:\/\/www.budokampsport.se\/2024\/01\/18\/stockholm-aikikai-60-ar-en-kanslosam-inledning-pa-firandet\/"},"author":{"name":"Jonathan Broberg","@id":"https:\/\/www.budokampsport.se\/#\/schema\/person\/5c06d81d14850e2a8ce5493386560145"},"headline":"Stockholm Aikikai 60 \u00e5r &#8211; en k\u00e4nslosam inledning p\u00e5 firandet","datePublished":"2024-01-18T07:51:50+00:00","dateModified":"2025-03-13T09:18:22+00:00","mainEntityOfPage":{"@id":"https:\/\/www.budokampsport.se\/2024\/01\/18\/stockholm-aikikai-60-ar-en-kanslosam-inledning-pa-firandet\/"},"wordCount":592,"image":{"@id":"https:\/\/www.budokampsport.se\/2024\/01\/18\/stockholm-aikikai-60-ar-en-kanslosam-inledning-pa-firandet\/#primaryimage"},"thumbnailUrl":"https:\/\/www.budokampsport.se\/wp-content\/uploads\/2024\/01\/DSC7392.jpg","articleSection":["Aikido"],"inLanguage":"sv-SE"},{"@type":"WebPage","@id":"https:\/\/www.budokampsport.se\/2024\/01\/18\/stockholm-aikikai-60-ar-en-kanslosam-inledning-pa-firandet\/","url":"https:\/\/www.budokampsport.se\/2024\/01\/18\/stockholm-aikikai-60-ar-en-kanslosam-inledning-pa-firandet\/","name":"Stockholm Aikikai 60 \u00e5r - en k\u00e4nslosam inledning p\u00e5 firandet - Svenska Budo &amp; Kampsportsf\u00f6rbundet","isPartOf":{"@id":"https:\/\/www.budokampsport.se\/#website"},"primaryImageOfPage":{"@id":"https:\/\/www.budokampsport.se\/2024\/01\/18\/stockholm-aikikai-60-ar-en-kanslosam-inledning-pa-firandet\/#primaryimage"},"image":{"@id":"https:\/\/www.budokampsport.se\/2024\/01\/18\/stockholm-aikikai-60-ar-en-kanslosam-inledning-pa-firandet\/#primaryimage"},"thumbnailUrl":"https:\/\/www.budokampsport.se\/wp-content\/uploads\/2024\/01\/DSC7392.jpg","datePublished":"2024-01-18T07:51:50+00:00","dateModified":"2025-03-13T09:18:22+00:00","author":{"@id":"https:\/\/www.budokampsport.se\/#\/schema\/person\/5c06d81d14850e2a8ce5493386560145"},"description":"AIKIDO. En av SB&K:s \u00e4ldsta f\u00f6reningar inledde 60-\u00e5rsfirandet med en tr\u00e4ningsdag under parollen \u201dvi minns\u201d. Budokampsport.se var p\u00e5 plats under dagen som lockade till m\u00e5nga skratt, ing\u00f6t hopp och gav oss en varm tillbakablick. (Foto: Magnus Hartman)","breadcrumb":{"@id":"https:\/\/www.budokampsport.se\/2024\/01\/18\/stockholm-aikikai-60-ar-en-kanslosam-inledning-pa-firandet\/#breadcrumb"},"inLanguage":"sv-SE","potentialAction":[{"@type":"ReadAction","target":["https:\/\/www.budokampsport.se\/2024\/01\/18\/stockholm-aikikai-60-ar-en-kanslosam-inledning-pa-firandet\/"]}]},{"@type":"ImageObject","inLanguage":"sv-SE","@id":"https:\/\/www.budokampsport.se\/2024\/01\/18\/stockholm-aikikai-60-ar-en-kanslosam-inledning-pa-firandet\/#primaryimage","url":"https:\/\/www.budokampsport.se\/wp-content\/uploads\/2024\/01\/DSC7392.jpg","contentUrl":"https:\/\/www.budokampsport.se\/wp-content\/uploads\/2024\/01\/DSC7392.jpg","width":1090,"height":713,"caption":"Foto: Magnus Hartman"},{"@type":"BreadcrumbList","@id":"https:\/\/www.budokampsport.se\/2024\/01\/18\/stockholm-aikikai-60-ar-en-kanslosam-inledning-pa-firandet\/#breadcrumb","itemListElement":[{"@type":"ListItem","position":1,"name":"Hem","item":"https:\/\/www.budokampsport.se\/"},{"@type":"ListItem","position":2,"name":"Stockholm Aikikai 60 \u00e5r &#8211; en k\u00e4nslosam inledning p\u00e5 firandet"}]},{"@type":"WebSite","@id":"https:\/\/www.budokampsport.se\/#website","url":"https:\/\/www.budokampsport.se\/","name":"Svenska Budo &amp; Kampsportsf\u00f6rbundet","description":"T\u00e4vling, Tr\u00e4ning, Tradition","potentialAction":[{"@type":"SearchAction","target":{"@type":"EntryPoint","urlTemplate":"https:\/\/www.budokampsport.se\/?s={search_term_string}"},"query-input":{"@type":"PropertyValueSpecification","valueRequired":true,"valueName":"search_term_string"}}],"inLanguage":"sv-SE"},{"@type":"Person","@id":"https:\/\/www.budokampsport.se\/#\/schema\/person\/5c06d81d14850e2a8ce5493386560145","name":"Jonathan Broberg","image":{"@type":"ImageObject","inLanguage":"sv-SE","@id":"https:\/\/www.budokampsport.se\/#\/schema\/person\/image\/","url":"https:\/\/secure.gravatar.com\/avatar\/a58041c6cea9128bd9c40ee2f26d4136?s=96&d=blank&r=g","contentUrl":"https:\/\/secure.gravatar.com\/avatar\/a58041c6cea9128bd9c40ee2f26d4136?s=96&d=blank&r=g","caption":"Jonathan Broberg"},"sameAs":["https:\/\/www.facebook.com\/jonathan.broberg.7"],"url":"https:\/\/www.budokampsport.se\/author\/jonathan\/"}]}},"_links":{"self":[{"href":"https:\/\/www.budokampsport.se\/api\/wp\/v2\/posts\/163022","targetHints":{"allow":["GET"]}}],"collection":[{"href":"https:\/\/www.budokampsport.se\/api\/wp\/v2\/posts"}],"about":[{"href":"https:\/\/www.budokampsport.se\/api\/wp\/v2\/types\/post"}],"author":[{"embeddable":true,"href":"https:\/\/www.budokampsport.se\/api\/wp\/v2\/users\/7"}],"replies":[{"embeddable":true,"href":"https:\/\/www.budokampsport.se\/api\/wp\/v2\/comments?post=163022"}],"version-history":[{"count":0,"href":"https:\/\/www.budokampsport.se\/api\/wp\/v2\/posts\/163022\/revisions"}],"wp:featuredmedia":[{"embeddable":true,"href":"https:\/\/www.budokampsport.se\/api\/wp\/v2\/media\/163152"}],"wp:attachment":[{"href":"https:\/\/www.budokampsport.se\/api\/wp\/v2\/media?parent=163022"}],"wp:term":[{"taxonomy":"category","embeddable":true,"href":"https:\/\/www.budokampsport.se\/api\/wp\/v2\/categories?post=163022"},{"taxonomy":"post_tag","embeddable":true,"href":"https:\/\/www.budokampsport.se\/api\/wp\/v2\/tags?post=163022"}],"curies":[{"name":"wp","href":"https:\/\/api.w.org\/{rel}","templated":true}]}}