{"id":163326,"date":"2024-01-19T12:39:31","date_gmt":"2024-01-19T11:39:31","guid":{"rendered":"https:\/\/www.budokampsport.se\/?p=163326"},"modified":"2025-03-06T09:49:36","modified_gmt":"2025-03-06T08:49:36","slug":"lina-lansberg-har-valts-in-i-idrottsakademin","status":"publish","type":"post","link":"https:\/\/www.budokampsport.se\/2024\/01\/19\/lina-lansberg-har-valts-in-i-idrottsakademin\/","title":{"rendered":"Lina L\u00e4nsberg har valts in i Idrottsakademin"},"content":{"rendered":"<p>Kampsportsprofilen Lina L\u00e4nsberg v\u00e4ljs in i Idrottsakademin, skriver Idrottsgalan p\u00e5 sin <a href=\"https:\/\/www.facebook.com\/SvenskaIdrottsgalan\/\" target=\"_blank\" rel=\"noopener\">facebooksida<\/a>.<\/p>\n<p>Det h\u00e4r \u00e5ret valdes fyra nya idrottsprofiler in och f\u00f6rutom L\u00e4nsberg tar ocks\u00e5 fotbollsspelaren Nilla Fischer, rullstostennisens Stefan Olsson och RF:s f\u00f6rre ordf\u00f6rande Bj\u00f6rn Eriksson numera plats i Idrottsakademin.<\/p>\n<p>Sedan tidigare finns det n\u00e5gra idrottare med SB&amp;K-koppling i <a href=\"https:\/\/idrottsgalan.se\/ledamoter\/\" target=\"_blank\" rel=\"noopener\">Idrottsakademin<\/a>.<\/p>\n<p>&nbsp;<\/p>\n<table style=\"border-collapse: collapse; width: 100%; height: 48px;\">\n<tbody>\n<tr style=\"height: 24px;\">\n<td style=\"width: 100%; height: 24px;\"><strong>SB&amp;K-idrottare i Idrottsakademin<\/strong><\/td>\n<\/tr>\n<tr style=\"height: 24px;\">\n<td style=\"width: 100%; height: 24px;\"><img loading=\"lazy\" decoding=\"async\" class=\"alignnone  wp-image-146375\" src=\"https:\/\/www.budokampsport.se\/wp-content\/uploads\/2022\/12\/hjartat-278x180.jpg\" alt=\"\" width=\"23\" height=\"15\" \/><strong>Pernilla Johansson<\/strong>, <span style=\"font-size: 10pt;\">thaiboxning<\/span><br \/>\n<img loading=\"lazy\" decoding=\"async\" class=\"alignnone  wp-image-146375\" src=\"https:\/\/www.budokampsport.se\/wp-content\/uploads\/2022\/12\/hjartat-278x180.jpg\" alt=\"\" width=\"23\" height=\"15\" \/><strong>Caroline Ek<\/strong>, <span style=\"font-size: 10pt;\">kickboxning<\/span><br \/>\n<img loading=\"lazy\" decoding=\"async\" class=\"alignnone  wp-image-146375\" src=\"https:\/\/www.budokampsport.se\/wp-content\/uploads\/2022\/12\/hjartat-278x180.jpg\" alt=\"\" width=\"23\" height=\"15\" \/><strong>Heidi Andersson<\/strong>, <span style=\"font-size: 10pt;\">armbrytning<\/span><br \/>\n<img loading=\"lazy\" decoding=\"async\" class=\"alignnone  wp-image-146375\" src=\"https:\/\/www.budokampsport.se\/wp-content\/uploads\/2022\/12\/hjartat-278x180.jpg\" alt=\"\" width=\"23\" height=\"15\" \/><strong>Lina L\u00e4nsberg<\/strong>, <span style=\"font-size: 10pt;\">thaiboxning, MMA<\/span><\/td>\n<\/tr>\n<\/tbody>\n<\/table>\n<p><em><span style=\"font-size: 8pt;\">K\u00e4lla: Idrottsgalan<\/span><\/em><\/p>\n<p>Text: Jonathan Broberg<\/p>\n","protected":false},"excerpt":{"rendered":"<p>IDROTTSGALAN. Kampsportsprofilen Lina L\u00e4nsberg har valts in i Idrottsakademin. Hon v\u00e4ljs in med fotbollsspelaren Nilla Fischer, rullstolstennisens Stefan Olsson och RF:s f\u00f6rre ordf\u00f6rande Bj\u00f6rn Eriksson.<br \/><br>(Foto: Stefan Alfelt)<\/p><br>","protected":false},"author":7,"featured_media":41956,"comment_status":"closed","ping_status":"closed","sticky":false,"template":"","format":"standard","meta":{"_acf_changed":false,"footnotes":""},"categories":[427],"tags":[],"class_list":["post-163326","post","type-post","status-publish","format-standard","has-post-thumbnail","hentry","category-mma"],"acf":[],"yoast_head":"<!-- This site is optimized with the Yoast SEO plugin v26.8 - https:\/\/yoast.com\/product\/yoast-seo-wordpress\/ -->\n<title>Lina L\u00e4nsberg har valts in i Idrottsakademin - Svenska Budo &amp; Kampsportsf\u00f6rbundet<\/title>\n<meta name=\"description\" content=\"IDROTTSGALAN. Kampsportsprofilen Lina L\u00e4nsberg har valts in i Idrottsakademin. Hon v\u00e4ljs in med fotbollsspelaren Nilla Fischer, rullstolstennisens Stefan Olsson och RF:s f\u00f6rre ordf\u00f6rande Bj\u00f6rn Eriksson. (Foto: Stefan Alfelt)\" \/>\n<meta name=\"robots\" content=\"index, follow, max-snippet:-1, max-image-preview:large, max-video-preview:-1\" \/>\n<link rel=\"canonical\" href=\"https:\/\/www.budokampsport.se\/2024\/01\/19\/lina-lansberg-har-valts-in-i-idrottsakademin\/\" \/>\n<meta property=\"og:locale\" content=\"sv_SE\" \/>\n<meta property=\"og:type\" content=\"article\" \/>\n<meta property=\"og:title\" content=\"Lina L\u00e4nsberg har valts in i Idrottsakademin - Svenska Budo &amp; Kampsportsf\u00f6rbundet\" \/>\n<meta property=\"og:description\" content=\"IDROTTSGALAN. Kampsportsprofilen Lina L\u00e4nsberg har valts in i Idrottsakademin. Hon v\u00e4ljs in med fotbollsspelaren Nilla Fischer, rullstolstennisens Stefan Olsson och RF:s f\u00f6rre ordf\u00f6rande Bj\u00f6rn Eriksson. (Foto: Stefan Alfelt)\" \/>\n<meta property=\"og:url\" content=\"https:\/\/www.budokampsport.se\/2024\/01\/19\/lina-lansberg-har-valts-in-i-idrottsakademin\/\" \/>\n<meta property=\"og:site_name\" content=\"Svenska Budo &amp; Kampsportsf\u00f6rbundet\" \/>\n<meta property=\"article:author\" content=\"https:\/\/www.facebook.com\/jonathan.broberg.7\" \/>\n<meta property=\"article:published_time\" content=\"2024-01-19T11:39:31+00:00\" \/>\n<meta property=\"article:modified_time\" content=\"2025-03-06T08:49:36+00:00\" \/>\n<meta property=\"og:image\" content=\"https:\/\/www.budokampsport.se\/wp-content\/uploads\/2017\/03\/lina_lansberg_tva-e1624880529959.jpg\" \/>\n\t<meta property=\"og:image:width\" content=\"850\" \/>\n\t<meta property=\"og:image:height\" content=\"590\" \/>\n\t<meta property=\"og:image:type\" content=\"image\/jpeg\" \/>\n<meta name=\"author\" content=\"Jonathan Broberg\" \/>\n<meta name=\"twitter:card\" content=\"summary_large_image\" \/>\n<meta name=\"twitter:label1\" content=\"Skriven av\" \/>\n\t<meta name=\"twitter:data1\" content=\"Jonathan Broberg\" \/>\n\t<meta name=\"twitter:label2\" content=\"Ber\u00e4knad l\u00e4stid\" \/>\n\t<meta name=\"twitter:data2\" content=\"2 minuter\" \/>\n<script type=\"application\/ld+json\" class=\"yoast-schema-graph\">{\"@context\":\"https:\/\/schema.org\",\"@graph\":[{\"@type\":\"Article\",\"@id\":\"https:\/\/www.budokampsport.se\/2024\/01\/19\/lina-lansberg-har-valts-in-i-idrottsakademin\/#article\",\"isPartOf\":{\"@id\":\"https:\/\/www.budokampsport.se\/2024\/01\/19\/lina-lansberg-har-valts-in-i-idrottsakademin\/\"},\"author\":{\"name\":\"Jonathan Broberg\",\"@id\":\"https:\/\/www.budokampsport.se\/#\/schema\/person\/5c06d81d14850e2a8ce5493386560145\"},\"headline\":\"Lina L\u00e4nsberg har valts in i Idrottsakademin\",\"datePublished\":\"2024-01-19T11:39:31+00:00\",\"dateModified\":\"2025-03-06T08:49:36+00:00\",\"mainEntityOfPage\":{\"@id\":\"https:\/\/www.budokampsport.se\/2024\/01\/19\/lina-lansberg-har-valts-in-i-idrottsakademin\/\"},\"wordCount\":97,\"image\":{\"@id\":\"https:\/\/www.budokampsport.se\/2024\/01\/19\/lina-lansberg-har-valts-in-i-idrottsakademin\/#primaryimage\"},\"thumbnailUrl\":\"https:\/\/www.budokampsport.se\/wp-content\/uploads\/2017\/03\/lina_lansberg_tva-e1624880529959.jpg\",\"articleSection\":[\"MMA\"],\"inLanguage\":\"sv-SE\"},{\"@type\":\"WebPage\",\"@id\":\"https:\/\/www.budokampsport.se\/2024\/01\/19\/lina-lansberg-har-valts-in-i-idrottsakademin\/\",\"url\":\"https:\/\/www.budokampsport.se\/2024\/01\/19\/lina-lansberg-har-valts-in-i-idrottsakademin\/\",\"name\":\"Lina L\u00e4nsberg har valts in i Idrottsakademin - Svenska Budo &amp; Kampsportsf\u00f6rbundet\",\"isPartOf\":{\"@id\":\"https:\/\/www.budokampsport.se\/#website\"},\"primaryImageOfPage\":{\"@id\":\"https:\/\/www.budokampsport.se\/2024\/01\/19\/lina-lansberg-har-valts-in-i-idrottsakademin\/#primaryimage\"},\"image\":{\"@id\":\"https:\/\/www.budokampsport.se\/2024\/01\/19\/lina-lansberg-har-valts-in-i-idrottsakademin\/#primaryimage\"},\"thumbnailUrl\":\"https:\/\/www.budokampsport.se\/wp-content\/uploads\/2017\/03\/lina_lansberg_tva-e1624880529959.jpg\",\"datePublished\":\"2024-01-19T11:39:31+00:00\",\"dateModified\":\"2025-03-06T08:49:36+00:00\",\"author\":{\"@id\":\"https:\/\/www.budokampsport.se\/#\/schema\/person\/5c06d81d14850e2a8ce5493386560145\"},\"description\":\"IDROTTSGALAN. Kampsportsprofilen Lina L\u00e4nsberg har valts in i Idrottsakademin. Hon v\u00e4ljs in med fotbollsspelaren Nilla Fischer, rullstolstennisens Stefan Olsson och RF:s f\u00f6rre ordf\u00f6rande Bj\u00f6rn Eriksson. (Foto: Stefan Alfelt)\",\"breadcrumb\":{\"@id\":\"https:\/\/www.budokampsport.se\/2024\/01\/19\/lina-lansberg-har-valts-in-i-idrottsakademin\/#breadcrumb\"},\"inLanguage\":\"sv-SE\",\"potentialAction\":[{\"@type\":\"ReadAction\",\"target\":[\"https:\/\/www.budokampsport.se\/2024\/01\/19\/lina-lansberg-har-valts-in-i-idrottsakademin\/\"]}]},{\"@type\":\"ImageObject\",\"inLanguage\":\"sv-SE\",\"@id\":\"https:\/\/www.budokampsport.se\/2024\/01\/19\/lina-lansberg-har-valts-in-i-idrottsakademin\/#primaryimage\",\"url\":\"https:\/\/www.budokampsport.se\/wp-content\/uploads\/2017\/03\/lina_lansberg_tva-e1624880529959.jpg\",\"contentUrl\":\"https:\/\/www.budokampsport.se\/wp-content\/uploads\/2017\/03\/lina_lansberg_tva-e1624880529959.jpg\",\"width\":850,\"height\":590,\"caption\":\"Foto: Stefan Alfelt\"},{\"@type\":\"BreadcrumbList\",\"@id\":\"https:\/\/www.budokampsport.se\/2024\/01\/19\/lina-lansberg-har-valts-in-i-idrottsakademin\/#breadcrumb\",\"itemListElement\":[{\"@type\":\"ListItem\",\"position\":1,\"name\":\"Hem\",\"item\":\"https:\/\/www.budokampsport.se\/\"},{\"@type\":\"ListItem\",\"position\":2,\"name\":\"Lina L\u00e4nsberg har valts in i Idrottsakademin\"}]},{\"@type\":\"WebSite\",\"@id\":\"https:\/\/www.budokampsport.se\/#website\",\"url\":\"https:\/\/www.budokampsport.se\/\",\"name\":\"Svenska Budo &amp; Kampsportsf\u00f6rbundet\",\"description\":\"T\u00e4vling, Tr\u00e4ning, Tradition\",\"potentialAction\":[{\"@type\":\"SearchAction\",\"target\":{\"@type\":\"EntryPoint\",\"urlTemplate\":\"https:\/\/www.budokampsport.se\/?s={search_term_string}\"},\"query-input\":{\"@type\":\"PropertyValueSpecification\",\"valueRequired\":true,\"valueName\":\"search_term_string\"}}],\"inLanguage\":\"sv-SE\"},{\"@type\":\"Person\",\"@id\":\"https:\/\/www.budokampsport.se\/#\/schema\/person\/5c06d81d14850e2a8ce5493386560145\",\"name\":\"Jonathan Broberg\",\"image\":{\"@type\":\"ImageObject\",\"inLanguage\":\"sv-SE\",\"@id\":\"https:\/\/www.budokampsport.se\/#\/schema\/person\/image\/\",\"url\":\"https:\/\/secure.gravatar.com\/avatar\/a58041c6cea9128bd9c40ee2f26d4136?s=96&d=blank&r=g\",\"contentUrl\":\"https:\/\/secure.gravatar.com\/avatar\/a58041c6cea9128bd9c40ee2f26d4136?s=96&d=blank&r=g\",\"caption\":\"Jonathan Broberg\"},\"sameAs\":[\"https:\/\/www.facebook.com\/jonathan.broberg.7\"],\"url\":\"https:\/\/www.budokampsport.se\/author\/jonathan\/\"}]}<\/script>\n<!-- \/ Yoast SEO plugin. -->","yoast_head_json":{"title":"Lina L\u00e4nsberg har valts in i Idrottsakademin - Svenska Budo &amp; Kampsportsf\u00f6rbundet","description":"IDROTTSGALAN. Kampsportsprofilen Lina L\u00e4nsberg har valts in i Idrottsakademin. Hon v\u00e4ljs in med fotbollsspelaren Nilla Fischer, rullstolstennisens Stefan Olsson och RF:s f\u00f6rre ordf\u00f6rande Bj\u00f6rn Eriksson. (Foto: Stefan Alfelt)","robots":{"index":"index","follow":"follow","max-snippet":"max-snippet:-1","max-image-preview":"max-image-preview:large","max-video-preview":"max-video-preview:-1"},"canonical":"https:\/\/www.budokampsport.se\/2024\/01\/19\/lina-lansberg-har-valts-in-i-idrottsakademin\/","og_locale":"sv_SE","og_type":"article","og_title":"Lina L\u00e4nsberg har valts in i Idrottsakademin - Svenska Budo &amp; Kampsportsf\u00f6rbundet","og_description":"IDROTTSGALAN. Kampsportsprofilen Lina L\u00e4nsberg har valts in i Idrottsakademin. Hon v\u00e4ljs in med fotbollsspelaren Nilla Fischer, rullstolstennisens Stefan Olsson och RF:s f\u00f6rre ordf\u00f6rande Bj\u00f6rn Eriksson. (Foto: Stefan Alfelt)","og_url":"https:\/\/www.budokampsport.se\/2024\/01\/19\/lina-lansberg-har-valts-in-i-idrottsakademin\/","og_site_name":"Svenska Budo &amp; Kampsportsf\u00f6rbundet","article_author":"https:\/\/www.facebook.com\/jonathan.broberg.7","article_published_time":"2024-01-19T11:39:31+00:00","article_modified_time":"2025-03-06T08:49:36+00:00","og_image":[{"width":850,"height":590,"url":"https:\/\/www.budokampsport.se\/wp-content\/uploads\/2017\/03\/lina_lansberg_tva-e1624880529959.jpg","type":"image\/jpeg"}],"author":"Jonathan Broberg","twitter_card":"summary_large_image","twitter_misc":{"Skriven av":"Jonathan Broberg","Ber\u00e4knad l\u00e4stid":"2 minuter"},"schema":{"@context":"https:\/\/schema.org","@graph":[{"@type":"Article","@id":"https:\/\/www.budokampsport.se\/2024\/01\/19\/lina-lansberg-har-valts-in-i-idrottsakademin\/#article","isPartOf":{"@id":"https:\/\/www.budokampsport.se\/2024\/01\/19\/lina-lansberg-har-valts-in-i-idrottsakademin\/"},"author":{"name":"Jonathan Broberg","@id":"https:\/\/www.budokampsport.se\/#\/schema\/person\/5c06d81d14850e2a8ce5493386560145"},"headline":"Lina L\u00e4nsberg har valts in i Idrottsakademin","datePublished":"2024-01-19T11:39:31+00:00","dateModified":"2025-03-06T08:49:36+00:00","mainEntityOfPage":{"@id":"https:\/\/www.budokampsport.se\/2024\/01\/19\/lina-lansberg-har-valts-in-i-idrottsakademin\/"},"wordCount":97,"image":{"@id":"https:\/\/www.budokampsport.se\/2024\/01\/19\/lina-lansberg-har-valts-in-i-idrottsakademin\/#primaryimage"},"thumbnailUrl":"https:\/\/www.budokampsport.se\/wp-content\/uploads\/2017\/03\/lina_lansberg_tva-e1624880529959.jpg","articleSection":["MMA"],"inLanguage":"sv-SE"},{"@type":"WebPage","@id":"https:\/\/www.budokampsport.se\/2024\/01\/19\/lina-lansberg-har-valts-in-i-idrottsakademin\/","url":"https:\/\/www.budokampsport.se\/2024\/01\/19\/lina-lansberg-har-valts-in-i-idrottsakademin\/","name":"Lina L\u00e4nsberg har valts in i Idrottsakademin - Svenska Budo &amp; Kampsportsf\u00f6rbundet","isPartOf":{"@id":"https:\/\/www.budokampsport.se\/#website"},"primaryImageOfPage":{"@id":"https:\/\/www.budokampsport.se\/2024\/01\/19\/lina-lansberg-har-valts-in-i-idrottsakademin\/#primaryimage"},"image":{"@id":"https:\/\/www.budokampsport.se\/2024\/01\/19\/lina-lansberg-har-valts-in-i-idrottsakademin\/#primaryimage"},"thumbnailUrl":"https:\/\/www.budokampsport.se\/wp-content\/uploads\/2017\/03\/lina_lansberg_tva-e1624880529959.jpg","datePublished":"2024-01-19T11:39:31+00:00","dateModified":"2025-03-06T08:49:36+00:00","author":{"@id":"https:\/\/www.budokampsport.se\/#\/schema\/person\/5c06d81d14850e2a8ce5493386560145"},"description":"IDROTTSGALAN. Kampsportsprofilen Lina L\u00e4nsberg har valts in i Idrottsakademin. Hon v\u00e4ljs in med fotbollsspelaren Nilla Fischer, rullstolstennisens Stefan Olsson och RF:s f\u00f6rre ordf\u00f6rande Bj\u00f6rn Eriksson. (Foto: Stefan Alfelt)","breadcrumb":{"@id":"https:\/\/www.budokampsport.se\/2024\/01\/19\/lina-lansberg-har-valts-in-i-idrottsakademin\/#breadcrumb"},"inLanguage":"sv-SE","potentialAction":[{"@type":"ReadAction","target":["https:\/\/www.budokampsport.se\/2024\/01\/19\/lina-lansberg-har-valts-in-i-idrottsakademin\/"]}]},{"@type":"ImageObject","inLanguage":"sv-SE","@id":"https:\/\/www.budokampsport.se\/2024\/01\/19\/lina-lansberg-har-valts-in-i-idrottsakademin\/#primaryimage","url":"https:\/\/www.budokampsport.se\/wp-content\/uploads\/2017\/03\/lina_lansberg_tva-e1624880529959.jpg","contentUrl":"https:\/\/www.budokampsport.se\/wp-content\/uploads\/2017\/03\/lina_lansberg_tva-e1624880529959.jpg","width":850,"height":590,"caption":"Foto: Stefan Alfelt"},{"@type":"BreadcrumbList","@id":"https:\/\/www.budokampsport.se\/2024\/01\/19\/lina-lansberg-har-valts-in-i-idrottsakademin\/#breadcrumb","itemListElement":[{"@type":"ListItem","position":1,"name":"Hem","item":"https:\/\/www.budokampsport.se\/"},{"@type":"ListItem","position":2,"name":"Lina L\u00e4nsberg har valts in i Idrottsakademin"}]},{"@type":"WebSite","@id":"https:\/\/www.budokampsport.se\/#website","url":"https:\/\/www.budokampsport.se\/","name":"Svenska Budo &amp; Kampsportsf\u00f6rbundet","description":"T\u00e4vling, Tr\u00e4ning, Tradition","potentialAction":[{"@type":"SearchAction","target":{"@type":"EntryPoint","urlTemplate":"https:\/\/www.budokampsport.se\/?s={search_term_string}"},"query-input":{"@type":"PropertyValueSpecification","valueRequired":true,"valueName":"search_term_string"}}],"inLanguage":"sv-SE"},{"@type":"Person","@id":"https:\/\/www.budokampsport.se\/#\/schema\/person\/5c06d81d14850e2a8ce5493386560145","name":"Jonathan Broberg","image":{"@type":"ImageObject","inLanguage":"sv-SE","@id":"https:\/\/www.budokampsport.se\/#\/schema\/person\/image\/","url":"https:\/\/secure.gravatar.com\/avatar\/a58041c6cea9128bd9c40ee2f26d4136?s=96&d=blank&r=g","contentUrl":"https:\/\/secure.gravatar.com\/avatar\/a58041c6cea9128bd9c40ee2f26d4136?s=96&d=blank&r=g","caption":"Jonathan Broberg"},"sameAs":["https:\/\/www.facebook.com\/jonathan.broberg.7"],"url":"https:\/\/www.budokampsport.se\/author\/jonathan\/"}]}},"_links":{"self":[{"href":"https:\/\/www.budokampsport.se\/api\/wp\/v2\/posts\/163326","targetHints":{"allow":["GET"]}}],"collection":[{"href":"https:\/\/www.budokampsport.se\/api\/wp\/v2\/posts"}],"about":[{"href":"https:\/\/www.budokampsport.se\/api\/wp\/v2\/types\/post"}],"author":[{"embeddable":true,"href":"https:\/\/www.budokampsport.se\/api\/wp\/v2\/users\/7"}],"replies":[{"embeddable":true,"href":"https:\/\/www.budokampsport.se\/api\/wp\/v2\/comments?post=163326"}],"version-history":[{"count":0,"href":"https:\/\/www.budokampsport.se\/api\/wp\/v2\/posts\/163326\/revisions"}],"wp:featuredmedia":[{"embeddable":true,"href":"https:\/\/www.budokampsport.se\/api\/wp\/v2\/media\/41956"}],"wp:attachment":[{"href":"https:\/\/www.budokampsport.se\/api\/wp\/v2\/media?parent=163326"}],"wp:term":[{"taxonomy":"category","embeddable":true,"href":"https:\/\/www.budokampsport.se\/api\/wp\/v2\/categories?post=163326"},{"taxonomy":"post_tag","embeddable":true,"href":"https:\/\/www.budokampsport.se\/api\/wp\/v2\/tags?post=163326"}],"curies":[{"name":"wp","href":"https:\/\/api.w.org\/{rel}","templated":true}]}}