{"id":163508,"date":"2024-01-23T15:36:55","date_gmt":"2024-01-23T14:36:55","guid":{"rendered":"https:\/\/www.budokampsport.se\/?p=163508"},"modified":"2024-01-24T14:43:50","modified_gmt":"2024-01-24T13:43:50","slug":"processen-kring-elitidrottsstodet-ses-over","status":"publish","type":"post","link":"https:\/\/www.budokampsport.se\/2024\/01\/23\/processen-kring-elitidrottsstodet-ses-over\/","title":{"rendered":"Processen kring elitidrottsst\u00f6det ses \u00f6ver"},"content":{"rendered":"<p>M\u00f6tet inleddes med valberedningens och \u00f6vriga nomineringar till ordf\u00f6randeposten samt ny ledamot i Riksidrottsstyrelsen (RS). Efter dessa snabbt avklarade punkter var det dags f\u00f6r dagens mest engagerande \u00e4mne \u2013 motionen kring elitidrottsst\u00f6det.<\/p>\n<p>22 specialidrottsf\u00f6rbund (SF), SB&amp;K inkluderad, hade sammansatt ett nytt f\u00f6rslag kring hur f\u00f6rdelningen och framf\u00f6rallt kriterierna skulle vara mer m\u00e4tbara och att processen skulle vara mer transparent och i dialog med SF. <br \/>\nRiksidrottsstyrelsen inledde med bakgrunden till #elitidrott2023 och de olika beslut som tagits under de senaste \u00e5rens riksidrottsm\u00f6ten f\u00f6r att till slut landa i beslutet om f\u00f6rdelningen av elitidrottsst\u00f6det.<\/p>\n<p>Talarlistan d\u00e4refter var l\u00e5ng och debatten stundtals intensiv, styrelseledam\u00f6terna <strong>Musse Hasselvall<\/strong> och <strong>Kirsi H\u00f6glund<\/strong> stod b\u00e4gge i talarstolen f\u00f6r att pl\u00e4dera f\u00f6r motionens betydelse och k\u00e4nslan av att idrottsr\u00f6relsen skulle delas upp i ett A- respektive B-lag.\u00a0<\/p>\n<p>Riksidrottsstyrelsen lyssnade in argumenten och efter paus \u00e5terkom RS med ett modifierat f\u00f6rslag som baserades p\u00e5 inl\u00e4mnad motion med n\u00e5gra justeringar. Det <a href=\"https:\/\/www.rf.se\/nyhetsarkiv\/nyheter\/2024-01-23-anna-iwarsson-vald-till-ordforande\" target=\"_blank\" rel=\"noopener\">nya f\u00f6rslaget<\/a> antogs av st\u00e4mman.<\/p>\n<p>Till ordf\u00f6rande i Riksidrottsstyrelsen och SISU valdes <strong>Anna Iwarsson<\/strong>. I valet till ny ledamot i Riksidrottsstyrelsen och SISU stod valberedningens val, <strong>Susanne Jidesten<\/strong> fr\u00e5n Svenska Basketbollf\u00f6rbundet, mot SB&amp;K:s f\u00f6rbundsledamot <strong>Nicole Kaiser<\/strong>. Valet f\u00f6ll till slut p\u00e5 Jidesten.<\/p>\n<p>&nbsp;<\/p>\n<p>Text: Annie Carriage<\/p>\n","protected":false},"excerpt":{"rendered":"<p>RF. Efter en intensiv debatt beslutades att arbetet kring elitidrottst\u00f6d och processen kring f\u00f6rdelningen ska ses \u00f6ver. Till ny ordf\u00f6rande i Riksidrottsstyrelsen valdes Anna Iwarsson.<br \/><br>(Foto: Jesper Zerman\/Bildbyr\u00e5n)<\/p><br>","protected":false},"author":120,"featured_media":163509,"comment_status":"closed","ping_status":"closed","sticky":false,"template":"","format":"standard","meta":{"_acf_changed":false,"footnotes":""},"categories":[1],"tags":[],"class_list":["post-163508","post","type-post","status-publish","format-standard","has-post-thumbnail","hentry","category-okategoriserade"],"acf":[],"yoast_head":"<!-- This site is optimized with the Yoast SEO plugin v26.8 - https:\/\/yoast.com\/product\/yoast-seo-wordpress\/ -->\n<title>Processen kring elitidrottsst\u00f6det ses \u00f6ver - Svenska Budo &amp; Kampsportsf\u00f6rbundet<\/title>\n<meta name=\"description\" content=\"RF. Efter en intensiv debatt beslutades att arbetet kring elitidrottst\u00f6d och processen kring f\u00f6rdelningen ska ses \u00f6ver. Till ny ordf\u00f6rande i Riksidrottsstyrelsen valdes Anna Iwarsson. (Foto: Jesper Zerman\/Bildbyr\u00e5n)\" \/>\n<meta name=\"robots\" content=\"index, follow, max-snippet:-1, max-image-preview:large, max-video-preview:-1\" \/>\n<link rel=\"canonical\" href=\"https:\/\/www.budokampsport.se\/2024\/01\/23\/processen-kring-elitidrottsstodet-ses-over\/\" \/>\n<meta property=\"og:locale\" content=\"sv_SE\" \/>\n<meta property=\"og:type\" content=\"article\" \/>\n<meta property=\"og:title\" content=\"Processen kring elitidrottsst\u00f6det ses \u00f6ver - Svenska Budo &amp; Kampsportsf\u00f6rbundet\" \/>\n<meta property=\"og:description\" content=\"RF. Efter en intensiv debatt beslutades att arbetet kring elitidrottst\u00f6d och processen kring f\u00f6rdelningen ska ses \u00f6ver. Till ny ordf\u00f6rande i Riksidrottsstyrelsen valdes Anna Iwarsson. (Foto: Jesper Zerman\/Bildbyr\u00e5n)\" \/>\n<meta property=\"og:url\" content=\"https:\/\/www.budokampsport.se\/2024\/01\/23\/processen-kring-elitidrottsstodet-ses-over\/\" \/>\n<meta property=\"og:site_name\" content=\"Svenska Budo &amp; Kampsportsf\u00f6rbundet\" \/>\n<meta property=\"article:published_time\" content=\"2024-01-23T14:36:55+00:00\" \/>\n<meta property=\"article:modified_time\" content=\"2024-01-24T13:43:50+00:00\" \/>\n<meta property=\"og:image\" content=\"https:\/\/www.budokampsport.se\/wp-content\/uploads\/2024\/01\/BB240123JZ003.jpg\" \/>\n\t<meta property=\"og:image:width\" content=\"850\" \/>\n\t<meta property=\"og:image:height\" content=\"567\" \/>\n\t<meta property=\"og:image:type\" content=\"image\/jpeg\" \/>\n<meta name=\"author\" content=\"Annie Carriage\" \/>\n<meta name=\"twitter:card\" content=\"summary_large_image\" \/>\n<meta name=\"twitter:label1\" content=\"Skriven av\" \/>\n\t<meta name=\"twitter:data1\" content=\"Annie Carriage\" \/>\n\t<meta name=\"twitter:label2\" content=\"Ber\u00e4knad l\u00e4stid\" \/>\n\t<meta name=\"twitter:data2\" content=\"1 minut\" \/>\n<script type=\"application\/ld+json\" class=\"yoast-schema-graph\">{\"@context\":\"https:\/\/schema.org\",\"@graph\":[{\"@type\":\"Article\",\"@id\":\"https:\/\/www.budokampsport.se\/2024\/01\/23\/processen-kring-elitidrottsstodet-ses-over\/#article\",\"isPartOf\":{\"@id\":\"https:\/\/www.budokampsport.se\/2024\/01\/23\/processen-kring-elitidrottsstodet-ses-over\/\"},\"author\":{\"name\":\"Annie Carriage\",\"@id\":\"https:\/\/www.budokampsport.se\/#\/schema\/person\/c838cace8171f692e363fde3f38f208b\"},\"headline\":\"Processen kring elitidrottsst\u00f6det ses \u00f6ver\",\"datePublished\":\"2024-01-23T14:36:55+00:00\",\"dateModified\":\"2024-01-24T13:43:50+00:00\",\"mainEntityOfPage\":{\"@id\":\"https:\/\/www.budokampsport.se\/2024\/01\/23\/processen-kring-elitidrottsstodet-ses-over\/\"},\"wordCount\":239,\"image\":{\"@id\":\"https:\/\/www.budokampsport.se\/2024\/01\/23\/processen-kring-elitidrottsstodet-ses-over\/#primaryimage\"},\"thumbnailUrl\":\"https:\/\/www.budokampsport.se\/wp-content\/uploads\/2024\/01\/BB240123JZ003.jpg\",\"inLanguage\":\"sv-SE\"},{\"@type\":\"WebPage\",\"@id\":\"https:\/\/www.budokampsport.se\/2024\/01\/23\/processen-kring-elitidrottsstodet-ses-over\/\",\"url\":\"https:\/\/www.budokampsport.se\/2024\/01\/23\/processen-kring-elitidrottsstodet-ses-over\/\",\"name\":\"Processen kring elitidrottsst\u00f6det ses \u00f6ver - Svenska Budo &amp; Kampsportsf\u00f6rbundet\",\"isPartOf\":{\"@id\":\"https:\/\/www.budokampsport.se\/#website\"},\"primaryImageOfPage\":{\"@id\":\"https:\/\/www.budokampsport.se\/2024\/01\/23\/processen-kring-elitidrottsstodet-ses-over\/#primaryimage\"},\"image\":{\"@id\":\"https:\/\/www.budokampsport.se\/2024\/01\/23\/processen-kring-elitidrottsstodet-ses-over\/#primaryimage\"},\"thumbnailUrl\":\"https:\/\/www.budokampsport.se\/wp-content\/uploads\/2024\/01\/BB240123JZ003.jpg\",\"datePublished\":\"2024-01-23T14:36:55+00:00\",\"dateModified\":\"2024-01-24T13:43:50+00:00\",\"author\":{\"@id\":\"https:\/\/www.budokampsport.se\/#\/schema\/person\/c838cace8171f692e363fde3f38f208b\"},\"description\":\"RF. Efter en intensiv debatt beslutades att arbetet kring elitidrottst\u00f6d och processen kring f\u00f6rdelningen ska ses \u00f6ver. Till ny ordf\u00f6rande i Riksidrottsstyrelsen valdes Anna Iwarsson. (Foto: Jesper Zerman\/Bildbyr\u00e5n)\",\"breadcrumb\":{\"@id\":\"https:\/\/www.budokampsport.se\/2024\/01\/23\/processen-kring-elitidrottsstodet-ses-over\/#breadcrumb\"},\"inLanguage\":\"sv-SE\",\"potentialAction\":[{\"@type\":\"ReadAction\",\"target\":[\"https:\/\/www.budokampsport.se\/2024\/01\/23\/processen-kring-elitidrottsstodet-ses-over\/\"]}]},{\"@type\":\"ImageObject\",\"inLanguage\":\"sv-SE\",\"@id\":\"https:\/\/www.budokampsport.se\/2024\/01\/23\/processen-kring-elitidrottsstodet-ses-over\/#primaryimage\",\"url\":\"https:\/\/www.budokampsport.se\/wp-content\/uploads\/2024\/01\/BB240123JZ003.jpg\",\"contentUrl\":\"https:\/\/www.budokampsport.se\/wp-content\/uploads\/2024\/01\/BB240123JZ003.jpg\",\"width\":850,\"height\":567,\"caption\":\"240123 RF\u2019s tillf\u00f6rordnade ordf\u00f6rande Anna Iwarsson under Riksidrottsf\u00f6rbundets extrast\u00e4mma den 23 januari 2024 i Stockholm. Foto: Jesper Zerman \/ BILDBYR\u00c5N \/ kod JZ \/ JZ0492\"},{\"@type\":\"BreadcrumbList\",\"@id\":\"https:\/\/www.budokampsport.se\/2024\/01\/23\/processen-kring-elitidrottsstodet-ses-over\/#breadcrumb\",\"itemListElement\":[{\"@type\":\"ListItem\",\"position\":1,\"name\":\"Hem\",\"item\":\"https:\/\/www.budokampsport.se\/\"},{\"@type\":\"ListItem\",\"position\":2,\"name\":\"Processen kring elitidrottsst\u00f6det ses \u00f6ver\"}]},{\"@type\":\"WebSite\",\"@id\":\"https:\/\/www.budokampsport.se\/#website\",\"url\":\"https:\/\/www.budokampsport.se\/\",\"name\":\"Svenska Budo &amp; Kampsportsf\u00f6rbundet\",\"description\":\"T\u00e4vling, Tr\u00e4ning, Tradition\",\"potentialAction\":[{\"@type\":\"SearchAction\",\"target\":{\"@type\":\"EntryPoint\",\"urlTemplate\":\"https:\/\/www.budokampsport.se\/?s={search_term_string}\"},\"query-input\":{\"@type\":\"PropertyValueSpecification\",\"valueRequired\":true,\"valueName\":\"search_term_string\"}}],\"inLanguage\":\"sv-SE\"},{\"@type\":\"Person\",\"@id\":\"https:\/\/www.budokampsport.se\/#\/schema\/person\/c838cace8171f692e363fde3f38f208b\",\"name\":\"Annie Carriage\",\"image\":{\"@type\":\"ImageObject\",\"inLanguage\":\"sv-SE\",\"@id\":\"https:\/\/www.budokampsport.se\/#\/schema\/person\/image\/\",\"url\":\"https:\/\/secure.gravatar.com\/avatar\/9311295560bdfbdf78365a26f7df1876?s=96&d=blank&r=g\",\"contentUrl\":\"https:\/\/secure.gravatar.com\/avatar\/9311295560bdfbdf78365a26f7df1876?s=96&d=blank&r=g\",\"caption\":\"Annie Carriage\"},\"url\":\"https:\/\/www.budokampsport.se\/author\/annie-bondefelt\/\"}]}<\/script>\n<!-- \/ Yoast SEO plugin. -->","yoast_head_json":{"title":"Processen kring elitidrottsst\u00f6det ses \u00f6ver - Svenska Budo &amp; Kampsportsf\u00f6rbundet","description":"RF. Efter en intensiv debatt beslutades att arbetet kring elitidrottst\u00f6d och processen kring f\u00f6rdelningen ska ses \u00f6ver. Till ny ordf\u00f6rande i Riksidrottsstyrelsen valdes Anna Iwarsson. (Foto: Jesper Zerman\/Bildbyr\u00e5n)","robots":{"index":"index","follow":"follow","max-snippet":"max-snippet:-1","max-image-preview":"max-image-preview:large","max-video-preview":"max-video-preview:-1"},"canonical":"https:\/\/www.budokampsport.se\/2024\/01\/23\/processen-kring-elitidrottsstodet-ses-over\/","og_locale":"sv_SE","og_type":"article","og_title":"Processen kring elitidrottsst\u00f6det ses \u00f6ver - Svenska Budo &amp; Kampsportsf\u00f6rbundet","og_description":"RF. Efter en intensiv debatt beslutades att arbetet kring elitidrottst\u00f6d och processen kring f\u00f6rdelningen ska ses \u00f6ver. Till ny ordf\u00f6rande i Riksidrottsstyrelsen valdes Anna Iwarsson. (Foto: Jesper Zerman\/Bildbyr\u00e5n)","og_url":"https:\/\/www.budokampsport.se\/2024\/01\/23\/processen-kring-elitidrottsstodet-ses-over\/","og_site_name":"Svenska Budo &amp; Kampsportsf\u00f6rbundet","article_published_time":"2024-01-23T14:36:55+00:00","article_modified_time":"2024-01-24T13:43:50+00:00","og_image":[{"width":850,"height":567,"url":"https:\/\/www.budokampsport.se\/wp-content\/uploads\/2024\/01\/BB240123JZ003.jpg","type":"image\/jpeg"}],"author":"Annie Carriage","twitter_card":"summary_large_image","twitter_misc":{"Skriven av":"Annie Carriage","Ber\u00e4knad l\u00e4stid":"1 minut"},"schema":{"@context":"https:\/\/schema.org","@graph":[{"@type":"Article","@id":"https:\/\/www.budokampsport.se\/2024\/01\/23\/processen-kring-elitidrottsstodet-ses-over\/#article","isPartOf":{"@id":"https:\/\/www.budokampsport.se\/2024\/01\/23\/processen-kring-elitidrottsstodet-ses-over\/"},"author":{"name":"Annie Carriage","@id":"https:\/\/www.budokampsport.se\/#\/schema\/person\/c838cace8171f692e363fde3f38f208b"},"headline":"Processen kring elitidrottsst\u00f6det ses \u00f6ver","datePublished":"2024-01-23T14:36:55+00:00","dateModified":"2024-01-24T13:43:50+00:00","mainEntityOfPage":{"@id":"https:\/\/www.budokampsport.se\/2024\/01\/23\/processen-kring-elitidrottsstodet-ses-over\/"},"wordCount":239,"image":{"@id":"https:\/\/www.budokampsport.se\/2024\/01\/23\/processen-kring-elitidrottsstodet-ses-over\/#primaryimage"},"thumbnailUrl":"https:\/\/www.budokampsport.se\/wp-content\/uploads\/2024\/01\/BB240123JZ003.jpg","inLanguage":"sv-SE"},{"@type":"WebPage","@id":"https:\/\/www.budokampsport.se\/2024\/01\/23\/processen-kring-elitidrottsstodet-ses-over\/","url":"https:\/\/www.budokampsport.se\/2024\/01\/23\/processen-kring-elitidrottsstodet-ses-over\/","name":"Processen kring elitidrottsst\u00f6det ses \u00f6ver - Svenska Budo &amp; Kampsportsf\u00f6rbundet","isPartOf":{"@id":"https:\/\/www.budokampsport.se\/#website"},"primaryImageOfPage":{"@id":"https:\/\/www.budokampsport.se\/2024\/01\/23\/processen-kring-elitidrottsstodet-ses-over\/#primaryimage"},"image":{"@id":"https:\/\/www.budokampsport.se\/2024\/01\/23\/processen-kring-elitidrottsstodet-ses-over\/#primaryimage"},"thumbnailUrl":"https:\/\/www.budokampsport.se\/wp-content\/uploads\/2024\/01\/BB240123JZ003.jpg","datePublished":"2024-01-23T14:36:55+00:00","dateModified":"2024-01-24T13:43:50+00:00","author":{"@id":"https:\/\/www.budokampsport.se\/#\/schema\/person\/c838cace8171f692e363fde3f38f208b"},"description":"RF. Efter en intensiv debatt beslutades att arbetet kring elitidrottst\u00f6d och processen kring f\u00f6rdelningen ska ses \u00f6ver. Till ny ordf\u00f6rande i Riksidrottsstyrelsen valdes Anna Iwarsson. (Foto: Jesper Zerman\/Bildbyr\u00e5n)","breadcrumb":{"@id":"https:\/\/www.budokampsport.se\/2024\/01\/23\/processen-kring-elitidrottsstodet-ses-over\/#breadcrumb"},"inLanguage":"sv-SE","potentialAction":[{"@type":"ReadAction","target":["https:\/\/www.budokampsport.se\/2024\/01\/23\/processen-kring-elitidrottsstodet-ses-over\/"]}]},{"@type":"ImageObject","inLanguage":"sv-SE","@id":"https:\/\/www.budokampsport.se\/2024\/01\/23\/processen-kring-elitidrottsstodet-ses-over\/#primaryimage","url":"https:\/\/www.budokampsport.se\/wp-content\/uploads\/2024\/01\/BB240123JZ003.jpg","contentUrl":"https:\/\/www.budokampsport.se\/wp-content\/uploads\/2024\/01\/BB240123JZ003.jpg","width":850,"height":567,"caption":"240123 RF\u2019s tillf\u00f6rordnade ordf\u00f6rande Anna Iwarsson under Riksidrottsf\u00f6rbundets extrast\u00e4mma den 23 januari 2024 i Stockholm. Foto: Jesper Zerman \/ BILDBYR\u00c5N \/ kod JZ \/ JZ0492"},{"@type":"BreadcrumbList","@id":"https:\/\/www.budokampsport.se\/2024\/01\/23\/processen-kring-elitidrottsstodet-ses-over\/#breadcrumb","itemListElement":[{"@type":"ListItem","position":1,"name":"Hem","item":"https:\/\/www.budokampsport.se\/"},{"@type":"ListItem","position":2,"name":"Processen kring elitidrottsst\u00f6det ses \u00f6ver"}]},{"@type":"WebSite","@id":"https:\/\/www.budokampsport.se\/#website","url":"https:\/\/www.budokampsport.se\/","name":"Svenska Budo &amp; Kampsportsf\u00f6rbundet","description":"T\u00e4vling, Tr\u00e4ning, Tradition","potentialAction":[{"@type":"SearchAction","target":{"@type":"EntryPoint","urlTemplate":"https:\/\/www.budokampsport.se\/?s={search_term_string}"},"query-input":{"@type":"PropertyValueSpecification","valueRequired":true,"valueName":"search_term_string"}}],"inLanguage":"sv-SE"},{"@type":"Person","@id":"https:\/\/www.budokampsport.se\/#\/schema\/person\/c838cace8171f692e363fde3f38f208b","name":"Annie Carriage","image":{"@type":"ImageObject","inLanguage":"sv-SE","@id":"https:\/\/www.budokampsport.se\/#\/schema\/person\/image\/","url":"https:\/\/secure.gravatar.com\/avatar\/9311295560bdfbdf78365a26f7df1876?s=96&d=blank&r=g","contentUrl":"https:\/\/secure.gravatar.com\/avatar\/9311295560bdfbdf78365a26f7df1876?s=96&d=blank&r=g","caption":"Annie Carriage"},"url":"https:\/\/www.budokampsport.se\/author\/annie-bondefelt\/"}]}},"_links":{"self":[{"href":"https:\/\/www.budokampsport.se\/api\/wp\/v2\/posts\/163508","targetHints":{"allow":["GET"]}}],"collection":[{"href":"https:\/\/www.budokampsport.se\/api\/wp\/v2\/posts"}],"about":[{"href":"https:\/\/www.budokampsport.se\/api\/wp\/v2\/types\/post"}],"author":[{"embeddable":true,"href":"https:\/\/www.budokampsport.se\/api\/wp\/v2\/users\/120"}],"replies":[{"embeddable":true,"href":"https:\/\/www.budokampsport.se\/api\/wp\/v2\/comments?post=163508"}],"version-history":[{"count":0,"href":"https:\/\/www.budokampsport.se\/api\/wp\/v2\/posts\/163508\/revisions"}],"wp:featuredmedia":[{"embeddable":true,"href":"https:\/\/www.budokampsport.se\/api\/wp\/v2\/media\/163509"}],"wp:attachment":[{"href":"https:\/\/www.budokampsport.se\/api\/wp\/v2\/media?parent=163508"}],"wp:term":[{"taxonomy":"category","embeddable":true,"href":"https:\/\/www.budokampsport.se\/api\/wp\/v2\/categories?post=163508"},{"taxonomy":"post_tag","embeddable":true,"href":"https:\/\/www.budokampsport.se\/api\/wp\/v2\/tags?post=163508"}],"curies":[{"name":"wp","href":"https:\/\/api.w.org\/{rel}","templated":true}]}}