{"id":164082,"date":"2024-01-31T15:14:52","date_gmt":"2024-01-31T14:14:52","guid":{"rendered":"https:\/\/www.budokampsport.se\/?p=164082"},"modified":"2024-01-31T15:14:52","modified_gmt":"2024-01-31T14:14:52","slug":"magnus-ledin-blir-bitradande-generalsekreterare","status":"publish","type":"post","link":"https:\/\/www.budokampsport.se\/2024\/01\/31\/magnus-ledin-blir-bitradande-generalsekreterare\/","title":{"rendered":"Magnus Ledin blir bitr\u00e4dande Generalsekreterare"},"content":{"rendered":"<p>\nGeneralsekreteraren f\u00f6r SB&amp;K Mona Lundkvist ska f\u00e5 mer st\u00f6ttning.<\/p>\n<p>Genom en mindre \u00e4ndring p\u00e5 kansliet blir d\u00e4rf\u00f6r Magnus Ledin bitr\u00e4dande Generalsekreterare. Han kommer fortsatt ocks\u00e5 vara verksamhetsledare.<\/p>\n<p>&#8211; Det k\u00e4nns kul och sp\u00e4nnande att f\u00e5 det f\u00f6rtroendet och jag hoppas kunna st\u00f6tta Mona. Det handlar om att vi f\u00f6rst\u00e5s vill svara upp till det behov v\u00e5ra medlemmar har d\u00e4r ute. Jag ser fram emot den h\u00e4r nya utmaningen.<\/p>\n<p>Text och foto: Jonathan Broberg<\/p>\n","protected":false},"excerpt":{"rendered":"<p>SB&#038;K. Kansliet har genomf\u00f6rt en \u00e4ndring. Magnus Ledin blir bitr\u00e4dande Generalsekreterare och ska \u00e4n n\u00e4rmre bist\u00e5 Mona Lundkvist i hennes roll som Generalsekreterare.<br \/><br>&#8211; Det k\u00e4nns kul och sp\u00e4nnande att f\u00e5 det f\u00f6rtroendet, s\u00e4ger Ledin till budokampsport.se.<\/p><br>","protected":false},"author":7,"featured_media":164190,"comment_status":"closed","ping_status":"closed","sticky":false,"template":"","format":"standard","meta":{"_acf_changed":false,"footnotes":""},"categories":[1],"tags":[],"class_list":["post-164082","post","type-post","status-publish","format-standard","has-post-thumbnail","hentry","category-okategoriserade"],"acf":[],"yoast_head":"<!-- This site is optimized with the Yoast SEO plugin v26.8 - https:\/\/yoast.com\/product\/yoast-seo-wordpress\/ -->\n<title>Magnus Ledin blir bitr\u00e4dande Generalsekreterare - Svenska Budo &amp; Kampsportsf\u00f6rbundet<\/title>\n<meta name=\"description\" content=\"SB&amp;K. Kansliet har genomf\u00f6rt en \u00e4ndring. Magnus Ledin blir bitr\u00e4dande Generalsekreterare och ska \u00e4n n\u00e4rmre bist\u00e5 Mona Lundkvist i hennes roll som Generalsekreterare. - Det k\u00e4nns kul och sp\u00e4nnande att f\u00e5 det f\u00f6rtroendet, s\u00e4ger Ledin till budokampsport.se.\" \/>\n<meta name=\"robots\" content=\"index, follow, max-snippet:-1, max-image-preview:large, max-video-preview:-1\" \/>\n<link rel=\"canonical\" href=\"https:\/\/www.budokampsport.se\/2024\/01\/31\/magnus-ledin-blir-bitradande-generalsekreterare\/\" \/>\n<meta property=\"og:locale\" content=\"sv_SE\" \/>\n<meta property=\"og:type\" content=\"article\" \/>\n<meta property=\"og:title\" content=\"Magnus Ledin blir bitr\u00e4dande Generalsekreterare - Svenska Budo &amp; Kampsportsf\u00f6rbundet\" \/>\n<meta property=\"og:description\" content=\"SB&amp;K. Kansliet har genomf\u00f6rt en \u00e4ndring. Magnus Ledin blir bitr\u00e4dande Generalsekreterare och ska \u00e4n n\u00e4rmre bist\u00e5 Mona Lundkvist i hennes roll som Generalsekreterare. - Det k\u00e4nns kul och sp\u00e4nnande att f\u00e5 det f\u00f6rtroendet, s\u00e4ger Ledin till budokampsport.se.\" \/>\n<meta property=\"og:url\" content=\"https:\/\/www.budokampsport.se\/2024\/01\/31\/magnus-ledin-blir-bitradande-generalsekreterare\/\" \/>\n<meta property=\"og:site_name\" content=\"Svenska Budo &amp; Kampsportsf\u00f6rbundet\" \/>\n<meta property=\"article:author\" content=\"https:\/\/www.facebook.com\/jonathan.broberg.7\" \/>\n<meta property=\"article:published_time\" content=\"2024-01-31T14:14:52+00:00\" \/>\n<meta property=\"og:image\" content=\"https:\/\/www.budokampsport.se\/wp-content\/uploads\/2024\/01\/Magnus-Ledin.jpg\" \/>\n\t<meta property=\"og:image:width\" content=\"850\" \/>\n\t<meta property=\"og:image:height\" content=\"518\" \/>\n\t<meta property=\"og:image:type\" content=\"image\/jpeg\" \/>\n<meta name=\"author\" content=\"Jonathan Broberg\" \/>\n<meta name=\"twitter:card\" content=\"summary_large_image\" \/>\n<meta name=\"twitter:label1\" content=\"Skriven av\" \/>\n\t<meta name=\"twitter:data1\" content=\"Jonathan Broberg\" \/>\n\t<meta name=\"twitter:label2\" content=\"Ber\u00e4knad l\u00e4stid\" \/>\n\t<meta name=\"twitter:data2\" content=\"1 minut\" \/>\n<script type=\"application\/ld+json\" class=\"yoast-schema-graph\">{\"@context\":\"https:\/\/schema.org\",\"@graph\":[{\"@type\":\"Article\",\"@id\":\"https:\/\/www.budokampsport.se\/2024\/01\/31\/magnus-ledin-blir-bitradande-generalsekreterare\/#article\",\"isPartOf\":{\"@id\":\"https:\/\/www.budokampsport.se\/2024\/01\/31\/magnus-ledin-blir-bitradande-generalsekreterare\/\"},\"author\":{\"name\":\"Jonathan Broberg\",\"@id\":\"https:\/\/www.budokampsport.se\/#\/schema\/person\/5c06d81d14850e2a8ce5493386560145\"},\"headline\":\"Magnus Ledin blir bitr\u00e4dande Generalsekreterare\",\"datePublished\":\"2024-01-31T14:14:52+00:00\",\"mainEntityOfPage\":{\"@id\":\"https:\/\/www.budokampsport.se\/2024\/01\/31\/magnus-ledin-blir-bitradande-generalsekreterare\/\"},\"wordCount\":95,\"image\":{\"@id\":\"https:\/\/www.budokampsport.se\/2024\/01\/31\/magnus-ledin-blir-bitradande-generalsekreterare\/#primaryimage\"},\"thumbnailUrl\":\"https:\/\/www.budokampsport.se\/wp-content\/uploads\/2024\/01\/Magnus-Ledin.jpg\",\"inLanguage\":\"sv-SE\"},{\"@type\":\"WebPage\",\"@id\":\"https:\/\/www.budokampsport.se\/2024\/01\/31\/magnus-ledin-blir-bitradande-generalsekreterare\/\",\"url\":\"https:\/\/www.budokampsport.se\/2024\/01\/31\/magnus-ledin-blir-bitradande-generalsekreterare\/\",\"name\":\"Magnus Ledin blir bitr\u00e4dande Generalsekreterare - Svenska Budo &amp; Kampsportsf\u00f6rbundet\",\"isPartOf\":{\"@id\":\"https:\/\/www.budokampsport.se\/#website\"},\"primaryImageOfPage\":{\"@id\":\"https:\/\/www.budokampsport.se\/2024\/01\/31\/magnus-ledin-blir-bitradande-generalsekreterare\/#primaryimage\"},\"image\":{\"@id\":\"https:\/\/www.budokampsport.se\/2024\/01\/31\/magnus-ledin-blir-bitradande-generalsekreterare\/#primaryimage\"},\"thumbnailUrl\":\"https:\/\/www.budokampsport.se\/wp-content\/uploads\/2024\/01\/Magnus-Ledin.jpg\",\"datePublished\":\"2024-01-31T14:14:52+00:00\",\"author\":{\"@id\":\"https:\/\/www.budokampsport.se\/#\/schema\/person\/5c06d81d14850e2a8ce5493386560145\"},\"description\":\"SB&K. Kansliet har genomf\u00f6rt en \u00e4ndring. Magnus Ledin blir bitr\u00e4dande Generalsekreterare och ska \u00e4n n\u00e4rmre bist\u00e5 Mona Lundkvist i hennes roll som Generalsekreterare. - Det k\u00e4nns kul och sp\u00e4nnande att f\u00e5 det f\u00f6rtroendet, s\u00e4ger Ledin till budokampsport.se.\",\"breadcrumb\":{\"@id\":\"https:\/\/www.budokampsport.se\/2024\/01\/31\/magnus-ledin-blir-bitradande-generalsekreterare\/#breadcrumb\"},\"inLanguage\":\"sv-SE\",\"potentialAction\":[{\"@type\":\"ReadAction\",\"target\":[\"https:\/\/www.budokampsport.se\/2024\/01\/31\/magnus-ledin-blir-bitradande-generalsekreterare\/\"]}]},{\"@type\":\"ImageObject\",\"inLanguage\":\"sv-SE\",\"@id\":\"https:\/\/www.budokampsport.se\/2024\/01\/31\/magnus-ledin-blir-bitradande-generalsekreterare\/#primaryimage\",\"url\":\"https:\/\/www.budokampsport.se\/wp-content\/uploads\/2024\/01\/Magnus-Ledin.jpg\",\"contentUrl\":\"https:\/\/www.budokampsport.se\/wp-content\/uploads\/2024\/01\/Magnus-Ledin.jpg\",\"width\":850,\"height\":518,\"caption\":\"Foto: Jonathan Broberg\"},{\"@type\":\"BreadcrumbList\",\"@id\":\"https:\/\/www.budokampsport.se\/2024\/01\/31\/magnus-ledin-blir-bitradande-generalsekreterare\/#breadcrumb\",\"itemListElement\":[{\"@type\":\"ListItem\",\"position\":1,\"name\":\"Hem\",\"item\":\"https:\/\/www.budokampsport.se\/\"},{\"@type\":\"ListItem\",\"position\":2,\"name\":\"Magnus Ledin blir bitr\u00e4dande Generalsekreterare\"}]},{\"@type\":\"WebSite\",\"@id\":\"https:\/\/www.budokampsport.se\/#website\",\"url\":\"https:\/\/www.budokampsport.se\/\",\"name\":\"Svenska Budo &amp; Kampsportsf\u00f6rbundet\",\"description\":\"T\u00e4vling, Tr\u00e4ning, Tradition\",\"potentialAction\":[{\"@type\":\"SearchAction\",\"target\":{\"@type\":\"EntryPoint\",\"urlTemplate\":\"https:\/\/www.budokampsport.se\/?s={search_term_string}\"},\"query-input\":{\"@type\":\"PropertyValueSpecification\",\"valueRequired\":true,\"valueName\":\"search_term_string\"}}],\"inLanguage\":\"sv-SE\"},{\"@type\":\"Person\",\"@id\":\"https:\/\/www.budokampsport.se\/#\/schema\/person\/5c06d81d14850e2a8ce5493386560145\",\"name\":\"Jonathan Broberg\",\"image\":{\"@type\":\"ImageObject\",\"inLanguage\":\"sv-SE\",\"@id\":\"https:\/\/www.budokampsport.se\/#\/schema\/person\/image\/\",\"url\":\"https:\/\/secure.gravatar.com\/avatar\/a58041c6cea9128bd9c40ee2f26d4136?s=96&d=blank&r=g\",\"contentUrl\":\"https:\/\/secure.gravatar.com\/avatar\/a58041c6cea9128bd9c40ee2f26d4136?s=96&d=blank&r=g\",\"caption\":\"Jonathan Broberg\"},\"sameAs\":[\"https:\/\/www.facebook.com\/jonathan.broberg.7\"],\"url\":\"https:\/\/www.budokampsport.se\/author\/jonathan\/\"}]}<\/script>\n<!-- \/ Yoast SEO plugin. -->","yoast_head_json":{"title":"Magnus Ledin blir bitr\u00e4dande Generalsekreterare - Svenska Budo &amp; Kampsportsf\u00f6rbundet","description":"SB&K. Kansliet har genomf\u00f6rt en \u00e4ndring. Magnus Ledin blir bitr\u00e4dande Generalsekreterare och ska \u00e4n n\u00e4rmre bist\u00e5 Mona Lundkvist i hennes roll som Generalsekreterare. - Det k\u00e4nns kul och sp\u00e4nnande att f\u00e5 det f\u00f6rtroendet, s\u00e4ger Ledin till budokampsport.se.","robots":{"index":"index","follow":"follow","max-snippet":"max-snippet:-1","max-image-preview":"max-image-preview:large","max-video-preview":"max-video-preview:-1"},"canonical":"https:\/\/www.budokampsport.se\/2024\/01\/31\/magnus-ledin-blir-bitradande-generalsekreterare\/","og_locale":"sv_SE","og_type":"article","og_title":"Magnus Ledin blir bitr\u00e4dande Generalsekreterare - Svenska Budo &amp; Kampsportsf\u00f6rbundet","og_description":"SB&K. Kansliet har genomf\u00f6rt en \u00e4ndring. Magnus Ledin blir bitr\u00e4dande Generalsekreterare och ska \u00e4n n\u00e4rmre bist\u00e5 Mona Lundkvist i hennes roll som Generalsekreterare. - Det k\u00e4nns kul och sp\u00e4nnande att f\u00e5 det f\u00f6rtroendet, s\u00e4ger Ledin till budokampsport.se.","og_url":"https:\/\/www.budokampsport.se\/2024\/01\/31\/magnus-ledin-blir-bitradande-generalsekreterare\/","og_site_name":"Svenska Budo &amp; Kampsportsf\u00f6rbundet","article_author":"https:\/\/www.facebook.com\/jonathan.broberg.7","article_published_time":"2024-01-31T14:14:52+00:00","og_image":[{"width":850,"height":518,"url":"https:\/\/www.budokampsport.se\/wp-content\/uploads\/2024\/01\/Magnus-Ledin.jpg","type":"image\/jpeg"}],"author":"Jonathan Broberg","twitter_card":"summary_large_image","twitter_misc":{"Skriven av":"Jonathan Broberg","Ber\u00e4knad l\u00e4stid":"1 minut"},"schema":{"@context":"https:\/\/schema.org","@graph":[{"@type":"Article","@id":"https:\/\/www.budokampsport.se\/2024\/01\/31\/magnus-ledin-blir-bitradande-generalsekreterare\/#article","isPartOf":{"@id":"https:\/\/www.budokampsport.se\/2024\/01\/31\/magnus-ledin-blir-bitradande-generalsekreterare\/"},"author":{"name":"Jonathan Broberg","@id":"https:\/\/www.budokampsport.se\/#\/schema\/person\/5c06d81d14850e2a8ce5493386560145"},"headline":"Magnus Ledin blir bitr\u00e4dande Generalsekreterare","datePublished":"2024-01-31T14:14:52+00:00","mainEntityOfPage":{"@id":"https:\/\/www.budokampsport.se\/2024\/01\/31\/magnus-ledin-blir-bitradande-generalsekreterare\/"},"wordCount":95,"image":{"@id":"https:\/\/www.budokampsport.se\/2024\/01\/31\/magnus-ledin-blir-bitradande-generalsekreterare\/#primaryimage"},"thumbnailUrl":"https:\/\/www.budokampsport.se\/wp-content\/uploads\/2024\/01\/Magnus-Ledin.jpg","inLanguage":"sv-SE"},{"@type":"WebPage","@id":"https:\/\/www.budokampsport.se\/2024\/01\/31\/magnus-ledin-blir-bitradande-generalsekreterare\/","url":"https:\/\/www.budokampsport.se\/2024\/01\/31\/magnus-ledin-blir-bitradande-generalsekreterare\/","name":"Magnus Ledin blir bitr\u00e4dande Generalsekreterare - Svenska Budo &amp; Kampsportsf\u00f6rbundet","isPartOf":{"@id":"https:\/\/www.budokampsport.se\/#website"},"primaryImageOfPage":{"@id":"https:\/\/www.budokampsport.se\/2024\/01\/31\/magnus-ledin-blir-bitradande-generalsekreterare\/#primaryimage"},"image":{"@id":"https:\/\/www.budokampsport.se\/2024\/01\/31\/magnus-ledin-blir-bitradande-generalsekreterare\/#primaryimage"},"thumbnailUrl":"https:\/\/www.budokampsport.se\/wp-content\/uploads\/2024\/01\/Magnus-Ledin.jpg","datePublished":"2024-01-31T14:14:52+00:00","author":{"@id":"https:\/\/www.budokampsport.se\/#\/schema\/person\/5c06d81d14850e2a8ce5493386560145"},"description":"SB&K. Kansliet har genomf\u00f6rt en \u00e4ndring. Magnus Ledin blir bitr\u00e4dande Generalsekreterare och ska \u00e4n n\u00e4rmre bist\u00e5 Mona Lundkvist i hennes roll som Generalsekreterare. - Det k\u00e4nns kul och sp\u00e4nnande att f\u00e5 det f\u00f6rtroendet, s\u00e4ger Ledin till budokampsport.se.","breadcrumb":{"@id":"https:\/\/www.budokampsport.se\/2024\/01\/31\/magnus-ledin-blir-bitradande-generalsekreterare\/#breadcrumb"},"inLanguage":"sv-SE","potentialAction":[{"@type":"ReadAction","target":["https:\/\/www.budokampsport.se\/2024\/01\/31\/magnus-ledin-blir-bitradande-generalsekreterare\/"]}]},{"@type":"ImageObject","inLanguage":"sv-SE","@id":"https:\/\/www.budokampsport.se\/2024\/01\/31\/magnus-ledin-blir-bitradande-generalsekreterare\/#primaryimage","url":"https:\/\/www.budokampsport.se\/wp-content\/uploads\/2024\/01\/Magnus-Ledin.jpg","contentUrl":"https:\/\/www.budokampsport.se\/wp-content\/uploads\/2024\/01\/Magnus-Ledin.jpg","width":850,"height":518,"caption":"Foto: Jonathan Broberg"},{"@type":"BreadcrumbList","@id":"https:\/\/www.budokampsport.se\/2024\/01\/31\/magnus-ledin-blir-bitradande-generalsekreterare\/#breadcrumb","itemListElement":[{"@type":"ListItem","position":1,"name":"Hem","item":"https:\/\/www.budokampsport.se\/"},{"@type":"ListItem","position":2,"name":"Magnus Ledin blir bitr\u00e4dande Generalsekreterare"}]},{"@type":"WebSite","@id":"https:\/\/www.budokampsport.se\/#website","url":"https:\/\/www.budokampsport.se\/","name":"Svenska Budo &amp; Kampsportsf\u00f6rbundet","description":"T\u00e4vling, Tr\u00e4ning, Tradition","potentialAction":[{"@type":"SearchAction","target":{"@type":"EntryPoint","urlTemplate":"https:\/\/www.budokampsport.se\/?s={search_term_string}"},"query-input":{"@type":"PropertyValueSpecification","valueRequired":true,"valueName":"search_term_string"}}],"inLanguage":"sv-SE"},{"@type":"Person","@id":"https:\/\/www.budokampsport.se\/#\/schema\/person\/5c06d81d14850e2a8ce5493386560145","name":"Jonathan Broberg","image":{"@type":"ImageObject","inLanguage":"sv-SE","@id":"https:\/\/www.budokampsport.se\/#\/schema\/person\/image\/","url":"https:\/\/secure.gravatar.com\/avatar\/a58041c6cea9128bd9c40ee2f26d4136?s=96&d=blank&r=g","contentUrl":"https:\/\/secure.gravatar.com\/avatar\/a58041c6cea9128bd9c40ee2f26d4136?s=96&d=blank&r=g","caption":"Jonathan Broberg"},"sameAs":["https:\/\/www.facebook.com\/jonathan.broberg.7"],"url":"https:\/\/www.budokampsport.se\/author\/jonathan\/"}]}},"_links":{"self":[{"href":"https:\/\/www.budokampsport.se\/api\/wp\/v2\/posts\/164082","targetHints":{"allow":["GET"]}}],"collection":[{"href":"https:\/\/www.budokampsport.se\/api\/wp\/v2\/posts"}],"about":[{"href":"https:\/\/www.budokampsport.se\/api\/wp\/v2\/types\/post"}],"author":[{"embeddable":true,"href":"https:\/\/www.budokampsport.se\/api\/wp\/v2\/users\/7"}],"replies":[{"embeddable":true,"href":"https:\/\/www.budokampsport.se\/api\/wp\/v2\/comments?post=164082"}],"version-history":[{"count":0,"href":"https:\/\/www.budokampsport.se\/api\/wp\/v2\/posts\/164082\/revisions"}],"wp:featuredmedia":[{"embeddable":true,"href":"https:\/\/www.budokampsport.se\/api\/wp\/v2\/media\/164190"}],"wp:attachment":[{"href":"https:\/\/www.budokampsport.se\/api\/wp\/v2\/media?parent=164082"}],"wp:term":[{"taxonomy":"category","embeddable":true,"href":"https:\/\/www.budokampsport.se\/api\/wp\/v2\/categories?post=164082"},{"taxonomy":"post_tag","embeddable":true,"href":"https:\/\/www.budokampsport.se\/api\/wp\/v2\/tags?post=164082"}],"curies":[{"name":"wp","href":"https:\/\/api.w.org\/{rel}","templated":true}]}}