{"id":164247,"date":"2024-02-01T09:18:15","date_gmt":"2024-02-01T08:18:15","guid":{"rendered":"https:\/\/www.budokampsport.se\/?p=164247"},"modified":"2024-02-01T09:18:15","modified_gmt":"2024-02-01T08:18:15","slug":"valberedning-efterlyser-nomineringar-infor-arsstamman-2-2","status":"publish","type":"post","link":"https:\/\/www.budokampsport.se\/2024\/02\/01\/valberedning-efterlyser-nomineringar-infor-arsstamman-2-2\/","title":{"rendered":"Nomineringar till Disciplinn\u00e4mnden s\u00f6kes"},"content":{"rendered":"<p>Valberedningen har inte f\u00e5tt in n\u00e5gra nomineringar till Disciplinn\u00e4mnden som i dagsl\u00e4get beh\u00f6ver tre nya ledam\u00f6ter samt en ordf\u00f6rande. \u00c4r du eller n\u00e5gon du k\u00e4nner intresserad av att bli nominerad s\u00e5 h\u00f6r av er till valberedningen snarast.<\/p>\n<p>L\u00e4s mer om vad <a href=\"https:\/\/www.budokampsport.se\/disciplinnamnden\/\" target=\"_blank\" rel=\"noopener\">Disciplinn\u00e4mnden g\u00f6r<\/a>.<\/p>\n<h3><strong>Nomineringar<\/strong><\/h3>\n<p>Nomineringar skickas till <a href=\"mailto:valberedning@budo.se\">valberedning@budo.se<\/a> . Kandidaten b\u00f6r vara tillfr\u00e5gad och accepterat nomineringen innan den skickas in. Ange namn, klubbtillh\u00f6righet, mailadress samt telefonnummer till den som nomineras i mailet och cc:a den som \u00e4r nominerad s\u00e5 valberedningen med s\u00e4kerhet vet att denna har godk\u00e4nt sin nominering. Valberedningens arbete underl\u00e4ttas avsev\u00e4rt om den som nominerar \u00e4ven skickar med en kort motivering.\u00a0<\/p>\n<p>Valberedningens f\u00f6rslag presenteras senast den 15 februari.<\/p>\n<hr \/>\n<p><strong>Anders Pettersson<\/strong><br \/>\n<strong>Sammankallande i valberedningen<\/strong><br \/>\n<strong>Svenska Budo &amp; Kampsportsf\u00f6rbundet<\/strong><\/p>\n","protected":false},"excerpt":{"rendered":"<p>\u00c5RSM\u00d6TE. Valberedningen s\u00f6ker efter nomineringar till Disciplinn\u00e4mnden.<br \/><br>(Foto: Jeppe Gustavsson\/Bildbyr\u00e5n)<\/p><br>","protected":false},"author":120,"featured_media":151507,"comment_status":"closed","ping_status":"closed","sticky":false,"template":"","format":"standard","meta":{"_acf_changed":false,"footnotes":""},"categories":[410],"tags":[],"class_list":["post-164247","post","type-post","status-publish","format-standard","has-post-thumbnail","hentry","category-arsmote"],"acf":[],"yoast_head":"<!-- This site is optimized with the Yoast SEO plugin v26.8 - https:\/\/yoast.com\/product\/yoast-seo-wordpress\/ -->\n<title>Nomineringar till Disciplinn\u00e4mnden s\u00f6kes - Svenska Budo &amp; Kampsportsf\u00f6rbundet<\/title>\n<meta name=\"description\" content=\"\u00c5RSM\u00d6TE. Valberedningen s\u00f6ker efter nomineringar till Disciplinn\u00e4mnden. (Foto: Jeppe Gustavsson\/Bildbyr\u00e5n)\" \/>\n<meta name=\"robots\" content=\"index, follow, max-snippet:-1, max-image-preview:large, max-video-preview:-1\" \/>\n<link rel=\"canonical\" href=\"https:\/\/www.budokampsport.se\/2024\/02\/01\/valberedning-efterlyser-nomineringar-infor-arsstamman-2-2\/\" \/>\n<meta property=\"og:locale\" content=\"sv_SE\" \/>\n<meta property=\"og:type\" content=\"article\" \/>\n<meta property=\"og:title\" content=\"Nomineringar till Disciplinn\u00e4mnden s\u00f6kes - Svenska Budo &amp; Kampsportsf\u00f6rbundet\" \/>\n<meta property=\"og:description\" content=\"\u00c5RSM\u00d6TE. Valberedningen s\u00f6ker efter nomineringar till Disciplinn\u00e4mnden. (Foto: Jeppe Gustavsson\/Bildbyr\u00e5n)\" \/>\n<meta property=\"og:url\" content=\"https:\/\/www.budokampsport.se\/2024\/02\/01\/valberedning-efterlyser-nomineringar-infor-arsstamman-2-2\/\" \/>\n<meta property=\"og:site_name\" content=\"Svenska Budo &amp; Kampsportsf\u00f6rbundet\" \/>\n<meta property=\"article:published_time\" content=\"2024-02-01T08:18:15+00:00\" \/>\n<meta property=\"og:image\" content=\"https:\/\/www.budokampsport.se\/wp-content\/uploads\/2023\/03\/BB201008ZQ015-scaled.jpg\" \/>\n\t<meta property=\"og:image:width\" content=\"2560\" \/>\n\t<meta property=\"og:image:height\" content=\"1707\" \/>\n\t<meta property=\"og:image:type\" content=\"image\/jpeg\" \/>\n<meta name=\"author\" content=\"Annie Carriage\" \/>\n<meta name=\"twitter:card\" content=\"summary_large_image\" \/>\n<meta name=\"twitter:label1\" content=\"Skriven av\" \/>\n\t<meta name=\"twitter:data1\" content=\"Annie Carriage\" \/>\n\t<meta name=\"twitter:label2\" content=\"Ber\u00e4knad l\u00e4stid\" \/>\n\t<meta name=\"twitter:data2\" content=\"1 minut\" \/>\n<script type=\"application\/ld+json\" class=\"yoast-schema-graph\">{\"@context\":\"https:\/\/schema.org\",\"@graph\":[{\"@type\":\"Article\",\"@id\":\"https:\/\/www.budokampsport.se\/2024\/02\/01\/valberedning-efterlyser-nomineringar-infor-arsstamman-2-2\/#article\",\"isPartOf\":{\"@id\":\"https:\/\/www.budokampsport.se\/2024\/02\/01\/valberedning-efterlyser-nomineringar-infor-arsstamman-2-2\/\"},\"author\":{\"name\":\"Annie Carriage\",\"@id\":\"https:\/\/www.budokampsport.se\/#\/schema\/person\/c838cace8171f692e363fde3f38f208b\"},\"headline\":\"Nomineringar till Disciplinn\u00e4mnden s\u00f6kes\",\"datePublished\":\"2024-02-01T08:18:15+00:00\",\"mainEntityOfPage\":{\"@id\":\"https:\/\/www.budokampsport.se\/2024\/02\/01\/valberedning-efterlyser-nomineringar-infor-arsstamman-2-2\/\"},\"wordCount\":148,\"image\":{\"@id\":\"https:\/\/www.budokampsport.se\/2024\/02\/01\/valberedning-efterlyser-nomineringar-infor-arsstamman-2-2\/#primaryimage\"},\"thumbnailUrl\":\"https:\/\/www.budokampsport.se\/wp-content\/uploads\/2023\/03\/BB201008ZQ015-scaled.jpg\",\"articleSection\":[\"\u00c5rsm\u00f6te\"],\"inLanguage\":\"sv-SE\"},{\"@type\":\"WebPage\",\"@id\":\"https:\/\/www.budokampsport.se\/2024\/02\/01\/valberedning-efterlyser-nomineringar-infor-arsstamman-2-2\/\",\"url\":\"https:\/\/www.budokampsport.se\/2024\/02\/01\/valberedning-efterlyser-nomineringar-infor-arsstamman-2-2\/\",\"name\":\"Nomineringar till Disciplinn\u00e4mnden s\u00f6kes - Svenska Budo &amp; Kampsportsf\u00f6rbundet\",\"isPartOf\":{\"@id\":\"https:\/\/www.budokampsport.se\/#website\"},\"primaryImageOfPage\":{\"@id\":\"https:\/\/www.budokampsport.se\/2024\/02\/01\/valberedning-efterlyser-nomineringar-infor-arsstamman-2-2\/#primaryimage\"},\"image\":{\"@id\":\"https:\/\/www.budokampsport.se\/2024\/02\/01\/valberedning-efterlyser-nomineringar-infor-arsstamman-2-2\/#primaryimage\"},\"thumbnailUrl\":\"https:\/\/www.budokampsport.se\/wp-content\/uploads\/2023\/03\/BB201008ZQ015-scaled.jpg\",\"datePublished\":\"2024-02-01T08:18:15+00:00\",\"author\":{\"@id\":\"https:\/\/www.budokampsport.se\/#\/schema\/person\/c838cace8171f692e363fde3f38f208b\"},\"description\":\"\u00c5RSM\u00d6TE. Valberedningen s\u00f6ker efter nomineringar till Disciplinn\u00e4mnden. (Foto: Jeppe Gustavsson\/Bildbyr\u00e5n)\",\"breadcrumb\":{\"@id\":\"https:\/\/www.budokampsport.se\/2024\/02\/01\/valberedning-efterlyser-nomineringar-infor-arsstamman-2-2\/#breadcrumb\"},\"inLanguage\":\"sv-SE\",\"potentialAction\":[{\"@type\":\"ReadAction\",\"target\":[\"https:\/\/www.budokampsport.se\/2024\/02\/01\/valberedning-efterlyser-nomineringar-infor-arsstamman-2-2\/\"]}]},{\"@type\":\"ImageObject\",\"inLanguage\":\"sv-SE\",\"@id\":\"https:\/\/www.budokampsport.se\/2024\/02\/01\/valberedning-efterlyser-nomineringar-infor-arsstamman-2-2\/#primaryimage\",\"url\":\"https:\/\/www.budokampsport.se\/wp-content\/uploads\/2023\/03\/BB201008ZQ015-scaled.jpg\",\"contentUrl\":\"https:\/\/www.budokampsport.se\/wp-content\/uploads\/2023\/03\/BB201008ZQ015-scaled.jpg\",\"width\":2560,\"height\":1707,\"caption\":\"201008 Centrum f\u00f6r kommunstrategiska studier p\u00e5 Link\u00f6pings universitet h\u00e5ller kurs p\u00e5 V\u00e5rdn\u00e4s stiftsg\u00e5rd i \\\"Ledarskap f\u00f6r kommuner\\\" den 8 oktober 2020 i Link\u00f6ping. Bilden: Utbildning som ger frukt? Foto: Jeppe Gustafsson \/ BILDBYR\u00c5N \/ COP 256 \/ ZX0010\"},{\"@type\":\"BreadcrumbList\",\"@id\":\"https:\/\/www.budokampsport.se\/2024\/02\/01\/valberedning-efterlyser-nomineringar-infor-arsstamman-2-2\/#breadcrumb\",\"itemListElement\":[{\"@type\":\"ListItem\",\"position\":1,\"name\":\"Hem\",\"item\":\"https:\/\/www.budokampsport.se\/\"},{\"@type\":\"ListItem\",\"position\":2,\"name\":\"Nomineringar till Disciplinn\u00e4mnden s\u00f6kes\"}]},{\"@type\":\"WebSite\",\"@id\":\"https:\/\/www.budokampsport.se\/#website\",\"url\":\"https:\/\/www.budokampsport.se\/\",\"name\":\"Svenska Budo &amp; Kampsportsf\u00f6rbundet\",\"description\":\"T\u00e4vling, Tr\u00e4ning, Tradition\",\"potentialAction\":[{\"@type\":\"SearchAction\",\"target\":{\"@type\":\"EntryPoint\",\"urlTemplate\":\"https:\/\/www.budokampsport.se\/?s={search_term_string}\"},\"query-input\":{\"@type\":\"PropertyValueSpecification\",\"valueRequired\":true,\"valueName\":\"search_term_string\"}}],\"inLanguage\":\"sv-SE\"},{\"@type\":\"Person\",\"@id\":\"https:\/\/www.budokampsport.se\/#\/schema\/person\/c838cace8171f692e363fde3f38f208b\",\"name\":\"Annie Carriage\",\"image\":{\"@type\":\"ImageObject\",\"inLanguage\":\"sv-SE\",\"@id\":\"https:\/\/www.budokampsport.se\/#\/schema\/person\/image\/\",\"url\":\"https:\/\/secure.gravatar.com\/avatar\/9311295560bdfbdf78365a26f7df1876?s=96&d=blank&r=g\",\"contentUrl\":\"https:\/\/secure.gravatar.com\/avatar\/9311295560bdfbdf78365a26f7df1876?s=96&d=blank&r=g\",\"caption\":\"Annie Carriage\"},\"url\":\"https:\/\/www.budokampsport.se\/author\/annie-bondefelt\/\"}]}<\/script>\n<!-- \/ Yoast SEO plugin. -->","yoast_head_json":{"title":"Nomineringar till Disciplinn\u00e4mnden s\u00f6kes - Svenska Budo &amp; Kampsportsf\u00f6rbundet","description":"\u00c5RSM\u00d6TE. Valberedningen s\u00f6ker efter nomineringar till Disciplinn\u00e4mnden. (Foto: Jeppe Gustavsson\/Bildbyr\u00e5n)","robots":{"index":"index","follow":"follow","max-snippet":"max-snippet:-1","max-image-preview":"max-image-preview:large","max-video-preview":"max-video-preview:-1"},"canonical":"https:\/\/www.budokampsport.se\/2024\/02\/01\/valberedning-efterlyser-nomineringar-infor-arsstamman-2-2\/","og_locale":"sv_SE","og_type":"article","og_title":"Nomineringar till Disciplinn\u00e4mnden s\u00f6kes - Svenska Budo &amp; Kampsportsf\u00f6rbundet","og_description":"\u00c5RSM\u00d6TE. Valberedningen s\u00f6ker efter nomineringar till Disciplinn\u00e4mnden. (Foto: Jeppe Gustavsson\/Bildbyr\u00e5n)","og_url":"https:\/\/www.budokampsport.se\/2024\/02\/01\/valberedning-efterlyser-nomineringar-infor-arsstamman-2-2\/","og_site_name":"Svenska Budo &amp; Kampsportsf\u00f6rbundet","article_published_time":"2024-02-01T08:18:15+00:00","og_image":[{"width":2560,"height":1707,"url":"https:\/\/www.budokampsport.se\/wp-content\/uploads\/2023\/03\/BB201008ZQ015-scaled.jpg","type":"image\/jpeg"}],"author":"Annie Carriage","twitter_card":"summary_large_image","twitter_misc":{"Skriven av":"Annie Carriage","Ber\u00e4knad l\u00e4stid":"1 minut"},"schema":{"@context":"https:\/\/schema.org","@graph":[{"@type":"Article","@id":"https:\/\/www.budokampsport.se\/2024\/02\/01\/valberedning-efterlyser-nomineringar-infor-arsstamman-2-2\/#article","isPartOf":{"@id":"https:\/\/www.budokampsport.se\/2024\/02\/01\/valberedning-efterlyser-nomineringar-infor-arsstamman-2-2\/"},"author":{"name":"Annie Carriage","@id":"https:\/\/www.budokampsport.se\/#\/schema\/person\/c838cace8171f692e363fde3f38f208b"},"headline":"Nomineringar till Disciplinn\u00e4mnden s\u00f6kes","datePublished":"2024-02-01T08:18:15+00:00","mainEntityOfPage":{"@id":"https:\/\/www.budokampsport.se\/2024\/02\/01\/valberedning-efterlyser-nomineringar-infor-arsstamman-2-2\/"},"wordCount":148,"image":{"@id":"https:\/\/www.budokampsport.se\/2024\/02\/01\/valberedning-efterlyser-nomineringar-infor-arsstamman-2-2\/#primaryimage"},"thumbnailUrl":"https:\/\/www.budokampsport.se\/wp-content\/uploads\/2023\/03\/BB201008ZQ015-scaled.jpg","articleSection":["\u00c5rsm\u00f6te"],"inLanguage":"sv-SE"},{"@type":"WebPage","@id":"https:\/\/www.budokampsport.se\/2024\/02\/01\/valberedning-efterlyser-nomineringar-infor-arsstamman-2-2\/","url":"https:\/\/www.budokampsport.se\/2024\/02\/01\/valberedning-efterlyser-nomineringar-infor-arsstamman-2-2\/","name":"Nomineringar till Disciplinn\u00e4mnden s\u00f6kes - Svenska Budo &amp; Kampsportsf\u00f6rbundet","isPartOf":{"@id":"https:\/\/www.budokampsport.se\/#website"},"primaryImageOfPage":{"@id":"https:\/\/www.budokampsport.se\/2024\/02\/01\/valberedning-efterlyser-nomineringar-infor-arsstamman-2-2\/#primaryimage"},"image":{"@id":"https:\/\/www.budokampsport.se\/2024\/02\/01\/valberedning-efterlyser-nomineringar-infor-arsstamman-2-2\/#primaryimage"},"thumbnailUrl":"https:\/\/www.budokampsport.se\/wp-content\/uploads\/2023\/03\/BB201008ZQ015-scaled.jpg","datePublished":"2024-02-01T08:18:15+00:00","author":{"@id":"https:\/\/www.budokampsport.se\/#\/schema\/person\/c838cace8171f692e363fde3f38f208b"},"description":"\u00c5RSM\u00d6TE. Valberedningen s\u00f6ker efter nomineringar till Disciplinn\u00e4mnden. (Foto: Jeppe Gustavsson\/Bildbyr\u00e5n)","breadcrumb":{"@id":"https:\/\/www.budokampsport.se\/2024\/02\/01\/valberedning-efterlyser-nomineringar-infor-arsstamman-2-2\/#breadcrumb"},"inLanguage":"sv-SE","potentialAction":[{"@type":"ReadAction","target":["https:\/\/www.budokampsport.se\/2024\/02\/01\/valberedning-efterlyser-nomineringar-infor-arsstamman-2-2\/"]}]},{"@type":"ImageObject","inLanguage":"sv-SE","@id":"https:\/\/www.budokampsport.se\/2024\/02\/01\/valberedning-efterlyser-nomineringar-infor-arsstamman-2-2\/#primaryimage","url":"https:\/\/www.budokampsport.se\/wp-content\/uploads\/2023\/03\/BB201008ZQ015-scaled.jpg","contentUrl":"https:\/\/www.budokampsport.se\/wp-content\/uploads\/2023\/03\/BB201008ZQ015-scaled.jpg","width":2560,"height":1707,"caption":"201008 Centrum f\u00f6r kommunstrategiska studier p\u00e5 Link\u00f6pings universitet h\u00e5ller kurs p\u00e5 V\u00e5rdn\u00e4s stiftsg\u00e5rd i \"Ledarskap f\u00f6r kommuner\" den 8 oktober 2020 i Link\u00f6ping. Bilden: Utbildning som ger frukt? Foto: Jeppe Gustafsson \/ BILDBYR\u00c5N \/ COP 256 \/ ZX0010"},{"@type":"BreadcrumbList","@id":"https:\/\/www.budokampsport.se\/2024\/02\/01\/valberedning-efterlyser-nomineringar-infor-arsstamman-2-2\/#breadcrumb","itemListElement":[{"@type":"ListItem","position":1,"name":"Hem","item":"https:\/\/www.budokampsport.se\/"},{"@type":"ListItem","position":2,"name":"Nomineringar till Disciplinn\u00e4mnden s\u00f6kes"}]},{"@type":"WebSite","@id":"https:\/\/www.budokampsport.se\/#website","url":"https:\/\/www.budokampsport.se\/","name":"Svenska Budo &amp; Kampsportsf\u00f6rbundet","description":"T\u00e4vling, Tr\u00e4ning, Tradition","potentialAction":[{"@type":"SearchAction","target":{"@type":"EntryPoint","urlTemplate":"https:\/\/www.budokampsport.se\/?s={search_term_string}"},"query-input":{"@type":"PropertyValueSpecification","valueRequired":true,"valueName":"search_term_string"}}],"inLanguage":"sv-SE"},{"@type":"Person","@id":"https:\/\/www.budokampsport.se\/#\/schema\/person\/c838cace8171f692e363fde3f38f208b","name":"Annie Carriage","image":{"@type":"ImageObject","inLanguage":"sv-SE","@id":"https:\/\/www.budokampsport.se\/#\/schema\/person\/image\/","url":"https:\/\/secure.gravatar.com\/avatar\/9311295560bdfbdf78365a26f7df1876?s=96&d=blank&r=g","contentUrl":"https:\/\/secure.gravatar.com\/avatar\/9311295560bdfbdf78365a26f7df1876?s=96&d=blank&r=g","caption":"Annie Carriage"},"url":"https:\/\/www.budokampsport.se\/author\/annie-bondefelt\/"}]}},"_links":{"self":[{"href":"https:\/\/www.budokampsport.se\/api\/wp\/v2\/posts\/164247","targetHints":{"allow":["GET"]}}],"collection":[{"href":"https:\/\/www.budokampsport.se\/api\/wp\/v2\/posts"}],"about":[{"href":"https:\/\/www.budokampsport.se\/api\/wp\/v2\/types\/post"}],"author":[{"embeddable":true,"href":"https:\/\/www.budokampsport.se\/api\/wp\/v2\/users\/120"}],"replies":[{"embeddable":true,"href":"https:\/\/www.budokampsport.se\/api\/wp\/v2\/comments?post=164247"}],"version-history":[{"count":0,"href":"https:\/\/www.budokampsport.se\/api\/wp\/v2\/posts\/164247\/revisions"}],"wp:featuredmedia":[{"embeddable":true,"href":"https:\/\/www.budokampsport.se\/api\/wp\/v2\/media\/151507"}],"wp:attachment":[{"href":"https:\/\/www.budokampsport.se\/api\/wp\/v2\/media?parent=164247"}],"wp:term":[{"taxonomy":"category","embeddable":true,"href":"https:\/\/www.budokampsport.se\/api\/wp\/v2\/categories?post=164247"},{"taxonomy":"post_tag","embeddable":true,"href":"https:\/\/www.budokampsport.se\/api\/wp\/v2\/tags?post=164247"}],"curies":[{"name":"wp","href":"https:\/\/api.w.org\/{rel}","templated":true}]}}