{"id":165024,"date":"2024-02-13T13:44:56","date_gmt":"2024-02-13T12:44:56","guid":{"rendered":"https:\/\/www.budokampsport.se\/?p=165024"},"modified":"2024-02-13T13:51:12","modified_gmt":"2024-02-13T12:51:12","slug":"preliminar-rostlangd-infor-sbks-arsmote-2024","status":"publish","type":"post","link":"https:\/\/www.budokampsport.se\/2024\/02\/13\/preliminar-rostlangd-infor-sbks-arsmote-2024\/","title":{"rendered":"Prelimin\u00e4r r\u00f6stl\u00e4ngd inf\u00f6r SB&#038;K:s \u00e5rsm\u00f6te 2024"},"content":{"rendered":"<p><strong>R\u00f6stl\u00e4ngd<\/strong><br \/>\nAnger antalet r\u00f6ster som en f\u00f6rening har p\u00e5 st\u00e4mman. I r\u00f6stl\u00e4ngden upptas de f\u00f6reningar som enligt stadgarna fullgjort sina \u00e5taganden f\u00f6r att erh\u00e5lla r\u00f6str\u00e4tt. I korthet inneb\u00e4r det att f\u00f6reningen ska ha rapporterat antalet medlemmar samt betalat medlemsavgiften till SB&amp;K senast den 31 januari 2024.<\/p>\n<p>Prelimin\u00e4rt best\u00e5r r\u00f6stl\u00e4ngden av 519 idrottsf\u00f6reningar som representerar 40 015 medlemmar. Antalet r\u00f6ster uppg\u00e5r till 700. F\u00f6rbundet hade den 31 januari totalt 817 medlemsf\u00f6reningar.<\/p>\n<p><span style=\"font-size: 14pt;\">\u00bb <a href=\"https:\/\/www.budokampsport.se\/wp-content\/uploads\/2024\/01\/Preliminar_rostlangd_SBK_2024-02-12.pdf\" target=\"_blank\" rel=\"noopener\"><strong>Prelimin\u00e4r r\u00f6stl\u00e4ngd 2024<\/strong><\/a><\/span><\/p>\n<p><strong>Saknas er f\u00f6rening?<\/strong><br \/>\nOm er f\u00f6rening har rapporterat samt betalat i tid men saknas i r\u00f6stl\u00e4ngden, var god meddela <a href=\"mailto:info@budo.se\">info@budo.se <\/a>s\u00e5 snart som m\u00f6jligt s\u00e5 f\u00f6ljer vi upp det. Var noga med att uppge f\u00f6reningens fullst\u00e4ndiga namn, SB&amp;K-nummer samt datum d\u00e5 fakturan betalades.<\/p>\n<p><strong>Kallelse<\/strong><br \/>\nKallelse kommer att publiceras senast 30 dagar innan st\u00e4mman. I kallelsen kommer det framg\u00e5 hur f\u00f6reningen anm\u00e4ler ombud med r\u00f6str\u00e4tt inf\u00f6r st\u00e4mman.<\/p>\n<p><strong>F\u00f6r information kring \u00e5rsm\u00f6ten<\/strong><br \/>\nSe F\u00f6rbund \u203a <a href=\"https:\/\/www.budokampsport.se\/forbund\/arsmoten\/\" target=\"_blank\" rel=\"noopener\">\u00c5rsm\u00f6ten<\/a>.<\/p>\n","protected":false},"excerpt":{"rendered":"<p>\u00c5RSM\u00d6TE. Svenska Budo &#038; Kampsportsf\u00f6rbundet genomf\u00f6r sitt \u00e5rsm\u00f6te l\u00f6rdag den 20 april p\u00e5 World Trade Center i Stockholm. F\u00f6reningar som \u00e4r upptagna i r\u00f6stl\u00e4ngden har m\u00f6jlighet att representeras av ombud med r\u00f6str\u00e4tt p\u00e5 st\u00e4mman.<br \/><br>(Foto: Sven Lindwall\/Bildbyr\u00e5n)<\/p><br>","protected":false},"author":120,"featured_media":163170,"comment_status":"closed","ping_status":"open","sticky":false,"template":"","format":"standard","meta":{"_acf_changed":false,"footnotes":""},"categories":[410,481],"tags":[469,482,474,473],"class_list":["post-165024","post","type-post","status-publish","format-standard","has-post-thumbnail","hentry","category-arsmote","category-forening","tag-arsmote","tag-forening","tag-rostlangd","tag-rostratt"],"acf":[],"yoast_head":"<!-- This site is optimized with the Yoast SEO plugin v26.8 - https:\/\/yoast.com\/product\/yoast-seo-wordpress\/ -->\n<title>Prelimin\u00e4r r\u00f6stl\u00e4ngd inf\u00f6r SB&amp;K:s \u00e5rsm\u00f6te 2024 - Svenska Budo &amp; Kampsportsf\u00f6rbundet<\/title>\n<meta name=\"description\" content=\"\u00c5RSM\u00d6TE. Svenska Budo &amp; Kampsportsf\u00f6rbundet genomf\u00f6r sitt \u00e5rsm\u00f6te l\u00f6rdag den 20 april p\u00e5 World Trade Center i Stockholm. F\u00f6reningar som \u00e4r upptagna i r\u00f6stl\u00e4ngden har m\u00f6jlighet att representeras av ombud med r\u00f6str\u00e4tt p\u00e5 st\u00e4mman. (Foto: Sven Lindwall\/Bildbyr\u00e5n)\" \/>\n<meta name=\"robots\" content=\"index, follow, max-snippet:-1, max-image-preview:large, max-video-preview:-1\" \/>\n<link rel=\"canonical\" href=\"https:\/\/www.budokampsport.se\/2024\/02\/13\/preliminar-rostlangd-infor-sbks-arsmote-2024\/\" \/>\n<meta property=\"og:locale\" content=\"sv_SE\" \/>\n<meta property=\"og:type\" content=\"article\" \/>\n<meta property=\"og:title\" content=\"Prelimin\u00e4r r\u00f6stl\u00e4ngd inf\u00f6r SB&amp;K:s \u00e5rsm\u00f6te 2024 - Svenska Budo &amp; Kampsportsf\u00f6rbundet\" \/>\n<meta property=\"og:description\" content=\"\u00c5RSM\u00d6TE. Svenska Budo &amp; Kampsportsf\u00f6rbundet genomf\u00f6r sitt \u00e5rsm\u00f6te l\u00f6rdag den 20 april p\u00e5 World Trade Center i Stockholm. F\u00f6reningar som \u00e4r upptagna i r\u00f6stl\u00e4ngden har m\u00f6jlighet att representeras av ombud med r\u00f6str\u00e4tt p\u00e5 st\u00e4mman. (Foto: Sven Lindwall\/Bildbyr\u00e5n)\" \/>\n<meta property=\"og:url\" content=\"https:\/\/www.budokampsport.se\/2024\/02\/13\/preliminar-rostlangd-infor-sbks-arsmote-2024\/\" \/>\n<meta property=\"og:site_name\" content=\"Svenska Budo &amp; Kampsportsf\u00f6rbundet\" \/>\n<meta property=\"article:published_time\" content=\"2024-02-13T12:44:56+00:00\" \/>\n<meta property=\"article:modified_time\" content=\"2024-02-13T12:51:12+00:00\" \/>\n<meta property=\"og:image\" content=\"https:\/\/www.budokampsport.se\/wp-content\/uploads\/2024\/01\/arsmote-5.jpg\" \/>\n\t<meta property=\"og:image:width\" content=\"850\" \/>\n\t<meta property=\"og:image:height\" content=\"567\" \/>\n\t<meta property=\"og:image:type\" content=\"image\/jpeg\" \/>\n<meta name=\"author\" content=\"Annie Carriage\" \/>\n<meta name=\"twitter:card\" content=\"summary_large_image\" \/>\n<meta name=\"twitter:label1\" content=\"Skriven av\" \/>\n\t<meta name=\"twitter:data1\" content=\"Annie Carriage\" \/>\n\t<meta name=\"twitter:label2\" content=\"Ber\u00e4knad l\u00e4stid\" \/>\n\t<meta name=\"twitter:data2\" content=\"1 minut\" \/>\n<script type=\"application\/ld+json\" class=\"yoast-schema-graph\">{\"@context\":\"https:\/\/schema.org\",\"@graph\":[{\"@type\":\"Article\",\"@id\":\"https:\/\/www.budokampsport.se\/2024\/02\/13\/preliminar-rostlangd-infor-sbks-arsmote-2024\/#article\",\"isPartOf\":{\"@id\":\"https:\/\/www.budokampsport.se\/2024\/02\/13\/preliminar-rostlangd-infor-sbks-arsmote-2024\/\"},\"author\":{\"name\":\"Annie Carriage\",\"@id\":\"https:\/\/www.budokampsport.se\/#\/schema\/person\/c838cace8171f692e363fde3f38f208b\"},\"headline\":\"Prelimin\u00e4r r\u00f6stl\u00e4ngd inf\u00f6r SB&#038;K:s \u00e5rsm\u00f6te 2024\",\"datePublished\":\"2024-02-13T12:44:56+00:00\",\"dateModified\":\"2024-02-13T12:51:12+00:00\",\"mainEntityOfPage\":{\"@id\":\"https:\/\/www.budokampsport.se\/2024\/02\/13\/preliminar-rostlangd-infor-sbks-arsmote-2024\/\"},\"wordCount\":199,\"image\":{\"@id\":\"https:\/\/www.budokampsport.se\/2024\/02\/13\/preliminar-rostlangd-infor-sbks-arsmote-2024\/#primaryimage\"},\"thumbnailUrl\":\"https:\/\/www.budokampsport.se\/wp-content\/uploads\/2024\/01\/arsmote-5.jpg\",\"keywords\":[\"\u00e5rsm\u00f6te\",\"f\u00f6rening\",\"r\u00f6stl\u00e4ngd\",\"r\u00f6str\u00e4tt\"],\"articleSection\":[\"\u00c5rsm\u00f6te\",\"F\u00f6rening\"],\"inLanguage\":\"sv-SE\"},{\"@type\":\"WebPage\",\"@id\":\"https:\/\/www.budokampsport.se\/2024\/02\/13\/preliminar-rostlangd-infor-sbks-arsmote-2024\/\",\"url\":\"https:\/\/www.budokampsport.se\/2024\/02\/13\/preliminar-rostlangd-infor-sbks-arsmote-2024\/\",\"name\":\"Prelimin\u00e4r r\u00f6stl\u00e4ngd inf\u00f6r SB&K:s \u00e5rsm\u00f6te 2024 - Svenska Budo &amp; Kampsportsf\u00f6rbundet\",\"isPartOf\":{\"@id\":\"https:\/\/www.budokampsport.se\/#website\"},\"primaryImageOfPage\":{\"@id\":\"https:\/\/www.budokampsport.se\/2024\/02\/13\/preliminar-rostlangd-infor-sbks-arsmote-2024\/#primaryimage\"},\"image\":{\"@id\":\"https:\/\/www.budokampsport.se\/2024\/02\/13\/preliminar-rostlangd-infor-sbks-arsmote-2024\/#primaryimage\"},\"thumbnailUrl\":\"https:\/\/www.budokampsport.se\/wp-content\/uploads\/2024\/01\/arsmote-5.jpg\",\"datePublished\":\"2024-02-13T12:44:56+00:00\",\"dateModified\":\"2024-02-13T12:51:12+00:00\",\"author\":{\"@id\":\"https:\/\/www.budokampsport.se\/#\/schema\/person\/c838cace8171f692e363fde3f38f208b\"},\"description\":\"\u00c5RSM\u00d6TE. Svenska Budo & Kampsportsf\u00f6rbundet genomf\u00f6r sitt \u00e5rsm\u00f6te l\u00f6rdag den 20 april p\u00e5 World Trade Center i Stockholm. F\u00f6reningar som \u00e4r upptagna i r\u00f6stl\u00e4ngden har m\u00f6jlighet att representeras av ombud med r\u00f6str\u00e4tt p\u00e5 st\u00e4mman. (Foto: Sven Lindwall\/Bildbyr\u00e5n)\",\"breadcrumb\":{\"@id\":\"https:\/\/www.budokampsport.se\/2024\/02\/13\/preliminar-rostlangd-infor-sbks-arsmote-2024\/#breadcrumb\"},\"inLanguage\":\"sv-SE\",\"potentialAction\":[{\"@type\":\"ReadAction\",\"target\":[\"https:\/\/www.budokampsport.se\/2024\/02\/13\/preliminar-rostlangd-infor-sbks-arsmote-2024\/\"]}]},{\"@type\":\"ImageObject\",\"inLanguage\":\"sv-SE\",\"@id\":\"https:\/\/www.budokampsport.se\/2024\/02\/13\/preliminar-rostlangd-infor-sbks-arsmote-2024\/#primaryimage\",\"url\":\"https:\/\/www.budokampsport.se\/wp-content\/uploads\/2024\/01\/arsmote-5.jpg\",\"contentUrl\":\"https:\/\/www.budokampsport.se\/wp-content\/uploads\/2024\/01\/arsmote-5.jpg\",\"width\":850,\"height\":567,\"caption\":\"Foto: Sven Lindwall\/Bildbyr\u00e5n\"},{\"@type\":\"BreadcrumbList\",\"@id\":\"https:\/\/www.budokampsport.se\/2024\/02\/13\/preliminar-rostlangd-infor-sbks-arsmote-2024\/#breadcrumb\",\"itemListElement\":[{\"@type\":\"ListItem\",\"position\":1,\"name\":\"Hem\",\"item\":\"https:\/\/www.budokampsport.se\/\"},{\"@type\":\"ListItem\",\"position\":2,\"name\":\"Prelimin\u00e4r r\u00f6stl\u00e4ngd inf\u00f6r SB&#038;K:s \u00e5rsm\u00f6te 2024\"}]},{\"@type\":\"WebSite\",\"@id\":\"https:\/\/www.budokampsport.se\/#website\",\"url\":\"https:\/\/www.budokampsport.se\/\",\"name\":\"Svenska Budo &amp; Kampsportsf\u00f6rbundet\",\"description\":\"T\u00e4vling, Tr\u00e4ning, Tradition\",\"potentialAction\":[{\"@type\":\"SearchAction\",\"target\":{\"@type\":\"EntryPoint\",\"urlTemplate\":\"https:\/\/www.budokampsport.se\/?s={search_term_string}\"},\"query-input\":{\"@type\":\"PropertyValueSpecification\",\"valueRequired\":true,\"valueName\":\"search_term_string\"}}],\"inLanguage\":\"sv-SE\"},{\"@type\":\"Person\",\"@id\":\"https:\/\/www.budokampsport.se\/#\/schema\/person\/c838cace8171f692e363fde3f38f208b\",\"name\":\"Annie Carriage\",\"image\":{\"@type\":\"ImageObject\",\"inLanguage\":\"sv-SE\",\"@id\":\"https:\/\/www.budokampsport.se\/#\/schema\/person\/image\/\",\"url\":\"https:\/\/secure.gravatar.com\/avatar\/9311295560bdfbdf78365a26f7df1876?s=96&d=blank&r=g\",\"contentUrl\":\"https:\/\/secure.gravatar.com\/avatar\/9311295560bdfbdf78365a26f7df1876?s=96&d=blank&r=g\",\"caption\":\"Annie Carriage\"},\"url\":\"https:\/\/www.budokampsport.se\/author\/annie-bondefelt\/\"}]}<\/script>\n<!-- \/ Yoast SEO plugin. -->","yoast_head_json":{"title":"Prelimin\u00e4r r\u00f6stl\u00e4ngd inf\u00f6r SB&K:s \u00e5rsm\u00f6te 2024 - Svenska Budo &amp; Kampsportsf\u00f6rbundet","description":"\u00c5RSM\u00d6TE. Svenska Budo & Kampsportsf\u00f6rbundet genomf\u00f6r sitt \u00e5rsm\u00f6te l\u00f6rdag den 20 april p\u00e5 World Trade Center i Stockholm. F\u00f6reningar som \u00e4r upptagna i r\u00f6stl\u00e4ngden har m\u00f6jlighet att representeras av ombud med r\u00f6str\u00e4tt p\u00e5 st\u00e4mman. (Foto: Sven Lindwall\/Bildbyr\u00e5n)","robots":{"index":"index","follow":"follow","max-snippet":"max-snippet:-1","max-image-preview":"max-image-preview:large","max-video-preview":"max-video-preview:-1"},"canonical":"https:\/\/www.budokampsport.se\/2024\/02\/13\/preliminar-rostlangd-infor-sbks-arsmote-2024\/","og_locale":"sv_SE","og_type":"article","og_title":"Prelimin\u00e4r r\u00f6stl\u00e4ngd inf\u00f6r SB&K:s \u00e5rsm\u00f6te 2024 - Svenska Budo &amp; Kampsportsf\u00f6rbundet","og_description":"\u00c5RSM\u00d6TE. Svenska Budo & Kampsportsf\u00f6rbundet genomf\u00f6r sitt \u00e5rsm\u00f6te l\u00f6rdag den 20 april p\u00e5 World Trade Center i Stockholm. F\u00f6reningar som \u00e4r upptagna i r\u00f6stl\u00e4ngden har m\u00f6jlighet att representeras av ombud med r\u00f6str\u00e4tt p\u00e5 st\u00e4mman. (Foto: Sven Lindwall\/Bildbyr\u00e5n)","og_url":"https:\/\/www.budokampsport.se\/2024\/02\/13\/preliminar-rostlangd-infor-sbks-arsmote-2024\/","og_site_name":"Svenska Budo &amp; Kampsportsf\u00f6rbundet","article_published_time":"2024-02-13T12:44:56+00:00","article_modified_time":"2024-02-13T12:51:12+00:00","og_image":[{"width":850,"height":567,"url":"https:\/\/www.budokampsport.se\/wp-content\/uploads\/2024\/01\/arsmote-5.jpg","type":"image\/jpeg"}],"author":"Annie Carriage","twitter_card":"summary_large_image","twitter_misc":{"Skriven av":"Annie Carriage","Ber\u00e4knad l\u00e4stid":"1 minut"},"schema":{"@context":"https:\/\/schema.org","@graph":[{"@type":"Article","@id":"https:\/\/www.budokampsport.se\/2024\/02\/13\/preliminar-rostlangd-infor-sbks-arsmote-2024\/#article","isPartOf":{"@id":"https:\/\/www.budokampsport.se\/2024\/02\/13\/preliminar-rostlangd-infor-sbks-arsmote-2024\/"},"author":{"name":"Annie Carriage","@id":"https:\/\/www.budokampsport.se\/#\/schema\/person\/c838cace8171f692e363fde3f38f208b"},"headline":"Prelimin\u00e4r r\u00f6stl\u00e4ngd inf\u00f6r SB&#038;K:s \u00e5rsm\u00f6te 2024","datePublished":"2024-02-13T12:44:56+00:00","dateModified":"2024-02-13T12:51:12+00:00","mainEntityOfPage":{"@id":"https:\/\/www.budokampsport.se\/2024\/02\/13\/preliminar-rostlangd-infor-sbks-arsmote-2024\/"},"wordCount":199,"image":{"@id":"https:\/\/www.budokampsport.se\/2024\/02\/13\/preliminar-rostlangd-infor-sbks-arsmote-2024\/#primaryimage"},"thumbnailUrl":"https:\/\/www.budokampsport.se\/wp-content\/uploads\/2024\/01\/arsmote-5.jpg","keywords":["\u00e5rsm\u00f6te","f\u00f6rening","r\u00f6stl\u00e4ngd","r\u00f6str\u00e4tt"],"articleSection":["\u00c5rsm\u00f6te","F\u00f6rening"],"inLanguage":"sv-SE"},{"@type":"WebPage","@id":"https:\/\/www.budokampsport.se\/2024\/02\/13\/preliminar-rostlangd-infor-sbks-arsmote-2024\/","url":"https:\/\/www.budokampsport.se\/2024\/02\/13\/preliminar-rostlangd-infor-sbks-arsmote-2024\/","name":"Prelimin\u00e4r r\u00f6stl\u00e4ngd inf\u00f6r SB&K:s \u00e5rsm\u00f6te 2024 - Svenska Budo &amp; Kampsportsf\u00f6rbundet","isPartOf":{"@id":"https:\/\/www.budokampsport.se\/#website"},"primaryImageOfPage":{"@id":"https:\/\/www.budokampsport.se\/2024\/02\/13\/preliminar-rostlangd-infor-sbks-arsmote-2024\/#primaryimage"},"image":{"@id":"https:\/\/www.budokampsport.se\/2024\/02\/13\/preliminar-rostlangd-infor-sbks-arsmote-2024\/#primaryimage"},"thumbnailUrl":"https:\/\/www.budokampsport.se\/wp-content\/uploads\/2024\/01\/arsmote-5.jpg","datePublished":"2024-02-13T12:44:56+00:00","dateModified":"2024-02-13T12:51:12+00:00","author":{"@id":"https:\/\/www.budokampsport.se\/#\/schema\/person\/c838cace8171f692e363fde3f38f208b"},"description":"\u00c5RSM\u00d6TE. Svenska Budo & Kampsportsf\u00f6rbundet genomf\u00f6r sitt \u00e5rsm\u00f6te l\u00f6rdag den 20 april p\u00e5 World Trade Center i Stockholm. F\u00f6reningar som \u00e4r upptagna i r\u00f6stl\u00e4ngden har m\u00f6jlighet att representeras av ombud med r\u00f6str\u00e4tt p\u00e5 st\u00e4mman. (Foto: Sven Lindwall\/Bildbyr\u00e5n)","breadcrumb":{"@id":"https:\/\/www.budokampsport.se\/2024\/02\/13\/preliminar-rostlangd-infor-sbks-arsmote-2024\/#breadcrumb"},"inLanguage":"sv-SE","potentialAction":[{"@type":"ReadAction","target":["https:\/\/www.budokampsport.se\/2024\/02\/13\/preliminar-rostlangd-infor-sbks-arsmote-2024\/"]}]},{"@type":"ImageObject","inLanguage":"sv-SE","@id":"https:\/\/www.budokampsport.se\/2024\/02\/13\/preliminar-rostlangd-infor-sbks-arsmote-2024\/#primaryimage","url":"https:\/\/www.budokampsport.se\/wp-content\/uploads\/2024\/01\/arsmote-5.jpg","contentUrl":"https:\/\/www.budokampsport.se\/wp-content\/uploads\/2024\/01\/arsmote-5.jpg","width":850,"height":567,"caption":"Foto: Sven Lindwall\/Bildbyr\u00e5n"},{"@type":"BreadcrumbList","@id":"https:\/\/www.budokampsport.se\/2024\/02\/13\/preliminar-rostlangd-infor-sbks-arsmote-2024\/#breadcrumb","itemListElement":[{"@type":"ListItem","position":1,"name":"Hem","item":"https:\/\/www.budokampsport.se\/"},{"@type":"ListItem","position":2,"name":"Prelimin\u00e4r r\u00f6stl\u00e4ngd inf\u00f6r SB&#038;K:s \u00e5rsm\u00f6te 2024"}]},{"@type":"WebSite","@id":"https:\/\/www.budokampsport.se\/#website","url":"https:\/\/www.budokampsport.se\/","name":"Svenska Budo &amp; Kampsportsf\u00f6rbundet","description":"T\u00e4vling, Tr\u00e4ning, Tradition","potentialAction":[{"@type":"SearchAction","target":{"@type":"EntryPoint","urlTemplate":"https:\/\/www.budokampsport.se\/?s={search_term_string}"},"query-input":{"@type":"PropertyValueSpecification","valueRequired":true,"valueName":"search_term_string"}}],"inLanguage":"sv-SE"},{"@type":"Person","@id":"https:\/\/www.budokampsport.se\/#\/schema\/person\/c838cace8171f692e363fde3f38f208b","name":"Annie Carriage","image":{"@type":"ImageObject","inLanguage":"sv-SE","@id":"https:\/\/www.budokampsport.se\/#\/schema\/person\/image\/","url":"https:\/\/secure.gravatar.com\/avatar\/9311295560bdfbdf78365a26f7df1876?s=96&d=blank&r=g","contentUrl":"https:\/\/secure.gravatar.com\/avatar\/9311295560bdfbdf78365a26f7df1876?s=96&d=blank&r=g","caption":"Annie Carriage"},"url":"https:\/\/www.budokampsport.se\/author\/annie-bondefelt\/"}]}},"_links":{"self":[{"href":"https:\/\/www.budokampsport.se\/api\/wp\/v2\/posts\/165024","targetHints":{"allow":["GET"]}}],"collection":[{"href":"https:\/\/www.budokampsport.se\/api\/wp\/v2\/posts"}],"about":[{"href":"https:\/\/www.budokampsport.se\/api\/wp\/v2\/types\/post"}],"author":[{"embeddable":true,"href":"https:\/\/www.budokampsport.se\/api\/wp\/v2\/users\/120"}],"replies":[{"embeddable":true,"href":"https:\/\/www.budokampsport.se\/api\/wp\/v2\/comments?post=165024"}],"version-history":[{"count":0,"href":"https:\/\/www.budokampsport.se\/api\/wp\/v2\/posts\/165024\/revisions"}],"wp:featuredmedia":[{"embeddable":true,"href":"https:\/\/www.budokampsport.se\/api\/wp\/v2\/media\/163170"}],"wp:attachment":[{"href":"https:\/\/www.budokampsport.se\/api\/wp\/v2\/media?parent=165024"}],"wp:term":[{"taxonomy":"category","embeddable":true,"href":"https:\/\/www.budokampsport.se\/api\/wp\/v2\/categories?post=165024"},{"taxonomy":"post_tag","embeddable":true,"href":"https:\/\/www.budokampsport.se\/api\/wp\/v2\/tags?post=165024"}],"curies":[{"name":"wp","href":"https:\/\/api.w.org\/{rel}","templated":true}]}}