{"id":166041,"date":"2024-03-01T09:52:32","date_gmt":"2024-03-01T08:52:32","guid":{"rendered":"https:\/\/www.budokampsport.se\/?p=166041"},"modified":"2024-03-01T09:52:32","modified_gmt":"2024-03-01T08:52:32","slug":"sm-i-wushu-arrangeras-i-helgen","status":"publish","type":"post","link":"https:\/\/www.budokampsport.se\/2024\/03\/01\/sm-i-wushu-arrangeras-i-helgen\/","title":{"rendered":"SM i wushu arrangeras i helgen"},"content":{"rendered":"<p>Det ligger en hel del i potten f\u00f6r SM-deltagarna i wushu.<\/p>\n<p>M\u00e4sterskapet h\u00e5lls p\u00e5 l\u00f6rdag i Br\u00e4nnkyrkahallen i Stockholm, och f\u00f6rutom sj\u00e4lva SM-medaljerna ligger ocks\u00e5 landslagsplatser till EM i Sverige i maj i potten.<\/p>\n<p>&#8211; Det \u00e4r alltid kul och sp\u00e4nnande med SM och i och med att vi har EM i Sverige i maj blir det en extra nerv nu. SM \u00e4r den viktigaste t\u00e4vlingen f\u00f6r landslagsuttagning, \u00e4ven om det ocks\u00e5 f\u00f6rst\u00e5s finns andra kriterier med. Jag tycker man kan f\u00f6rv\u00e4nta sig m\u00e5nga fina sanda- och taolu-stunder under SM s\u00e5 det finns mycket att se fram emot.<\/p>\n<p>Insl\u00e4ppet f\u00f6r publik \u00f6ppnar redan 09.00 under morgondagen.<\/p>\n<table style=\"border-collapse: collapse; width: 100%;\">\n<tbody>\n<tr>\n<td style=\"width: 100%;\">T\u00c4VLINGSSTART<\/td>\n<\/tr>\n<tr>\n<td style=\"width: 100%;\"><img loading=\"lazy\" decoding=\"async\" class=\"alignnone  wp-image-146375\" src=\"https:\/\/www.budokampsport.se\/wp-content\/uploads\/2022\/12\/hjartat-278x180.jpg\" alt=\"\" width=\"20\" height=\"13\" \/><strong>Taolu:<\/strong> 09.30<br \/>\n<img loading=\"lazy\" decoding=\"async\" class=\"alignnone  wp-image-146375\" src=\"https:\/\/www.budokampsport.se\/wp-content\/uploads\/2022\/12\/hjartat-278x180.jpg\" alt=\"\" width=\"20\" height=\"13\" \/><strong>Sanda:<\/strong> 10.30<\/td>\n<\/tr>\n<\/tbody>\n<\/table>\n<p>&nbsp;<\/p>\n<p>F\u00f6r mer information, se <a href=\"https:\/\/www.facebook.com\/svenskwushu\/?ref=embed_page\" target=\"_blank\" rel=\"noopener\">Svenska Kung fu &amp; Wushuf\u00f6rbundets facebook-sida<\/a>.<\/p>\n<p>Text: Jonathan Broberg<\/p>\n","protected":false},"excerpt":{"rendered":"<p>WUSHU. Imorgon, l\u00f6rdag, arrangeras SM i wushu. Sk\u00e5deplatsen \u00e4r Br\u00e4nnkyrkahallen i Stockholm. Landslagsplatser till EM i Sverige st\u00e5r ocks\u00e5 p\u00e5 spel.<br \/><br>&#8211; Det finns mycket att se fram emot, s\u00e4ger en av arrang\u00f6rerna samt ordf\u00f6rande f\u00f6r Svenska Kung fu- &#038; Wushuf\u00f6rbundet Peder Finnsi\u00f6 till budokampsport.se<br \/><br>(Illustration: Ida Brogren)<\/p><br>","protected":false},"author":7,"featured_media":151077,"comment_status":"closed","ping_status":"closed","sticky":false,"template":"","format":"standard","meta":{"_acf_changed":false,"footnotes":""},"categories":[1],"tags":[],"class_list":["post-166041","post","type-post","status-publish","format-standard","has-post-thumbnail","hentry","category-okategoriserade"],"acf":[],"yoast_head":"<!-- This site is optimized with the Yoast SEO plugin v26.8 - https:\/\/yoast.com\/product\/yoast-seo-wordpress\/ -->\n<title>SM i wushu arrangeras i helgen - Svenska Budo &amp; Kampsportsf\u00f6rbundet<\/title>\n<meta name=\"description\" content=\"WUSHU. Imorgon, l\u00f6rdag, arrangeras SM i wushu. Sk\u00e5deplatsen \u00e4r Br\u00e4nnkyrkahallen i Stockholm. Landslagsplatser till EM i Sverige st\u00e5r ocks\u00e5 p\u00e5 spel. - Det finns mycket att se fram emot, s\u00e4ger en av arrang\u00f6rerna samt ordf\u00f6rande f\u00f6r Svenska Kung fu- &amp; Wushuf\u00f6rbundet Peder Finnsi\u00f6 till budokampsport.se (Illustration: Ida Brogren)\" \/>\n<meta name=\"robots\" content=\"index, follow, max-snippet:-1, max-image-preview:large, max-video-preview:-1\" \/>\n<link rel=\"canonical\" href=\"https:\/\/www.budokampsport.se\/2024\/03\/01\/sm-i-wushu-arrangeras-i-helgen\/\" \/>\n<meta property=\"og:locale\" content=\"sv_SE\" \/>\n<meta property=\"og:type\" content=\"article\" \/>\n<meta property=\"og:title\" content=\"SM i wushu arrangeras i helgen - Svenska Budo &amp; Kampsportsf\u00f6rbundet\" \/>\n<meta property=\"og:description\" content=\"WUSHU. Imorgon, l\u00f6rdag, arrangeras SM i wushu. Sk\u00e5deplatsen \u00e4r Br\u00e4nnkyrkahallen i Stockholm. Landslagsplatser till EM i Sverige st\u00e5r ocks\u00e5 p\u00e5 spel. - Det finns mycket att se fram emot, s\u00e4ger en av arrang\u00f6rerna samt ordf\u00f6rande f\u00f6r Svenska Kung fu- &amp; Wushuf\u00f6rbundet Peder Finnsi\u00f6 till budokampsport.se (Illustration: Ida Brogren)\" \/>\n<meta property=\"og:url\" content=\"https:\/\/www.budokampsport.se\/2024\/03\/01\/sm-i-wushu-arrangeras-i-helgen\/\" \/>\n<meta property=\"og:site_name\" content=\"Svenska Budo &amp; Kampsportsf\u00f6rbundet\" \/>\n<meta property=\"article:author\" content=\"https:\/\/www.facebook.com\/jonathan.broberg.7\" \/>\n<meta property=\"article:published_time\" content=\"2024-03-01T08:52:32+00:00\" \/>\n<meta property=\"og:image\" content=\"https:\/\/www.budokampsport.se\/wp-content\/uploads\/2016\/05\/wushu-2-copy.png\" \/>\n\t<meta property=\"og:image:width\" content=\"850\" \/>\n\t<meta property=\"og:image:height\" content=\"952\" \/>\n\t<meta property=\"og:image:type\" content=\"image\/png\" \/>\n<meta name=\"author\" content=\"Jonathan Broberg\" \/>\n<meta name=\"twitter:card\" content=\"summary_large_image\" \/>\n<meta name=\"twitter:label1\" content=\"Skriven av\" \/>\n\t<meta name=\"twitter:data1\" content=\"Jonathan Broberg\" \/>\n\t<meta name=\"twitter:label2\" content=\"Ber\u00e4knad l\u00e4stid\" \/>\n\t<meta name=\"twitter:data2\" content=\"2 minuter\" \/>\n<script type=\"application\/ld+json\" class=\"yoast-schema-graph\">{\"@context\":\"https:\/\/schema.org\",\"@graph\":[{\"@type\":\"Article\",\"@id\":\"https:\/\/www.budokampsport.se\/2024\/03\/01\/sm-i-wushu-arrangeras-i-helgen\/#article\",\"isPartOf\":{\"@id\":\"https:\/\/www.budokampsport.se\/2024\/03\/01\/sm-i-wushu-arrangeras-i-helgen\/\"},\"author\":{\"name\":\"Jonathan Broberg\",\"@id\":\"https:\/\/www.budokampsport.se\/#\/schema\/person\/5c06d81d14850e2a8ce5493386560145\"},\"headline\":\"SM i wushu arrangeras i helgen\",\"datePublished\":\"2024-03-01T08:52:32+00:00\",\"mainEntityOfPage\":{\"@id\":\"https:\/\/www.budokampsport.se\/2024\/03\/01\/sm-i-wushu-arrangeras-i-helgen\/\"},\"wordCount\":148,\"image\":{\"@id\":\"https:\/\/www.budokampsport.se\/2024\/03\/01\/sm-i-wushu-arrangeras-i-helgen\/#primaryimage\"},\"thumbnailUrl\":\"https:\/\/www.budokampsport.se\/wp-content\/uploads\/2016\/05\/wushu-2-copy.png\",\"inLanguage\":\"sv-SE\"},{\"@type\":\"WebPage\",\"@id\":\"https:\/\/www.budokampsport.se\/2024\/03\/01\/sm-i-wushu-arrangeras-i-helgen\/\",\"url\":\"https:\/\/www.budokampsport.se\/2024\/03\/01\/sm-i-wushu-arrangeras-i-helgen\/\",\"name\":\"SM i wushu arrangeras i helgen - Svenska Budo &amp; Kampsportsf\u00f6rbundet\",\"isPartOf\":{\"@id\":\"https:\/\/www.budokampsport.se\/#website\"},\"primaryImageOfPage\":{\"@id\":\"https:\/\/www.budokampsport.se\/2024\/03\/01\/sm-i-wushu-arrangeras-i-helgen\/#primaryimage\"},\"image\":{\"@id\":\"https:\/\/www.budokampsport.se\/2024\/03\/01\/sm-i-wushu-arrangeras-i-helgen\/#primaryimage\"},\"thumbnailUrl\":\"https:\/\/www.budokampsport.se\/wp-content\/uploads\/2016\/05\/wushu-2-copy.png\",\"datePublished\":\"2024-03-01T08:52:32+00:00\",\"author\":{\"@id\":\"https:\/\/www.budokampsport.se\/#\/schema\/person\/5c06d81d14850e2a8ce5493386560145\"},\"description\":\"WUSHU. Imorgon, l\u00f6rdag, arrangeras SM i wushu. Sk\u00e5deplatsen \u00e4r Br\u00e4nnkyrkahallen i Stockholm. Landslagsplatser till EM i Sverige st\u00e5r ocks\u00e5 p\u00e5 spel. - Det finns mycket att se fram emot, s\u00e4ger en av arrang\u00f6rerna samt ordf\u00f6rande f\u00f6r Svenska Kung fu- & Wushuf\u00f6rbundet Peder Finnsi\u00f6 till budokampsport.se (Illustration: Ida Brogren)\",\"breadcrumb\":{\"@id\":\"https:\/\/www.budokampsport.se\/2024\/03\/01\/sm-i-wushu-arrangeras-i-helgen\/#breadcrumb\"},\"inLanguage\":\"sv-SE\",\"potentialAction\":[{\"@type\":\"ReadAction\",\"target\":[\"https:\/\/www.budokampsport.se\/2024\/03\/01\/sm-i-wushu-arrangeras-i-helgen\/\"]}]},{\"@type\":\"ImageObject\",\"inLanguage\":\"sv-SE\",\"@id\":\"https:\/\/www.budokampsport.se\/2024\/03\/01\/sm-i-wushu-arrangeras-i-helgen\/#primaryimage\",\"url\":\"https:\/\/www.budokampsport.se\/wp-content\/uploads\/2016\/05\/wushu-2-copy.png\",\"contentUrl\":\"https:\/\/www.budokampsport.se\/wp-content\/uploads\/2016\/05\/wushu-2-copy.png\",\"width\":850,\"height\":952,\"caption\":\"Illustration: Ida Brogren\"},{\"@type\":\"BreadcrumbList\",\"@id\":\"https:\/\/www.budokampsport.se\/2024\/03\/01\/sm-i-wushu-arrangeras-i-helgen\/#breadcrumb\",\"itemListElement\":[{\"@type\":\"ListItem\",\"position\":1,\"name\":\"Hem\",\"item\":\"https:\/\/www.budokampsport.se\/\"},{\"@type\":\"ListItem\",\"position\":2,\"name\":\"SM i wushu arrangeras i helgen\"}]},{\"@type\":\"WebSite\",\"@id\":\"https:\/\/www.budokampsport.se\/#website\",\"url\":\"https:\/\/www.budokampsport.se\/\",\"name\":\"Svenska Budo &amp; Kampsportsf\u00f6rbundet\",\"description\":\"T\u00e4vling, Tr\u00e4ning, Tradition\",\"potentialAction\":[{\"@type\":\"SearchAction\",\"target\":{\"@type\":\"EntryPoint\",\"urlTemplate\":\"https:\/\/www.budokampsport.se\/?s={search_term_string}\"},\"query-input\":{\"@type\":\"PropertyValueSpecification\",\"valueRequired\":true,\"valueName\":\"search_term_string\"}}],\"inLanguage\":\"sv-SE\"},{\"@type\":\"Person\",\"@id\":\"https:\/\/www.budokampsport.se\/#\/schema\/person\/5c06d81d14850e2a8ce5493386560145\",\"name\":\"Jonathan Broberg\",\"image\":{\"@type\":\"ImageObject\",\"inLanguage\":\"sv-SE\",\"@id\":\"https:\/\/www.budokampsport.se\/#\/schema\/person\/image\/\",\"url\":\"https:\/\/secure.gravatar.com\/avatar\/a58041c6cea9128bd9c40ee2f26d4136?s=96&d=blank&r=g\",\"contentUrl\":\"https:\/\/secure.gravatar.com\/avatar\/a58041c6cea9128bd9c40ee2f26d4136?s=96&d=blank&r=g\",\"caption\":\"Jonathan Broberg\"},\"sameAs\":[\"https:\/\/www.facebook.com\/jonathan.broberg.7\"],\"url\":\"https:\/\/www.budokampsport.se\/author\/jonathan\/\"}]}<\/script>\n<!-- \/ Yoast SEO plugin. -->","yoast_head_json":{"title":"SM i wushu arrangeras i helgen - Svenska Budo &amp; Kampsportsf\u00f6rbundet","description":"WUSHU. Imorgon, l\u00f6rdag, arrangeras SM i wushu. Sk\u00e5deplatsen \u00e4r Br\u00e4nnkyrkahallen i Stockholm. Landslagsplatser till EM i Sverige st\u00e5r ocks\u00e5 p\u00e5 spel. - Det finns mycket att se fram emot, s\u00e4ger en av arrang\u00f6rerna samt ordf\u00f6rande f\u00f6r Svenska Kung fu- & Wushuf\u00f6rbundet Peder Finnsi\u00f6 till budokampsport.se (Illustration: Ida Brogren)","robots":{"index":"index","follow":"follow","max-snippet":"max-snippet:-1","max-image-preview":"max-image-preview:large","max-video-preview":"max-video-preview:-1"},"canonical":"https:\/\/www.budokampsport.se\/2024\/03\/01\/sm-i-wushu-arrangeras-i-helgen\/","og_locale":"sv_SE","og_type":"article","og_title":"SM i wushu arrangeras i helgen - Svenska Budo &amp; Kampsportsf\u00f6rbundet","og_description":"WUSHU. Imorgon, l\u00f6rdag, arrangeras SM i wushu. Sk\u00e5deplatsen \u00e4r Br\u00e4nnkyrkahallen i Stockholm. Landslagsplatser till EM i Sverige st\u00e5r ocks\u00e5 p\u00e5 spel. - Det finns mycket att se fram emot, s\u00e4ger en av arrang\u00f6rerna samt ordf\u00f6rande f\u00f6r Svenska Kung fu- & Wushuf\u00f6rbundet Peder Finnsi\u00f6 till budokampsport.se (Illustration: Ida Brogren)","og_url":"https:\/\/www.budokampsport.se\/2024\/03\/01\/sm-i-wushu-arrangeras-i-helgen\/","og_site_name":"Svenska Budo &amp; Kampsportsf\u00f6rbundet","article_author":"https:\/\/www.facebook.com\/jonathan.broberg.7","article_published_time":"2024-03-01T08:52:32+00:00","og_image":[{"width":850,"height":952,"url":"https:\/\/www.budokampsport.se\/wp-content\/uploads\/2016\/05\/wushu-2-copy.png","type":"image\/png"}],"author":"Jonathan Broberg","twitter_card":"summary_large_image","twitter_misc":{"Skriven av":"Jonathan Broberg","Ber\u00e4knad l\u00e4stid":"2 minuter"},"schema":{"@context":"https:\/\/schema.org","@graph":[{"@type":"Article","@id":"https:\/\/www.budokampsport.se\/2024\/03\/01\/sm-i-wushu-arrangeras-i-helgen\/#article","isPartOf":{"@id":"https:\/\/www.budokampsport.se\/2024\/03\/01\/sm-i-wushu-arrangeras-i-helgen\/"},"author":{"name":"Jonathan Broberg","@id":"https:\/\/www.budokampsport.se\/#\/schema\/person\/5c06d81d14850e2a8ce5493386560145"},"headline":"SM i wushu arrangeras i helgen","datePublished":"2024-03-01T08:52:32+00:00","mainEntityOfPage":{"@id":"https:\/\/www.budokampsport.se\/2024\/03\/01\/sm-i-wushu-arrangeras-i-helgen\/"},"wordCount":148,"image":{"@id":"https:\/\/www.budokampsport.se\/2024\/03\/01\/sm-i-wushu-arrangeras-i-helgen\/#primaryimage"},"thumbnailUrl":"https:\/\/www.budokampsport.se\/wp-content\/uploads\/2016\/05\/wushu-2-copy.png","inLanguage":"sv-SE"},{"@type":"WebPage","@id":"https:\/\/www.budokampsport.se\/2024\/03\/01\/sm-i-wushu-arrangeras-i-helgen\/","url":"https:\/\/www.budokampsport.se\/2024\/03\/01\/sm-i-wushu-arrangeras-i-helgen\/","name":"SM i wushu arrangeras i helgen - Svenska Budo &amp; Kampsportsf\u00f6rbundet","isPartOf":{"@id":"https:\/\/www.budokampsport.se\/#website"},"primaryImageOfPage":{"@id":"https:\/\/www.budokampsport.se\/2024\/03\/01\/sm-i-wushu-arrangeras-i-helgen\/#primaryimage"},"image":{"@id":"https:\/\/www.budokampsport.se\/2024\/03\/01\/sm-i-wushu-arrangeras-i-helgen\/#primaryimage"},"thumbnailUrl":"https:\/\/www.budokampsport.se\/wp-content\/uploads\/2016\/05\/wushu-2-copy.png","datePublished":"2024-03-01T08:52:32+00:00","author":{"@id":"https:\/\/www.budokampsport.se\/#\/schema\/person\/5c06d81d14850e2a8ce5493386560145"},"description":"WUSHU. Imorgon, l\u00f6rdag, arrangeras SM i wushu. Sk\u00e5deplatsen \u00e4r Br\u00e4nnkyrkahallen i Stockholm. Landslagsplatser till EM i Sverige st\u00e5r ocks\u00e5 p\u00e5 spel. - Det finns mycket att se fram emot, s\u00e4ger en av arrang\u00f6rerna samt ordf\u00f6rande f\u00f6r Svenska Kung fu- & Wushuf\u00f6rbundet Peder Finnsi\u00f6 till budokampsport.se (Illustration: Ida Brogren)","breadcrumb":{"@id":"https:\/\/www.budokampsport.se\/2024\/03\/01\/sm-i-wushu-arrangeras-i-helgen\/#breadcrumb"},"inLanguage":"sv-SE","potentialAction":[{"@type":"ReadAction","target":["https:\/\/www.budokampsport.se\/2024\/03\/01\/sm-i-wushu-arrangeras-i-helgen\/"]}]},{"@type":"ImageObject","inLanguage":"sv-SE","@id":"https:\/\/www.budokampsport.se\/2024\/03\/01\/sm-i-wushu-arrangeras-i-helgen\/#primaryimage","url":"https:\/\/www.budokampsport.se\/wp-content\/uploads\/2016\/05\/wushu-2-copy.png","contentUrl":"https:\/\/www.budokampsport.se\/wp-content\/uploads\/2016\/05\/wushu-2-copy.png","width":850,"height":952,"caption":"Illustration: Ida Brogren"},{"@type":"BreadcrumbList","@id":"https:\/\/www.budokampsport.se\/2024\/03\/01\/sm-i-wushu-arrangeras-i-helgen\/#breadcrumb","itemListElement":[{"@type":"ListItem","position":1,"name":"Hem","item":"https:\/\/www.budokampsport.se\/"},{"@type":"ListItem","position":2,"name":"SM i wushu arrangeras i helgen"}]},{"@type":"WebSite","@id":"https:\/\/www.budokampsport.se\/#website","url":"https:\/\/www.budokampsport.se\/","name":"Svenska Budo &amp; Kampsportsf\u00f6rbundet","description":"T\u00e4vling, Tr\u00e4ning, Tradition","potentialAction":[{"@type":"SearchAction","target":{"@type":"EntryPoint","urlTemplate":"https:\/\/www.budokampsport.se\/?s={search_term_string}"},"query-input":{"@type":"PropertyValueSpecification","valueRequired":true,"valueName":"search_term_string"}}],"inLanguage":"sv-SE"},{"@type":"Person","@id":"https:\/\/www.budokampsport.se\/#\/schema\/person\/5c06d81d14850e2a8ce5493386560145","name":"Jonathan Broberg","image":{"@type":"ImageObject","inLanguage":"sv-SE","@id":"https:\/\/www.budokampsport.se\/#\/schema\/person\/image\/","url":"https:\/\/secure.gravatar.com\/avatar\/a58041c6cea9128bd9c40ee2f26d4136?s=96&d=blank&r=g","contentUrl":"https:\/\/secure.gravatar.com\/avatar\/a58041c6cea9128bd9c40ee2f26d4136?s=96&d=blank&r=g","caption":"Jonathan Broberg"},"sameAs":["https:\/\/www.facebook.com\/jonathan.broberg.7"],"url":"https:\/\/www.budokampsport.se\/author\/jonathan\/"}]}},"_links":{"self":[{"href":"https:\/\/www.budokampsport.se\/api\/wp\/v2\/posts\/166041","targetHints":{"allow":["GET"]}}],"collection":[{"href":"https:\/\/www.budokampsport.se\/api\/wp\/v2\/posts"}],"about":[{"href":"https:\/\/www.budokampsport.se\/api\/wp\/v2\/types\/post"}],"author":[{"embeddable":true,"href":"https:\/\/www.budokampsport.se\/api\/wp\/v2\/users\/7"}],"replies":[{"embeddable":true,"href":"https:\/\/www.budokampsport.se\/api\/wp\/v2\/comments?post=166041"}],"version-history":[{"count":0,"href":"https:\/\/www.budokampsport.se\/api\/wp\/v2\/posts\/166041\/revisions"}],"wp:featuredmedia":[{"embeddable":true,"href":"https:\/\/www.budokampsport.se\/api\/wp\/v2\/media\/151077"}],"wp:attachment":[{"href":"https:\/\/www.budokampsport.se\/api\/wp\/v2\/media?parent=166041"}],"wp:term":[{"taxonomy":"category","embeddable":true,"href":"https:\/\/www.budokampsport.se\/api\/wp\/v2\/categories?post=166041"},{"taxonomy":"post_tag","embeddable":true,"href":"https:\/\/www.budokampsport.se\/api\/wp\/v2\/tags?post=166041"}],"curies":[{"name":"wp","href":"https:\/\/api.w.org\/{rel}","templated":true}]}}