{"id":167166,"date":"2024-04-04T10:13:33","date_gmt":"2024-04-04T08:13:33","guid":{"rendered":"https:\/\/www.budokampsport.se\/?p=167166"},"modified":"2024-06-17T19:42:46","modified_gmt":"2024-06-17T17:42:46","slug":"sbks-underforbund-ser-fram-emot-arets-stammor","status":"publish","type":"post","link":"https:\/\/www.budokampsport.se\/2024\/04\/04\/sbks-underforbund-ser-fram-emot-arets-stammor\/","title":{"rendered":"SB&#038;K:s underf\u00f6rbund ser fram emot \u00e5rets st\u00e4mmor"},"content":{"rendered":"<p>\u00c5rsst\u00e4mman f\u00f6r SB&amp;K n\u00e4rmar sig men det \u00e4r inte bara huvudf\u00f6rbundet som har sitt \u00e5rsm\u00f6te den 20 april utan ocks\u00e5 m\u00e5nga av underf\u00f6rbunden. SB&amp;K har tagit ett snack med n\u00e5gra av de deltagande underf\u00f6rbundens ordf\u00f6rande f\u00f6r att kolla l\u00e4get inf\u00f6r deras st\u00e4mmor. F\u00e5 har f\u00e5tt in motioner men m\u00e5nga hoppas fortfarande p\u00e5 stort deltagande och m\u00e5nga givande dialoger.<\/p>\n<p>Plats och tidpunkt f\u00f6r samtliga UF-\u00e5rsst\u00e4mmor finns samlat p\u00e5 <a href=\"https:\/\/www.budokampsport.se\/forbund\/arsmoten\/\" target=\"_blank\" rel=\"noopener\">\u00e5rsm\u00f6tets egna sida<\/a>.<\/p>\n<p><img loading=\"lazy\" decoding=\"async\" class=\"size-medium wp-image-151070\" src=\"https:\/\/www.budokampsport.se\/wp-content\/uploads\/2016\/04\/aikido-copy-376x266.png\" alt=\"\" width=\"376\" height=\"266\" srcset=\"https:\/\/www.budokampsport.se\/wp-content\/uploads\/2016\/04\/aikido-copy-376x266.png 376w, https:\/\/www.budokampsport.se\/wp-content\/uploads\/2016\/04\/aikido-copy-600x424.png 600w, https:\/\/www.budokampsport.se\/wp-content\/uploads\/2016\/04\/aikido-copy-278x196.png 278w, https:\/\/www.budokampsport.se\/wp-content\/uploads\/2016\/04\/aikido-copy-572x404.png 572w, https:\/\/www.budokampsport.se\/wp-content\/uploads\/2016\/04\/aikido-copy.png 842w\" sizes=\"auto, (max-width: 376px) 100vw, 376px\" \/><\/p>\n<h3>Aikido<br \/>\n<strong style=\"font-size: 16px;\">Magnus Burman, ordf\u00f6rande<\/strong><\/h3>\n<p>Har det kommit n\u00e5gra motioner eller propositioner?<br \/>\n\u2013 Nej, inte just n\u00e4r den h\u00e4r fr\u00e5gan st\u00e4llts.<\/p>\n<p>Vad tror du kommer ske p\u00e5 ert \u00e5rsm\u00f6te?<br \/>\n\u2013 Tror inte att det blir n\u00e5got dramatiskt s\u00e5. Det brukar alltid vara gott om deltagare p\u00e5 v\u00e5ra m\u00f6ten och bra diskussioner. Tv\u00e5 saker som alltid brukar diskuteras lite extra \u00e4r verksamhetsplanen och budgeten. Det blir s\u00e4kert bra dialog om det i \u00e5r igen. Jag ser fram emot \u00e5rsm\u00f6tet.<\/p>\n<p><img loading=\"lazy\" decoding=\"async\" class=\"size-medium wp-image-151080\" src=\"https:\/\/www.budokampsport.se\/wp-content\/uploads\/2016\/05\/BJJ-copy-376x266.png\" alt=\"\" width=\"376\" height=\"266\" srcset=\"https:\/\/www.budokampsport.se\/wp-content\/uploads\/2016\/05\/BJJ-copy-376x266.png 376w, https:\/\/www.budokampsport.se\/wp-content\/uploads\/2016\/05\/BJJ-copy-600x424.png 600w, https:\/\/www.budokampsport.se\/wp-content\/uploads\/2016\/05\/BJJ-copy-278x196.png 278w, https:\/\/www.budokampsport.se\/wp-content\/uploads\/2016\/05\/BJJ-copy-572x404.png 572w, https:\/\/www.budokampsport.se\/wp-content\/uploads\/2016\/05\/BJJ-copy.png 842w\" sizes=\"auto, (max-width: 376px) 100vw, 376px\" \/><\/p>\n<h3>BJJ<br \/>\n<strong style=\"font-size: 16px;\">Margaretha Myhr, ordf\u00f6rande<\/strong><\/h3>\n<p>Vad har du f\u00f6r f\u00f6rhoppningar p\u00e5 ert \u00e5rsm\u00f6te?<br \/>\n\u2013 Jag hoppas att st\u00e4mman ska tycka att \u00e5ret har varit bra och produktivt. Jag vill g\u00e4rna att det kommer fler och engagerar sig p\u00e5 \u00e5rsm\u00f6tet. Vi s\u00e5g att det var en del nya som kom f\u00f6rra \u00e5ret och det var v\u00e4ldigt roligt. Ju fler vi blir desto b\u00e4ttre diskussioner kommer det bli \u2013 och slut\u00e4ndan blir hela demokratiska processen i det mycket b\u00e4ttre ocks\u00e5.<\/p>\n<p>Har det inkommit n\u00e5gra motioner?<br \/>\n\u2013 Nej, inte f\u00f6r tillf\u00e4llet.<\/p>\n<p><img loading=\"lazy\" decoding=\"async\" class=\"size-medium wp-image-151105\" src=\"https:\/\/www.budokampsport.se\/wp-content\/uploads\/2016\/05\/bujinkan_vit-376x257.png\" alt=\"\" width=\"376\" height=\"257\" srcset=\"https:\/\/www.budokampsport.se\/wp-content\/uploads\/2016\/05\/bujinkan_vit-376x257.png 376w, https:\/\/www.budokampsport.se\/wp-content\/uploads\/2016\/05\/bujinkan_vit-600x409.png 600w, https:\/\/www.budokampsport.se\/wp-content\/uploads\/2016\/05\/bujinkan_vit-847x578.png 847w, https:\/\/www.budokampsport.se\/wp-content\/uploads\/2016\/05\/bujinkan_vit-278x190.png 278w, https:\/\/www.budokampsport.se\/wp-content\/uploads\/2016\/05\/bujinkan_vit-572x390.png 572w, https:\/\/www.budokampsport.se\/wp-content\/uploads\/2016\/05\/bujinkan_vit.png 850w\" sizes=\"auto, (max-width: 376px) 100vw, 376px\" \/><\/p>\n<h3>Bujinkan<br \/>\n<strong style=\"font-size: 16px;\">Alexander Lejder, ordf\u00f6rande<\/strong><\/h3>\n<p>Har det inkommit n\u00e5gra motioner?<br \/>\n\u2013 \u00a0Nej, inte \u00e4nnu.<\/p>\n<p>Vad ser du fram emot under er st\u00e4mma?<br \/>\n\u2013 \u00a0Jag hoppas p\u00e5 bra och givande diskussioner. En diskussion som s\u00e4kert kommer \u00e4r om st\u00f6ttningen till f\u00f6reningen i samband med det stora l\u00e4gret. Jag hoppas ocks\u00e5 p\u00e5 ett stort och brett engagemang och att folk passar p\u00e5 att g\u00f6ra sin r\u00f6st h\u00f6rd.<\/p>\n<p><img loading=\"lazy\" decoding=\"async\" class=\"size-medium wp-image-151082\" src=\"https:\/\/www.budokampsport.se\/wp-content\/uploads\/2016\/05\/capoeira-copy-376x266.png\" alt=\"\" width=\"376\" height=\"266\" srcset=\"https:\/\/www.budokampsport.se\/wp-content\/uploads\/2016\/05\/capoeira-copy-376x266.png 376w, https:\/\/www.budokampsport.se\/wp-content\/uploads\/2016\/05\/capoeira-copy-600x424.png 600w, https:\/\/www.budokampsport.se\/wp-content\/uploads\/2016\/05\/capoeira-copy-278x196.png 278w, https:\/\/www.budokampsport.se\/wp-content\/uploads\/2016\/05\/capoeira-copy-572x404.png 572w, https:\/\/www.budokampsport.se\/wp-content\/uploads\/2016\/05\/capoeira-copy.png 842w\" sizes=\"auto, (max-width: 376px) 100vw, 376px\" \/><\/p>\n<h3>Capoeira<\/h3>\n<p><strong>Luiz Carlos Fernandes, ordf\u00f6rande<\/strong><\/p>\n<p>Har det kommit in n\u00e5gra motioner eller propositioner &#8211; i s\u00e5 fall, vad handlar de om<br \/>\n\u2013 Nej, inte \u00e4nnu.<\/p>\n<p>Vad \u00e4r dina f\u00f6rhoppningar och m\u00e5l med \u00e5rets m\u00f6te?<br \/>\n\u2013 Jag skulle vilja att alla f\u00f6reningar kommer till \u00e5rsm\u00f6tet och att det blir fullt runt bordet. Jag hoppas att alla vill vara med och bidra till svensk capoerias utveckling.<\/p>\n<h3>\n<\/h3>\n<p><img loading=\"lazy\" decoding=\"async\" class=\"size-medium wp-image-151089\" src=\"https:\/\/www.budokampsport.se\/wp-content\/uploads\/2016\/05\/jujutsu-copy-376x266.png\" alt=\"\" width=\"376\" height=\"266\" srcset=\"https:\/\/www.budokampsport.se\/wp-content\/uploads\/2016\/05\/jujutsu-copy-376x266.png 376w, https:\/\/www.budokampsport.se\/wp-content\/uploads\/2016\/05\/jujutsu-copy-600x424.png 600w, https:\/\/www.budokampsport.se\/wp-content\/uploads\/2016\/05\/jujutsu-copy-278x196.png 278w, https:\/\/www.budokampsport.se\/wp-content\/uploads\/2016\/05\/jujutsu-copy-572x404.png 572w, https:\/\/www.budokampsport.se\/wp-content\/uploads\/2016\/05\/jujutsu-copy.png 842w\" sizes=\"auto, (max-width: 376px) 100vw, 376px\" \/><\/p>\n<h3>\nJujutsu<br \/>\n<strong style=\"font-size: 16px;\">Jonas Elfving, ordf\u00f6rande<\/strong><\/h3>\n<p>Har det kommit n\u00e5gra motioner eller propositioner?<br \/>\n\u2013 Nej, inte \u00e4nnu i alla fall.<\/p>\n<p>Vad tror du ert \u00e5rsm\u00f6te kommer inneh\u00e5lla?<br \/>\n\u2013 \u00a0Jag tror att det kommer bli en del efterskalv fr\u00e5n fjol\u00e5rets \u00e5rsm\u00f6te. Jag hoppas att m\u00e5nga dyker upp och att det bli bra och sakliga diskussioner. En del tyngre punkter l\u00e4r komma upp, s\u00e5som ekonomin och att f\u00f6rra styrelsen inte beviljades ansvarsfrihet. Men jag hoppas ocks\u00e5 att m\u00f6tet kommer andas framtidstro och att vi kanske kan l\u00e4gga gammalt groll mellan t\u00e4vling och traditionell jujutsu \u00e5t sidan. Vi \u00e4r mer lika \u00e4n olika och alla beh\u00f6vs f\u00f6r att f\u00f6ra fram svensk jujutsu gemensamt.<\/p>\n<p><img loading=\"lazy\" decoding=\"async\" class=\"size-medium wp-image-151085\" src=\"https:\/\/www.budokampsport.se\/wp-content\/uploads\/2016\/05\/glima-copy-376x266.png\" alt=\"\" width=\"376\" height=\"266\" srcset=\"https:\/\/www.budokampsport.se\/wp-content\/uploads\/2016\/05\/glima-copy-376x266.png 376w, https:\/\/www.budokampsport.se\/wp-content\/uploads\/2016\/05\/glima-copy-600x424.png 600w, https:\/\/www.budokampsport.se\/wp-content\/uploads\/2016\/05\/glima-copy-278x196.png 278w, https:\/\/www.budokampsport.se\/wp-content\/uploads\/2016\/05\/glima-copy-572x404.png 572w, https:\/\/www.budokampsport.se\/wp-content\/uploads\/2016\/05\/glima-copy.png 842w\" sizes=\"auto, (max-width: 376px) 100vw, 376px\" \/><\/p>\n<h3>Kampidrott<br \/>\n<strong style=\"font-size: 16px;\">Martin J\u00f6nsson, ordf\u00f6rande<\/strong><\/h3>\n<p>Har det kommit in n\u00e5gra motioner eller propositioner &#8211; i s\u00e5 fall, vad handlar de om<br \/>\n\u2013 Nej, inte \u00e4nnu.<\/p>\n<p>Vad tror du kommer h\u00e4nda under ert f\u00f6rbunds \u00e5rsm\u00f6te?<br \/>\n\u2013 \u00a0Jag kom in i f\u00f6rbundet 2017 och det har sedan dess i alla fall inte varit m\u00e5nga schismer, utan det har varit bra och konstruktiva diskussioner. Det hoppas jag p\u00e5 nu ocks\u00e5. Kempon l\u00e4mnar f\u00f6rbundet och med det blir ett par styrelseplatser lediga, s\u00e5 det l\u00e4r ju tas upp.<\/p>\n<p><img loading=\"lazy\" decoding=\"async\" class=\"size-medium wp-image-151091\" src=\"https:\/\/www.budokampsport.se\/wp-content\/uploads\/2016\/05\/kendo-copy-376x266.png\" alt=\"\" width=\"376\" height=\"266\" srcset=\"https:\/\/www.budokampsport.se\/wp-content\/uploads\/2016\/05\/kendo-copy-376x266.png 376w, https:\/\/www.budokampsport.se\/wp-content\/uploads\/2016\/05\/kendo-copy-600x424.png 600w, https:\/\/www.budokampsport.se\/wp-content\/uploads\/2016\/05\/kendo-copy-278x196.png 278w, https:\/\/www.budokampsport.se\/wp-content\/uploads\/2016\/05\/kendo-copy-572x404.png 572w, https:\/\/www.budokampsport.se\/wp-content\/uploads\/2016\/05\/kendo-copy.png 842w\" sizes=\"auto, (max-width: 376px) 100vw, 376px\" \/><\/p>\n<h3>Kendo<\/h3>\n<p>\n<strong>Jimmy Thorsell, ordf\u00f6rande<\/strong><\/p>\n<p>Har det kommit in n\u00e5gra motioner eller propositioner &#8211; i s\u00e5 fall, vad handlar de om?<br \/>\n\u2013 \u00a0Nej, inget \u00e4nnu.<\/p>\n<p>Hur tror du diskussionerna kommer g\u00e5 under ert \u00e5rsm\u00f6te? \u00c4r det n\u00e5got specifikt som du tror kommer dyka upp?<br \/>\n\u2013 \u00a0Vi har haft v\u00e5r code of conduct ute p\u00e5 remiss hos f\u00f6reningarna och jag hoppas att vi kunna presentera en f\u00e4rdig form att r\u00f6sta om p\u00e5 \u00e5rsm\u00f6tet. Det blir s\u00e4kert en del ekonomisamtal och jag ser fram emot de allm\u00e4nna diskussionerna och hoppas att m\u00e5nga kommer.<\/p>\n<h3>\n<\/h3>\n<p><img loading=\"lazy\" decoding=\"async\" class=\"size-medium wp-image-151094\" src=\"https:\/\/www.budokampsport.se\/wp-content\/uploads\/2016\/05\/Kyokushin_Karate-copy-376x266.png\" alt=\"\" width=\"376\" height=\"266\" srcset=\"https:\/\/www.budokampsport.se\/wp-content\/uploads\/2016\/05\/Kyokushin_Karate-copy-376x266.png 376w, https:\/\/www.budokampsport.se\/wp-content\/uploads\/2016\/05\/Kyokushin_Karate-copy-600x424.png 600w, https:\/\/www.budokampsport.se\/wp-content\/uploads\/2016\/05\/Kyokushin_Karate-copy-278x196.png 278w, https:\/\/www.budokampsport.se\/wp-content\/uploads\/2016\/05\/Kyokushin_Karate-copy-572x404.png 572w, https:\/\/www.budokampsport.se\/wp-content\/uploads\/2016\/05\/Kyokushin_Karate-copy.png 842w\" sizes=\"auto, (max-width: 376px) 100vw, 376px\" \/><\/p>\n<h3>Kyokushin<\/h3>\n<p>\n<strong>Jens Karlsson, ordf\u00f6rande<\/strong><\/p>\n<p>Har det kommit in n\u00e5gra motioner eller propositioner &#8211; i s\u00e5 fall, vad handlar de om?<br \/>\n\u2013 \u00a0Nej, det har inte inkommit n\u00e5gon motion \u00e4nnu.<\/p>\n<p>Hur tror du att ert \u00e5rsm\u00f6te kommer se ut?<br \/>\n\u2013 \u00a0Vi tror att det kommer att bli ett ganska lugnt m\u00f6te. F\u00f6rhoppningsvis tycker st\u00e4mman att vi har sk\u00f6tt oss bra. F\u00e5r vi \u00f6nska hade vi g\u00e4rna f\u00e5tt bli en fulltalig styrelse och att fler f\u00f6reningar kommer och bes\u00f6ker \u00e5rsm\u00f6tet.<\/p>\n<h3>\n<\/h3>\n<p><img loading=\"lazy\" decoding=\"async\" class=\"size-medium wp-image-151096\" src=\"https:\/\/www.budokampsport.se\/wp-content\/uploads\/2016\/05\/mma-copy-376x266.png\" alt=\"\" width=\"376\" height=\"266\" srcset=\"https:\/\/www.budokampsport.se\/wp-content\/uploads\/2016\/05\/mma-copy-376x266.png 376w, https:\/\/www.budokampsport.se\/wp-content\/uploads\/2016\/05\/mma-copy-600x424.png 600w, https:\/\/www.budokampsport.se\/wp-content\/uploads\/2016\/05\/mma-copy-278x196.png 278w, https:\/\/www.budokampsport.se\/wp-content\/uploads\/2016\/05\/mma-copy-572x404.png 572w, https:\/\/www.budokampsport.se\/wp-content\/uploads\/2016\/05\/mma-copy.png 842w\" sizes=\"auto, (max-width: 376px) 100vw, 376px\" \/><\/p>\n<h3>MMA<br \/>\n<strong style=\"font-size: 16px;\">Madelein Fagerlind, vice ordf\u00f6rande<\/strong><\/h3>\n<p>Har det kommit in n\u00e5gra motioner eller propositioner &#8211; i s\u00e5 fall, vad handlar de om<br \/>\n\u2013 \u00a0Nej, inte \u00e4nnu.<\/p>\n<p>Hur tror du er \u00e5rsst\u00e4mma kommer se ut?<br \/>\n\u2013 \u00a0Jag tror faktiskt inte att det kommer h\u00e4nda s\u00e5 v\u00e4rst mycket. Utan jag hoppas att styrelsen f\u00e5r fortsatt f\u00f6rtroende och kan bygga vidare p\u00e5 det vi \u00e5stadkommit under 2023.<\/p>\n<p><img loading=\"lazy\" decoding=\"async\" class=\"size-medium wp-image-151099\" src=\"https:\/\/www.budokampsport.se\/wp-content\/uploads\/2016\/05\/Shorinji-Kempo-copy-376x266.png\" alt=\"\" width=\"376\" height=\"266\" srcset=\"https:\/\/www.budokampsport.se\/wp-content\/uploads\/2016\/05\/Shorinji-Kempo-copy-376x266.png 376w, https:\/\/www.budokampsport.se\/wp-content\/uploads\/2016\/05\/Shorinji-Kempo-copy-600x424.png 600w, https:\/\/www.budokampsport.se\/wp-content\/uploads\/2016\/05\/Shorinji-Kempo-copy-278x196.png 278w, https:\/\/www.budokampsport.se\/wp-content\/uploads\/2016\/05\/Shorinji-Kempo-copy-572x404.png 572w, https:\/\/www.budokampsport.se\/wp-content\/uploads\/2016\/05\/Shorinji-Kempo-copy.png 842w\" sizes=\"auto, (max-width: 376px) 100vw, 376px\" \/><\/p>\n<h3>Shorinji kempo<br \/>\n<strong style=\"font-size: 16px;\">Leif Kekonius, ordf\u00f6rande<\/strong><\/h3>\n<p>Har det kommit in n\u00e5gra motioner eller propositioner &#8211; i s\u00e5 fall, vad handlar de om?<br \/>\n\u2013 \u00a0Det har inte kommit n\u00e5gon ny, men vi jobbar lite fortfarande med en gammal. Och det handlar om stadge\u00e4ndring.<\/p>\n<p>Vad tror du ert \u00e5rsm\u00f6te kommer kretsa kring?<br \/>\n\u2013 \u00a0Jag tror inte att det kommer h\u00e4nda speciellt stora saker. Vi vill g\u00e4rna f\u00e5 fler som engagerar sig och en s\u00e5dan sak skulle kunna vara att inf\u00f6ra lite fler kommitt\u00e9er. Man kanske inte vill sitta i en styrelse och d\u00e5 skulle det kunna vara en l\u00e4ttare v\u00e4g att hj\u00e4lpa till genom att vara med i en kommitt\u00e9 med sin spetskvalit\u00e9.<\/p>\n<p><img loading=\"lazy\" decoding=\"async\" class=\"size-medium wp-image-151097\" src=\"https:\/\/www.budokampsport.se\/wp-content\/uploads\/2016\/05\/MUAYTHAI-copy-376x266.png\" alt=\"\" width=\"376\" height=\"266\" srcset=\"https:\/\/www.budokampsport.se\/wp-content\/uploads\/2016\/05\/MUAYTHAI-copy-376x266.png 376w, https:\/\/www.budokampsport.se\/wp-content\/uploads\/2016\/05\/MUAYTHAI-copy-600x424.png 600w, https:\/\/www.budokampsport.se\/wp-content\/uploads\/2016\/05\/MUAYTHAI-copy-278x196.png 278w, https:\/\/www.budokampsport.se\/wp-content\/uploads\/2016\/05\/MUAYTHAI-copy-572x404.png 572w, https:\/\/www.budokampsport.se\/wp-content\/uploads\/2016\/05\/MUAYTHAI-copy.png 842w\" sizes=\"auto, (max-width: 376px) 100vw, 376px\" \/><\/p>\n<h3>Thaiboxning<br \/>\n<strong style=\"font-size: 16px;\">Nicole Kaiser, ordf\u00f6rande<\/strong><\/h3>\n<p>Har det kommit n\u00e5gra motioner? <br \/>\n\u2013 \u00a0Ja, en motion.<\/p>\n<p>Vilka diskussioner tror du kan t\u00e4nkas komma under er \u00e5rsst\u00e4mma? <br \/>\n\u2013 \u00a0Det \u00e4r sv\u00e5rt att s\u00e4ga. Jag tror nog att den st\u00f6rsta diskussionen kan komma att handla om huruvida vi ska l\u00e4gga pengarna p\u00e5 elit eller barn&amp;ungdom. Det r\u00e5der generellt en diskussion om huruvida det \u00e4r eliten eller bredden som \u00e4r viktigast, och jag ser det nog som en fr\u00e5ga om vad som \u00e4r h\u00f6nan och \u00e4gget \u2013 b\u00e5da \u00e4r lika viktiga. Nu n\u00e4r vi inte l\u00e4ngre har m\u00f6jligheten till \u00e5terstartsst\u00f6d s\u00e5 har vi mindre pengar att r\u00f6ra oss med.<\/p>\n<p><img loading=\"lazy\" decoding=\"async\" class=\" wp-image-151077\" src=\"https:\/\/www.budokampsport.se\/wp-content\/uploads\/2016\/05\/wushu-2-copy-336x376.png\" alt=\"\" width=\"273\" height=\"306\" srcset=\"https:\/\/www.budokampsport.se\/wp-content\/uploads\/2016\/05\/wushu-2-copy-336x376.png 336w, https:\/\/www.budokampsport.se\/wp-content\/uploads\/2016\/05\/wushu-2-copy-600x672.png 600w, https:\/\/www.budokampsport.se\/wp-content\/uploads\/2016\/05\/wushu-2-copy-756x847.png 756w, https:\/\/www.budokampsport.se\/wp-content\/uploads\/2016\/05\/wushu-2-copy-248x278.png 248w, https:\/\/www.budokampsport.se\/wp-content\/uploads\/2016\/05\/wushu-2-copy-511x572.png 511w, https:\/\/www.budokampsport.se\/wp-content\/uploads\/2016\/05\/wushu-2-copy.png 850w\" sizes=\"auto, (max-width: 273px) 100vw, 273px\" \/><\/p>\n<h3>Wushu<\/h3>\n<p>\n<strong>Peder Finnsi\u00f6, ordf\u00f6rande<\/strong><\/p>\n<p>Har det kommit in n\u00e5gra motioner eller propositioner &#8211; i s\u00e5 fall, vad handlar de om?<br \/>\n\u2013 \u00a0Nej, men vi har ocks\u00e5 en lite l\u00e4ngre dealine s\u00e5 det finns fortfarande m\u00f6jlighet att skicka in n\u00e4r det h\u00e4r skrivs.<\/p>\n<p>Vad tror du kommer att ske under \u00e5rsm\u00f6tet?<br \/>\n\u2013 \u00a0Det k\u00e4nns som att det inte kommer att bli n\u00e5gra st\u00f6rre f\u00f6r\u00e4ndringar. Vi har en bra styrelse och jag upplever det som att vi har en positiv anda inom svensk wushu \u00f6verlag. Jag hoppas att m\u00e5nga dyker upp.<\/p>\n<h3>\n<\/h3>\n<p>&nbsp;<\/p>\n<p>Text: Annie Carriage\/Jonathan Broberg<br \/>\nIllustration: Ida Brogren<\/p>\n","protected":false},"excerpt":{"rendered":"<p>\u00c5RSM\u00d6TET 2024. M\u00e5nga av underf\u00f6rbunden har valt att arrangera sin st\u00e4mmor i samband med SB&#038;K:s \u00e5rsm\u00f6te den 20 april. SB&#038;K pratar med UF-representanter kring f\u00f6rhoppningarna p\u00e5 v\u00e5rens sammankomster.<br \/><br>(Foto: Sven Lindwall\/Bildbyr\u00e5n)<\/p><br>","protected":false},"author":120,"featured_media":151645,"comment_status":"closed","ping_status":"closed","sticky":false,"template":"","format":"standard","meta":{"_acf_changed":false,"footnotes":""},"categories":[410],"tags":[],"class_list":["post-167166","post","type-post","status-publish","format-standard","has-post-thumbnail","hentry","category-arsmote"],"acf":[],"yoast_head":"<!-- This site is optimized with the Yoast SEO plugin v26.8 - https:\/\/yoast.com\/product\/yoast-seo-wordpress\/ -->\n<title>SB&amp;K:s underf\u00f6rbund ser fram emot \u00e5rets st\u00e4mmor - Svenska Budo &amp; Kampsportsf\u00f6rbundet<\/title>\n<meta name=\"description\" content=\"\u00c5RSM\u00d6TET 2024. M\u00e5nga av underf\u00f6rbunden har valt att arrangera sin st\u00e4mmor i samband med SB&amp;K:s \u00e5rsm\u00f6te den 20 april. SB&amp;K pratar med UF-representanter kring f\u00f6rhoppningarna p\u00e5 v\u00e5rens sammankomster. (Foto: Sven Lindwall\/Bildbyr\u00e5n)\" \/>\n<meta name=\"robots\" content=\"index, follow, max-snippet:-1, max-image-preview:large, max-video-preview:-1\" \/>\n<link rel=\"canonical\" href=\"https:\/\/www.budokampsport.se\/2024\/04\/04\/sbks-underforbund-ser-fram-emot-arets-stammor\/\" \/>\n<meta property=\"og:locale\" content=\"sv_SE\" \/>\n<meta property=\"og:type\" content=\"article\" \/>\n<meta property=\"og:title\" content=\"SB&amp;K:s underf\u00f6rbund ser fram emot \u00e5rets st\u00e4mmor - Svenska Budo &amp; Kampsportsf\u00f6rbundet\" \/>\n<meta property=\"og:description\" content=\"\u00c5RSM\u00d6TET 2024. M\u00e5nga av underf\u00f6rbunden har valt att arrangera sin st\u00e4mmor i samband med SB&amp;K:s \u00e5rsm\u00f6te den 20 april. SB&amp;K pratar med UF-representanter kring f\u00f6rhoppningarna p\u00e5 v\u00e5rens sammankomster. (Foto: Sven Lindwall\/Bildbyr\u00e5n)\" \/>\n<meta property=\"og:url\" content=\"https:\/\/www.budokampsport.se\/2024\/04\/04\/sbks-underforbund-ser-fram-emot-arets-stammor\/\" \/>\n<meta property=\"og:site_name\" content=\"Svenska Budo &amp; Kampsportsf\u00f6rbundet\" \/>\n<meta property=\"article:published_time\" content=\"2024-04-04T08:13:33+00:00\" \/>\n<meta property=\"article:modified_time\" content=\"2024-06-17T17:42:46+00:00\" \/>\n<meta property=\"og:image\" content=\"https:\/\/www.budokampsport.se\/wp-content\/uploads\/2023\/03\/glada.jpg\" \/>\n\t<meta property=\"og:image:width\" content=\"850\" \/>\n\t<meta property=\"og:image:height\" content=\"591\" \/>\n\t<meta property=\"og:image:type\" content=\"image\/jpeg\" \/>\n<meta name=\"author\" content=\"Annie Carriage\" \/>\n<meta name=\"twitter:card\" content=\"summary_large_image\" \/>\n<meta name=\"twitter:label1\" content=\"Skriven av\" \/>\n\t<meta name=\"twitter:data1\" content=\"Annie Carriage\" \/>\n\t<meta name=\"twitter:label2\" content=\"Ber\u00e4knad l\u00e4stid\" \/>\n\t<meta name=\"twitter:data2\" content=\"8 minuter\" \/>\n<script type=\"application\/ld+json\" class=\"yoast-schema-graph\">{\"@context\":\"https:\/\/schema.org\",\"@graph\":[{\"@type\":\"Article\",\"@id\":\"https:\/\/www.budokampsport.se\/2024\/04\/04\/sbks-underforbund-ser-fram-emot-arets-stammor\/#article\",\"isPartOf\":{\"@id\":\"https:\/\/www.budokampsport.se\/2024\/04\/04\/sbks-underforbund-ser-fram-emot-arets-stammor\/\"},\"author\":{\"name\":\"Annie Carriage\",\"@id\":\"https:\/\/www.budokampsport.se\/#\/schema\/person\/c838cace8171f692e363fde3f38f208b\"},\"headline\":\"SB&#038;K:s underf\u00f6rbund ser fram emot \u00e5rets st\u00e4mmor\",\"datePublished\":\"2024-04-04T08:13:33+00:00\",\"dateModified\":\"2024-06-17T17:42:46+00:00\",\"mainEntityOfPage\":{\"@id\":\"https:\/\/www.budokampsport.se\/2024\/04\/04\/sbks-underforbund-ser-fram-emot-arets-stammor\/\"},\"wordCount\":1253,\"image\":{\"@id\":\"https:\/\/www.budokampsport.se\/2024\/04\/04\/sbks-underforbund-ser-fram-emot-arets-stammor\/#primaryimage\"},\"thumbnailUrl\":\"https:\/\/www.budokampsport.se\/wp-content\/uploads\/2023\/03\/glada.jpg\",\"articleSection\":[\"\u00c5rsm\u00f6te\"],\"inLanguage\":\"sv-SE\"},{\"@type\":\"WebPage\",\"@id\":\"https:\/\/www.budokampsport.se\/2024\/04\/04\/sbks-underforbund-ser-fram-emot-arets-stammor\/\",\"url\":\"https:\/\/www.budokampsport.se\/2024\/04\/04\/sbks-underforbund-ser-fram-emot-arets-stammor\/\",\"name\":\"SB&K:s underf\u00f6rbund ser fram emot \u00e5rets st\u00e4mmor - Svenska Budo &amp; Kampsportsf\u00f6rbundet\",\"isPartOf\":{\"@id\":\"https:\/\/www.budokampsport.se\/#website\"},\"primaryImageOfPage\":{\"@id\":\"https:\/\/www.budokampsport.se\/2024\/04\/04\/sbks-underforbund-ser-fram-emot-arets-stammor\/#primaryimage\"},\"image\":{\"@id\":\"https:\/\/www.budokampsport.se\/2024\/04\/04\/sbks-underforbund-ser-fram-emot-arets-stammor\/#primaryimage\"},\"thumbnailUrl\":\"https:\/\/www.budokampsport.se\/wp-content\/uploads\/2023\/03\/glada.jpg\",\"datePublished\":\"2024-04-04T08:13:33+00:00\",\"dateModified\":\"2024-06-17T17:42:46+00:00\",\"author\":{\"@id\":\"https:\/\/www.budokampsport.se\/#\/schema\/person\/c838cace8171f692e363fde3f38f208b\"},\"description\":\"\u00c5RSM\u00d6TET 2024. M\u00e5nga av underf\u00f6rbunden har valt att arrangera sin st\u00e4mmor i samband med SB&K:s \u00e5rsm\u00f6te den 20 april. SB&K pratar med UF-representanter kring f\u00f6rhoppningarna p\u00e5 v\u00e5rens sammankomster. (Foto: Sven Lindwall\/Bildbyr\u00e5n)\",\"breadcrumb\":{\"@id\":\"https:\/\/www.budokampsport.se\/2024\/04\/04\/sbks-underforbund-ser-fram-emot-arets-stammor\/#breadcrumb\"},\"inLanguage\":\"sv-SE\",\"potentialAction\":[{\"@type\":\"ReadAction\",\"target\":[\"https:\/\/www.budokampsport.se\/2024\/04\/04\/sbks-underforbund-ser-fram-emot-arets-stammor\/\"]}]},{\"@type\":\"ImageObject\",\"inLanguage\":\"sv-SE\",\"@id\":\"https:\/\/www.budokampsport.se\/2024\/04\/04\/sbks-underforbund-ser-fram-emot-arets-stammor\/#primaryimage\",\"url\":\"https:\/\/www.budokampsport.se\/wp-content\/uploads\/2023\/03\/glada.jpg\",\"contentUrl\":\"https:\/\/www.budokampsport.se\/wp-content\/uploads\/2023\/03\/glada.jpg\",\"width\":850,\"height\":591,\"caption\":\"Foto: Sven Lindwall\/Bildbyr\u00e5n\"},{\"@type\":\"BreadcrumbList\",\"@id\":\"https:\/\/www.budokampsport.se\/2024\/04\/04\/sbks-underforbund-ser-fram-emot-arets-stammor\/#breadcrumb\",\"itemListElement\":[{\"@type\":\"ListItem\",\"position\":1,\"name\":\"Hem\",\"item\":\"https:\/\/www.budokampsport.se\/\"},{\"@type\":\"ListItem\",\"position\":2,\"name\":\"SB&#038;K:s underf\u00f6rbund ser fram emot \u00e5rets st\u00e4mmor\"}]},{\"@type\":\"WebSite\",\"@id\":\"https:\/\/www.budokampsport.se\/#website\",\"url\":\"https:\/\/www.budokampsport.se\/\",\"name\":\"Svenska Budo &amp; Kampsportsf\u00f6rbundet\",\"description\":\"T\u00e4vling, Tr\u00e4ning, Tradition\",\"potentialAction\":[{\"@type\":\"SearchAction\",\"target\":{\"@type\":\"EntryPoint\",\"urlTemplate\":\"https:\/\/www.budokampsport.se\/?s={search_term_string}\"},\"query-input\":{\"@type\":\"PropertyValueSpecification\",\"valueRequired\":true,\"valueName\":\"search_term_string\"}}],\"inLanguage\":\"sv-SE\"},{\"@type\":\"Person\",\"@id\":\"https:\/\/www.budokampsport.se\/#\/schema\/person\/c838cace8171f692e363fde3f38f208b\",\"name\":\"Annie Carriage\",\"image\":{\"@type\":\"ImageObject\",\"inLanguage\":\"sv-SE\",\"@id\":\"https:\/\/www.budokampsport.se\/#\/schema\/person\/image\/\",\"url\":\"https:\/\/secure.gravatar.com\/avatar\/9311295560bdfbdf78365a26f7df1876?s=96&d=blank&r=g\",\"contentUrl\":\"https:\/\/secure.gravatar.com\/avatar\/9311295560bdfbdf78365a26f7df1876?s=96&d=blank&r=g\",\"caption\":\"Annie Carriage\"},\"url\":\"https:\/\/www.budokampsport.se\/author\/annie-bondefelt\/\"}]}<\/script>\n<!-- \/ Yoast SEO plugin. -->","yoast_head_json":{"title":"SB&K:s underf\u00f6rbund ser fram emot \u00e5rets st\u00e4mmor - Svenska Budo &amp; Kampsportsf\u00f6rbundet","description":"\u00c5RSM\u00d6TET 2024. M\u00e5nga av underf\u00f6rbunden har valt att arrangera sin st\u00e4mmor i samband med SB&K:s \u00e5rsm\u00f6te den 20 april. SB&K pratar med UF-representanter kring f\u00f6rhoppningarna p\u00e5 v\u00e5rens sammankomster. (Foto: Sven Lindwall\/Bildbyr\u00e5n)","robots":{"index":"index","follow":"follow","max-snippet":"max-snippet:-1","max-image-preview":"max-image-preview:large","max-video-preview":"max-video-preview:-1"},"canonical":"https:\/\/www.budokampsport.se\/2024\/04\/04\/sbks-underforbund-ser-fram-emot-arets-stammor\/","og_locale":"sv_SE","og_type":"article","og_title":"SB&K:s underf\u00f6rbund ser fram emot \u00e5rets st\u00e4mmor - Svenska Budo &amp; Kampsportsf\u00f6rbundet","og_description":"\u00c5RSM\u00d6TET 2024. M\u00e5nga av underf\u00f6rbunden har valt att arrangera sin st\u00e4mmor i samband med SB&K:s \u00e5rsm\u00f6te den 20 april. SB&K pratar med UF-representanter kring f\u00f6rhoppningarna p\u00e5 v\u00e5rens sammankomster. (Foto: Sven Lindwall\/Bildbyr\u00e5n)","og_url":"https:\/\/www.budokampsport.se\/2024\/04\/04\/sbks-underforbund-ser-fram-emot-arets-stammor\/","og_site_name":"Svenska Budo &amp; Kampsportsf\u00f6rbundet","article_published_time":"2024-04-04T08:13:33+00:00","article_modified_time":"2024-06-17T17:42:46+00:00","og_image":[{"width":850,"height":591,"url":"https:\/\/www.budokampsport.se\/wp-content\/uploads\/2023\/03\/glada.jpg","type":"image\/jpeg"}],"author":"Annie Carriage","twitter_card":"summary_large_image","twitter_misc":{"Skriven av":"Annie Carriage","Ber\u00e4knad l\u00e4stid":"8 minuter"},"schema":{"@context":"https:\/\/schema.org","@graph":[{"@type":"Article","@id":"https:\/\/www.budokampsport.se\/2024\/04\/04\/sbks-underforbund-ser-fram-emot-arets-stammor\/#article","isPartOf":{"@id":"https:\/\/www.budokampsport.se\/2024\/04\/04\/sbks-underforbund-ser-fram-emot-arets-stammor\/"},"author":{"name":"Annie Carriage","@id":"https:\/\/www.budokampsport.se\/#\/schema\/person\/c838cace8171f692e363fde3f38f208b"},"headline":"SB&#038;K:s underf\u00f6rbund ser fram emot \u00e5rets st\u00e4mmor","datePublished":"2024-04-04T08:13:33+00:00","dateModified":"2024-06-17T17:42:46+00:00","mainEntityOfPage":{"@id":"https:\/\/www.budokampsport.se\/2024\/04\/04\/sbks-underforbund-ser-fram-emot-arets-stammor\/"},"wordCount":1253,"image":{"@id":"https:\/\/www.budokampsport.se\/2024\/04\/04\/sbks-underforbund-ser-fram-emot-arets-stammor\/#primaryimage"},"thumbnailUrl":"https:\/\/www.budokampsport.se\/wp-content\/uploads\/2023\/03\/glada.jpg","articleSection":["\u00c5rsm\u00f6te"],"inLanguage":"sv-SE"},{"@type":"WebPage","@id":"https:\/\/www.budokampsport.se\/2024\/04\/04\/sbks-underforbund-ser-fram-emot-arets-stammor\/","url":"https:\/\/www.budokampsport.se\/2024\/04\/04\/sbks-underforbund-ser-fram-emot-arets-stammor\/","name":"SB&K:s underf\u00f6rbund ser fram emot \u00e5rets st\u00e4mmor - Svenska Budo &amp; Kampsportsf\u00f6rbundet","isPartOf":{"@id":"https:\/\/www.budokampsport.se\/#website"},"primaryImageOfPage":{"@id":"https:\/\/www.budokampsport.se\/2024\/04\/04\/sbks-underforbund-ser-fram-emot-arets-stammor\/#primaryimage"},"image":{"@id":"https:\/\/www.budokampsport.se\/2024\/04\/04\/sbks-underforbund-ser-fram-emot-arets-stammor\/#primaryimage"},"thumbnailUrl":"https:\/\/www.budokampsport.se\/wp-content\/uploads\/2023\/03\/glada.jpg","datePublished":"2024-04-04T08:13:33+00:00","dateModified":"2024-06-17T17:42:46+00:00","author":{"@id":"https:\/\/www.budokampsport.se\/#\/schema\/person\/c838cace8171f692e363fde3f38f208b"},"description":"\u00c5RSM\u00d6TET 2024. M\u00e5nga av underf\u00f6rbunden har valt att arrangera sin st\u00e4mmor i samband med SB&K:s \u00e5rsm\u00f6te den 20 april. SB&K pratar med UF-representanter kring f\u00f6rhoppningarna p\u00e5 v\u00e5rens sammankomster. (Foto: Sven Lindwall\/Bildbyr\u00e5n)","breadcrumb":{"@id":"https:\/\/www.budokampsport.se\/2024\/04\/04\/sbks-underforbund-ser-fram-emot-arets-stammor\/#breadcrumb"},"inLanguage":"sv-SE","potentialAction":[{"@type":"ReadAction","target":["https:\/\/www.budokampsport.se\/2024\/04\/04\/sbks-underforbund-ser-fram-emot-arets-stammor\/"]}]},{"@type":"ImageObject","inLanguage":"sv-SE","@id":"https:\/\/www.budokampsport.se\/2024\/04\/04\/sbks-underforbund-ser-fram-emot-arets-stammor\/#primaryimage","url":"https:\/\/www.budokampsport.se\/wp-content\/uploads\/2023\/03\/glada.jpg","contentUrl":"https:\/\/www.budokampsport.se\/wp-content\/uploads\/2023\/03\/glada.jpg","width":850,"height":591,"caption":"Foto: Sven Lindwall\/Bildbyr\u00e5n"},{"@type":"BreadcrumbList","@id":"https:\/\/www.budokampsport.se\/2024\/04\/04\/sbks-underforbund-ser-fram-emot-arets-stammor\/#breadcrumb","itemListElement":[{"@type":"ListItem","position":1,"name":"Hem","item":"https:\/\/www.budokampsport.se\/"},{"@type":"ListItem","position":2,"name":"SB&#038;K:s underf\u00f6rbund ser fram emot \u00e5rets st\u00e4mmor"}]},{"@type":"WebSite","@id":"https:\/\/www.budokampsport.se\/#website","url":"https:\/\/www.budokampsport.se\/","name":"Svenska Budo &amp; Kampsportsf\u00f6rbundet","description":"T\u00e4vling, Tr\u00e4ning, Tradition","potentialAction":[{"@type":"SearchAction","target":{"@type":"EntryPoint","urlTemplate":"https:\/\/www.budokampsport.se\/?s={search_term_string}"},"query-input":{"@type":"PropertyValueSpecification","valueRequired":true,"valueName":"search_term_string"}}],"inLanguage":"sv-SE"},{"@type":"Person","@id":"https:\/\/www.budokampsport.se\/#\/schema\/person\/c838cace8171f692e363fde3f38f208b","name":"Annie Carriage","image":{"@type":"ImageObject","inLanguage":"sv-SE","@id":"https:\/\/www.budokampsport.se\/#\/schema\/person\/image\/","url":"https:\/\/secure.gravatar.com\/avatar\/9311295560bdfbdf78365a26f7df1876?s=96&d=blank&r=g","contentUrl":"https:\/\/secure.gravatar.com\/avatar\/9311295560bdfbdf78365a26f7df1876?s=96&d=blank&r=g","caption":"Annie Carriage"},"url":"https:\/\/www.budokampsport.se\/author\/annie-bondefelt\/"}]}},"_links":{"self":[{"href":"https:\/\/www.budokampsport.se\/api\/wp\/v2\/posts\/167166","targetHints":{"allow":["GET"]}}],"collection":[{"href":"https:\/\/www.budokampsport.se\/api\/wp\/v2\/posts"}],"about":[{"href":"https:\/\/www.budokampsport.se\/api\/wp\/v2\/types\/post"}],"author":[{"embeddable":true,"href":"https:\/\/www.budokampsport.se\/api\/wp\/v2\/users\/120"}],"replies":[{"embeddable":true,"href":"https:\/\/www.budokampsport.se\/api\/wp\/v2\/comments?post=167166"}],"version-history":[{"count":0,"href":"https:\/\/www.budokampsport.se\/api\/wp\/v2\/posts\/167166\/revisions"}],"wp:featuredmedia":[{"embeddable":true,"href":"https:\/\/www.budokampsport.se\/api\/wp\/v2\/media\/151645"}],"wp:attachment":[{"href":"https:\/\/www.budokampsport.se\/api\/wp\/v2\/media?parent=167166"}],"wp:term":[{"taxonomy":"category","embeddable":true,"href":"https:\/\/www.budokampsport.se\/api\/wp\/v2\/categories?post=167166"},{"taxonomy":"post_tag","embeddable":true,"href":"https:\/\/www.budokampsport.se\/api\/wp\/v2\/tags?post=167166"}],"curies":[{"name":"wp","href":"https:\/\/api.w.org\/{rel}","templated":true}]}}