{"id":167343,"date":"2024-04-03T10:44:45","date_gmt":"2024-04-03T08:44:45","guid":{"rendered":"https:\/\/www.budokampsport.se\/?p=167343"},"modified":"2024-07-04T10:19:06","modified_gmt":"2024-07-04T08:19:06","slug":"ekero-bjj-bjod-in-till-paradagen","status":"publish","type":"post","link":"https:\/\/www.budokampsport.se\/2024\/04\/03\/ekero-bjj-bjod-in-till-paradagen\/","title":{"rendered":"Eker\u00f6 BJJ bj\u00f6d in till paradagen"},"content":{"rendered":"<p>Eker\u00f6 BJJ klubb tog sin form under h\u00f6sten 2023 efter att f\u00f6reningen Eker\u00f6 BJJ varit en del av Eker\u00f6 Kampsport i fem \u00e5r. Marc Lundberg \u00e4r grundare och huvudinstrukt\u00f6r till Eker\u00f6 BJJ klubb och har som pappa till en autistisk son alltid arbetat f\u00f6r att ut\u00f6ver standardklasserna kunna erbjuda anpassade tr\u00e4ningspass. 2020 startade d\u00e4rf\u00f6r f\u00f6reningen upp n\u00e5got som namngavs A-BJJ, en typ av anpassad BJJ f\u00f6r barn med NPF-diagnos eller intellektuell funktionsneds\u00e4ttning.<\/p>\n<p>\u2013 Vi vill kunna erbjuda alla barn en m\u00f6jlighet till en meningsfull fritid, oavsett f\u00f6ruts\u00e4ttningar. Vi inledde med en grupp d\u00e4r min som var aktiv, han tog med en kompis och s\u00e5 fortsatte det tills gruppen blev full efter bara ett \u00e5r, s\u00e4ger Marc Lundberg till budokampsport.se<\/p>\n<h3>\nParadagen<\/h3>\n<p>N\u00e4r SB&amp;K lanserade sitt koncept Paradagen var Lundberg och f\u00f6reningen snabba p\u00e5 att hoppa p\u00e5 initiativet.<\/p>\n<p>\u2013 Med en prova-p\u00e5-dag s\u00e5g vi chansen att ge fler barn med diagnos en m\u00f6jlighet att testa kampsport och f\u00f6rhoppningsvis hitta n\u00e5got de trivs med och vill utveckla. De finns fortfarande f\u00e5 f\u00f6reningar som erbjuder idrott som \u00e4r anpassad och d\u00e4r barn och ungdomar med funktionsneds\u00e4ttning kan delta och \u00e4ven h\u00e4r p\u00e5 Eker\u00f6 \u00e4r det en begr\u00e4nsad tillg\u00e5ng, s\u00e4ger Marc.<\/p>\n<h3>\nPositiv feedback p\u00e5 initiativet och verksamhetens inneh\u00e5ll<\/h3>\n<p>\u2013 Vi har haft r\u00e4tt lika uppl\u00e4gg p\u00e5 v\u00e5ra paradagar, sj\u00e4lva passen \u00e4r uppbyggda som ordinarie klasser s\u00e5 att b\u00e5de barn och f\u00f6r\u00e4ldrar f\u00e5r en insyn i hur v\u00e5r verksamhet fungerar. Sen brukar vi f\u00f6rs\u00f6ka bjuda p\u00e5 lite fika och f\u00e5 till en social grej ocks\u00e5.<\/p>\n<p>\u2013 Vi kom i g\u00e5ng med marknadsf\u00f6ringen till v\u00e5rens paradag lite sent men vi ska f\u00f6rb\u00e4ttra det till n\u00e4sta g\u00e5ng. Det var ocks\u00e5 en del sjukfr\u00e5nvaro men vi hoppas p\u00e5 fler deltagare till h\u00f6sten, till\u00e4gger Marc.<\/p>\n<p>Reaktionerna p\u00e5 initiativet har varit positiva och ocks\u00e5 gett en m\u00f6jlighet f\u00f6r barnen att tr\u00e4ffa kompisar och skapa f\u00f6rebilder.<\/p>\n<p>\u2013 Jag upplever att barnen har f\u00e5tt en j\u00e4tterolig upplevelse medan f\u00f6r\u00e4ldrarna \u00e4r glada f\u00f6r att aktiviteten \u00e4r anpassad till deras barns f\u00f6ruts\u00e4ttningar. Vi har \u00e4ven \u00e4ldre ut\u00f6vare fr\u00e5n andra klubbar som har samma f\u00f6ruts\u00e4ttningar som barnen och som deltar som hj\u00e4lptr\u00e4nare och m\u00e5nga g\u00e5nger blir dessa f\u00f6rebilder f\u00f6r de yngre barnen.<\/p>\n<h3>Lokalfr\u00e5gan en utmaning<\/h3>\n<p>En utmaning f\u00f6reningen k\u00e4mpar med \u00e4r den h\u00f6ga efterfr\u00e5gan av platser i A-BJJ-grupperna.<\/p>\n<p>\u2013 Vi har en plan att ut\u00f6ka antalet grupper d\u00e5 det f\u00f6r n\u00e4rvarande \u00e4r fullt. F\u00f6rhoppningsvis kan vi med kommunens hj\u00e4lp g\u00e5 fram\u00e5t enligt plan och skapa fler grupper och kunna erbjuda en anpassad lokal, s\u00e4ger Lundberg.<\/p>\n<p><strong>Vad \u00e4r m\u00e5let fram\u00e5t?<\/strong><br \/>\n\u2013 Vi hoppas att vi kan f\u00e5 forts\u00e4tta bedriva denna verksamhet d\u00e4r vi kan erbjuda barn och ungdomar, i sm\u00e5 grupper, den h\u00e4r m\u00f6jligheten. Att de utifr\u00e5n sina behov ska kunna delta i en kampsport som \u00e4r rolig och utvecklande, s\u00e4ger Marc.<\/p>\n<p><img loading=\"lazy\" decoding=\"async\" class=\"alignnone size-medium wp-image-167345\" src=\"https:\/\/www.budokampsport.se\/wp-content\/uploads\/2024\/03\/IMG_4280-376x261.jpeg\" alt=\"Foto: Eker\u00f6 BJJ\" width=\"376\" height=\"261\" srcset=\"https:\/\/www.budokampsport.se\/wp-content\/uploads\/2024\/03\/IMG_4280-376x261.jpeg 376w, https:\/\/www.budokampsport.se\/wp-content\/uploads\/2024\/03\/IMG_4280-278x193.jpeg 278w, https:\/\/www.budokampsport.se\/wp-content\/uploads\/2024\/03\/IMG_4280-572x397.jpeg 572w, https:\/\/www.budokampsport.se\/wp-content\/uploads\/2024\/03\/IMG_4280.jpeg 589w\" sizes=\"auto, (max-width: 376px) 100vw, 376px\" \/><\/p>\n<p>\nText: Annie Carriage<\/p>\n","protected":false},"excerpt":{"rendered":"<p>PARA. Paradagen \u00e4r ett brett koncept d\u00e4r f\u00f6reningar kan ans\u00f6ka om bidrag fr\u00e5n SB&#038;K f\u00f6r att kunna arrangera prova-p\u00e5-dagar som \u00e4r paraanpassade. F\u00f6r Eker\u00f6 BJJ var det andra g\u00e5ngen de anordnade dagen f\u00f6r barn mellan 6-12 \u00e5r.<br \/><br>\u2013 Vi vill kunna erbjuda alla barn en m\u00f6jlighet till en meningsfull fritid, oavsett f\u00f6ruts\u00e4ttningar, s\u00e4ger grundaren Marc Lundberg till budokampsport.se<br \/><br>(Foto: Eker\u00f6 BJJ)<\/p><br>","protected":false},"author":120,"featured_media":167344,"comment_status":"closed","ping_status":"closed","sticky":false,"template":"","format":"standard","meta":{"_acf_changed":false,"footnotes":""},"categories":[557,513],"tags":[],"class_list":["post-167343","post","type-post","status-publish","format-standard","has-post-thumbnail","hentry","category-brasiliansk-jiu-jitsu","category-para"],"acf":[],"yoast_head":"<!-- This site is optimized with the Yoast SEO plugin v26.8 - https:\/\/yoast.com\/product\/yoast-seo-wordpress\/ -->\n<title>Eker\u00f6 BJJ bj\u00f6d in till paradagen - Svenska Budo &amp; Kampsportsf\u00f6rbundet<\/title>\n<meta name=\"description\" content=\"PARA. Paradagen \u00e4r ett brett koncept d\u00e4r f\u00f6reningar kan ans\u00f6ka om bidrag fr\u00e5n SB&amp;K f\u00f6r att kunna arrangera prova-p\u00e5-dagar som \u00e4r paraanpassade. F\u00f6r Eker\u00f6 BJJ var det andra g\u00e5ngen de anordnade dagen f\u00f6r barn mellan 6-12 \u00e5r. \u2013 Vi vill kunna erbjuda alla barn en m\u00f6jlighet till en meningsfull fritid, oavsett f\u00f6ruts\u00e4ttningar, s\u00e4ger grundaren Marc Lundberg till budokampsport.se (Foto: Eker\u00f6 BJJ)\" \/>\n<meta name=\"robots\" content=\"index, follow, max-snippet:-1, max-image-preview:large, max-video-preview:-1\" \/>\n<link rel=\"canonical\" href=\"https:\/\/www.budokampsport.se\/2024\/04\/03\/ekero-bjj-bjod-in-till-paradagen\/\" \/>\n<meta property=\"og:locale\" content=\"sv_SE\" \/>\n<meta property=\"og:type\" content=\"article\" \/>\n<meta property=\"og:title\" content=\"Eker\u00f6 BJJ bj\u00f6d in till paradagen - Svenska Budo &amp; Kampsportsf\u00f6rbundet\" \/>\n<meta property=\"og:description\" content=\"PARA. Paradagen \u00e4r ett brett koncept d\u00e4r f\u00f6reningar kan ans\u00f6ka om bidrag fr\u00e5n SB&amp;K f\u00f6r att kunna arrangera prova-p\u00e5-dagar som \u00e4r paraanpassade. F\u00f6r Eker\u00f6 BJJ var det andra g\u00e5ngen de anordnade dagen f\u00f6r barn mellan 6-12 \u00e5r. \u2013 Vi vill kunna erbjuda alla barn en m\u00f6jlighet till en meningsfull fritid, oavsett f\u00f6ruts\u00e4ttningar, s\u00e4ger grundaren Marc Lundberg till budokampsport.se (Foto: Eker\u00f6 BJJ)\" \/>\n<meta property=\"og:url\" content=\"https:\/\/www.budokampsport.se\/2024\/04\/03\/ekero-bjj-bjod-in-till-paradagen\/\" \/>\n<meta property=\"og:site_name\" content=\"Svenska Budo &amp; Kampsportsf\u00f6rbundet\" \/>\n<meta property=\"article:published_time\" content=\"2024-04-03T08:44:45+00:00\" \/>\n<meta property=\"article:modified_time\" content=\"2024-07-04T08:19:06+00:00\" \/>\n<meta property=\"og:image\" content=\"https:\/\/www.budokampsport.se\/wp-content\/uploads\/2024\/03\/IMG_4282.jpeg\" \/>\n\t<meta property=\"og:image:width\" content=\"589\" \/>\n\t<meta property=\"og:image:height\" content=\"429\" \/>\n\t<meta property=\"og:image:type\" content=\"image\/jpeg\" \/>\n<meta name=\"author\" content=\"Annie Carriage\" \/>\n<meta name=\"twitter:card\" content=\"summary_large_image\" \/>\n<meta name=\"twitter:label1\" content=\"Skriven av\" \/>\n\t<meta name=\"twitter:data1\" content=\"Annie Carriage\" \/>\n\t<meta name=\"twitter:label2\" content=\"Ber\u00e4knad l\u00e4stid\" \/>\n\t<meta name=\"twitter:data2\" content=\"3 minuter\" \/>\n<script type=\"application\/ld+json\" class=\"yoast-schema-graph\">{\"@context\":\"https:\/\/schema.org\",\"@graph\":[{\"@type\":\"Article\",\"@id\":\"https:\/\/www.budokampsport.se\/2024\/04\/03\/ekero-bjj-bjod-in-till-paradagen\/#article\",\"isPartOf\":{\"@id\":\"https:\/\/www.budokampsport.se\/2024\/04\/03\/ekero-bjj-bjod-in-till-paradagen\/\"},\"author\":{\"name\":\"Annie Carriage\",\"@id\":\"https:\/\/www.budokampsport.se\/#\/schema\/person\/c838cace8171f692e363fde3f38f208b\"},\"headline\":\"Eker\u00f6 BJJ bj\u00f6d in till paradagen\",\"datePublished\":\"2024-04-03T08:44:45+00:00\",\"dateModified\":\"2024-07-04T08:19:06+00:00\",\"mainEntityOfPage\":{\"@id\":\"https:\/\/www.budokampsport.se\/2024\/04\/03\/ekero-bjj-bjod-in-till-paradagen\/\"},\"wordCount\":553,\"image\":{\"@id\":\"https:\/\/www.budokampsport.se\/2024\/04\/03\/ekero-bjj-bjod-in-till-paradagen\/#primaryimage\"},\"thumbnailUrl\":\"https:\/\/www.budokampsport.se\/wp-content\/uploads\/2024\/03\/IMG_4282.jpeg\",\"articleSection\":[\"Brasiliansk jiu-jitsu\",\"Para\"],\"inLanguage\":\"sv-SE\"},{\"@type\":\"WebPage\",\"@id\":\"https:\/\/www.budokampsport.se\/2024\/04\/03\/ekero-bjj-bjod-in-till-paradagen\/\",\"url\":\"https:\/\/www.budokampsport.se\/2024\/04\/03\/ekero-bjj-bjod-in-till-paradagen\/\",\"name\":\"Eker\u00f6 BJJ bj\u00f6d in till paradagen - Svenska Budo &amp; Kampsportsf\u00f6rbundet\",\"isPartOf\":{\"@id\":\"https:\/\/www.budokampsport.se\/#website\"},\"primaryImageOfPage\":{\"@id\":\"https:\/\/www.budokampsport.se\/2024\/04\/03\/ekero-bjj-bjod-in-till-paradagen\/#primaryimage\"},\"image\":{\"@id\":\"https:\/\/www.budokampsport.se\/2024\/04\/03\/ekero-bjj-bjod-in-till-paradagen\/#primaryimage\"},\"thumbnailUrl\":\"https:\/\/www.budokampsport.se\/wp-content\/uploads\/2024\/03\/IMG_4282.jpeg\",\"datePublished\":\"2024-04-03T08:44:45+00:00\",\"dateModified\":\"2024-07-04T08:19:06+00:00\",\"author\":{\"@id\":\"https:\/\/www.budokampsport.se\/#\/schema\/person\/c838cace8171f692e363fde3f38f208b\"},\"description\":\"PARA. Paradagen \u00e4r ett brett koncept d\u00e4r f\u00f6reningar kan ans\u00f6ka om bidrag fr\u00e5n SB&K f\u00f6r att kunna arrangera prova-p\u00e5-dagar som \u00e4r paraanpassade. F\u00f6r Eker\u00f6 BJJ var det andra g\u00e5ngen de anordnade dagen f\u00f6r barn mellan 6-12 \u00e5r. \u2013 Vi vill kunna erbjuda alla barn en m\u00f6jlighet till en meningsfull fritid, oavsett f\u00f6ruts\u00e4ttningar, s\u00e4ger grundaren Marc Lundberg till budokampsport.se (Foto: Eker\u00f6 BJJ)\",\"breadcrumb\":{\"@id\":\"https:\/\/www.budokampsport.se\/2024\/04\/03\/ekero-bjj-bjod-in-till-paradagen\/#breadcrumb\"},\"inLanguage\":\"sv-SE\",\"potentialAction\":[{\"@type\":\"ReadAction\",\"target\":[\"https:\/\/www.budokampsport.se\/2024\/04\/03\/ekero-bjj-bjod-in-till-paradagen\/\"]}]},{\"@type\":\"ImageObject\",\"inLanguage\":\"sv-SE\",\"@id\":\"https:\/\/www.budokampsport.se\/2024\/04\/03\/ekero-bjj-bjod-in-till-paradagen\/#primaryimage\",\"url\":\"https:\/\/www.budokampsport.se\/wp-content\/uploads\/2024\/03\/IMG_4282.jpeg\",\"contentUrl\":\"https:\/\/www.budokampsport.se\/wp-content\/uploads\/2024\/03\/IMG_4282.jpeg\",\"width\":589,\"height\":429,\"caption\":\"Foto. Eker\u00f6 BJJ\"},{\"@type\":\"BreadcrumbList\",\"@id\":\"https:\/\/www.budokampsport.se\/2024\/04\/03\/ekero-bjj-bjod-in-till-paradagen\/#breadcrumb\",\"itemListElement\":[{\"@type\":\"ListItem\",\"position\":1,\"name\":\"Hem\",\"item\":\"https:\/\/www.budokampsport.se\/\"},{\"@type\":\"ListItem\",\"position\":2,\"name\":\"Eker\u00f6 BJJ bj\u00f6d in till paradagen\"}]},{\"@type\":\"WebSite\",\"@id\":\"https:\/\/www.budokampsport.se\/#website\",\"url\":\"https:\/\/www.budokampsport.se\/\",\"name\":\"Svenska Budo &amp; Kampsportsf\u00f6rbundet\",\"description\":\"T\u00e4vling, Tr\u00e4ning, Tradition\",\"potentialAction\":[{\"@type\":\"SearchAction\",\"target\":{\"@type\":\"EntryPoint\",\"urlTemplate\":\"https:\/\/www.budokampsport.se\/?s={search_term_string}\"},\"query-input\":{\"@type\":\"PropertyValueSpecification\",\"valueRequired\":true,\"valueName\":\"search_term_string\"}}],\"inLanguage\":\"sv-SE\"},{\"@type\":\"Person\",\"@id\":\"https:\/\/www.budokampsport.se\/#\/schema\/person\/c838cace8171f692e363fde3f38f208b\",\"name\":\"Annie Carriage\",\"image\":{\"@type\":\"ImageObject\",\"inLanguage\":\"sv-SE\",\"@id\":\"https:\/\/www.budokampsport.se\/#\/schema\/person\/image\/\",\"url\":\"https:\/\/secure.gravatar.com\/avatar\/9311295560bdfbdf78365a26f7df1876?s=96&d=blank&r=g\",\"contentUrl\":\"https:\/\/secure.gravatar.com\/avatar\/9311295560bdfbdf78365a26f7df1876?s=96&d=blank&r=g\",\"caption\":\"Annie Carriage\"},\"url\":\"https:\/\/www.budokampsport.se\/author\/annie-bondefelt\/\"}]}<\/script>\n<!-- \/ Yoast SEO plugin. -->","yoast_head_json":{"title":"Eker\u00f6 BJJ bj\u00f6d in till paradagen - Svenska Budo &amp; Kampsportsf\u00f6rbundet","description":"PARA. Paradagen \u00e4r ett brett koncept d\u00e4r f\u00f6reningar kan ans\u00f6ka om bidrag fr\u00e5n SB&K f\u00f6r att kunna arrangera prova-p\u00e5-dagar som \u00e4r paraanpassade. F\u00f6r Eker\u00f6 BJJ var det andra g\u00e5ngen de anordnade dagen f\u00f6r barn mellan 6-12 \u00e5r. \u2013 Vi vill kunna erbjuda alla barn en m\u00f6jlighet till en meningsfull fritid, oavsett f\u00f6ruts\u00e4ttningar, s\u00e4ger grundaren Marc Lundberg till budokampsport.se (Foto: Eker\u00f6 BJJ)","robots":{"index":"index","follow":"follow","max-snippet":"max-snippet:-1","max-image-preview":"max-image-preview:large","max-video-preview":"max-video-preview:-1"},"canonical":"https:\/\/www.budokampsport.se\/2024\/04\/03\/ekero-bjj-bjod-in-till-paradagen\/","og_locale":"sv_SE","og_type":"article","og_title":"Eker\u00f6 BJJ bj\u00f6d in till paradagen - Svenska Budo &amp; Kampsportsf\u00f6rbundet","og_description":"PARA. Paradagen \u00e4r ett brett koncept d\u00e4r f\u00f6reningar kan ans\u00f6ka om bidrag fr\u00e5n SB&K f\u00f6r att kunna arrangera prova-p\u00e5-dagar som \u00e4r paraanpassade. F\u00f6r Eker\u00f6 BJJ var det andra g\u00e5ngen de anordnade dagen f\u00f6r barn mellan 6-12 \u00e5r. \u2013 Vi vill kunna erbjuda alla barn en m\u00f6jlighet till en meningsfull fritid, oavsett f\u00f6ruts\u00e4ttningar, s\u00e4ger grundaren Marc Lundberg till budokampsport.se (Foto: Eker\u00f6 BJJ)","og_url":"https:\/\/www.budokampsport.se\/2024\/04\/03\/ekero-bjj-bjod-in-till-paradagen\/","og_site_name":"Svenska Budo &amp; Kampsportsf\u00f6rbundet","article_published_time":"2024-04-03T08:44:45+00:00","article_modified_time":"2024-07-04T08:19:06+00:00","og_image":[{"width":589,"height":429,"url":"https:\/\/www.budokampsport.se\/wp-content\/uploads\/2024\/03\/IMG_4282.jpeg","type":"image\/jpeg"}],"author":"Annie Carriage","twitter_card":"summary_large_image","twitter_misc":{"Skriven av":"Annie Carriage","Ber\u00e4knad l\u00e4stid":"3 minuter"},"schema":{"@context":"https:\/\/schema.org","@graph":[{"@type":"Article","@id":"https:\/\/www.budokampsport.se\/2024\/04\/03\/ekero-bjj-bjod-in-till-paradagen\/#article","isPartOf":{"@id":"https:\/\/www.budokampsport.se\/2024\/04\/03\/ekero-bjj-bjod-in-till-paradagen\/"},"author":{"name":"Annie Carriage","@id":"https:\/\/www.budokampsport.se\/#\/schema\/person\/c838cace8171f692e363fde3f38f208b"},"headline":"Eker\u00f6 BJJ bj\u00f6d in till paradagen","datePublished":"2024-04-03T08:44:45+00:00","dateModified":"2024-07-04T08:19:06+00:00","mainEntityOfPage":{"@id":"https:\/\/www.budokampsport.se\/2024\/04\/03\/ekero-bjj-bjod-in-till-paradagen\/"},"wordCount":553,"image":{"@id":"https:\/\/www.budokampsport.se\/2024\/04\/03\/ekero-bjj-bjod-in-till-paradagen\/#primaryimage"},"thumbnailUrl":"https:\/\/www.budokampsport.se\/wp-content\/uploads\/2024\/03\/IMG_4282.jpeg","articleSection":["Brasiliansk jiu-jitsu","Para"],"inLanguage":"sv-SE"},{"@type":"WebPage","@id":"https:\/\/www.budokampsport.se\/2024\/04\/03\/ekero-bjj-bjod-in-till-paradagen\/","url":"https:\/\/www.budokampsport.se\/2024\/04\/03\/ekero-bjj-bjod-in-till-paradagen\/","name":"Eker\u00f6 BJJ bj\u00f6d in till paradagen - Svenska Budo &amp; Kampsportsf\u00f6rbundet","isPartOf":{"@id":"https:\/\/www.budokampsport.se\/#website"},"primaryImageOfPage":{"@id":"https:\/\/www.budokampsport.se\/2024\/04\/03\/ekero-bjj-bjod-in-till-paradagen\/#primaryimage"},"image":{"@id":"https:\/\/www.budokampsport.se\/2024\/04\/03\/ekero-bjj-bjod-in-till-paradagen\/#primaryimage"},"thumbnailUrl":"https:\/\/www.budokampsport.se\/wp-content\/uploads\/2024\/03\/IMG_4282.jpeg","datePublished":"2024-04-03T08:44:45+00:00","dateModified":"2024-07-04T08:19:06+00:00","author":{"@id":"https:\/\/www.budokampsport.se\/#\/schema\/person\/c838cace8171f692e363fde3f38f208b"},"description":"PARA. Paradagen \u00e4r ett brett koncept d\u00e4r f\u00f6reningar kan ans\u00f6ka om bidrag fr\u00e5n SB&K f\u00f6r att kunna arrangera prova-p\u00e5-dagar som \u00e4r paraanpassade. F\u00f6r Eker\u00f6 BJJ var det andra g\u00e5ngen de anordnade dagen f\u00f6r barn mellan 6-12 \u00e5r. \u2013 Vi vill kunna erbjuda alla barn en m\u00f6jlighet till en meningsfull fritid, oavsett f\u00f6ruts\u00e4ttningar, s\u00e4ger grundaren Marc Lundberg till budokampsport.se (Foto: Eker\u00f6 BJJ)","breadcrumb":{"@id":"https:\/\/www.budokampsport.se\/2024\/04\/03\/ekero-bjj-bjod-in-till-paradagen\/#breadcrumb"},"inLanguage":"sv-SE","potentialAction":[{"@type":"ReadAction","target":["https:\/\/www.budokampsport.se\/2024\/04\/03\/ekero-bjj-bjod-in-till-paradagen\/"]}]},{"@type":"ImageObject","inLanguage":"sv-SE","@id":"https:\/\/www.budokampsport.se\/2024\/04\/03\/ekero-bjj-bjod-in-till-paradagen\/#primaryimage","url":"https:\/\/www.budokampsport.se\/wp-content\/uploads\/2024\/03\/IMG_4282.jpeg","contentUrl":"https:\/\/www.budokampsport.se\/wp-content\/uploads\/2024\/03\/IMG_4282.jpeg","width":589,"height":429,"caption":"Foto. Eker\u00f6 BJJ"},{"@type":"BreadcrumbList","@id":"https:\/\/www.budokampsport.se\/2024\/04\/03\/ekero-bjj-bjod-in-till-paradagen\/#breadcrumb","itemListElement":[{"@type":"ListItem","position":1,"name":"Hem","item":"https:\/\/www.budokampsport.se\/"},{"@type":"ListItem","position":2,"name":"Eker\u00f6 BJJ bj\u00f6d in till paradagen"}]},{"@type":"WebSite","@id":"https:\/\/www.budokampsport.se\/#website","url":"https:\/\/www.budokampsport.se\/","name":"Svenska Budo &amp; Kampsportsf\u00f6rbundet","description":"T\u00e4vling, Tr\u00e4ning, Tradition","potentialAction":[{"@type":"SearchAction","target":{"@type":"EntryPoint","urlTemplate":"https:\/\/www.budokampsport.se\/?s={search_term_string}"},"query-input":{"@type":"PropertyValueSpecification","valueRequired":true,"valueName":"search_term_string"}}],"inLanguage":"sv-SE"},{"@type":"Person","@id":"https:\/\/www.budokampsport.se\/#\/schema\/person\/c838cace8171f692e363fde3f38f208b","name":"Annie Carriage","image":{"@type":"ImageObject","inLanguage":"sv-SE","@id":"https:\/\/www.budokampsport.se\/#\/schema\/person\/image\/","url":"https:\/\/secure.gravatar.com\/avatar\/9311295560bdfbdf78365a26f7df1876?s=96&d=blank&r=g","contentUrl":"https:\/\/secure.gravatar.com\/avatar\/9311295560bdfbdf78365a26f7df1876?s=96&d=blank&r=g","caption":"Annie Carriage"},"url":"https:\/\/www.budokampsport.se\/author\/annie-bondefelt\/"}]}},"_links":{"self":[{"href":"https:\/\/www.budokampsport.se\/api\/wp\/v2\/posts\/167343","targetHints":{"allow":["GET"]}}],"collection":[{"href":"https:\/\/www.budokampsport.se\/api\/wp\/v2\/posts"}],"about":[{"href":"https:\/\/www.budokampsport.se\/api\/wp\/v2\/types\/post"}],"author":[{"embeddable":true,"href":"https:\/\/www.budokampsport.se\/api\/wp\/v2\/users\/120"}],"replies":[{"embeddable":true,"href":"https:\/\/www.budokampsport.se\/api\/wp\/v2\/comments?post=167343"}],"version-history":[{"count":0,"href":"https:\/\/www.budokampsport.se\/api\/wp\/v2\/posts\/167343\/revisions"}],"wp:featuredmedia":[{"embeddable":true,"href":"https:\/\/www.budokampsport.se\/api\/wp\/v2\/media\/167344"}],"wp:attachment":[{"href":"https:\/\/www.budokampsport.se\/api\/wp\/v2\/media?parent=167343"}],"wp:term":[{"taxonomy":"category","embeddable":true,"href":"https:\/\/www.budokampsport.se\/api\/wp\/v2\/categories?post=167343"},{"taxonomy":"post_tag","embeddable":true,"href":"https:\/\/www.budokampsport.se\/api\/wp\/v2\/tags?post=167343"}],"curies":[{"name":"wp","href":"https:\/\/api.w.org\/{rel}","templated":true}]}}