{"id":168058,"date":"2024-04-10T08:52:55","date_gmt":"2024-04-10T06:52:55","guid":{"rendered":"https:\/\/www.budokampsport.se\/?p=168058"},"modified":"2024-04-10T08:52:55","modified_gmt":"2024-04-10T06:52:55","slug":"de-nominerade-till-kampsportsgalan-arets-ledare","status":"publish","type":"post","link":"https:\/\/www.budokampsport.se\/2024\/04\/10\/de-nominerade-till-kampsportsgalan-arets-ledare\/","title":{"rendered":"De nominerade till Kampsportsgalan \u2013 \u00c5rets ledare"},"content":{"rendered":"<p>De nominerade till Kampsportsgalan \u2013 \u00c5rets ledare<\/p>\n<p>KAMPSPORTSGALAN. I fem olika artiklar inf\u00f6r st\u00e4ngningen av r\u00f6stningen, g\u00e5r vi igenom de nominerade \u2013 kategori f\u00f6r kategori. Turen \u00e4r kommen till \u00c5rets ledare<\/p>\n<p>Den 20:e april \u00e4r det dags f\u00f6r Kampsportsgalans \u00e5terkomst, efter n\u00e5gra \u00e5rs fr\u00e5nvaro.<\/p>\n<p>En jury har som vanligt tagit fram de nominerade, men det \u00e4r via r\u00f6stning fr\u00e5n allm\u00e4nheten som avg\u00f6r vem pristagaren i respektive kategori blir. Den 12 april st\u00e4nger r\u00f6stningen.<\/p>\n<p>I den h\u00e4r artikeln g\u00e5r vi igenom de nominerade till \u00c5rets ledare.<\/p>\n<p>F\u00f6r att ens kunna bli nominerad b\u00f6r \u00c5rets ledare passa in i prisets definition:<br \/>\n<strong><em>\u201dDen h\u00e4r ledaren har en f\u00f6rm\u00e5ga att f\u00e5 m\u00e4nniskor att blomstra och utvecklas, b\u00e5de idrottsligt och p\u00e5 ett personligt plan. Ledaren \u00e4r inspirerande och har en positiv attityd, samt en f\u00f6rm\u00e5ga att se varje individs styrkor och svagheter.\u201d<\/em><\/strong><\/p>\n<table style=\"border-collapse: collapse; width: 100%; height: 48px;\">\n<tbody>\n<tr style=\"height: 24px;\">\n<td style=\"width: 100%; height: 24px;\">De nominerade i \u00c5rets ledare<\/td>\n<\/tr>\n<tr style=\"height: 24px;\">\n<td style=\"width: 100%; height: 24px;\"><img loading=\"lazy\" decoding=\"async\" class=\"alignnone  wp-image-146375\" src=\"https:\/\/www.budokampsport.se\/wp-content\/uploads\/2022\/12\/hjartat-278x180.jpg\" alt=\"\" width=\"26\" height=\"17\" \/><strong>Kader Ben Ali<\/strong>, <span style=\"font-size: 10pt;\">MMA\/BJJ<\/span><br \/>\n<em>&#8220;Barn- och ungdomsinstrukt\u00f6r p\u00e5 STHLM SHOOT &amp; Loyalty Muay Thai F\u00f6rening. Sammanh\u00e5llning, gemenskap och personlig utveckling st\u00e5r i fokus under Ben Alis tr\u00e4ningspass liksom r\u00f6relsegl\u00e4dje genom fysisk litteracitet-konceptet.&#8221;<\/p>\n<p><img loading=\"lazy\" decoding=\"async\" class=\"alignnone  wp-image-146375\" src=\"https:\/\/www.budokampsport.se\/wp-content\/uploads\/2022\/12\/hjartat-278x180.jpg\" alt=\"\" width=\"26\" height=\"17\" \/><\/em><strong>Peder Finnsi\u00f6<\/strong>, <span style=\"font-size: 10pt;\">wushu<br \/>\n<\/span><em>&#8220;Framg\u00e5ngsrik och driven ordf\u00f6rande f\u00f6r Svenska Kung Fu &amp; Wushuf\u00f6rbundet samt Stockholms Budo &amp; Kampsportsf\u00f6rbund i m\u00e5nga \u00e5r. Initiativtagare och arrang\u00f6r av b\u00e5de Kampsportsfestivalen och Kampsportsdagarna p\u00e5 Sergels Torg.&#8221;<\/p>\n<p><img loading=\"lazy\" decoding=\"async\" class=\"alignnone  wp-image-146375\" src=\"https:\/\/www.budokampsport.se\/wp-content\/uploads\/2022\/12\/hjartat-278x180.jpg\" alt=\"\" width=\"26\" height=\"17\" \/><\/em><strong>Payman Hayr<\/strong>, <span style=\"font-size: 10pt;\">thaiboxning<br \/>\n<span style=\"font-size: 12pt;\"><em>&#8220;Framg\u00e5ngsrik domare i thaiboxning och kvinnlig f\u00f6rebild som \u00e4r mycket aktiv b\u00e5de nationellt och internationellt. Har d\u00f6mt World Combat Games i Riyadh, VM i Bangkok, European Games i Krakow samt SM och m\u00e5nga andra t\u00e4vlingar p\u00e5 svensk mark.&#8221;<\/p>\n<p><\/em><\/span><\/span><em><img loading=\"lazy\" decoding=\"async\" class=\"alignnone  wp-image-146375\" src=\"https:\/\/www.budokampsport.se\/wp-content\/uploads\/2022\/12\/hjartat-278x180.jpg\" alt=\"\" width=\"26\" height=\"17\" \/><\/em><strong>Elina Moestam &amp; Max Lindblad<\/strong>, <span style=\"font-size: 10pt;\">BJJ<br \/>\n<span style=\"font-size: 12pt;\"><em>&#8220;Grundare till f\u00f6reningen Stark IF som har en tydligt f\u00f6rmedlad v\u00e4rdegrund d\u00e4r alla verkligen \u00e4r v\u00e4lkomna. Moestam och Lindblad fokuserade under f\u00f6reg\u00e5ende \u00e5r p\u00e5 att \u00f6ka antalet barnpass samt arbeta med sin elitgrupp vilket resulterade i fem VM-medaljer samt utn\u00e4mningen B\u00e4sta klubb under SM i b\u00e5de BJJ och submission wrestling.&#8221;<\/em><\/span><\/span><\/td>\n<\/tr>\n<\/tbody>\n<\/table>\n<p>&nbsp;<\/p>\n<p><a href=\"https:\/\/sv.surveymonkey.com\/r\/aretsledare\" target=\"_blank\" rel=\"noopener\">R\u00f6sta p\u00e5 din favorit till \u00c5rets ledare h\u00e4r<\/a>.<\/p>\n<h2>Eventet<\/h2>\n<p><strong>Datum:<\/strong> L\u00f6rdag 20 april<br \/>\n<strong>Tid:<\/strong> insl\u00e4pp 19:30<br \/>\n<strong>Plats:<\/strong> K\u00e4gelbanan, Mosebacke Torg 1 (Stockholm)<br \/>\n<strong>Pris:<\/strong> 350:-, i biljettpriset ing\u00e5r ett glas mousserade.<\/p>\n<h2>Biljett till galan<\/h2>\n<p><span style=\"font-size: 12pt;\">K\u00f6p biljett till Kampsportsgalan via billetto.se, <a href=\"https:\/\/billetto.se\/e\/kampsportsgalan-2024-biljetter-945003?utm_source=organiser&amp;utm_medium=share&amp;utm_campaign=copy_link&amp;utm_content=945003&amp;vs=454aff16-1b35-43e3-b0ce-9d5f6ed9b91a\" target=\"_blank\" rel=\"noopener\">h\u00e4r<\/a>.<\/span><\/p>\n<p>Text: Jonathan Broberg\/Annie Carriage<\/p>\n","protected":false},"excerpt":{"rendered":"<p>De nominerade till Kampsportsgalan \u2013 \u00c5rets ledare KAMPSPORTSGALAN. I fem [&#8230;]<\/p><br>","protected":false},"author":7,"featured_media":168059,"comment_status":"closed","ping_status":"closed","sticky":false,"template":"","format":"standard","meta":{"_acf_changed":false,"footnotes":""},"categories":[1],"tags":[],"class_list":["post-168058","post","type-post","status-publish","format-standard","has-post-thumbnail","hentry","category-okategoriserade"],"acf":[],"yoast_head":"<!-- This site is optimized with the Yoast SEO plugin v26.8 - https:\/\/yoast.com\/product\/yoast-seo-wordpress\/ -->\n<title>De nominerade till Kampsportsgalan \u2013 \u00c5rets ledare - Svenska Budo &amp; Kampsportsf\u00f6rbundet<\/title>\n<meta name=\"description\" content=\"De nominerade till Kampsportsgalan \u2013 \u00c5rets ledare KAMPSPORTSGALAN. I fem olika artiklar inf\u00f6r st\u00e4ngningen av r\u00f6stningen, g\u00e5r vi igenom de nominerade \u2013\" \/>\n<meta name=\"robots\" content=\"index, follow, max-snippet:-1, max-image-preview:large, max-video-preview:-1\" \/>\n<link rel=\"canonical\" href=\"https:\/\/www.budokampsport.se\/2024\/04\/10\/de-nominerade-till-kampsportsgalan-arets-ledare\/\" \/>\n<meta property=\"og:locale\" content=\"sv_SE\" \/>\n<meta property=\"og:type\" content=\"article\" \/>\n<meta property=\"og:title\" content=\"De nominerade till Kampsportsgalan \u2013 \u00c5rets ledare - Svenska Budo &amp; Kampsportsf\u00f6rbundet\" \/>\n<meta property=\"og:description\" content=\"De nominerade till Kampsportsgalan \u2013 \u00c5rets ledare KAMPSPORTSGALAN. I fem olika artiklar inf\u00f6r st\u00e4ngningen av r\u00f6stningen, g\u00e5r vi igenom de nominerade \u2013\" \/>\n<meta property=\"og:url\" content=\"https:\/\/www.budokampsport.se\/2024\/04\/10\/de-nominerade-till-kampsportsgalan-arets-ledare\/\" \/>\n<meta property=\"og:site_name\" content=\"Svenska Budo &amp; Kampsportsf\u00f6rbundet\" \/>\n<meta property=\"article:author\" content=\"https:\/\/www.facebook.com\/jonathan.broberg.7\" \/>\n<meta property=\"article:published_time\" content=\"2024-04-10T06:52:55+00:00\" \/>\n<meta property=\"og:image\" content=\"https:\/\/www.budokampsport.se\/wp-content\/uploads\/2024\/04\/Arets-ledare.jpg\" \/>\n\t<meta property=\"og:image:width\" content=\"850\" \/>\n\t<meta property=\"og:image:height\" content=\"550\" \/>\n\t<meta property=\"og:image:type\" content=\"image\/jpeg\" \/>\n<meta name=\"author\" content=\"Jonathan Broberg\" \/>\n<meta name=\"twitter:card\" content=\"summary_large_image\" \/>\n<meta name=\"twitter:label1\" content=\"Skriven av\" \/>\n\t<meta name=\"twitter:data1\" content=\"Jonathan Broberg\" \/>\n\t<meta name=\"twitter:label2\" content=\"Ber\u00e4knad l\u00e4stid\" \/>\n\t<meta name=\"twitter:data2\" content=\"3 minuter\" \/>\n<script type=\"application\/ld+json\" class=\"yoast-schema-graph\">{\"@context\":\"https:\/\/schema.org\",\"@graph\":[{\"@type\":\"Article\",\"@id\":\"https:\/\/www.budokampsport.se\/2024\/04\/10\/de-nominerade-till-kampsportsgalan-arets-ledare\/#article\",\"isPartOf\":{\"@id\":\"https:\/\/www.budokampsport.se\/2024\/04\/10\/de-nominerade-till-kampsportsgalan-arets-ledare\/\"},\"author\":{\"name\":\"Jonathan Broberg\",\"@id\":\"https:\/\/www.budokampsport.se\/#\/schema\/person\/5c06d81d14850e2a8ce5493386560145\"},\"headline\":\"De nominerade till Kampsportsgalan \u2013 \u00c5rets ledare\",\"datePublished\":\"2024-04-10T06:52:55+00:00\",\"mainEntityOfPage\":{\"@id\":\"https:\/\/www.budokampsport.se\/2024\/04\/10\/de-nominerade-till-kampsportsgalan-arets-ledare\/\"},\"wordCount\":415,\"image\":{\"@id\":\"https:\/\/www.budokampsport.se\/2024\/04\/10\/de-nominerade-till-kampsportsgalan-arets-ledare\/#primaryimage\"},\"thumbnailUrl\":\"https:\/\/www.budokampsport.se\/wp-content\/uploads\/2024\/04\/Arets-ledare.jpg\",\"inLanguage\":\"sv-SE\"},{\"@type\":\"WebPage\",\"@id\":\"https:\/\/www.budokampsport.se\/2024\/04\/10\/de-nominerade-till-kampsportsgalan-arets-ledare\/\",\"url\":\"https:\/\/www.budokampsport.se\/2024\/04\/10\/de-nominerade-till-kampsportsgalan-arets-ledare\/\",\"name\":\"De nominerade till Kampsportsgalan \u2013 \u00c5rets ledare - Svenska Budo &amp; Kampsportsf\u00f6rbundet\",\"isPartOf\":{\"@id\":\"https:\/\/www.budokampsport.se\/#website\"},\"primaryImageOfPage\":{\"@id\":\"https:\/\/www.budokampsport.se\/2024\/04\/10\/de-nominerade-till-kampsportsgalan-arets-ledare\/#primaryimage\"},\"image\":{\"@id\":\"https:\/\/www.budokampsport.se\/2024\/04\/10\/de-nominerade-till-kampsportsgalan-arets-ledare\/#primaryimage\"},\"thumbnailUrl\":\"https:\/\/www.budokampsport.se\/wp-content\/uploads\/2024\/04\/Arets-ledare.jpg\",\"datePublished\":\"2024-04-10T06:52:55+00:00\",\"author\":{\"@id\":\"https:\/\/www.budokampsport.se\/#\/schema\/person\/5c06d81d14850e2a8ce5493386560145\"},\"description\":\"De nominerade till Kampsportsgalan \u2013 \u00c5rets ledare KAMPSPORTSGALAN. I fem olika artiklar inf\u00f6r st\u00e4ngningen av r\u00f6stningen, g\u00e5r vi igenom de nominerade \u2013\",\"breadcrumb\":{\"@id\":\"https:\/\/www.budokampsport.se\/2024\/04\/10\/de-nominerade-till-kampsportsgalan-arets-ledare\/#breadcrumb\"},\"inLanguage\":\"sv-SE\",\"potentialAction\":[{\"@type\":\"ReadAction\",\"target\":[\"https:\/\/www.budokampsport.se\/2024\/04\/10\/de-nominerade-till-kampsportsgalan-arets-ledare\/\"]}]},{\"@type\":\"ImageObject\",\"inLanguage\":\"sv-SE\",\"@id\":\"https:\/\/www.budokampsport.se\/2024\/04\/10\/de-nominerade-till-kampsportsgalan-arets-ledare\/#primaryimage\",\"url\":\"https:\/\/www.budokampsport.se\/wp-content\/uploads\/2024\/04\/Arets-ledare.jpg\",\"contentUrl\":\"https:\/\/www.budokampsport.se\/wp-content\/uploads\/2024\/04\/Arets-ledare.jpg\",\"width\":850,\"height\":550},{\"@type\":\"BreadcrumbList\",\"@id\":\"https:\/\/www.budokampsport.se\/2024\/04\/10\/de-nominerade-till-kampsportsgalan-arets-ledare\/#breadcrumb\",\"itemListElement\":[{\"@type\":\"ListItem\",\"position\":1,\"name\":\"Hem\",\"item\":\"https:\/\/www.budokampsport.se\/\"},{\"@type\":\"ListItem\",\"position\":2,\"name\":\"De nominerade till Kampsportsgalan \u2013 \u00c5rets ledare\"}]},{\"@type\":\"WebSite\",\"@id\":\"https:\/\/www.budokampsport.se\/#website\",\"url\":\"https:\/\/www.budokampsport.se\/\",\"name\":\"Svenska Budo &amp; Kampsportsf\u00f6rbundet\",\"description\":\"T\u00e4vling, Tr\u00e4ning, Tradition\",\"potentialAction\":[{\"@type\":\"SearchAction\",\"target\":{\"@type\":\"EntryPoint\",\"urlTemplate\":\"https:\/\/www.budokampsport.se\/?s={search_term_string}\"},\"query-input\":{\"@type\":\"PropertyValueSpecification\",\"valueRequired\":true,\"valueName\":\"search_term_string\"}}],\"inLanguage\":\"sv-SE\"},{\"@type\":\"Person\",\"@id\":\"https:\/\/www.budokampsport.se\/#\/schema\/person\/5c06d81d14850e2a8ce5493386560145\",\"name\":\"Jonathan Broberg\",\"image\":{\"@type\":\"ImageObject\",\"inLanguage\":\"sv-SE\",\"@id\":\"https:\/\/www.budokampsport.se\/#\/schema\/person\/image\/\",\"url\":\"https:\/\/secure.gravatar.com\/avatar\/a58041c6cea9128bd9c40ee2f26d4136?s=96&d=blank&r=g\",\"contentUrl\":\"https:\/\/secure.gravatar.com\/avatar\/a58041c6cea9128bd9c40ee2f26d4136?s=96&d=blank&r=g\",\"caption\":\"Jonathan Broberg\"},\"sameAs\":[\"https:\/\/www.facebook.com\/jonathan.broberg.7\"],\"url\":\"https:\/\/www.budokampsport.se\/author\/jonathan\/\"}]}<\/script>\n<!-- \/ Yoast SEO plugin. -->","yoast_head_json":{"title":"De nominerade till Kampsportsgalan \u2013 \u00c5rets ledare - Svenska Budo &amp; Kampsportsf\u00f6rbundet","description":"De nominerade till Kampsportsgalan \u2013 \u00c5rets ledare KAMPSPORTSGALAN. I fem olika artiklar inf\u00f6r st\u00e4ngningen av r\u00f6stningen, g\u00e5r vi igenom de nominerade \u2013","robots":{"index":"index","follow":"follow","max-snippet":"max-snippet:-1","max-image-preview":"max-image-preview:large","max-video-preview":"max-video-preview:-1"},"canonical":"https:\/\/www.budokampsport.se\/2024\/04\/10\/de-nominerade-till-kampsportsgalan-arets-ledare\/","og_locale":"sv_SE","og_type":"article","og_title":"De nominerade till Kampsportsgalan \u2013 \u00c5rets ledare - Svenska Budo &amp; Kampsportsf\u00f6rbundet","og_description":"De nominerade till Kampsportsgalan \u2013 \u00c5rets ledare KAMPSPORTSGALAN. I fem olika artiklar inf\u00f6r st\u00e4ngningen av r\u00f6stningen, g\u00e5r vi igenom de nominerade \u2013","og_url":"https:\/\/www.budokampsport.se\/2024\/04\/10\/de-nominerade-till-kampsportsgalan-arets-ledare\/","og_site_name":"Svenska Budo &amp; Kampsportsf\u00f6rbundet","article_author":"https:\/\/www.facebook.com\/jonathan.broberg.7","article_published_time":"2024-04-10T06:52:55+00:00","og_image":[{"width":850,"height":550,"url":"https:\/\/www.budokampsport.se\/wp-content\/uploads\/2024\/04\/Arets-ledare.jpg","type":"image\/jpeg"}],"author":"Jonathan Broberg","twitter_card":"summary_large_image","twitter_misc":{"Skriven av":"Jonathan Broberg","Ber\u00e4knad l\u00e4stid":"3 minuter"},"schema":{"@context":"https:\/\/schema.org","@graph":[{"@type":"Article","@id":"https:\/\/www.budokampsport.se\/2024\/04\/10\/de-nominerade-till-kampsportsgalan-arets-ledare\/#article","isPartOf":{"@id":"https:\/\/www.budokampsport.se\/2024\/04\/10\/de-nominerade-till-kampsportsgalan-arets-ledare\/"},"author":{"name":"Jonathan Broberg","@id":"https:\/\/www.budokampsport.se\/#\/schema\/person\/5c06d81d14850e2a8ce5493386560145"},"headline":"De nominerade till Kampsportsgalan \u2013 \u00c5rets ledare","datePublished":"2024-04-10T06:52:55+00:00","mainEntityOfPage":{"@id":"https:\/\/www.budokampsport.se\/2024\/04\/10\/de-nominerade-till-kampsportsgalan-arets-ledare\/"},"wordCount":415,"image":{"@id":"https:\/\/www.budokampsport.se\/2024\/04\/10\/de-nominerade-till-kampsportsgalan-arets-ledare\/#primaryimage"},"thumbnailUrl":"https:\/\/www.budokampsport.se\/wp-content\/uploads\/2024\/04\/Arets-ledare.jpg","inLanguage":"sv-SE"},{"@type":"WebPage","@id":"https:\/\/www.budokampsport.se\/2024\/04\/10\/de-nominerade-till-kampsportsgalan-arets-ledare\/","url":"https:\/\/www.budokampsport.se\/2024\/04\/10\/de-nominerade-till-kampsportsgalan-arets-ledare\/","name":"De nominerade till Kampsportsgalan \u2013 \u00c5rets ledare - Svenska Budo &amp; Kampsportsf\u00f6rbundet","isPartOf":{"@id":"https:\/\/www.budokampsport.se\/#website"},"primaryImageOfPage":{"@id":"https:\/\/www.budokampsport.se\/2024\/04\/10\/de-nominerade-till-kampsportsgalan-arets-ledare\/#primaryimage"},"image":{"@id":"https:\/\/www.budokampsport.se\/2024\/04\/10\/de-nominerade-till-kampsportsgalan-arets-ledare\/#primaryimage"},"thumbnailUrl":"https:\/\/www.budokampsport.se\/wp-content\/uploads\/2024\/04\/Arets-ledare.jpg","datePublished":"2024-04-10T06:52:55+00:00","author":{"@id":"https:\/\/www.budokampsport.se\/#\/schema\/person\/5c06d81d14850e2a8ce5493386560145"},"description":"De nominerade till Kampsportsgalan \u2013 \u00c5rets ledare KAMPSPORTSGALAN. I fem olika artiklar inf\u00f6r st\u00e4ngningen av r\u00f6stningen, g\u00e5r vi igenom de nominerade \u2013","breadcrumb":{"@id":"https:\/\/www.budokampsport.se\/2024\/04\/10\/de-nominerade-till-kampsportsgalan-arets-ledare\/#breadcrumb"},"inLanguage":"sv-SE","potentialAction":[{"@type":"ReadAction","target":["https:\/\/www.budokampsport.se\/2024\/04\/10\/de-nominerade-till-kampsportsgalan-arets-ledare\/"]}]},{"@type":"ImageObject","inLanguage":"sv-SE","@id":"https:\/\/www.budokampsport.se\/2024\/04\/10\/de-nominerade-till-kampsportsgalan-arets-ledare\/#primaryimage","url":"https:\/\/www.budokampsport.se\/wp-content\/uploads\/2024\/04\/Arets-ledare.jpg","contentUrl":"https:\/\/www.budokampsport.se\/wp-content\/uploads\/2024\/04\/Arets-ledare.jpg","width":850,"height":550},{"@type":"BreadcrumbList","@id":"https:\/\/www.budokampsport.se\/2024\/04\/10\/de-nominerade-till-kampsportsgalan-arets-ledare\/#breadcrumb","itemListElement":[{"@type":"ListItem","position":1,"name":"Hem","item":"https:\/\/www.budokampsport.se\/"},{"@type":"ListItem","position":2,"name":"De nominerade till Kampsportsgalan \u2013 \u00c5rets ledare"}]},{"@type":"WebSite","@id":"https:\/\/www.budokampsport.se\/#website","url":"https:\/\/www.budokampsport.se\/","name":"Svenska Budo &amp; Kampsportsf\u00f6rbundet","description":"T\u00e4vling, Tr\u00e4ning, Tradition","potentialAction":[{"@type":"SearchAction","target":{"@type":"EntryPoint","urlTemplate":"https:\/\/www.budokampsport.se\/?s={search_term_string}"},"query-input":{"@type":"PropertyValueSpecification","valueRequired":true,"valueName":"search_term_string"}}],"inLanguage":"sv-SE"},{"@type":"Person","@id":"https:\/\/www.budokampsport.se\/#\/schema\/person\/5c06d81d14850e2a8ce5493386560145","name":"Jonathan Broberg","image":{"@type":"ImageObject","inLanguage":"sv-SE","@id":"https:\/\/www.budokampsport.se\/#\/schema\/person\/image\/","url":"https:\/\/secure.gravatar.com\/avatar\/a58041c6cea9128bd9c40ee2f26d4136?s=96&d=blank&r=g","contentUrl":"https:\/\/secure.gravatar.com\/avatar\/a58041c6cea9128bd9c40ee2f26d4136?s=96&d=blank&r=g","caption":"Jonathan Broberg"},"sameAs":["https:\/\/www.facebook.com\/jonathan.broberg.7"],"url":"https:\/\/www.budokampsport.se\/author\/jonathan\/"}]}},"_links":{"self":[{"href":"https:\/\/www.budokampsport.se\/api\/wp\/v2\/posts\/168058","targetHints":{"allow":["GET"]}}],"collection":[{"href":"https:\/\/www.budokampsport.se\/api\/wp\/v2\/posts"}],"about":[{"href":"https:\/\/www.budokampsport.se\/api\/wp\/v2\/types\/post"}],"author":[{"embeddable":true,"href":"https:\/\/www.budokampsport.se\/api\/wp\/v2\/users\/7"}],"replies":[{"embeddable":true,"href":"https:\/\/www.budokampsport.se\/api\/wp\/v2\/comments?post=168058"}],"version-history":[{"count":0,"href":"https:\/\/www.budokampsport.se\/api\/wp\/v2\/posts\/168058\/revisions"}],"wp:featuredmedia":[{"embeddable":true,"href":"https:\/\/www.budokampsport.se\/api\/wp\/v2\/media\/168059"}],"wp:attachment":[{"href":"https:\/\/www.budokampsport.se\/api\/wp\/v2\/media?parent=168058"}],"wp:term":[{"taxonomy":"category","embeddable":true,"href":"https:\/\/www.budokampsport.se\/api\/wp\/v2\/categories?post=168058"},{"taxonomy":"post_tag","embeddable":true,"href":"https:\/\/www.budokampsport.se\/api\/wp\/v2\/tags?post=168058"}],"curies":[{"name":"wp","href":"https:\/\/api.w.org\/{rel}","templated":true}]}}