{"id":168668,"date":"2024-04-20T17:28:45","date_gmt":"2024-04-20T15:28:45","guid":{"rendered":"https:\/\/www.budokampsport.se\/?p=168668"},"modified":"2024-04-20T17:28:45","modified_gmt":"2024-04-20T15:28:45","slug":"rapport-fran-forbundsstamman-2024","status":"publish","type":"post","link":"https:\/\/www.budokampsport.se\/2024\/04\/20\/rapport-fran-forbundsstamman-2024\/","title":{"rendered":"Rapport fr\u00e5n f\u00f6rbundsst\u00e4mman 2024"},"content":{"rendered":"<p>St\u00e4mman inleddes med att <strong>Leif Sunje<\/strong> valdes till m\u00f6tets ordf\u00f6rande och<strong> Helga Une<\/strong> till m\u00f6tessekreterare. <strong>Heidi Christensen<\/strong> och <strong>Andreas Falk<\/strong> valdes till justerare och r\u00f6str\u00e4knare. R\u00f6stl\u00e4ngden innefattade 53 f\u00f6reningar och 86 r\u00f6ster och st\u00e4mman fann att m\u00f6tet var beh\u00f6rigen utlyst.<\/p>\n<p>\u00c5ret som g\u00e5tt sammanfattades kort av SB&amp;K:s ordf\u00f6rande <strong>Fredrik Gundmark<\/strong>. Ordf\u00f6rande ber\u00e4ttade om projektet Idrottsklivet d\u00e4r f\u00f6rbundet mottagit ett uppdrag samt bidrag fr\u00e5n regeringen och RF f\u00f6r att engagera ungdomar i socioekonomiska omr\u00e5den. Gundmark ber\u00e4ttade ocks\u00e5 om den f\u00f6rsta h\u00e5llbarhetsrapporten som genomf\u00f6rdes under f\u00f6reg\u00e5ende \u00e5r samt arbetet kring det uteblivna elitidrottsst\u00f6det. Ordf\u00f6rande lyfte \u00e4ven f\u00f6rbundets positiva resultat av internationella m\u00e4sterskapsmedaljer, <em>209 stycken<\/em>, samt att f\u00f6rbundet har vuxit och nu innefattar <em>58 000 medlemmar<\/em>.<\/p>\n<p><a href=\"https:\/\/www.budokampsport.se\/wp-content\/uploads\/2024\/04\/SBK_Var-verksamhet-2023.pdf\" target=\"_blank\" rel=\"noopener\">Verksamhetsber\u00e4ttelsen<\/a> fastst\u00e4lldes och f\u00f6rbundsstyrelsen beviljades ansvarsfrihet.<\/p>\n<p>P\u00e5 uppdrag fr\u00e5n st\u00e4mman f\u00f6rra \u00e5ret presenterade styrelserepresentanten <strong>Kirsi H\u00f6glund<\/strong> en genomg\u00e5ng av disciplinn\u00e4mndens rutiner vid eventuella anm\u00e4lningar.<\/p>\n<p><strong>Maria Wiese<\/strong>, SB&amp;K:s kass\u00f6r redovisade <a href=\"https:\/\/www.budokampsport.se\/wp-content\/uploads\/2024\/04\/%C2%A709_forvaltningsberattelse_2023_signerad-2.pdf\" target=\"_blank\" rel=\"noopener\">f\u00f6rvaltningsber\u00e4ttelsen.<\/a><\/p>\n<h3>Motioner<\/h3>\n<p><a href=\"https:\/\/www.budokampsport.se\/wp-content\/uploads\/2024\/03\/%C2%A713_motion_1_tavlingskommitte_samt_styrelsens_yttrande.pdf\" target=\"_blank\" rel=\"noopener\"><strong>T\u00e4vlingskommitt\u00e9<\/strong><\/a>\u00a0<br \/>\nMotion\u00e4rerna ville tills\u00e4tta en t\u00e4vlingskommitt\u00e9 till st\u00f6d f\u00f6r arrang\u00f6rer. Styrelsen uppskattade engagemanget i fr\u00e5gan men yrkade p\u00e5 avslag d\u00e5 de ser tills\u00e4ttande av kommitt\u00e9er och vilka som b\u00f6r prioriteras som ett styrelsebeslut som b\u00f6r tas utifr\u00e5n styrelsens strategier. Efter lite debatt valde st\u00e4mman att f\u00f6resl\u00e5 votering. Efter en j\u00e4mn omr\u00f6stning avslogs motionen.<\/p>\n<p><a href=\"https:\/\/www.budokampsport.se\/wp-content\/uploads\/2024\/03\/%C2%A713_motion_2_sociala_medier_samt_styrelsens_yttrande.pdf\" target=\"_blank\" rel=\"noopener\"><strong>Sociala medier<\/strong><\/a>\u00a0<br \/>\nMotion\u00e4rerna ville att kansliet skulle upphandla utbildningskompetens inom sociala medier samt omf\u00f6rdela kansliets resurser inom kommunikation. Styrelsens svar p\u00e5 motionen var att en \u00f6versyn och ett arbete har inletts f\u00f6r att se \u00f6ver f\u00f6rbundets kommunikation och anpassa det b\u00e4ttre till dagens mediabild och medlemmarnas behov samt forts\u00e4tta utbilda internt. St\u00e4mman r\u00f6stade kring motionen och beslutade avslag.<\/p>\n<p><a href=\"https:\/\/www.budokampsport.se\/wp-content\/uploads\/2024\/04\/%C2%A713_motion_3_sponsring_samt_styrelsen_yttrande.pdf\" target=\"_blank\" rel=\"noopener\"><strong>Sponsring<\/strong>\u00a0<\/a><br \/>\nMotion\u00e4rerna ville att f\u00f6rbundets ska upphandla sponsringskompetens f\u00f6r anskaffning av sponsorer. Styrelsen svarade att sponsorfr\u00e5gan \u00e4r komplex d\u00e5 f\u00f6rbundet inte har en produkt att s\u00e4lja utan best\u00e5r av m\u00e5nga olika (underf\u00f6rbund\/idrotter) som \u00e4r egna juridiska personer med olika visioner och m\u00e5lgrupper. Projektledare Patrik Asplund ber\u00e4ttade om det arbete som g\u00f6rs idag och som inleddes f\u00f6r tv\u00e5 \u00e5r sen. SB&amp;K arbetar aktivt f\u00f6r att skapa m\u00f6jligheter f\u00f6r att lyfta att f\u00f6rbundet \u00e4r en viktig samh\u00e4llsakt\u00f6r och har \u00e4ven presenterat sin f\u00f6rsta h\u00e5llbarhetsrapport som \u00e4r en viktig del i detta arbete. Styrelsen ans\u00e5g att arbetet med sponsring s\u00e5ledes redan \u00e4r i g\u00e5ng i linje med vad motion\u00e4rerna efterfr\u00e5gar. St\u00e4mman avslog motionen.<\/p>\n<p><a href=\"https:\/\/www.budokampsport.se\/wp-content\/uploads\/2024\/03\/%C2%A713_motion_4_lokalfragan_samt_styrelsen_yttrande.pdf\" target=\"_blank\" rel=\"noopener\"><strong>Lokalfr\u00e5gan<\/strong><\/a>\u00a0<br \/>\nMotion\u00e4rerna vill att f\u00f6rbundet tar fram en arbetsgrupp med deltagare som representerar de olika distrikten eller regioner samt att de arbetar fram en l\u00e5ngsiktigt plan. Styrelsen ville avsl\u00e5 motionen och h\u00e4nvisade till sitt yttrande. Efter uppmaning om votering r\u00f6stade st\u00e4mman f\u00f6r avslag.<\/p>\n<p><a href=\"https:\/\/www.budokampsport.se\/wp-content\/uploads\/2024\/03\/%C2%A713_motion_5_motoriq_samt_styrelsens_yttrande.pdf\" target=\"_blank\" rel=\"noopener\"><strong>MotoriQ<\/strong><\/a>\u00a0<br \/>\nMotion\u00e4rerna ville att f\u00f6rbundet ska \u201dtotaltredovisa\u201d satsningen p\u00e5 MotoriQ. Styrelsen ville i sitt yttrande klarg\u00f6ra att MotoriQ \u00e4r av f\u00f6rbundet en egenutvecklad produkt, inte ink\u00f6pt. Fokus har varit att p\u00e5 olika s\u00e4tt f\u00e5 in fysisk litteracitet inom verksamheten f\u00f6r att s\u00e4kerst\u00e4lla att arbetet med Strategi 2025 efterlevs och att ge st\u00f6d till arbetet med barn- och ungdomsidrott. Efter en l\u00e4ngre debatt valde st\u00e4mman att avsl\u00e5 motionen.<\/p>\n<p><a href=\"https:\/\/www.budokampsport.se\/wp-content\/uploads\/2024\/03\/%C2%A713_motion_6_avskaffande_-av_tavlingskort_som_ersatts_av_digitalt_licensregister_samt_styrelsens_yttrande.pdf\" target=\"_blank\" rel=\"noopener\"><strong>Avskaffande av t\u00e4vlingskort som ers\u00e4tts av digitalt licensregister<\/strong><\/a>\u00a0<br \/>\nMotion\u00e4rerna vill avskaffa t\u00e4vlingskortet och inf\u00f6ra ett licensregister. Styrelsen h\u00e5ller med om att de fysiska kortet ska fasas ut och arbetet som gjorts de senare \u00e5ren f\u00f6r att kunna tillhandah\u00e5lla digitala kort \u00e4r viktigt. Styrelsen ber\u00e4ttar att de digitala t\u00e4vlingskorten kommer lanseras inom kort och anser d\u00e4rf\u00f6r motionen besvarad.<\/p>\n<h3>Inval och uteslutning av idrotter<\/p>\n<p>\n<\/h3>\n<p>Tv\u00e5 idrotter hade ans\u00f6kt om att bli upptagna i f\u00f6rbundet,<em> LudoSport ljussv\u00e4rdsf\u00e4ktning<\/em>\u00a0och <em>silambam<\/em>. LudoSports representanter Andrea Ferrario och Josefine Malmkvist presenterade sin idrott f\u00f6r st\u00e4mman liksom silambams representanter Karikalacholan Balasubramanian och Thangavel Vaiyapuri. LudoSport ljussv\u00e4rdsf\u00e4ktning blev inr\u00f6stad och kommer tillh\u00f6ra Svenska Kampidrottsf\u00f6rbundet medan silambam denna g\u00e5ng fick avslag p\u00e5 grund av att de endast har en aktiv f\u00f6rening ansluten.<\/p>\n<p>Styrelsen f\u00f6reslog ocks\u00e5 att idrotterna sambo, savate och sumo skulle tas bort som idrotter i SB&amp;K p\u00e5 grund av att de inte har n\u00e5gon verksamhet eller aktiva f\u00f6reningar. St\u00e4mman inst\u00e4mde.<\/p>\n<p>Sen gick m\u00f6tet igenom och godk\u00e4nde <a href=\"https:\/\/www.budokampsport.se\/wp-content\/uploads\/2024\/03\/%C2%A716_verksamhetsplan_2024-2025.pdf\" target=\"_blank\" rel=\"noopener\">verksamhetsplanen<\/a> liksom <a href=\"https:\/\/www.budokampsport.se\/wp-content\/uploads\/2024\/04\/%C2%A720_budgetforslag_2024_uppdaterad_2024-04-17.pdf\" target=\"_blank\" rel=\"noopener\">budget<\/a>.\u00a0<\/p>\n<p>F\u00f6ljande f\u00f6rbundsstyrelse, revisorer, disciplinn\u00e4mnd och valberedning valdes av st\u00e4mman.<\/p>\n<h3>F\u00f6rbundsstyrelse<\/h3>\n<p><strong>Ordf\u00f6rande<\/strong><br \/>\nFredrik Gundmark, omval 1 \u00e5r<\/p>\n<p><strong>Ledam\u00f6ter<\/strong><br \/>\nKirsi H\u00f6glund, omval 2 \u00e5r<br \/>\nFrej Levin, omval 2 \u00e5r<br \/>\nNicole Kaiser, omval 2 \u00e5r<br \/>\nMaria Wiese, omval 1 \u00e5r<br \/>\nTobias Back, nyval 1 \u00e5r<br \/>\nErik Gahnertz, nyval 1 \u00e5r<\/p>\n<p><strong>Suppleanter<\/strong><br \/>\nAnnica Jara Cofr\u00e9, omval 1 \u00e5r (idag ordinarie ledamot)<br \/>\nLuiz Carlos Fernandes, nyval 1 \u00e5r<\/p>\n<h3>\nRevisorer och revisorssuppleanter<\/p>\n<\/h3>\n<p>SB&amp;K:s r\u00e4kenskaper och f\u00f6rvaltning granskas \u00e5rligen av tv\u00e5 revisorer. En av de ordinarie revisorerna samt en av suppleanterna ska vara auktoriserad revisor.<\/p>\n<p><strong>Revisorer<\/strong><br \/>\nMicaela Karlstr\u00f6m, Allegretto Revision (auktoriserad), omval 1 \u00e5r<br \/>\nSabrina Sedin Roskvist, omval 1 \u00e5r<\/p>\n<p><strong>Revisorssuppleanter<\/strong><br \/>\nAnna Wretholm, Allegretto Revision (auktoriserad), omval 1 \u00e5r<br \/>\nHenrik S\u00f6derquist, omval 1 \u00e5r<\/p>\n<h3>\nDisciplinn\u00e4mnd<\/h3>\n<p>\nN\u00e4mnden ska best\u00e5 av sju ledam\u00f6ter varav minst h\u00e4lften b\u00f6r vara jurister eller ha motsvarande erfarenhet, en av dessa ska leda arbetet som n\u00e4mndens ordf\u00f6rande.<\/p>\n<p><em>Ordf\u00f6rande<\/em><br \/>\nEmma Bshara Dyr\u00e9n, (ordf\u00f6rande) omval 1\u00e5r<\/p>\n<p><em>Ledam\u00f6ter<\/em><br \/>\nAnders Axklo, omval 1 \u00e5r<br \/>\nEmil Frank, omval 1 \u00e5r<br \/>\nHelga Une, nyval 1 \u00e5r<br \/>\nMaria Liukkonen, nyval 1 \u00e5r<br \/>\nvakant, nyval 1 \u00e5r<br \/>\nvakant, nyval 1 \u00e5r<\/p>\n<h3>Valberedning<\/p>\n<\/h3>\n<p>Anders Pettersson, (ordf\u00f6rande) omval<br \/>\nJ\u00f6ran Fagerlund, omval<br \/>\nIrene Br\u00e4ndstr\u00f6m, omval<\/p>\n<p>Text: Annie Carriage<\/p>\n","protected":false},"excerpt":{"rendered":"<p>\u00c5RSM\u00d6TE. Idag h\u00f6ll SB&#038;K sitt \u00e5rsm\u00f6te p\u00e5 WTC i Stockholm.<\/p><br>","protected":false},"author":120,"featured_media":168670,"comment_status":"closed","ping_status":"closed","sticky":false,"template":"","format":"standard","meta":{"_acf_changed":false,"footnotes":""},"categories":[410],"tags":[],"class_list":["post-168668","post","type-post","status-publish","format-standard","has-post-thumbnail","hentry","category-arsmote"],"acf":[],"yoast_head":"<!-- This site is optimized with the Yoast SEO plugin v26.8 - https:\/\/yoast.com\/product\/yoast-seo-wordpress\/ -->\n<title>Rapport fr\u00e5n f\u00f6rbundsst\u00e4mman 2024 - Svenska Budo &amp; Kampsportsf\u00f6rbundet<\/title>\n<meta name=\"description\" content=\"\u00c5RSM\u00d6TE. Idag h\u00f6ll SB&amp;K sitt \u00e5rsm\u00f6te p\u00e5 WTC i Stockholm.\" \/>\n<meta name=\"robots\" content=\"index, follow, max-snippet:-1, max-image-preview:large, max-video-preview:-1\" \/>\n<link rel=\"canonical\" href=\"https:\/\/www.budokampsport.se\/2024\/04\/20\/rapport-fran-forbundsstamman-2024\/\" \/>\n<meta property=\"og:locale\" content=\"sv_SE\" \/>\n<meta property=\"og:type\" content=\"article\" \/>\n<meta property=\"og:title\" content=\"Rapport fr\u00e5n f\u00f6rbundsst\u00e4mman 2024 - Svenska Budo &amp; Kampsportsf\u00f6rbundet\" \/>\n<meta property=\"og:description\" content=\"\u00c5RSM\u00d6TE. Idag h\u00f6ll SB&amp;K sitt \u00e5rsm\u00f6te p\u00e5 WTC i Stockholm.\" \/>\n<meta property=\"og:url\" content=\"https:\/\/www.budokampsport.se\/2024\/04\/20\/rapport-fran-forbundsstamman-2024\/\" \/>\n<meta property=\"og:site_name\" content=\"Svenska Budo &amp; Kampsportsf\u00f6rbundet\" \/>\n<meta property=\"article:published_time\" content=\"2024-04-20T15:28:45+00:00\" \/>\n<meta property=\"og:image\" content=\"https:\/\/www.budokampsport.se\/wp-content\/uploads\/2024\/04\/ak.jpg\" \/>\n\t<meta property=\"og:image:width\" content=\"850\" \/>\n\t<meta property=\"og:image:height\" content=\"539\" \/>\n\t<meta property=\"og:image:type\" content=\"image\/jpeg\" \/>\n<meta name=\"author\" content=\"Annie Carriage\" \/>\n<meta name=\"twitter:card\" content=\"summary_large_image\" \/>\n<meta name=\"twitter:label1\" content=\"Skriven av\" \/>\n\t<meta name=\"twitter:data1\" content=\"Annie Carriage\" \/>\n\t<meta name=\"twitter:label2\" content=\"Ber\u00e4knad l\u00e4stid\" \/>\n\t<meta name=\"twitter:data2\" content=\"5 minuter\" \/>\n<script type=\"application\/ld+json\" class=\"yoast-schema-graph\">{\"@context\":\"https:\/\/schema.org\",\"@graph\":[{\"@type\":\"Article\",\"@id\":\"https:\/\/www.budokampsport.se\/2024\/04\/20\/rapport-fran-forbundsstamman-2024\/#article\",\"isPartOf\":{\"@id\":\"https:\/\/www.budokampsport.se\/2024\/04\/20\/rapport-fran-forbundsstamman-2024\/\"},\"author\":{\"name\":\"Annie Carriage\",\"@id\":\"https:\/\/www.budokampsport.se\/#\/schema\/person\/c838cace8171f692e363fde3f38f208b\"},\"headline\":\"Rapport fr\u00e5n f\u00f6rbundsst\u00e4mman 2024\",\"datePublished\":\"2024-04-20T15:28:45+00:00\",\"mainEntityOfPage\":{\"@id\":\"https:\/\/www.budokampsport.se\/2024\/04\/20\/rapport-fran-forbundsstamman-2024\/\"},\"wordCount\":1001,\"image\":{\"@id\":\"https:\/\/www.budokampsport.se\/2024\/04\/20\/rapport-fran-forbundsstamman-2024\/#primaryimage\"},\"thumbnailUrl\":\"https:\/\/www.budokampsport.se\/wp-content\/uploads\/2024\/04\/ak.jpg\",\"articleSection\":[\"\u00c5rsm\u00f6te\"],\"inLanguage\":\"sv-SE\"},{\"@type\":\"WebPage\",\"@id\":\"https:\/\/www.budokampsport.se\/2024\/04\/20\/rapport-fran-forbundsstamman-2024\/\",\"url\":\"https:\/\/www.budokampsport.se\/2024\/04\/20\/rapport-fran-forbundsstamman-2024\/\",\"name\":\"Rapport fr\u00e5n f\u00f6rbundsst\u00e4mman 2024 - Svenska Budo &amp; Kampsportsf\u00f6rbundet\",\"isPartOf\":{\"@id\":\"https:\/\/www.budokampsport.se\/#website\"},\"primaryImageOfPage\":{\"@id\":\"https:\/\/www.budokampsport.se\/2024\/04\/20\/rapport-fran-forbundsstamman-2024\/#primaryimage\"},\"image\":{\"@id\":\"https:\/\/www.budokampsport.se\/2024\/04\/20\/rapport-fran-forbundsstamman-2024\/#primaryimage\"},\"thumbnailUrl\":\"https:\/\/www.budokampsport.se\/wp-content\/uploads\/2024\/04\/ak.jpg\",\"datePublished\":\"2024-04-20T15:28:45+00:00\",\"author\":{\"@id\":\"https:\/\/www.budokampsport.se\/#\/schema\/person\/c838cace8171f692e363fde3f38f208b\"},\"description\":\"\u00c5RSM\u00d6TE. Idag h\u00f6ll SB&K sitt \u00e5rsm\u00f6te p\u00e5 WTC i Stockholm.\",\"breadcrumb\":{\"@id\":\"https:\/\/www.budokampsport.se\/2024\/04\/20\/rapport-fran-forbundsstamman-2024\/#breadcrumb\"},\"inLanguage\":\"sv-SE\",\"potentialAction\":[{\"@type\":\"ReadAction\",\"target\":[\"https:\/\/www.budokampsport.se\/2024\/04\/20\/rapport-fran-forbundsstamman-2024\/\"]}]},{\"@type\":\"ImageObject\",\"inLanguage\":\"sv-SE\",\"@id\":\"https:\/\/www.budokampsport.se\/2024\/04\/20\/rapport-fran-forbundsstamman-2024\/#primaryimage\",\"url\":\"https:\/\/www.budokampsport.se\/wp-content\/uploads\/2024\/04\/ak.jpg\",\"contentUrl\":\"https:\/\/www.budokampsport.se\/wp-content\/uploads\/2024\/04\/ak.jpg\",\"width\":850,\"height\":539},{\"@type\":\"BreadcrumbList\",\"@id\":\"https:\/\/www.budokampsport.se\/2024\/04\/20\/rapport-fran-forbundsstamman-2024\/#breadcrumb\",\"itemListElement\":[{\"@type\":\"ListItem\",\"position\":1,\"name\":\"Hem\",\"item\":\"https:\/\/www.budokampsport.se\/\"},{\"@type\":\"ListItem\",\"position\":2,\"name\":\"Rapport fr\u00e5n f\u00f6rbundsst\u00e4mman 2024\"}]},{\"@type\":\"WebSite\",\"@id\":\"https:\/\/www.budokampsport.se\/#website\",\"url\":\"https:\/\/www.budokampsport.se\/\",\"name\":\"Svenska Budo &amp; Kampsportsf\u00f6rbundet\",\"description\":\"T\u00e4vling, Tr\u00e4ning, Tradition\",\"potentialAction\":[{\"@type\":\"SearchAction\",\"target\":{\"@type\":\"EntryPoint\",\"urlTemplate\":\"https:\/\/www.budokampsport.se\/?s={search_term_string}\"},\"query-input\":{\"@type\":\"PropertyValueSpecification\",\"valueRequired\":true,\"valueName\":\"search_term_string\"}}],\"inLanguage\":\"sv-SE\"},{\"@type\":\"Person\",\"@id\":\"https:\/\/www.budokampsport.se\/#\/schema\/person\/c838cace8171f692e363fde3f38f208b\",\"name\":\"Annie Carriage\",\"image\":{\"@type\":\"ImageObject\",\"inLanguage\":\"sv-SE\",\"@id\":\"https:\/\/www.budokampsport.se\/#\/schema\/person\/image\/\",\"url\":\"https:\/\/secure.gravatar.com\/avatar\/9311295560bdfbdf78365a26f7df1876?s=96&d=blank&r=g\",\"contentUrl\":\"https:\/\/secure.gravatar.com\/avatar\/9311295560bdfbdf78365a26f7df1876?s=96&d=blank&r=g\",\"caption\":\"Annie Carriage\"},\"url\":\"https:\/\/www.budokampsport.se\/author\/annie-bondefelt\/\"}]}<\/script>\n<!-- \/ Yoast SEO plugin. -->","yoast_head_json":{"title":"Rapport fr\u00e5n f\u00f6rbundsst\u00e4mman 2024 - Svenska Budo &amp; Kampsportsf\u00f6rbundet","description":"\u00c5RSM\u00d6TE. Idag h\u00f6ll SB&K sitt \u00e5rsm\u00f6te p\u00e5 WTC i Stockholm.","robots":{"index":"index","follow":"follow","max-snippet":"max-snippet:-1","max-image-preview":"max-image-preview:large","max-video-preview":"max-video-preview:-1"},"canonical":"https:\/\/www.budokampsport.se\/2024\/04\/20\/rapport-fran-forbundsstamman-2024\/","og_locale":"sv_SE","og_type":"article","og_title":"Rapport fr\u00e5n f\u00f6rbundsst\u00e4mman 2024 - Svenska Budo &amp; Kampsportsf\u00f6rbundet","og_description":"\u00c5RSM\u00d6TE. Idag h\u00f6ll SB&K sitt \u00e5rsm\u00f6te p\u00e5 WTC i Stockholm.","og_url":"https:\/\/www.budokampsport.se\/2024\/04\/20\/rapport-fran-forbundsstamman-2024\/","og_site_name":"Svenska Budo &amp; Kampsportsf\u00f6rbundet","article_published_time":"2024-04-20T15:28:45+00:00","og_image":[{"width":850,"height":539,"url":"https:\/\/www.budokampsport.se\/wp-content\/uploads\/2024\/04\/ak.jpg","type":"image\/jpeg"}],"author":"Annie Carriage","twitter_card":"summary_large_image","twitter_misc":{"Skriven av":"Annie Carriage","Ber\u00e4knad l\u00e4stid":"5 minuter"},"schema":{"@context":"https:\/\/schema.org","@graph":[{"@type":"Article","@id":"https:\/\/www.budokampsport.se\/2024\/04\/20\/rapport-fran-forbundsstamman-2024\/#article","isPartOf":{"@id":"https:\/\/www.budokampsport.se\/2024\/04\/20\/rapport-fran-forbundsstamman-2024\/"},"author":{"name":"Annie Carriage","@id":"https:\/\/www.budokampsport.se\/#\/schema\/person\/c838cace8171f692e363fde3f38f208b"},"headline":"Rapport fr\u00e5n f\u00f6rbundsst\u00e4mman 2024","datePublished":"2024-04-20T15:28:45+00:00","mainEntityOfPage":{"@id":"https:\/\/www.budokampsport.se\/2024\/04\/20\/rapport-fran-forbundsstamman-2024\/"},"wordCount":1001,"image":{"@id":"https:\/\/www.budokampsport.se\/2024\/04\/20\/rapport-fran-forbundsstamman-2024\/#primaryimage"},"thumbnailUrl":"https:\/\/www.budokampsport.se\/wp-content\/uploads\/2024\/04\/ak.jpg","articleSection":["\u00c5rsm\u00f6te"],"inLanguage":"sv-SE"},{"@type":"WebPage","@id":"https:\/\/www.budokampsport.se\/2024\/04\/20\/rapport-fran-forbundsstamman-2024\/","url":"https:\/\/www.budokampsport.se\/2024\/04\/20\/rapport-fran-forbundsstamman-2024\/","name":"Rapport fr\u00e5n f\u00f6rbundsst\u00e4mman 2024 - Svenska Budo &amp; Kampsportsf\u00f6rbundet","isPartOf":{"@id":"https:\/\/www.budokampsport.se\/#website"},"primaryImageOfPage":{"@id":"https:\/\/www.budokampsport.se\/2024\/04\/20\/rapport-fran-forbundsstamman-2024\/#primaryimage"},"image":{"@id":"https:\/\/www.budokampsport.se\/2024\/04\/20\/rapport-fran-forbundsstamman-2024\/#primaryimage"},"thumbnailUrl":"https:\/\/www.budokampsport.se\/wp-content\/uploads\/2024\/04\/ak.jpg","datePublished":"2024-04-20T15:28:45+00:00","author":{"@id":"https:\/\/www.budokampsport.se\/#\/schema\/person\/c838cace8171f692e363fde3f38f208b"},"description":"\u00c5RSM\u00d6TE. Idag h\u00f6ll SB&K sitt \u00e5rsm\u00f6te p\u00e5 WTC i Stockholm.","breadcrumb":{"@id":"https:\/\/www.budokampsport.se\/2024\/04\/20\/rapport-fran-forbundsstamman-2024\/#breadcrumb"},"inLanguage":"sv-SE","potentialAction":[{"@type":"ReadAction","target":["https:\/\/www.budokampsport.se\/2024\/04\/20\/rapport-fran-forbundsstamman-2024\/"]}]},{"@type":"ImageObject","inLanguage":"sv-SE","@id":"https:\/\/www.budokampsport.se\/2024\/04\/20\/rapport-fran-forbundsstamman-2024\/#primaryimage","url":"https:\/\/www.budokampsport.se\/wp-content\/uploads\/2024\/04\/ak.jpg","contentUrl":"https:\/\/www.budokampsport.se\/wp-content\/uploads\/2024\/04\/ak.jpg","width":850,"height":539},{"@type":"BreadcrumbList","@id":"https:\/\/www.budokampsport.se\/2024\/04\/20\/rapport-fran-forbundsstamman-2024\/#breadcrumb","itemListElement":[{"@type":"ListItem","position":1,"name":"Hem","item":"https:\/\/www.budokampsport.se\/"},{"@type":"ListItem","position":2,"name":"Rapport fr\u00e5n f\u00f6rbundsst\u00e4mman 2024"}]},{"@type":"WebSite","@id":"https:\/\/www.budokampsport.se\/#website","url":"https:\/\/www.budokampsport.se\/","name":"Svenska Budo &amp; Kampsportsf\u00f6rbundet","description":"T\u00e4vling, Tr\u00e4ning, Tradition","potentialAction":[{"@type":"SearchAction","target":{"@type":"EntryPoint","urlTemplate":"https:\/\/www.budokampsport.se\/?s={search_term_string}"},"query-input":{"@type":"PropertyValueSpecification","valueRequired":true,"valueName":"search_term_string"}}],"inLanguage":"sv-SE"},{"@type":"Person","@id":"https:\/\/www.budokampsport.se\/#\/schema\/person\/c838cace8171f692e363fde3f38f208b","name":"Annie Carriage","image":{"@type":"ImageObject","inLanguage":"sv-SE","@id":"https:\/\/www.budokampsport.se\/#\/schema\/person\/image\/","url":"https:\/\/secure.gravatar.com\/avatar\/9311295560bdfbdf78365a26f7df1876?s=96&d=blank&r=g","contentUrl":"https:\/\/secure.gravatar.com\/avatar\/9311295560bdfbdf78365a26f7df1876?s=96&d=blank&r=g","caption":"Annie Carriage"},"url":"https:\/\/www.budokampsport.se\/author\/annie-bondefelt\/"}]}},"_links":{"self":[{"href":"https:\/\/www.budokampsport.se\/api\/wp\/v2\/posts\/168668","targetHints":{"allow":["GET"]}}],"collection":[{"href":"https:\/\/www.budokampsport.se\/api\/wp\/v2\/posts"}],"about":[{"href":"https:\/\/www.budokampsport.se\/api\/wp\/v2\/types\/post"}],"author":[{"embeddable":true,"href":"https:\/\/www.budokampsport.se\/api\/wp\/v2\/users\/120"}],"replies":[{"embeddable":true,"href":"https:\/\/www.budokampsport.se\/api\/wp\/v2\/comments?post=168668"}],"version-history":[{"count":0,"href":"https:\/\/www.budokampsport.se\/api\/wp\/v2\/posts\/168668\/revisions"}],"wp:featuredmedia":[{"embeddable":true,"href":"https:\/\/www.budokampsport.se\/api\/wp\/v2\/media\/168670"}],"wp:attachment":[{"href":"https:\/\/www.budokampsport.se\/api\/wp\/v2\/media?parent=168668"}],"wp:term":[{"taxonomy":"category","embeddable":true,"href":"https:\/\/www.budokampsport.se\/api\/wp\/v2\/categories?post=168668"},{"taxonomy":"post_tag","embeddable":true,"href":"https:\/\/www.budokampsport.se\/api\/wp\/v2\/tags?post=168668"}],"curies":[{"name":"wp","href":"https:\/\/api.w.org\/{rel}","templated":true}]}}