{"id":169199,"date":"2024-05-03T18:42:32","date_gmt":"2024-05-03T16:42:32","guid":{"rendered":"https:\/\/www.budokampsport.se\/?p=169199"},"modified":"2024-07-23T15:27:33","modified_gmt":"2024-07-23T13:27:33","slug":"harlig-forsta-em-dag-i-wushun","status":"publish","type":"post","link":"https:\/\/www.budokampsport.se\/2024\/05\/03\/harlig-forsta-em-dag-i-wushun\/","title":{"rendered":"H\u00e4rlig f\u00f6rsta EM-dag i wushun"},"content":{"rendered":"<p>Det blev en v\u00e4ldigt fin premi\u00e4rdag i wushu-EM i Victoriahallen i Stockholmsm\u00e4ssan. Arrangemanget bj\u00f6d p\u00e5 tre mattors underh\u00e5llning, tv\u00e5 taolu-mattor och en, som traditionen bjuder, upph\u00f6jd sanda-matta.<\/p>\n<p>Det i kombination med med proffsig ljud- och ljuss\u00e4ttning, tillsammans med entusiastiskt p\u00e5hejande fr\u00e5n publik, ramade fint in f\u00f6rsta dagen.<\/p>\n<p>D\u00e4rtill presterade det svenska landslaget v\u00e4l med de sex bl\u00e5gula t\u00e4vlande\u00a0 som var i farten idag: tv\u00e5 (juniorer) i taolu och fyra i sanda.<\/p>\n<p>B\u00e5da juniorerna i taolu, <strong>Bella Weicht Cliffordson <\/strong>och<strong> Vincent Olsson<\/strong>, gjorde starka insatser men r\u00e4ckte inte fram till medalj den h\u00e4r dagen.<\/p>\n<figure id=\"attachment_169203\" aria-describedby=\"caption-attachment-169203\" style=\"width: 850px\" class=\"wp-caption alignnone\"><img loading=\"lazy\" decoding=\"async\" class=\"size-full wp-image-169203\" src=\"https:\/\/www.budokampsport.se\/wp-content\/uploads\/2024\/05\/juniorer.jpg\" alt=\"\" width=\"850\" height=\"550\" srcset=\"https:\/\/www.budokampsport.se\/wp-content\/uploads\/2024\/05\/juniorer.jpg 850w, https:\/\/www.budokampsport.se\/wp-content\/uploads\/2024\/05\/juniorer-600x388.jpg 600w, https:\/\/www.budokampsport.se\/wp-content\/uploads\/2024\/05\/juniorer-376x243.jpg 376w, https:\/\/www.budokampsport.se\/wp-content\/uploads\/2024\/05\/juniorer-847x548.jpg 847w, https:\/\/www.budokampsport.se\/wp-content\/uploads\/2024\/05\/juniorer-278x180.jpg 278w, https:\/\/www.budokampsport.se\/wp-content\/uploads\/2024\/05\/juniorer-572x370.jpg 572w\" sizes=\"auto, (max-width: 850px) 100vw, 850px\" \/><figcaption id=\"caption-attachment-169203\" class=\"wp-caption-text\">Vincent Olsson och Bella Weicht Cliffordson i taolu<\/figcaption><\/figure>\n<p>F\u00f6rst ut av svenskarna i sanda i det h\u00e4r m\u00e4sterskapet blev <strong>Paolo Pasquariello <\/strong>(rubrikbilden) i -65-kilosklassen. Och efter en ordentlig nagelbitare v\u00e4nde han ett prek\u00e4rt underl\u00e4ge till seger med 2-1 i ronder, mot starkt ukrainskt motst\u00e5nd och \u00e4r d\u00e4rmed klar f\u00f6r morgondagens semifinal i viktklassen.<\/p>\n<p>I -75-kilosklassen visade <strong>Mikael F\u00e4ldt<\/strong> upp ett brett register. Han f\u00f6rde sin kvartsfinal mot portugisen Telno Marinho och var t\u00e4t defensivt och hade v\u00e4ltajmade kraftfulla offensiva attacker. Det blev ett s\u00e4kert avancemang till morgondagens semifinal.<\/p>\n<figure id=\"attachment_169202\" aria-describedby=\"caption-attachment-169202\" style=\"width: 850px\" class=\"wp-caption alignnone\"><img loading=\"lazy\" decoding=\"async\" class=\"wp-image-169202 size-full\" src=\"https:\/\/www.budokampsport.se\/wp-content\/uploads\/2024\/05\/miakel_Faldt.jpg\" alt=\"\" width=\"850\" height=\"567\" srcset=\"https:\/\/www.budokampsport.se\/wp-content\/uploads\/2024\/05\/miakel_Faldt.jpg 850w, https:\/\/www.budokampsport.se\/wp-content\/uploads\/2024\/05\/miakel_Faldt-600x400.jpg 600w, https:\/\/www.budokampsport.se\/wp-content\/uploads\/2024\/05\/miakel_Faldt-376x251.jpg 376w, https:\/\/www.budokampsport.se\/wp-content\/uploads\/2024\/05\/miakel_Faldt-847x565.jpg 847w, https:\/\/www.budokampsport.se\/wp-content\/uploads\/2024\/05\/miakel_Faldt-278x185.jpg 278w, https:\/\/www.budokampsport.se\/wp-content\/uploads\/2024\/05\/miakel_Faldt-572x382.jpg 572w\" sizes=\"auto, (max-width: 850px) 100vw, 850px\" \/><figcaption id=\"caption-attachment-169202\" class=\"wp-caption-text\">Mikael F\u00e4ldt med sammanbiten blick<\/figcaption><\/figure>\n<p>Det blev emellertid sn\u00f6pliga f\u00f6rluster f\u00f6r <strong>Andre Adolfo<\/strong>, d\u00e4r han f\u00f6rlorade tv\u00e5 v\u00e4ldigt j\u00e4mna ronder, och f\u00f6r <strong>Seuri Basilio<\/strong>.<\/p>\n<p>Text och foto: Jonathan Broberg<\/p>\n","protected":false},"excerpt":{"rendered":"<p>WUSHU. Det blev en sprudlande f\u00f6rsta t\u00e4vlingsdag i wushu-EM i Victoriahallen i Stockholmsm\u00e4ssan. Emellan\u00e5t var ljudvolymen fr\u00e5n publik h\u00f6g och upplevelsen kan inte beskrivas som annat \u00e4n ljuvlig. Dessutom med flera fina svenska prestationer.<\/p><br>","protected":false},"author":7,"featured_media":169201,"comment_status":"closed","ping_status":"closed","sticky":false,"template":"","format":"standard","meta":{"_acf_changed":false,"footnotes":""},"categories":[542],"tags":[],"class_list":["post-169199","post","type-post","status-publish","format-standard","has-post-thumbnail","hentry","category-wushu"],"acf":[],"yoast_head":"<!-- This site is optimized with the Yoast SEO plugin v26.8 - https:\/\/yoast.com\/product\/yoast-seo-wordpress\/ -->\n<title>H\u00e4rlig f\u00f6rsta EM-dag i wushun - Svenska Budo &amp; Kampsportsf\u00f6rbundet<\/title>\n<meta name=\"description\" content=\"WUSHU. Det blev en sprudlande f\u00f6rsta t\u00e4vlingsdag i wushu-EM i Victoriahallen i Stockholmsm\u00e4ssan. Emellan\u00e5t var ljudvolymen fr\u00e5n publik h\u00f6g och upplevelsen kan inte beskrivas som annat \u00e4n ljuvlig. Dessutom med flera fina svenska prestationer.\" \/>\n<meta name=\"robots\" content=\"index, follow, max-snippet:-1, max-image-preview:large, max-video-preview:-1\" \/>\n<link rel=\"canonical\" href=\"https:\/\/www.budokampsport.se\/2024\/05\/03\/harlig-forsta-em-dag-i-wushun\/\" \/>\n<meta property=\"og:locale\" content=\"sv_SE\" \/>\n<meta property=\"og:type\" content=\"article\" \/>\n<meta property=\"og:title\" content=\"H\u00e4rlig f\u00f6rsta EM-dag i wushun - Svenska Budo &amp; Kampsportsf\u00f6rbundet\" \/>\n<meta property=\"og:description\" content=\"WUSHU. Det blev en sprudlande f\u00f6rsta t\u00e4vlingsdag i wushu-EM i Victoriahallen i Stockholmsm\u00e4ssan. Emellan\u00e5t var ljudvolymen fr\u00e5n publik h\u00f6g och upplevelsen kan inte beskrivas som annat \u00e4n ljuvlig. Dessutom med flera fina svenska prestationer.\" \/>\n<meta property=\"og:url\" content=\"https:\/\/www.budokampsport.se\/2024\/05\/03\/harlig-forsta-em-dag-i-wushun\/\" \/>\n<meta property=\"og:site_name\" content=\"Svenska Budo &amp; Kampsportsf\u00f6rbundet\" \/>\n<meta property=\"article:author\" content=\"https:\/\/www.facebook.com\/jonathan.broberg.7\" \/>\n<meta property=\"article:published_time\" content=\"2024-05-03T16:42:32+00:00\" \/>\n<meta property=\"article:modified_time\" content=\"2024-07-23T13:27:33+00:00\" \/>\n<meta property=\"og:image\" content=\"https:\/\/www.budokampsport.se\/wp-content\/uploads\/2024\/05\/Paolo_-Pasquariello_wushu-EM_vinnare.jpg\" \/>\n\t<meta property=\"og:image:width\" content=\"850\" \/>\n\t<meta property=\"og:image:height\" content=\"665\" \/>\n\t<meta property=\"og:image:type\" content=\"image\/jpeg\" \/>\n<meta name=\"author\" content=\"Jonathan Broberg\" \/>\n<meta name=\"twitter:card\" content=\"summary_large_image\" \/>\n<meta name=\"twitter:label1\" content=\"Skriven av\" \/>\n\t<meta name=\"twitter:data1\" content=\"Jonathan Broberg\" \/>\n\t<meta name=\"twitter:label2\" content=\"Ber\u00e4knad l\u00e4stid\" \/>\n\t<meta name=\"twitter:data2\" content=\"2 minuter\" \/>\n<script type=\"application\/ld+json\" class=\"yoast-schema-graph\">{\"@context\":\"https:\/\/schema.org\",\"@graph\":[{\"@type\":\"Article\",\"@id\":\"https:\/\/www.budokampsport.se\/2024\/05\/03\/harlig-forsta-em-dag-i-wushun\/#article\",\"isPartOf\":{\"@id\":\"https:\/\/www.budokampsport.se\/2024\/05\/03\/harlig-forsta-em-dag-i-wushun\/\"},\"author\":{\"name\":\"Jonathan Broberg\",\"@id\":\"https:\/\/www.budokampsport.se\/#\/schema\/person\/5c06d81d14850e2a8ce5493386560145\"},\"headline\":\"H\u00e4rlig f\u00f6rsta EM-dag i wushun\",\"datePublished\":\"2024-05-03T16:42:32+00:00\",\"dateModified\":\"2024-07-23T13:27:33+00:00\",\"mainEntityOfPage\":{\"@id\":\"https:\/\/www.budokampsport.se\/2024\/05\/03\/harlig-forsta-em-dag-i-wushun\/\"},\"wordCount\":273,\"image\":{\"@id\":\"https:\/\/www.budokampsport.se\/2024\/05\/03\/harlig-forsta-em-dag-i-wushun\/#primaryimage\"},\"thumbnailUrl\":\"https:\/\/www.budokampsport.se\/wp-content\/uploads\/2024\/05\/Paolo_-Pasquariello_wushu-EM_vinnare.jpg\",\"articleSection\":[\"Wushu\"],\"inLanguage\":\"sv-SE\"},{\"@type\":\"WebPage\",\"@id\":\"https:\/\/www.budokampsport.se\/2024\/05\/03\/harlig-forsta-em-dag-i-wushun\/\",\"url\":\"https:\/\/www.budokampsport.se\/2024\/05\/03\/harlig-forsta-em-dag-i-wushun\/\",\"name\":\"H\u00e4rlig f\u00f6rsta EM-dag i wushun - Svenska Budo &amp; Kampsportsf\u00f6rbundet\",\"isPartOf\":{\"@id\":\"https:\/\/www.budokampsport.se\/#website\"},\"primaryImageOfPage\":{\"@id\":\"https:\/\/www.budokampsport.se\/2024\/05\/03\/harlig-forsta-em-dag-i-wushun\/#primaryimage\"},\"image\":{\"@id\":\"https:\/\/www.budokampsport.se\/2024\/05\/03\/harlig-forsta-em-dag-i-wushun\/#primaryimage\"},\"thumbnailUrl\":\"https:\/\/www.budokampsport.se\/wp-content\/uploads\/2024\/05\/Paolo_-Pasquariello_wushu-EM_vinnare.jpg\",\"datePublished\":\"2024-05-03T16:42:32+00:00\",\"dateModified\":\"2024-07-23T13:27:33+00:00\",\"author\":{\"@id\":\"https:\/\/www.budokampsport.se\/#\/schema\/person\/5c06d81d14850e2a8ce5493386560145\"},\"description\":\"WUSHU. Det blev en sprudlande f\u00f6rsta t\u00e4vlingsdag i wushu-EM i Victoriahallen i Stockholmsm\u00e4ssan. Emellan\u00e5t var ljudvolymen fr\u00e5n publik h\u00f6g och upplevelsen kan inte beskrivas som annat \u00e4n ljuvlig. Dessutom med flera fina svenska prestationer.\",\"breadcrumb\":{\"@id\":\"https:\/\/www.budokampsport.se\/2024\/05\/03\/harlig-forsta-em-dag-i-wushun\/#breadcrumb\"},\"inLanguage\":\"sv-SE\",\"potentialAction\":[{\"@type\":\"ReadAction\",\"target\":[\"https:\/\/www.budokampsport.se\/2024\/05\/03\/harlig-forsta-em-dag-i-wushun\/\"]}]},{\"@type\":\"ImageObject\",\"inLanguage\":\"sv-SE\",\"@id\":\"https:\/\/www.budokampsport.se\/2024\/05\/03\/harlig-forsta-em-dag-i-wushun\/#primaryimage\",\"url\":\"https:\/\/www.budokampsport.se\/wp-content\/uploads\/2024\/05\/Paolo_-Pasquariello_wushu-EM_vinnare.jpg\",\"contentUrl\":\"https:\/\/www.budokampsport.se\/wp-content\/uploads\/2024\/05\/Paolo_-Pasquariello_wushu-EM_vinnare.jpg\",\"width\":850,\"height\":665},{\"@type\":\"BreadcrumbList\",\"@id\":\"https:\/\/www.budokampsport.se\/2024\/05\/03\/harlig-forsta-em-dag-i-wushun\/#breadcrumb\",\"itemListElement\":[{\"@type\":\"ListItem\",\"position\":1,\"name\":\"Hem\",\"item\":\"https:\/\/www.budokampsport.se\/\"},{\"@type\":\"ListItem\",\"position\":2,\"name\":\"H\u00e4rlig f\u00f6rsta EM-dag i wushun\"}]},{\"@type\":\"WebSite\",\"@id\":\"https:\/\/www.budokampsport.se\/#website\",\"url\":\"https:\/\/www.budokampsport.se\/\",\"name\":\"Svenska Budo &amp; Kampsportsf\u00f6rbundet\",\"description\":\"T\u00e4vling, Tr\u00e4ning, Tradition\",\"potentialAction\":[{\"@type\":\"SearchAction\",\"target\":{\"@type\":\"EntryPoint\",\"urlTemplate\":\"https:\/\/www.budokampsport.se\/?s={search_term_string}\"},\"query-input\":{\"@type\":\"PropertyValueSpecification\",\"valueRequired\":true,\"valueName\":\"search_term_string\"}}],\"inLanguage\":\"sv-SE\"},{\"@type\":\"Person\",\"@id\":\"https:\/\/www.budokampsport.se\/#\/schema\/person\/5c06d81d14850e2a8ce5493386560145\",\"name\":\"Jonathan Broberg\",\"image\":{\"@type\":\"ImageObject\",\"inLanguage\":\"sv-SE\",\"@id\":\"https:\/\/www.budokampsport.se\/#\/schema\/person\/image\/\",\"url\":\"https:\/\/secure.gravatar.com\/avatar\/a58041c6cea9128bd9c40ee2f26d4136?s=96&d=blank&r=g\",\"contentUrl\":\"https:\/\/secure.gravatar.com\/avatar\/a58041c6cea9128bd9c40ee2f26d4136?s=96&d=blank&r=g\",\"caption\":\"Jonathan Broberg\"},\"sameAs\":[\"https:\/\/www.facebook.com\/jonathan.broberg.7\"],\"url\":\"https:\/\/www.budokampsport.se\/author\/jonathan\/\"}]}<\/script>\n<!-- \/ Yoast SEO plugin. -->","yoast_head_json":{"title":"H\u00e4rlig f\u00f6rsta EM-dag i wushun - Svenska Budo &amp; Kampsportsf\u00f6rbundet","description":"WUSHU. Det blev en sprudlande f\u00f6rsta t\u00e4vlingsdag i wushu-EM i Victoriahallen i Stockholmsm\u00e4ssan. Emellan\u00e5t var ljudvolymen fr\u00e5n publik h\u00f6g och upplevelsen kan inte beskrivas som annat \u00e4n ljuvlig. Dessutom med flera fina svenska prestationer.","robots":{"index":"index","follow":"follow","max-snippet":"max-snippet:-1","max-image-preview":"max-image-preview:large","max-video-preview":"max-video-preview:-1"},"canonical":"https:\/\/www.budokampsport.se\/2024\/05\/03\/harlig-forsta-em-dag-i-wushun\/","og_locale":"sv_SE","og_type":"article","og_title":"H\u00e4rlig f\u00f6rsta EM-dag i wushun - Svenska Budo &amp; Kampsportsf\u00f6rbundet","og_description":"WUSHU. Det blev en sprudlande f\u00f6rsta t\u00e4vlingsdag i wushu-EM i Victoriahallen i Stockholmsm\u00e4ssan. Emellan\u00e5t var ljudvolymen fr\u00e5n publik h\u00f6g och upplevelsen kan inte beskrivas som annat \u00e4n ljuvlig. Dessutom med flera fina svenska prestationer.","og_url":"https:\/\/www.budokampsport.se\/2024\/05\/03\/harlig-forsta-em-dag-i-wushun\/","og_site_name":"Svenska Budo &amp; Kampsportsf\u00f6rbundet","article_author":"https:\/\/www.facebook.com\/jonathan.broberg.7","article_published_time":"2024-05-03T16:42:32+00:00","article_modified_time":"2024-07-23T13:27:33+00:00","og_image":[{"width":850,"height":665,"url":"https:\/\/www.budokampsport.se\/wp-content\/uploads\/2024\/05\/Paolo_-Pasquariello_wushu-EM_vinnare.jpg","type":"image\/jpeg"}],"author":"Jonathan Broberg","twitter_card":"summary_large_image","twitter_misc":{"Skriven av":"Jonathan Broberg","Ber\u00e4knad l\u00e4stid":"2 minuter"},"schema":{"@context":"https:\/\/schema.org","@graph":[{"@type":"Article","@id":"https:\/\/www.budokampsport.se\/2024\/05\/03\/harlig-forsta-em-dag-i-wushun\/#article","isPartOf":{"@id":"https:\/\/www.budokampsport.se\/2024\/05\/03\/harlig-forsta-em-dag-i-wushun\/"},"author":{"name":"Jonathan Broberg","@id":"https:\/\/www.budokampsport.se\/#\/schema\/person\/5c06d81d14850e2a8ce5493386560145"},"headline":"H\u00e4rlig f\u00f6rsta EM-dag i wushun","datePublished":"2024-05-03T16:42:32+00:00","dateModified":"2024-07-23T13:27:33+00:00","mainEntityOfPage":{"@id":"https:\/\/www.budokampsport.se\/2024\/05\/03\/harlig-forsta-em-dag-i-wushun\/"},"wordCount":273,"image":{"@id":"https:\/\/www.budokampsport.se\/2024\/05\/03\/harlig-forsta-em-dag-i-wushun\/#primaryimage"},"thumbnailUrl":"https:\/\/www.budokampsport.se\/wp-content\/uploads\/2024\/05\/Paolo_-Pasquariello_wushu-EM_vinnare.jpg","articleSection":["Wushu"],"inLanguage":"sv-SE"},{"@type":"WebPage","@id":"https:\/\/www.budokampsport.se\/2024\/05\/03\/harlig-forsta-em-dag-i-wushun\/","url":"https:\/\/www.budokampsport.se\/2024\/05\/03\/harlig-forsta-em-dag-i-wushun\/","name":"H\u00e4rlig f\u00f6rsta EM-dag i wushun - Svenska Budo &amp; Kampsportsf\u00f6rbundet","isPartOf":{"@id":"https:\/\/www.budokampsport.se\/#website"},"primaryImageOfPage":{"@id":"https:\/\/www.budokampsport.se\/2024\/05\/03\/harlig-forsta-em-dag-i-wushun\/#primaryimage"},"image":{"@id":"https:\/\/www.budokampsport.se\/2024\/05\/03\/harlig-forsta-em-dag-i-wushun\/#primaryimage"},"thumbnailUrl":"https:\/\/www.budokampsport.se\/wp-content\/uploads\/2024\/05\/Paolo_-Pasquariello_wushu-EM_vinnare.jpg","datePublished":"2024-05-03T16:42:32+00:00","dateModified":"2024-07-23T13:27:33+00:00","author":{"@id":"https:\/\/www.budokampsport.se\/#\/schema\/person\/5c06d81d14850e2a8ce5493386560145"},"description":"WUSHU. Det blev en sprudlande f\u00f6rsta t\u00e4vlingsdag i wushu-EM i Victoriahallen i Stockholmsm\u00e4ssan. Emellan\u00e5t var ljudvolymen fr\u00e5n publik h\u00f6g och upplevelsen kan inte beskrivas som annat \u00e4n ljuvlig. Dessutom med flera fina svenska prestationer.","breadcrumb":{"@id":"https:\/\/www.budokampsport.se\/2024\/05\/03\/harlig-forsta-em-dag-i-wushun\/#breadcrumb"},"inLanguage":"sv-SE","potentialAction":[{"@type":"ReadAction","target":["https:\/\/www.budokampsport.se\/2024\/05\/03\/harlig-forsta-em-dag-i-wushun\/"]}]},{"@type":"ImageObject","inLanguage":"sv-SE","@id":"https:\/\/www.budokampsport.se\/2024\/05\/03\/harlig-forsta-em-dag-i-wushun\/#primaryimage","url":"https:\/\/www.budokampsport.se\/wp-content\/uploads\/2024\/05\/Paolo_-Pasquariello_wushu-EM_vinnare.jpg","contentUrl":"https:\/\/www.budokampsport.se\/wp-content\/uploads\/2024\/05\/Paolo_-Pasquariello_wushu-EM_vinnare.jpg","width":850,"height":665},{"@type":"BreadcrumbList","@id":"https:\/\/www.budokampsport.se\/2024\/05\/03\/harlig-forsta-em-dag-i-wushun\/#breadcrumb","itemListElement":[{"@type":"ListItem","position":1,"name":"Hem","item":"https:\/\/www.budokampsport.se\/"},{"@type":"ListItem","position":2,"name":"H\u00e4rlig f\u00f6rsta EM-dag i wushun"}]},{"@type":"WebSite","@id":"https:\/\/www.budokampsport.se\/#website","url":"https:\/\/www.budokampsport.se\/","name":"Svenska Budo &amp; Kampsportsf\u00f6rbundet","description":"T\u00e4vling, Tr\u00e4ning, Tradition","potentialAction":[{"@type":"SearchAction","target":{"@type":"EntryPoint","urlTemplate":"https:\/\/www.budokampsport.se\/?s={search_term_string}"},"query-input":{"@type":"PropertyValueSpecification","valueRequired":true,"valueName":"search_term_string"}}],"inLanguage":"sv-SE"},{"@type":"Person","@id":"https:\/\/www.budokampsport.se\/#\/schema\/person\/5c06d81d14850e2a8ce5493386560145","name":"Jonathan Broberg","image":{"@type":"ImageObject","inLanguage":"sv-SE","@id":"https:\/\/www.budokampsport.se\/#\/schema\/person\/image\/","url":"https:\/\/secure.gravatar.com\/avatar\/a58041c6cea9128bd9c40ee2f26d4136?s=96&d=blank&r=g","contentUrl":"https:\/\/secure.gravatar.com\/avatar\/a58041c6cea9128bd9c40ee2f26d4136?s=96&d=blank&r=g","caption":"Jonathan Broberg"},"sameAs":["https:\/\/www.facebook.com\/jonathan.broberg.7"],"url":"https:\/\/www.budokampsport.se\/author\/jonathan\/"}]}},"_links":{"self":[{"href":"https:\/\/www.budokampsport.se\/api\/wp\/v2\/posts\/169199","targetHints":{"allow":["GET"]}}],"collection":[{"href":"https:\/\/www.budokampsport.se\/api\/wp\/v2\/posts"}],"about":[{"href":"https:\/\/www.budokampsport.se\/api\/wp\/v2\/types\/post"}],"author":[{"embeddable":true,"href":"https:\/\/www.budokampsport.se\/api\/wp\/v2\/users\/7"}],"replies":[{"embeddable":true,"href":"https:\/\/www.budokampsport.se\/api\/wp\/v2\/comments?post=169199"}],"version-history":[{"count":0,"href":"https:\/\/www.budokampsport.se\/api\/wp\/v2\/posts\/169199\/revisions"}],"wp:featuredmedia":[{"embeddable":true,"href":"https:\/\/www.budokampsport.se\/api\/wp\/v2\/media\/169201"}],"wp:attachment":[{"href":"https:\/\/www.budokampsport.se\/api\/wp\/v2\/media?parent=169199"}],"wp:term":[{"taxonomy":"category","embeddable":true,"href":"https:\/\/www.budokampsport.se\/api\/wp\/v2\/categories?post=169199"},{"taxonomy":"post_tag","embeddable":true,"href":"https:\/\/www.budokampsport.se\/api\/wp\/v2\/tags?post=169199"}],"curies":[{"name":"wp","href":"https:\/\/api.w.org\/{rel}","templated":true}]}}