{"id":169691,"date":"2024-06-03T13:38:17","date_gmt":"2024-06-03T11:38:17","guid":{"rendered":"https:\/\/www.budokampsport.se\/?p=169691"},"modified":"2024-06-19T09:38:31","modified_gmt":"2024-06-19T07:38:31","slug":"snart-dags-for-nya-budokampsport-se","status":"publish","type":"post","link":"https:\/\/www.budokampsport.se\/2024\/06\/03\/snart-dags-for-nya-budokampsport-se\/","title":{"rendered":"Snart dags f\u00f6r nya budokampsport.se"},"content":{"rendered":"<p>Det \u00e4r snart dags f\u00f6r en ny hemsida f\u00f6r budokampsport.se.<\/p>\n<p>Den gamla fick en liten ansiktslyftning i och med f\u00f6rbundets nya grafiska profil, men den 18 juni, om allt g\u00e5r enligt plan, sl\u00e4pps nya budokampsport.se.<\/p>\n<h3>Nyhet: digitalt t\u00e4vlingskort sl\u00e4pps<\/h3>\n<p>Och i och med lanseringen kommer \u00e4nnu en stor uppdatering \u2013 det digitala t\u00e4vlingskortet.<\/p>\n<p>&#8211; <span class=\"ui-provider gl bsc bsd bse bsf bsg bsh bsi bsj bsk bsl bsm bsn bso bsp bsq bsr bss bst bsu bsv bsw bsx bsy bsz bta btb btc btd bte btf btg bth bti btj\" dir=\"ltr\"> J\u00e4ttekul. Det k\u00e4nns som att det \u00e4r beh\u00f6vligt. Den h\u00e4r generationens stora nyhet blir s\u00e5klart det digitala t\u00e4vlingskortet, som lanseras samtidigt som hemsidan sl\u00e4pps, s\u00e4ger Svenska Budo &amp; Kampsportsf\u00f6rbundets Generalsekreterare Mona Lundkvist till budokampsport.se.<\/span><\/p>\n<p>Text: Jonathan Broberg<\/p>\n","protected":false},"excerpt":{"rendered":"<p>HEMSIDAN. Det n\u00e4rmar sig en generationsv\u00e4xling f\u00f6r budokampsport.se, hemsidan f\u00f6r Svenska Budo &#038; Kampsportsf\u00f6rbundet. Den 18 juni, om inget of\u00f6rutsett h\u00e4nder, ska den nya sajten vara redo att m\u00f6ta dagens ljus.<br \/><br>(Illustration: Ida Brogren)<\/p><br>","protected":false},"author":7,"featured_media":160717,"comment_status":"closed","ping_status":"closed","sticky":false,"template":"","format":"standard","meta":{"_acf_changed":false,"footnotes":""},"categories":[531],"tags":[],"class_list":["post-169691","post","type-post","status-publish","format-standard","has-post-thumbnail","hentry","category-sbk-2"],"acf":[],"yoast_head":"<!-- This site is optimized with the Yoast SEO plugin v26.8 - https:\/\/yoast.com\/product\/yoast-seo-wordpress\/ -->\n<title>Snart dags f\u00f6r nya budokampsport.se - Svenska Budo &amp; Kampsportsf\u00f6rbundet<\/title>\n<meta name=\"description\" content=\"HEMSIDAN. Det n\u00e4rmar sig en generationsv\u00e4xling f\u00f6r budokampsport.se, hemsidan f\u00f6r Svenska Budo &amp; Kampsportsf\u00f6rbundet. Den 18 juni, om inget of\u00f6rutsett h\u00e4nder, ska den nya sajten vara redo att m\u00f6ta dagens ljus. (Illustration: Ida Brogren)\" \/>\n<meta name=\"robots\" content=\"index, follow, max-snippet:-1, max-image-preview:large, max-video-preview:-1\" \/>\n<link rel=\"canonical\" href=\"https:\/\/www.budokampsport.se\/2024\/06\/03\/snart-dags-for-nya-budokampsport-se\/\" \/>\n<meta property=\"og:locale\" content=\"sv_SE\" \/>\n<meta property=\"og:type\" content=\"article\" \/>\n<meta property=\"og:title\" content=\"Snart dags f\u00f6r nya budokampsport.se - Svenska Budo &amp; Kampsportsf\u00f6rbundet\" \/>\n<meta property=\"og:description\" content=\"HEMSIDAN. Det n\u00e4rmar sig en generationsv\u00e4xling f\u00f6r budokampsport.se, hemsidan f\u00f6r Svenska Budo &amp; Kampsportsf\u00f6rbundet. Den 18 juni, om inget of\u00f6rutsett h\u00e4nder, ska den nya sajten vara redo att m\u00f6ta dagens ljus. (Illustration: Ida Brogren)\" \/>\n<meta property=\"og:url\" content=\"https:\/\/www.budokampsport.se\/2024\/06\/03\/snart-dags-for-nya-budokampsport-se\/\" \/>\n<meta property=\"og:site_name\" content=\"Svenska Budo &amp; Kampsportsf\u00f6rbundet\" \/>\n<meta property=\"article:author\" content=\"https:\/\/www.facebook.com\/jonathan.broberg.7\" \/>\n<meta property=\"article:published_time\" content=\"2024-06-03T11:38:17+00:00\" \/>\n<meta property=\"article:modified_time\" content=\"2024-06-19T07:38:31+00:00\" \/>\n<meta property=\"og:image\" content=\"https:\/\/www.budokampsport.se\/wp-content\/uploads\/2023\/12\/Medlemskap_dator.png\" \/>\n\t<meta property=\"og:image:width\" content=\"861\" \/>\n\t<meta property=\"og:image:height\" content=\"550\" \/>\n\t<meta property=\"og:image:type\" content=\"image\/png\" \/>\n<meta name=\"author\" content=\"Jonathan Broberg\" \/>\n<meta name=\"twitter:card\" content=\"summary_large_image\" \/>\n<meta name=\"twitter:label1\" content=\"Skriven av\" \/>\n\t<meta name=\"twitter:data1\" content=\"Jonathan Broberg\" \/>\n\t<meta name=\"twitter:label2\" content=\"Ber\u00e4knad l\u00e4stid\" \/>\n\t<meta name=\"twitter:data2\" content=\"1 minut\" \/>\n<script type=\"application\/ld+json\" class=\"yoast-schema-graph\">{\"@context\":\"https:\/\/schema.org\",\"@graph\":[{\"@type\":\"Article\",\"@id\":\"https:\/\/www.budokampsport.se\/2024\/06\/03\/snart-dags-for-nya-budokampsport-se\/#article\",\"isPartOf\":{\"@id\":\"https:\/\/www.budokampsport.se\/2024\/06\/03\/snart-dags-for-nya-budokampsport-se\/\"},\"author\":{\"name\":\"Jonathan Broberg\",\"@id\":\"https:\/\/www.budokampsport.se\/#\/schema\/person\/5c06d81d14850e2a8ce5493386560145\"},\"headline\":\"Snart dags f\u00f6r nya budokampsport.se\",\"datePublished\":\"2024-06-03T11:38:17+00:00\",\"dateModified\":\"2024-06-19T07:38:31+00:00\",\"mainEntityOfPage\":{\"@id\":\"https:\/\/www.budokampsport.se\/2024\/06\/03\/snart-dags-for-nya-budokampsport-se\/\"},\"wordCount\":116,\"image\":{\"@id\":\"https:\/\/www.budokampsport.se\/2024\/06\/03\/snart-dags-for-nya-budokampsport-se\/#primaryimage\"},\"thumbnailUrl\":\"https:\/\/www.budokampsport.se\/wp-content\/uploads\/2023\/12\/Medlemskap_dator.png\",\"articleSection\":[\"SB&amp;K\"],\"inLanguage\":\"sv-SE\"},{\"@type\":\"WebPage\",\"@id\":\"https:\/\/www.budokampsport.se\/2024\/06\/03\/snart-dags-for-nya-budokampsport-se\/\",\"url\":\"https:\/\/www.budokampsport.se\/2024\/06\/03\/snart-dags-for-nya-budokampsport-se\/\",\"name\":\"Snart dags f\u00f6r nya budokampsport.se - Svenska Budo &amp; Kampsportsf\u00f6rbundet\",\"isPartOf\":{\"@id\":\"https:\/\/www.budokampsport.se\/#website\"},\"primaryImageOfPage\":{\"@id\":\"https:\/\/www.budokampsport.se\/2024\/06\/03\/snart-dags-for-nya-budokampsport-se\/#primaryimage\"},\"image\":{\"@id\":\"https:\/\/www.budokampsport.se\/2024\/06\/03\/snart-dags-for-nya-budokampsport-se\/#primaryimage\"},\"thumbnailUrl\":\"https:\/\/www.budokampsport.se\/wp-content\/uploads\/2023\/12\/Medlemskap_dator.png\",\"datePublished\":\"2024-06-03T11:38:17+00:00\",\"dateModified\":\"2024-06-19T07:38:31+00:00\",\"author\":{\"@id\":\"https:\/\/www.budokampsport.se\/#\/schema\/person\/5c06d81d14850e2a8ce5493386560145\"},\"description\":\"HEMSIDAN. Det n\u00e4rmar sig en generationsv\u00e4xling f\u00f6r budokampsport.se, hemsidan f\u00f6r Svenska Budo & Kampsportsf\u00f6rbundet. Den 18 juni, om inget of\u00f6rutsett h\u00e4nder, ska den nya sajten vara redo att m\u00f6ta dagens ljus. (Illustration: Ida Brogren)\",\"breadcrumb\":{\"@id\":\"https:\/\/www.budokampsport.se\/2024\/06\/03\/snart-dags-for-nya-budokampsport-se\/#breadcrumb\"},\"inLanguage\":\"sv-SE\",\"potentialAction\":[{\"@type\":\"ReadAction\",\"target\":[\"https:\/\/www.budokampsport.se\/2024\/06\/03\/snart-dags-for-nya-budokampsport-se\/\"]}]},{\"@type\":\"ImageObject\",\"inLanguage\":\"sv-SE\",\"@id\":\"https:\/\/www.budokampsport.se\/2024\/06\/03\/snart-dags-for-nya-budokampsport-se\/#primaryimage\",\"url\":\"https:\/\/www.budokampsport.se\/wp-content\/uploads\/2023\/12\/Medlemskap_dator.png\",\"contentUrl\":\"https:\/\/www.budokampsport.se\/wp-content\/uploads\/2023\/12\/Medlemskap_dator.png\",\"width\":861,\"height\":550,\"caption\":\"Illustration: Ida Brogren\"},{\"@type\":\"BreadcrumbList\",\"@id\":\"https:\/\/www.budokampsport.se\/2024\/06\/03\/snart-dags-for-nya-budokampsport-se\/#breadcrumb\",\"itemListElement\":[{\"@type\":\"ListItem\",\"position\":1,\"name\":\"Hem\",\"item\":\"https:\/\/www.budokampsport.se\/\"},{\"@type\":\"ListItem\",\"position\":2,\"name\":\"Snart dags f\u00f6r nya budokampsport.se\"}]},{\"@type\":\"WebSite\",\"@id\":\"https:\/\/www.budokampsport.se\/#website\",\"url\":\"https:\/\/www.budokampsport.se\/\",\"name\":\"Svenska Budo &amp; Kampsportsf\u00f6rbundet\",\"description\":\"T\u00e4vling, Tr\u00e4ning, Tradition\",\"potentialAction\":[{\"@type\":\"SearchAction\",\"target\":{\"@type\":\"EntryPoint\",\"urlTemplate\":\"https:\/\/www.budokampsport.se\/?s={search_term_string}\"},\"query-input\":{\"@type\":\"PropertyValueSpecification\",\"valueRequired\":true,\"valueName\":\"search_term_string\"}}],\"inLanguage\":\"sv-SE\"},{\"@type\":\"Person\",\"@id\":\"https:\/\/www.budokampsport.se\/#\/schema\/person\/5c06d81d14850e2a8ce5493386560145\",\"name\":\"Jonathan Broberg\",\"image\":{\"@type\":\"ImageObject\",\"inLanguage\":\"sv-SE\",\"@id\":\"https:\/\/www.budokampsport.se\/#\/schema\/person\/image\/\",\"url\":\"https:\/\/secure.gravatar.com\/avatar\/a58041c6cea9128bd9c40ee2f26d4136?s=96&d=blank&r=g\",\"contentUrl\":\"https:\/\/secure.gravatar.com\/avatar\/a58041c6cea9128bd9c40ee2f26d4136?s=96&d=blank&r=g\",\"caption\":\"Jonathan Broberg\"},\"sameAs\":[\"https:\/\/www.facebook.com\/jonathan.broberg.7\"],\"url\":\"https:\/\/www.budokampsport.se\/author\/jonathan\/\"}]}<\/script>\n<!-- \/ Yoast SEO plugin. -->","yoast_head_json":{"title":"Snart dags f\u00f6r nya budokampsport.se - Svenska Budo &amp; Kampsportsf\u00f6rbundet","description":"HEMSIDAN. Det n\u00e4rmar sig en generationsv\u00e4xling f\u00f6r budokampsport.se, hemsidan f\u00f6r Svenska Budo & Kampsportsf\u00f6rbundet. Den 18 juni, om inget of\u00f6rutsett h\u00e4nder, ska den nya sajten vara redo att m\u00f6ta dagens ljus. (Illustration: Ida Brogren)","robots":{"index":"index","follow":"follow","max-snippet":"max-snippet:-1","max-image-preview":"max-image-preview:large","max-video-preview":"max-video-preview:-1"},"canonical":"https:\/\/www.budokampsport.se\/2024\/06\/03\/snart-dags-for-nya-budokampsport-se\/","og_locale":"sv_SE","og_type":"article","og_title":"Snart dags f\u00f6r nya budokampsport.se - Svenska Budo &amp; Kampsportsf\u00f6rbundet","og_description":"HEMSIDAN. Det n\u00e4rmar sig en generationsv\u00e4xling f\u00f6r budokampsport.se, hemsidan f\u00f6r Svenska Budo & Kampsportsf\u00f6rbundet. Den 18 juni, om inget of\u00f6rutsett h\u00e4nder, ska den nya sajten vara redo att m\u00f6ta dagens ljus. (Illustration: Ida Brogren)","og_url":"https:\/\/www.budokampsport.se\/2024\/06\/03\/snart-dags-for-nya-budokampsport-se\/","og_site_name":"Svenska Budo &amp; Kampsportsf\u00f6rbundet","article_author":"https:\/\/www.facebook.com\/jonathan.broberg.7","article_published_time":"2024-06-03T11:38:17+00:00","article_modified_time":"2024-06-19T07:38:31+00:00","og_image":[{"width":861,"height":550,"url":"https:\/\/www.budokampsport.se\/wp-content\/uploads\/2023\/12\/Medlemskap_dator.png","type":"image\/png"}],"author":"Jonathan Broberg","twitter_card":"summary_large_image","twitter_misc":{"Skriven av":"Jonathan Broberg","Ber\u00e4knad l\u00e4stid":"1 minut"},"schema":{"@context":"https:\/\/schema.org","@graph":[{"@type":"Article","@id":"https:\/\/www.budokampsport.se\/2024\/06\/03\/snart-dags-for-nya-budokampsport-se\/#article","isPartOf":{"@id":"https:\/\/www.budokampsport.se\/2024\/06\/03\/snart-dags-for-nya-budokampsport-se\/"},"author":{"name":"Jonathan Broberg","@id":"https:\/\/www.budokampsport.se\/#\/schema\/person\/5c06d81d14850e2a8ce5493386560145"},"headline":"Snart dags f\u00f6r nya budokampsport.se","datePublished":"2024-06-03T11:38:17+00:00","dateModified":"2024-06-19T07:38:31+00:00","mainEntityOfPage":{"@id":"https:\/\/www.budokampsport.se\/2024\/06\/03\/snart-dags-for-nya-budokampsport-se\/"},"wordCount":116,"image":{"@id":"https:\/\/www.budokampsport.se\/2024\/06\/03\/snart-dags-for-nya-budokampsport-se\/#primaryimage"},"thumbnailUrl":"https:\/\/www.budokampsport.se\/wp-content\/uploads\/2023\/12\/Medlemskap_dator.png","articleSection":["SB&amp;K"],"inLanguage":"sv-SE"},{"@type":"WebPage","@id":"https:\/\/www.budokampsport.se\/2024\/06\/03\/snart-dags-for-nya-budokampsport-se\/","url":"https:\/\/www.budokampsport.se\/2024\/06\/03\/snart-dags-for-nya-budokampsport-se\/","name":"Snart dags f\u00f6r nya budokampsport.se - Svenska Budo &amp; Kampsportsf\u00f6rbundet","isPartOf":{"@id":"https:\/\/www.budokampsport.se\/#website"},"primaryImageOfPage":{"@id":"https:\/\/www.budokampsport.se\/2024\/06\/03\/snart-dags-for-nya-budokampsport-se\/#primaryimage"},"image":{"@id":"https:\/\/www.budokampsport.se\/2024\/06\/03\/snart-dags-for-nya-budokampsport-se\/#primaryimage"},"thumbnailUrl":"https:\/\/www.budokampsport.se\/wp-content\/uploads\/2023\/12\/Medlemskap_dator.png","datePublished":"2024-06-03T11:38:17+00:00","dateModified":"2024-06-19T07:38:31+00:00","author":{"@id":"https:\/\/www.budokampsport.se\/#\/schema\/person\/5c06d81d14850e2a8ce5493386560145"},"description":"HEMSIDAN. Det n\u00e4rmar sig en generationsv\u00e4xling f\u00f6r budokampsport.se, hemsidan f\u00f6r Svenska Budo & Kampsportsf\u00f6rbundet. Den 18 juni, om inget of\u00f6rutsett h\u00e4nder, ska den nya sajten vara redo att m\u00f6ta dagens ljus. (Illustration: Ida Brogren)","breadcrumb":{"@id":"https:\/\/www.budokampsport.se\/2024\/06\/03\/snart-dags-for-nya-budokampsport-se\/#breadcrumb"},"inLanguage":"sv-SE","potentialAction":[{"@type":"ReadAction","target":["https:\/\/www.budokampsport.se\/2024\/06\/03\/snart-dags-for-nya-budokampsport-se\/"]}]},{"@type":"ImageObject","inLanguage":"sv-SE","@id":"https:\/\/www.budokampsport.se\/2024\/06\/03\/snart-dags-for-nya-budokampsport-se\/#primaryimage","url":"https:\/\/www.budokampsport.se\/wp-content\/uploads\/2023\/12\/Medlemskap_dator.png","contentUrl":"https:\/\/www.budokampsport.se\/wp-content\/uploads\/2023\/12\/Medlemskap_dator.png","width":861,"height":550,"caption":"Illustration: Ida Brogren"},{"@type":"BreadcrumbList","@id":"https:\/\/www.budokampsport.se\/2024\/06\/03\/snart-dags-for-nya-budokampsport-se\/#breadcrumb","itemListElement":[{"@type":"ListItem","position":1,"name":"Hem","item":"https:\/\/www.budokampsport.se\/"},{"@type":"ListItem","position":2,"name":"Snart dags f\u00f6r nya budokampsport.se"}]},{"@type":"WebSite","@id":"https:\/\/www.budokampsport.se\/#website","url":"https:\/\/www.budokampsport.se\/","name":"Svenska Budo &amp; Kampsportsf\u00f6rbundet","description":"T\u00e4vling, Tr\u00e4ning, Tradition","potentialAction":[{"@type":"SearchAction","target":{"@type":"EntryPoint","urlTemplate":"https:\/\/www.budokampsport.se\/?s={search_term_string}"},"query-input":{"@type":"PropertyValueSpecification","valueRequired":true,"valueName":"search_term_string"}}],"inLanguage":"sv-SE"},{"@type":"Person","@id":"https:\/\/www.budokampsport.se\/#\/schema\/person\/5c06d81d14850e2a8ce5493386560145","name":"Jonathan Broberg","image":{"@type":"ImageObject","inLanguage":"sv-SE","@id":"https:\/\/www.budokampsport.se\/#\/schema\/person\/image\/","url":"https:\/\/secure.gravatar.com\/avatar\/a58041c6cea9128bd9c40ee2f26d4136?s=96&d=blank&r=g","contentUrl":"https:\/\/secure.gravatar.com\/avatar\/a58041c6cea9128bd9c40ee2f26d4136?s=96&d=blank&r=g","caption":"Jonathan Broberg"},"sameAs":["https:\/\/www.facebook.com\/jonathan.broberg.7"],"url":"https:\/\/www.budokampsport.se\/author\/jonathan\/"}]}},"_links":{"self":[{"href":"https:\/\/www.budokampsport.se\/api\/wp\/v2\/posts\/169691","targetHints":{"allow":["GET"]}}],"collection":[{"href":"https:\/\/www.budokampsport.se\/api\/wp\/v2\/posts"}],"about":[{"href":"https:\/\/www.budokampsport.se\/api\/wp\/v2\/types\/post"}],"author":[{"embeddable":true,"href":"https:\/\/www.budokampsport.se\/api\/wp\/v2\/users\/7"}],"replies":[{"embeddable":true,"href":"https:\/\/www.budokampsport.se\/api\/wp\/v2\/comments?post=169691"}],"version-history":[{"count":0,"href":"https:\/\/www.budokampsport.se\/api\/wp\/v2\/posts\/169691\/revisions"}],"wp:featuredmedia":[{"embeddable":true,"href":"https:\/\/www.budokampsport.se\/api\/wp\/v2\/media\/160717"}],"wp:attachment":[{"href":"https:\/\/www.budokampsport.se\/api\/wp\/v2\/media?parent=169691"}],"wp:term":[{"taxonomy":"category","embeddable":true,"href":"https:\/\/www.budokampsport.se\/api\/wp\/v2\/categories?post=169691"},{"taxonomy":"post_tag","embeddable":true,"href":"https:\/\/www.budokampsport.se\/api\/wp\/v2\/tags?post=169691"}],"curies":[{"name":"wp","href":"https:\/\/api.w.org\/{rel}","templated":true}]}}