{"id":170896,"date":"2024-07-09T10:57:21","date_gmt":"2024-07-09T08:57:21","guid":{"rendered":"https:\/\/www.budokampsport.se\/?p=170896"},"modified":"2024-07-09T10:57:21","modified_gmt":"2024-07-09T08:57:21","slug":"positiv-var-for-svensk-kickboxning","status":"publish","type":"post","link":"https:\/\/www.budokampsport.se\/2024\/07\/09\/positiv-var-for-svensk-kickboxning\/","title":{"rendered":"Positiv v\u00e5r f\u00f6r svensk kickboxning"},"content":{"rendered":"<p>Det har t\u00e4vlats mycket under v\u00e5ren inom svensk kickboxning, meddelar den nygamle ordf\u00f6rande H\u00e5kan Ozan i en text till Svenska Kickboxningsf\u00f6rbundets <a href=\"https:\/\/swekickboxing.se\/nyheter\/\" target=\"_blank\" rel=\"noopener\">hemsida<\/a>.<\/p>\n<p>\u201dVi har skrivit in otroliga 370 matcher i b\u00f6ckerna under \u00e5rets f\u00f6rsta sex m\u00e5nader vilket \u00e4r ett fantastiskt resultat.\u201d, skriver han.<\/p>\n<p>Dessutom var landslaget iv\u00e4g p\u00e5 t\u00e4vling i Ungern just innan midsommar och svarade f\u00f6r flera fina resultat, d\u00e4r bland andra Annika Berglund kom \u00f6verst p\u00e5 prispallen i en veteranklass och Mathilda Ahvander och Linnea Ekman slutade tv\u00e5a respektive trea i sina klasser.<\/p>\n<p>Text: Jonathan Broberg<br \/>\nFoto: Annie Bondefelt<\/p>\n","protected":false},"excerpt":{"rendered":"<p>Det har varit en t\u00e4vlingsfylld v\u00e5r f\u00f6r svensk kickboxning. Och v\u00e5rs\u00e4songen rundades av med fina landslagsframg\u00e5ngar i Ungern.<\/p><br>","protected":false},"author":7,"featured_media":160322,"comment_status":"closed","ping_status":"closed","sticky":false,"template":"","format":"standard","meta":{"_acf_changed":false,"footnotes":""},"categories":[544],"tags":[],"class_list":["post-170896","post","type-post","status-publish","format-standard","has-post-thumbnail","hentry","category-kickboxning"],"acf":[],"yoast_head":"<!-- This site is optimized with the Yoast SEO plugin v26.8 - https:\/\/yoast.com\/product\/yoast-seo-wordpress\/ -->\n<title>Positiv v\u00e5r f\u00f6r svensk kickboxning - Svenska Budo &amp; Kampsportsf\u00f6rbundet<\/title>\n<meta name=\"description\" content=\"Det har varit en t\u00e4vlingsfylld v\u00e5r f\u00f6r svensk kickboxning. Och v\u00e5rs\u00e4songen rundades av med fina landslagsframg\u00e5ngar i Ungern.\" \/>\n<meta name=\"robots\" content=\"index, follow, max-snippet:-1, max-image-preview:large, max-video-preview:-1\" \/>\n<link rel=\"canonical\" href=\"https:\/\/www.budokampsport.se\/2024\/07\/09\/positiv-var-for-svensk-kickboxning\/\" \/>\n<meta property=\"og:locale\" content=\"sv_SE\" \/>\n<meta property=\"og:type\" content=\"article\" \/>\n<meta property=\"og:title\" content=\"Positiv v\u00e5r f\u00f6r svensk kickboxning - Svenska Budo &amp; Kampsportsf\u00f6rbundet\" \/>\n<meta property=\"og:description\" content=\"Det har varit en t\u00e4vlingsfylld v\u00e5r f\u00f6r svensk kickboxning. Och v\u00e5rs\u00e4songen rundades av med fina landslagsframg\u00e5ngar i Ungern.\" \/>\n<meta property=\"og:url\" content=\"https:\/\/www.budokampsport.se\/2024\/07\/09\/positiv-var-for-svensk-kickboxning\/\" \/>\n<meta property=\"og:site_name\" content=\"Svenska Budo &amp; Kampsportsf\u00f6rbundet\" \/>\n<meta property=\"article:author\" content=\"https:\/\/www.facebook.com\/jonathan.broberg.7\" \/>\n<meta property=\"article:published_time\" content=\"2024-07-09T08:57:21+00:00\" \/>\n<meta property=\"og:image\" content=\"https:\/\/www.budokampsport.se\/wp-content\/uploads\/2023\/11\/linnea-1.jpg\" \/>\n\t<meta property=\"og:image:width\" content=\"1500\" \/>\n\t<meta property=\"og:image:height\" content=\"1019\" \/>\n\t<meta property=\"og:image:type\" content=\"image\/jpeg\" \/>\n<meta name=\"author\" content=\"Jonathan Broberg\" \/>\n<meta name=\"twitter:card\" content=\"summary_large_image\" \/>\n<meta name=\"twitter:label1\" content=\"Skriven av\" \/>\n\t<meta name=\"twitter:data1\" content=\"Jonathan Broberg\" \/>\n\t<meta name=\"twitter:label2\" content=\"Ber\u00e4knad l\u00e4stid\" \/>\n\t<meta name=\"twitter:data2\" content=\"1 minut\" \/>\n<script type=\"application\/ld+json\" class=\"yoast-schema-graph\">{\"@context\":\"https:\/\/schema.org\",\"@graph\":[{\"@type\":\"Article\",\"@id\":\"https:\/\/www.budokampsport.se\/2024\/07\/09\/positiv-var-for-svensk-kickboxning\/#article\",\"isPartOf\":{\"@id\":\"https:\/\/www.budokampsport.se\/2024\/07\/09\/positiv-var-for-svensk-kickboxning\/\"},\"author\":{\"name\":\"Jonathan Broberg\",\"@id\":\"https:\/\/www.budokampsport.se\/#\/schema\/person\/5c06d81d14850e2a8ce5493386560145\"},\"headline\":\"Positiv v\u00e5r f\u00f6r svensk kickboxning\",\"datePublished\":\"2024-07-09T08:57:21+00:00\",\"mainEntityOfPage\":{\"@id\":\"https:\/\/www.budokampsport.se\/2024\/07\/09\/positiv-var-for-svensk-kickboxning\/\"},\"wordCount\":110,\"image\":{\"@id\":\"https:\/\/www.budokampsport.se\/2024\/07\/09\/positiv-var-for-svensk-kickboxning\/#primaryimage\"},\"thumbnailUrl\":\"https:\/\/www.budokampsport.se\/wp-content\/uploads\/2023\/11\/linnea-1.jpg\",\"articleSection\":[\"Kickboxning\"],\"inLanguage\":\"sv-SE\"},{\"@type\":\"WebPage\",\"@id\":\"https:\/\/www.budokampsport.se\/2024\/07\/09\/positiv-var-for-svensk-kickboxning\/\",\"url\":\"https:\/\/www.budokampsport.se\/2024\/07\/09\/positiv-var-for-svensk-kickboxning\/\",\"name\":\"Positiv v\u00e5r f\u00f6r svensk kickboxning - Svenska Budo &amp; Kampsportsf\u00f6rbundet\",\"isPartOf\":{\"@id\":\"https:\/\/www.budokampsport.se\/#website\"},\"primaryImageOfPage\":{\"@id\":\"https:\/\/www.budokampsport.se\/2024\/07\/09\/positiv-var-for-svensk-kickboxning\/#primaryimage\"},\"image\":{\"@id\":\"https:\/\/www.budokampsport.se\/2024\/07\/09\/positiv-var-for-svensk-kickboxning\/#primaryimage\"},\"thumbnailUrl\":\"https:\/\/www.budokampsport.se\/wp-content\/uploads\/2023\/11\/linnea-1.jpg\",\"datePublished\":\"2024-07-09T08:57:21+00:00\",\"author\":{\"@id\":\"https:\/\/www.budokampsport.se\/#\/schema\/person\/5c06d81d14850e2a8ce5493386560145\"},\"description\":\"Det har varit en t\u00e4vlingsfylld v\u00e5r f\u00f6r svensk kickboxning. Och v\u00e5rs\u00e4songen rundades av med fina landslagsframg\u00e5ngar i Ungern.\",\"breadcrumb\":{\"@id\":\"https:\/\/www.budokampsport.se\/2024\/07\/09\/positiv-var-for-svensk-kickboxning\/#breadcrumb\"},\"inLanguage\":\"sv-SE\",\"potentialAction\":[{\"@type\":\"ReadAction\",\"target\":[\"https:\/\/www.budokampsport.se\/2024\/07\/09\/positiv-var-for-svensk-kickboxning\/\"]}]},{\"@type\":\"ImageObject\",\"inLanguage\":\"sv-SE\",\"@id\":\"https:\/\/www.budokampsport.se\/2024\/07\/09\/positiv-var-for-svensk-kickboxning\/#primaryimage\",\"url\":\"https:\/\/www.budokampsport.se\/wp-content\/uploads\/2023\/11\/linnea-1.jpg\",\"contentUrl\":\"https:\/\/www.budokampsport.se\/wp-content\/uploads\/2023\/11\/linnea-1.jpg\",\"width\":1500,\"height\":1019,\"caption\":\"Foto: Annie Bondefelt\"},{\"@type\":\"BreadcrumbList\",\"@id\":\"https:\/\/www.budokampsport.se\/2024\/07\/09\/positiv-var-for-svensk-kickboxning\/#breadcrumb\",\"itemListElement\":[{\"@type\":\"ListItem\",\"position\":1,\"name\":\"Hem\",\"item\":\"https:\/\/www.budokampsport.se\/\"},{\"@type\":\"ListItem\",\"position\":2,\"name\":\"Positiv v\u00e5r f\u00f6r svensk kickboxning\"}]},{\"@type\":\"WebSite\",\"@id\":\"https:\/\/www.budokampsport.se\/#website\",\"url\":\"https:\/\/www.budokampsport.se\/\",\"name\":\"Svenska Budo &amp; Kampsportsf\u00f6rbundet\",\"description\":\"T\u00e4vling, Tr\u00e4ning, Tradition\",\"potentialAction\":[{\"@type\":\"SearchAction\",\"target\":{\"@type\":\"EntryPoint\",\"urlTemplate\":\"https:\/\/www.budokampsport.se\/?s={search_term_string}\"},\"query-input\":{\"@type\":\"PropertyValueSpecification\",\"valueRequired\":true,\"valueName\":\"search_term_string\"}}],\"inLanguage\":\"sv-SE\"},{\"@type\":\"Person\",\"@id\":\"https:\/\/www.budokampsport.se\/#\/schema\/person\/5c06d81d14850e2a8ce5493386560145\",\"name\":\"Jonathan Broberg\",\"image\":{\"@type\":\"ImageObject\",\"inLanguage\":\"sv-SE\",\"@id\":\"https:\/\/www.budokampsport.se\/#\/schema\/person\/image\/\",\"url\":\"https:\/\/secure.gravatar.com\/avatar\/a58041c6cea9128bd9c40ee2f26d4136?s=96&d=blank&r=g\",\"contentUrl\":\"https:\/\/secure.gravatar.com\/avatar\/a58041c6cea9128bd9c40ee2f26d4136?s=96&d=blank&r=g\",\"caption\":\"Jonathan Broberg\"},\"sameAs\":[\"https:\/\/www.facebook.com\/jonathan.broberg.7\"],\"url\":\"https:\/\/www.budokampsport.se\/author\/jonathan\/\"}]}<\/script>\n<!-- \/ Yoast SEO plugin. -->","yoast_head_json":{"title":"Positiv v\u00e5r f\u00f6r svensk kickboxning - Svenska Budo &amp; Kampsportsf\u00f6rbundet","description":"Det har varit en t\u00e4vlingsfylld v\u00e5r f\u00f6r svensk kickboxning. Och v\u00e5rs\u00e4songen rundades av med fina landslagsframg\u00e5ngar i Ungern.","robots":{"index":"index","follow":"follow","max-snippet":"max-snippet:-1","max-image-preview":"max-image-preview:large","max-video-preview":"max-video-preview:-1"},"canonical":"https:\/\/www.budokampsport.se\/2024\/07\/09\/positiv-var-for-svensk-kickboxning\/","og_locale":"sv_SE","og_type":"article","og_title":"Positiv v\u00e5r f\u00f6r svensk kickboxning - Svenska Budo &amp; Kampsportsf\u00f6rbundet","og_description":"Det har varit en t\u00e4vlingsfylld v\u00e5r f\u00f6r svensk kickboxning. Och v\u00e5rs\u00e4songen rundades av med fina landslagsframg\u00e5ngar i Ungern.","og_url":"https:\/\/www.budokampsport.se\/2024\/07\/09\/positiv-var-for-svensk-kickboxning\/","og_site_name":"Svenska Budo &amp; Kampsportsf\u00f6rbundet","article_author":"https:\/\/www.facebook.com\/jonathan.broberg.7","article_published_time":"2024-07-09T08:57:21+00:00","og_image":[{"width":1500,"height":1019,"url":"https:\/\/www.budokampsport.se\/wp-content\/uploads\/2023\/11\/linnea-1.jpg","type":"image\/jpeg"}],"author":"Jonathan Broberg","twitter_card":"summary_large_image","twitter_misc":{"Skriven av":"Jonathan Broberg","Ber\u00e4knad l\u00e4stid":"1 minut"},"schema":{"@context":"https:\/\/schema.org","@graph":[{"@type":"Article","@id":"https:\/\/www.budokampsport.se\/2024\/07\/09\/positiv-var-for-svensk-kickboxning\/#article","isPartOf":{"@id":"https:\/\/www.budokampsport.se\/2024\/07\/09\/positiv-var-for-svensk-kickboxning\/"},"author":{"name":"Jonathan Broberg","@id":"https:\/\/www.budokampsport.se\/#\/schema\/person\/5c06d81d14850e2a8ce5493386560145"},"headline":"Positiv v\u00e5r f\u00f6r svensk kickboxning","datePublished":"2024-07-09T08:57:21+00:00","mainEntityOfPage":{"@id":"https:\/\/www.budokampsport.se\/2024\/07\/09\/positiv-var-for-svensk-kickboxning\/"},"wordCount":110,"image":{"@id":"https:\/\/www.budokampsport.se\/2024\/07\/09\/positiv-var-for-svensk-kickboxning\/#primaryimage"},"thumbnailUrl":"https:\/\/www.budokampsport.se\/wp-content\/uploads\/2023\/11\/linnea-1.jpg","articleSection":["Kickboxning"],"inLanguage":"sv-SE"},{"@type":"WebPage","@id":"https:\/\/www.budokampsport.se\/2024\/07\/09\/positiv-var-for-svensk-kickboxning\/","url":"https:\/\/www.budokampsport.se\/2024\/07\/09\/positiv-var-for-svensk-kickboxning\/","name":"Positiv v\u00e5r f\u00f6r svensk kickboxning - Svenska Budo &amp; Kampsportsf\u00f6rbundet","isPartOf":{"@id":"https:\/\/www.budokampsport.se\/#website"},"primaryImageOfPage":{"@id":"https:\/\/www.budokampsport.se\/2024\/07\/09\/positiv-var-for-svensk-kickboxning\/#primaryimage"},"image":{"@id":"https:\/\/www.budokampsport.se\/2024\/07\/09\/positiv-var-for-svensk-kickboxning\/#primaryimage"},"thumbnailUrl":"https:\/\/www.budokampsport.se\/wp-content\/uploads\/2023\/11\/linnea-1.jpg","datePublished":"2024-07-09T08:57:21+00:00","author":{"@id":"https:\/\/www.budokampsport.se\/#\/schema\/person\/5c06d81d14850e2a8ce5493386560145"},"description":"Det har varit en t\u00e4vlingsfylld v\u00e5r f\u00f6r svensk kickboxning. Och v\u00e5rs\u00e4songen rundades av med fina landslagsframg\u00e5ngar i Ungern.","breadcrumb":{"@id":"https:\/\/www.budokampsport.se\/2024\/07\/09\/positiv-var-for-svensk-kickboxning\/#breadcrumb"},"inLanguage":"sv-SE","potentialAction":[{"@type":"ReadAction","target":["https:\/\/www.budokampsport.se\/2024\/07\/09\/positiv-var-for-svensk-kickboxning\/"]}]},{"@type":"ImageObject","inLanguage":"sv-SE","@id":"https:\/\/www.budokampsport.se\/2024\/07\/09\/positiv-var-for-svensk-kickboxning\/#primaryimage","url":"https:\/\/www.budokampsport.se\/wp-content\/uploads\/2023\/11\/linnea-1.jpg","contentUrl":"https:\/\/www.budokampsport.se\/wp-content\/uploads\/2023\/11\/linnea-1.jpg","width":1500,"height":1019,"caption":"Foto: Annie Bondefelt"},{"@type":"BreadcrumbList","@id":"https:\/\/www.budokampsport.se\/2024\/07\/09\/positiv-var-for-svensk-kickboxning\/#breadcrumb","itemListElement":[{"@type":"ListItem","position":1,"name":"Hem","item":"https:\/\/www.budokampsport.se\/"},{"@type":"ListItem","position":2,"name":"Positiv v\u00e5r f\u00f6r svensk kickboxning"}]},{"@type":"WebSite","@id":"https:\/\/www.budokampsport.se\/#website","url":"https:\/\/www.budokampsport.se\/","name":"Svenska Budo &amp; Kampsportsf\u00f6rbundet","description":"T\u00e4vling, Tr\u00e4ning, Tradition","potentialAction":[{"@type":"SearchAction","target":{"@type":"EntryPoint","urlTemplate":"https:\/\/www.budokampsport.se\/?s={search_term_string}"},"query-input":{"@type":"PropertyValueSpecification","valueRequired":true,"valueName":"search_term_string"}}],"inLanguage":"sv-SE"},{"@type":"Person","@id":"https:\/\/www.budokampsport.se\/#\/schema\/person\/5c06d81d14850e2a8ce5493386560145","name":"Jonathan Broberg","image":{"@type":"ImageObject","inLanguage":"sv-SE","@id":"https:\/\/www.budokampsport.se\/#\/schema\/person\/image\/","url":"https:\/\/secure.gravatar.com\/avatar\/a58041c6cea9128bd9c40ee2f26d4136?s=96&d=blank&r=g","contentUrl":"https:\/\/secure.gravatar.com\/avatar\/a58041c6cea9128bd9c40ee2f26d4136?s=96&d=blank&r=g","caption":"Jonathan Broberg"},"sameAs":["https:\/\/www.facebook.com\/jonathan.broberg.7"],"url":"https:\/\/www.budokampsport.se\/author\/jonathan\/"}]}},"_links":{"self":[{"href":"https:\/\/www.budokampsport.se\/api\/wp\/v2\/posts\/170896","targetHints":{"allow":["GET"]}}],"collection":[{"href":"https:\/\/www.budokampsport.se\/api\/wp\/v2\/posts"}],"about":[{"href":"https:\/\/www.budokampsport.se\/api\/wp\/v2\/types\/post"}],"author":[{"embeddable":true,"href":"https:\/\/www.budokampsport.se\/api\/wp\/v2\/users\/7"}],"replies":[{"embeddable":true,"href":"https:\/\/www.budokampsport.se\/api\/wp\/v2\/comments?post=170896"}],"version-history":[{"count":0,"href":"https:\/\/www.budokampsport.se\/api\/wp\/v2\/posts\/170896\/revisions"}],"wp:featuredmedia":[{"embeddable":true,"href":"https:\/\/www.budokampsport.se\/api\/wp\/v2\/media\/160322"}],"wp:attachment":[{"href":"https:\/\/www.budokampsport.se\/api\/wp\/v2\/media?parent=170896"}],"wp:term":[{"taxonomy":"category","embeddable":true,"href":"https:\/\/www.budokampsport.se\/api\/wp\/v2\/categories?post=170896"},{"taxonomy":"post_tag","embeddable":true,"href":"https:\/\/www.budokampsport.se\/api\/wp\/v2\/tags?post=170896"}],"curies":[{"name":"wp","href":"https:\/\/api.w.org\/{rel}","templated":true}]}}