{"id":173012,"date":"2024-10-09T11:15:19","date_gmt":"2024-10-09T09:15:19","guid":{"rendered":"https:\/\/www.budokampsport.se\/?p=173012"},"modified":"2024-10-09T11:21:30","modified_gmt":"2024-10-09T09:21:30","slug":"en-manad-kvar-sida-yin-ser-fram-emot-hemma-em-i-iaido","status":"publish","type":"post","link":"https:\/\/www.budokampsport.se\/2024\/10\/09\/en-manad-kvar-sida-yin-ser-fram-emot-hemma-em-i-iaido\/","title":{"rendered":"En m\u00e5nad kvar &#8211; Sida Yin ser fram emot hemma-EM i iaido"},"content":{"rendered":"<p>Det b\u00f6rjar s\u00e5 sm\u00e5tt n\u00e4rma sig <a href=\"https:\/\/eic2024.se\/\" target=\"_blank\" rel=\"noopener\">EM i iaido<\/a> som arrangeras i G\u00f6teborg.<\/p>\n<p>Landslaget har sedan l\u00e4nge haft siktet mot hemma-EM och hade ett stort l\u00e4ger i september f\u00f6r att ladda upp inf\u00f6r m\u00e4sterskapet.<\/p>\n<p>En av de mest meriterade i landslaget \u00e4r Sida Yin. Han har flertalet medaljer p\u00e5 internationella m\u00e4sterskap och tog bland annat ett brons i rokudanklassen f\u00f6r tv\u00e5 \u00e5r sedan.<\/p>\n<p>Nu har han siktet inst\u00e4llt p\u00e5 hemma-EM i G\u00f6teborg.<\/p>\n<p>&#8211; Det \u00e4r extra roligt att EM kommer till G\u00f6teborg, min andra hemstad. Man k\u00e4nner lite extra press att prestera p\u00e5 hemmaplan, men det \u00e4r bara positivt, tycker jag.<\/p>\n<h2>\u00c4r i Japan och laddar upp<\/h2>\n<p>Och uppladdningen inf\u00f6r m\u00e4sterskapet k\u00e4nns bra, menar han. Han \u00e4r i skrivande stund i Japan och ska vara med p\u00e5 en t\u00e4vling d\u00e4r.<\/p>\n<p>&#8211; Vi hade landslagstr\u00e4ff i september, och nu vet jag att alla i laget finslipar det sista. Sj\u00e4lv \u00e4r jag i Japan n\u00e5gra veckor f\u00f6r tr\u00e4ning och ska vara med p\u00e5 en t\u00e4vling nu p\u00e5 m\u00e5ndag. Detta blir min uppladdning inf\u00f6r EM.<\/p>\n<p>M\u00e5lbilden med EM \u00e4r klar f\u00f6r honom.<\/p>\n<p>&#8211; Jag tycker att vi har bra medaljchanser i de individuella klasserna samt ett starkt lag f\u00f6r lagt\u00e4vlingen. Niv\u00e5n i Europa blir bara h\u00f6gre f\u00f6r varje \u00e5r, s\u00e5 det kommer garanterat att bli tufft motst\u00e5nd. Jag vill att hela truppen ska ha kul och bli taggad p\u00e5 att m\u00f6ta Europatoppen, f\u00e5 inspiration fr\u00e5n motst\u00e5ndet, och kanske knipa n\u00e5gra medaljer p\u00e5 v\u00e4gen.<\/p>\n<p>EM-t\u00e4vlingarna startar den 9:e november. Arenan f\u00f6r m\u00e4sterskapet \u00e4r Lundbystrandshallen p\u00e5 Lindholmen i G\u00f6teborg.<\/p>\n","protected":false},"excerpt":{"rendered":"<p>Det \u00e4r exakt en m\u00e5nad kvar till EM i iaido h\u00e5lls. Den h\u00e4r g\u00e5ngen \u00e4r det Sverige med G\u00f6teborg som v\u00e4rdstad som st\u00e5r f\u00f6r arrangemanget. Ett av de stora medaljhoppen f\u00f6r svensk del \u00e4r Sida Yin.<br \/><br>&#8211; Jag tycker att vi har bra medaljchanser i de individuella klasserna samt ett starkt lag f\u00f6r lagt\u00e4vlingen, s\u00e4ger han till budokampsport.se.<\/p><br>","protected":false},"author":7,"featured_media":141276,"comment_status":"closed","ping_status":"closed","sticky":false,"template":"","format":"standard","meta":{"_acf_changed":false,"footnotes":""},"categories":[537],"tags":[],"class_list":["post-173012","post","type-post","status-publish","format-standard","has-post-thumbnail","hentry","category-iaido"],"acf":[],"yoast_head":"<!-- This site is optimized with the Yoast SEO plugin v26.8 - https:\/\/yoast.com\/product\/yoast-seo-wordpress\/ -->\n<title>En m\u00e5nad kvar - Sida Yin ser fram emot hemma-EM i iaido - Svenska Budo &amp; Kampsportsf\u00f6rbundet<\/title>\n<meta name=\"description\" content=\"Det \u00e4r exakt en m\u00e5nad kvar till EM i iaido h\u00e5lls. Den h\u00e4r g\u00e5ngen \u00e4r det Sverige med G\u00f6teborg som v\u00e4rdstad som st\u00e5r f\u00f6r arrangemanget. Ett av de stora medaljhoppen f\u00f6r svensk del \u00e4r Sida Yin. - Jag tycker att vi har bra medaljchanser i de individuella klasserna samt ett starkt lag f\u00f6r lagt\u00e4vlingen, s\u00e4ger han till budokampsport.se.\" \/>\n<meta name=\"robots\" content=\"index, follow, max-snippet:-1, max-image-preview:large, max-video-preview:-1\" \/>\n<link rel=\"canonical\" href=\"https:\/\/www.budokampsport.se\/2024\/10\/09\/en-manad-kvar-sida-yin-ser-fram-emot-hemma-em-i-iaido\/\" \/>\n<meta property=\"og:locale\" content=\"sv_SE\" \/>\n<meta property=\"og:type\" content=\"article\" \/>\n<meta property=\"og:title\" content=\"En m\u00e5nad kvar - Sida Yin ser fram emot hemma-EM i iaido - Svenska Budo &amp; Kampsportsf\u00f6rbundet\" \/>\n<meta property=\"og:description\" content=\"Det \u00e4r exakt en m\u00e5nad kvar till EM i iaido h\u00e5lls. Den h\u00e4r g\u00e5ngen \u00e4r det Sverige med G\u00f6teborg som v\u00e4rdstad som st\u00e5r f\u00f6r arrangemanget. Ett av de stora medaljhoppen f\u00f6r svensk del \u00e4r Sida Yin. - Jag tycker att vi har bra medaljchanser i de individuella klasserna samt ett starkt lag f\u00f6r lagt\u00e4vlingen, s\u00e4ger han till budokampsport.se.\" \/>\n<meta property=\"og:url\" content=\"https:\/\/www.budokampsport.se\/2024\/10\/09\/en-manad-kvar-sida-yin-ser-fram-emot-hemma-em-i-iaido\/\" \/>\n<meta property=\"og:site_name\" content=\"Svenska Budo &amp; Kampsportsf\u00f6rbundet\" \/>\n<meta property=\"article:author\" content=\"https:\/\/www.facebook.com\/jonathan.broberg.7\" \/>\n<meta property=\"article:published_time\" content=\"2024-10-09T09:15:19+00:00\" \/>\n<meta property=\"article:modified_time\" content=\"2024-10-09T09:21:30+00:00\" \/>\n<meta property=\"og:image\" content=\"https:\/\/www.budokampsport.se\/wp-content\/uploads\/2022\/08\/sida.jpg\" \/>\n\t<meta property=\"og:image:width\" content=\"1114\" \/>\n\t<meta property=\"og:image:height\" content=\"852\" \/>\n\t<meta property=\"og:image:type\" content=\"image\/jpeg\" \/>\n<meta name=\"author\" content=\"Jonathan Broberg\" \/>\n<meta name=\"twitter:card\" content=\"summary_large_image\" \/>\n<meta name=\"twitter:label1\" content=\"Skriven av\" \/>\n\t<meta name=\"twitter:data1\" content=\"Jonathan Broberg\" \/>\n\t<meta name=\"twitter:label2\" content=\"Ber\u00e4knad l\u00e4stid\" \/>\n\t<meta name=\"twitter:data2\" content=\"2 minuter\" \/>\n<script type=\"application\/ld+json\" class=\"yoast-schema-graph\">{\"@context\":\"https:\/\/schema.org\",\"@graph\":[{\"@type\":\"Article\",\"@id\":\"https:\/\/www.budokampsport.se\/2024\/10\/09\/en-manad-kvar-sida-yin-ser-fram-emot-hemma-em-i-iaido\/#article\",\"isPartOf\":{\"@id\":\"https:\/\/www.budokampsport.se\/2024\/10\/09\/en-manad-kvar-sida-yin-ser-fram-emot-hemma-em-i-iaido\/\"},\"author\":{\"name\":\"Jonathan Broberg\",\"@id\":\"https:\/\/www.budokampsport.se\/#\/schema\/person\/5c06d81d14850e2a8ce5493386560145\"},\"headline\":\"En m\u00e5nad kvar &#8211; Sida Yin ser fram emot hemma-EM i iaido\",\"datePublished\":\"2024-10-09T09:15:19+00:00\",\"dateModified\":\"2024-10-09T09:21:30+00:00\",\"mainEntityOfPage\":{\"@id\":\"https:\/\/www.budokampsport.se\/2024\/10\/09\/en-manad-kvar-sida-yin-ser-fram-emot-hemma-em-i-iaido\/\"},\"wordCount\":312,\"image\":{\"@id\":\"https:\/\/www.budokampsport.se\/2024\/10\/09\/en-manad-kvar-sida-yin-ser-fram-emot-hemma-em-i-iaido\/#primaryimage\"},\"thumbnailUrl\":\"https:\/\/www.budokampsport.se\/wp-content\/uploads\/2022\/08\/sida.jpg\",\"articleSection\":[\"Iaido\"],\"inLanguage\":\"sv-SE\"},{\"@type\":\"WebPage\",\"@id\":\"https:\/\/www.budokampsport.se\/2024\/10\/09\/en-manad-kvar-sida-yin-ser-fram-emot-hemma-em-i-iaido\/\",\"url\":\"https:\/\/www.budokampsport.se\/2024\/10\/09\/en-manad-kvar-sida-yin-ser-fram-emot-hemma-em-i-iaido\/\",\"name\":\"En m\u00e5nad kvar - Sida Yin ser fram emot hemma-EM i iaido - Svenska Budo &amp; Kampsportsf\u00f6rbundet\",\"isPartOf\":{\"@id\":\"https:\/\/www.budokampsport.se\/#website\"},\"primaryImageOfPage\":{\"@id\":\"https:\/\/www.budokampsport.se\/2024\/10\/09\/en-manad-kvar-sida-yin-ser-fram-emot-hemma-em-i-iaido\/#primaryimage\"},\"image\":{\"@id\":\"https:\/\/www.budokampsport.se\/2024\/10\/09\/en-manad-kvar-sida-yin-ser-fram-emot-hemma-em-i-iaido\/#primaryimage\"},\"thumbnailUrl\":\"https:\/\/www.budokampsport.se\/wp-content\/uploads\/2022\/08\/sida.jpg\",\"datePublished\":\"2024-10-09T09:15:19+00:00\",\"dateModified\":\"2024-10-09T09:21:30+00:00\",\"author\":{\"@id\":\"https:\/\/www.budokampsport.se\/#\/schema\/person\/5c06d81d14850e2a8ce5493386560145\"},\"description\":\"Det \u00e4r exakt en m\u00e5nad kvar till EM i iaido h\u00e5lls. Den h\u00e4r g\u00e5ngen \u00e4r det Sverige med G\u00f6teborg som v\u00e4rdstad som st\u00e5r f\u00f6r arrangemanget. Ett av de stora medaljhoppen f\u00f6r svensk del \u00e4r Sida Yin. - Jag tycker att vi har bra medaljchanser i de individuella klasserna samt ett starkt lag f\u00f6r lagt\u00e4vlingen, s\u00e4ger han till budokampsport.se.\",\"breadcrumb\":{\"@id\":\"https:\/\/www.budokampsport.se\/2024\/10\/09\/en-manad-kvar-sida-yin-ser-fram-emot-hemma-em-i-iaido\/#breadcrumb\"},\"inLanguage\":\"sv-SE\",\"potentialAction\":[{\"@type\":\"ReadAction\",\"target\":[\"https:\/\/www.budokampsport.se\/2024\/10\/09\/en-manad-kvar-sida-yin-ser-fram-emot-hemma-em-i-iaido\/\"]}]},{\"@type\":\"ImageObject\",\"inLanguage\":\"sv-SE\",\"@id\":\"https:\/\/www.budokampsport.se\/2024\/10\/09\/en-manad-kvar-sida-yin-ser-fram-emot-hemma-em-i-iaido\/#primaryimage\",\"url\":\"https:\/\/www.budokampsport.se\/wp-content\/uploads\/2022\/08\/sida.jpg\",\"contentUrl\":\"https:\/\/www.budokampsport.se\/wp-content\/uploads\/2022\/08\/sida.jpg\",\"width\":1114,\"height\":852,\"caption\":\"Foto: Adrian Kunce\"},{\"@type\":\"BreadcrumbList\",\"@id\":\"https:\/\/www.budokampsport.se\/2024\/10\/09\/en-manad-kvar-sida-yin-ser-fram-emot-hemma-em-i-iaido\/#breadcrumb\",\"itemListElement\":[{\"@type\":\"ListItem\",\"position\":1,\"name\":\"Hem\",\"item\":\"https:\/\/www.budokampsport.se\/\"},{\"@type\":\"ListItem\",\"position\":2,\"name\":\"En m\u00e5nad kvar &#8211; Sida Yin ser fram emot hemma-EM i iaido\"}]},{\"@type\":\"WebSite\",\"@id\":\"https:\/\/www.budokampsport.se\/#website\",\"url\":\"https:\/\/www.budokampsport.se\/\",\"name\":\"Svenska Budo &amp; Kampsportsf\u00f6rbundet\",\"description\":\"T\u00e4vling, Tr\u00e4ning, Tradition\",\"potentialAction\":[{\"@type\":\"SearchAction\",\"target\":{\"@type\":\"EntryPoint\",\"urlTemplate\":\"https:\/\/www.budokampsport.se\/?s={search_term_string}\"},\"query-input\":{\"@type\":\"PropertyValueSpecification\",\"valueRequired\":true,\"valueName\":\"search_term_string\"}}],\"inLanguage\":\"sv-SE\"},{\"@type\":\"Person\",\"@id\":\"https:\/\/www.budokampsport.se\/#\/schema\/person\/5c06d81d14850e2a8ce5493386560145\",\"name\":\"Jonathan Broberg\",\"image\":{\"@type\":\"ImageObject\",\"inLanguage\":\"sv-SE\",\"@id\":\"https:\/\/www.budokampsport.se\/#\/schema\/person\/image\/\",\"url\":\"https:\/\/secure.gravatar.com\/avatar\/a58041c6cea9128bd9c40ee2f26d4136?s=96&d=blank&r=g\",\"contentUrl\":\"https:\/\/secure.gravatar.com\/avatar\/a58041c6cea9128bd9c40ee2f26d4136?s=96&d=blank&r=g\",\"caption\":\"Jonathan Broberg\"},\"sameAs\":[\"https:\/\/www.facebook.com\/jonathan.broberg.7\"],\"url\":\"https:\/\/www.budokampsport.se\/author\/jonathan\/\"}]}<\/script>\n<!-- \/ Yoast SEO plugin. -->","yoast_head_json":{"title":"En m\u00e5nad kvar - Sida Yin ser fram emot hemma-EM i iaido - Svenska Budo &amp; Kampsportsf\u00f6rbundet","description":"Det \u00e4r exakt en m\u00e5nad kvar till EM i iaido h\u00e5lls. Den h\u00e4r g\u00e5ngen \u00e4r det Sverige med G\u00f6teborg som v\u00e4rdstad som st\u00e5r f\u00f6r arrangemanget. Ett av de stora medaljhoppen f\u00f6r svensk del \u00e4r Sida Yin. - Jag tycker att vi har bra medaljchanser i de individuella klasserna samt ett starkt lag f\u00f6r lagt\u00e4vlingen, s\u00e4ger han till budokampsport.se.","robots":{"index":"index","follow":"follow","max-snippet":"max-snippet:-1","max-image-preview":"max-image-preview:large","max-video-preview":"max-video-preview:-1"},"canonical":"https:\/\/www.budokampsport.se\/2024\/10\/09\/en-manad-kvar-sida-yin-ser-fram-emot-hemma-em-i-iaido\/","og_locale":"sv_SE","og_type":"article","og_title":"En m\u00e5nad kvar - Sida Yin ser fram emot hemma-EM i iaido - Svenska Budo &amp; Kampsportsf\u00f6rbundet","og_description":"Det \u00e4r exakt en m\u00e5nad kvar till EM i iaido h\u00e5lls. Den h\u00e4r g\u00e5ngen \u00e4r det Sverige med G\u00f6teborg som v\u00e4rdstad som st\u00e5r f\u00f6r arrangemanget. Ett av de stora medaljhoppen f\u00f6r svensk del \u00e4r Sida Yin. - Jag tycker att vi har bra medaljchanser i de individuella klasserna samt ett starkt lag f\u00f6r lagt\u00e4vlingen, s\u00e4ger han till budokampsport.se.","og_url":"https:\/\/www.budokampsport.se\/2024\/10\/09\/en-manad-kvar-sida-yin-ser-fram-emot-hemma-em-i-iaido\/","og_site_name":"Svenska Budo &amp; Kampsportsf\u00f6rbundet","article_author":"https:\/\/www.facebook.com\/jonathan.broberg.7","article_published_time":"2024-10-09T09:15:19+00:00","article_modified_time":"2024-10-09T09:21:30+00:00","og_image":[{"width":1114,"height":852,"url":"https:\/\/www.budokampsport.se\/wp-content\/uploads\/2022\/08\/sida.jpg","type":"image\/jpeg"}],"author":"Jonathan Broberg","twitter_card":"summary_large_image","twitter_misc":{"Skriven av":"Jonathan Broberg","Ber\u00e4knad l\u00e4stid":"2 minuter"},"schema":{"@context":"https:\/\/schema.org","@graph":[{"@type":"Article","@id":"https:\/\/www.budokampsport.se\/2024\/10\/09\/en-manad-kvar-sida-yin-ser-fram-emot-hemma-em-i-iaido\/#article","isPartOf":{"@id":"https:\/\/www.budokampsport.se\/2024\/10\/09\/en-manad-kvar-sida-yin-ser-fram-emot-hemma-em-i-iaido\/"},"author":{"name":"Jonathan Broberg","@id":"https:\/\/www.budokampsport.se\/#\/schema\/person\/5c06d81d14850e2a8ce5493386560145"},"headline":"En m\u00e5nad kvar &#8211; Sida Yin ser fram emot hemma-EM i iaido","datePublished":"2024-10-09T09:15:19+00:00","dateModified":"2024-10-09T09:21:30+00:00","mainEntityOfPage":{"@id":"https:\/\/www.budokampsport.se\/2024\/10\/09\/en-manad-kvar-sida-yin-ser-fram-emot-hemma-em-i-iaido\/"},"wordCount":312,"image":{"@id":"https:\/\/www.budokampsport.se\/2024\/10\/09\/en-manad-kvar-sida-yin-ser-fram-emot-hemma-em-i-iaido\/#primaryimage"},"thumbnailUrl":"https:\/\/www.budokampsport.se\/wp-content\/uploads\/2022\/08\/sida.jpg","articleSection":["Iaido"],"inLanguage":"sv-SE"},{"@type":"WebPage","@id":"https:\/\/www.budokampsport.se\/2024\/10\/09\/en-manad-kvar-sida-yin-ser-fram-emot-hemma-em-i-iaido\/","url":"https:\/\/www.budokampsport.se\/2024\/10\/09\/en-manad-kvar-sida-yin-ser-fram-emot-hemma-em-i-iaido\/","name":"En m\u00e5nad kvar - Sida Yin ser fram emot hemma-EM i iaido - Svenska Budo &amp; Kampsportsf\u00f6rbundet","isPartOf":{"@id":"https:\/\/www.budokampsport.se\/#website"},"primaryImageOfPage":{"@id":"https:\/\/www.budokampsport.se\/2024\/10\/09\/en-manad-kvar-sida-yin-ser-fram-emot-hemma-em-i-iaido\/#primaryimage"},"image":{"@id":"https:\/\/www.budokampsport.se\/2024\/10\/09\/en-manad-kvar-sida-yin-ser-fram-emot-hemma-em-i-iaido\/#primaryimage"},"thumbnailUrl":"https:\/\/www.budokampsport.se\/wp-content\/uploads\/2022\/08\/sida.jpg","datePublished":"2024-10-09T09:15:19+00:00","dateModified":"2024-10-09T09:21:30+00:00","author":{"@id":"https:\/\/www.budokampsport.se\/#\/schema\/person\/5c06d81d14850e2a8ce5493386560145"},"description":"Det \u00e4r exakt en m\u00e5nad kvar till EM i iaido h\u00e5lls. Den h\u00e4r g\u00e5ngen \u00e4r det Sverige med G\u00f6teborg som v\u00e4rdstad som st\u00e5r f\u00f6r arrangemanget. Ett av de stora medaljhoppen f\u00f6r svensk del \u00e4r Sida Yin. - Jag tycker att vi har bra medaljchanser i de individuella klasserna samt ett starkt lag f\u00f6r lagt\u00e4vlingen, s\u00e4ger han till budokampsport.se.","breadcrumb":{"@id":"https:\/\/www.budokampsport.se\/2024\/10\/09\/en-manad-kvar-sida-yin-ser-fram-emot-hemma-em-i-iaido\/#breadcrumb"},"inLanguage":"sv-SE","potentialAction":[{"@type":"ReadAction","target":["https:\/\/www.budokampsport.se\/2024\/10\/09\/en-manad-kvar-sida-yin-ser-fram-emot-hemma-em-i-iaido\/"]}]},{"@type":"ImageObject","inLanguage":"sv-SE","@id":"https:\/\/www.budokampsport.se\/2024\/10\/09\/en-manad-kvar-sida-yin-ser-fram-emot-hemma-em-i-iaido\/#primaryimage","url":"https:\/\/www.budokampsport.se\/wp-content\/uploads\/2022\/08\/sida.jpg","contentUrl":"https:\/\/www.budokampsport.se\/wp-content\/uploads\/2022\/08\/sida.jpg","width":1114,"height":852,"caption":"Foto: Adrian Kunce"},{"@type":"BreadcrumbList","@id":"https:\/\/www.budokampsport.se\/2024\/10\/09\/en-manad-kvar-sida-yin-ser-fram-emot-hemma-em-i-iaido\/#breadcrumb","itemListElement":[{"@type":"ListItem","position":1,"name":"Hem","item":"https:\/\/www.budokampsport.se\/"},{"@type":"ListItem","position":2,"name":"En m\u00e5nad kvar &#8211; Sida Yin ser fram emot hemma-EM i iaido"}]},{"@type":"WebSite","@id":"https:\/\/www.budokampsport.se\/#website","url":"https:\/\/www.budokampsport.se\/","name":"Svenska Budo &amp; Kampsportsf\u00f6rbundet","description":"T\u00e4vling, Tr\u00e4ning, Tradition","potentialAction":[{"@type":"SearchAction","target":{"@type":"EntryPoint","urlTemplate":"https:\/\/www.budokampsport.se\/?s={search_term_string}"},"query-input":{"@type":"PropertyValueSpecification","valueRequired":true,"valueName":"search_term_string"}}],"inLanguage":"sv-SE"},{"@type":"Person","@id":"https:\/\/www.budokampsport.se\/#\/schema\/person\/5c06d81d14850e2a8ce5493386560145","name":"Jonathan Broberg","image":{"@type":"ImageObject","inLanguage":"sv-SE","@id":"https:\/\/www.budokampsport.se\/#\/schema\/person\/image\/","url":"https:\/\/secure.gravatar.com\/avatar\/a58041c6cea9128bd9c40ee2f26d4136?s=96&d=blank&r=g","contentUrl":"https:\/\/secure.gravatar.com\/avatar\/a58041c6cea9128bd9c40ee2f26d4136?s=96&d=blank&r=g","caption":"Jonathan Broberg"},"sameAs":["https:\/\/www.facebook.com\/jonathan.broberg.7"],"url":"https:\/\/www.budokampsport.se\/author\/jonathan\/"}]}},"_links":{"self":[{"href":"https:\/\/www.budokampsport.se\/api\/wp\/v2\/posts\/173012","targetHints":{"allow":["GET"]}}],"collection":[{"href":"https:\/\/www.budokampsport.se\/api\/wp\/v2\/posts"}],"about":[{"href":"https:\/\/www.budokampsport.se\/api\/wp\/v2\/types\/post"}],"author":[{"embeddable":true,"href":"https:\/\/www.budokampsport.se\/api\/wp\/v2\/users\/7"}],"replies":[{"embeddable":true,"href":"https:\/\/www.budokampsport.se\/api\/wp\/v2\/comments?post=173012"}],"version-history":[{"count":0,"href":"https:\/\/www.budokampsport.se\/api\/wp\/v2\/posts\/173012\/revisions"}],"wp:featuredmedia":[{"embeddable":true,"href":"https:\/\/www.budokampsport.se\/api\/wp\/v2\/media\/141276"}],"wp:attachment":[{"href":"https:\/\/www.budokampsport.se\/api\/wp\/v2\/media?parent=173012"}],"wp:term":[{"taxonomy":"category","embeddable":true,"href":"https:\/\/www.budokampsport.se\/api\/wp\/v2\/categories?post=173012"},{"taxonomy":"post_tag","embeddable":true,"href":"https:\/\/www.budokampsport.se\/api\/wp\/v2\/tags?post=173012"}],"curies":[{"name":"wp","href":"https:\/\/api.w.org\/{rel}","templated":true}]}}