{"id":173828,"date":"2024-10-31T10:21:03","date_gmt":"2024-10-31T09:21:03","guid":{"rendered":"https:\/\/www.budokampsport.se\/?p=173828"},"modified":"2024-10-31T10:21:03","modified_gmt":"2024-10-31T09:21:03","slug":"jvm-brons-i-jujutsu-till-willhelm-wendt","status":"publish","type":"post","link":"https:\/\/www.budokampsport.se\/2024\/10\/31\/jvm-brons-i-jujutsu-till-willhelm-wendt\/","title":{"rendered":"JVM-brons i jujutsu till Willhelm Wendt"},"content":{"rendered":"<p>Seniorerna har t\u00e4vlat klart i jujutsu-VM p\u00e5 Kreta, men juniorerna h\u00e5ller fortfarande ig\u00e5ng.<\/p>\n<p>Och under g\u00e5rdagen kom en svensk bronsmedalj genom Willhelm Wendt i <a href=\"https:\/\/www.sportdata.org\/ju-jitsu\/set-online\/popup_main.php?popup_action=results&amp;vernr=636&amp;active_menu=calendar\" target=\"_blank\" rel=\"noopener\">fighting -77 kg<\/a>.<\/p>\n","protected":false},"excerpt":{"rendered":"<p>Willhelm Wendt slog till med ett brons i junior-VM i jujutsu, som likt seniorernas m\u00e4sterskap, h\u00e5lls p\u00e5 Kreta.<\/p><br>","protected":false},"author":7,"featured_media":173832,"comment_status":"closed","ping_status":"closed","sticky":false,"template":"","format":"standard","meta":{"_acf_changed":false,"footnotes":""},"categories":[540],"tags":[],"class_list":["post-173828","post","type-post","status-publish","format-standard","has-post-thumbnail","hentry","category-jujutsu"],"acf":[],"yoast_head":"<!-- This site is optimized with the Yoast SEO plugin v26.8 - https:\/\/yoast.com\/product\/yoast-seo-wordpress\/ -->\n<title>JVM-brons i jujutsu till Willhelm Wendt - Svenska Budo &amp; Kampsportsf\u00f6rbundet<\/title>\n<meta name=\"description\" content=\"Willhelm Wendt slog till med ett brons i junior-VM i jujutsu, som likt seniorernas m\u00e4sterskap, h\u00e5lls p\u00e5 Kreta.\" \/>\n<meta name=\"robots\" content=\"index, follow, max-snippet:-1, max-image-preview:large, max-video-preview:-1\" \/>\n<link rel=\"canonical\" href=\"https:\/\/www.budokampsport.se\/2024\/10\/31\/jvm-brons-i-jujutsu-till-willhelm-wendt\/\" \/>\n<meta property=\"og:locale\" content=\"sv_SE\" \/>\n<meta property=\"og:type\" content=\"article\" \/>\n<meta property=\"og:title\" content=\"JVM-brons i jujutsu till Willhelm Wendt - Svenska Budo &amp; Kampsportsf\u00f6rbundet\" \/>\n<meta property=\"og:description\" content=\"Willhelm Wendt slog till med ett brons i junior-VM i jujutsu, som likt seniorernas m\u00e4sterskap, h\u00e5lls p\u00e5 Kreta.\" \/>\n<meta property=\"og:url\" content=\"https:\/\/www.budokampsport.se\/2024\/10\/31\/jvm-brons-i-jujutsu-till-willhelm-wendt\/\" \/>\n<meta property=\"og:site_name\" content=\"Svenska Budo &amp; Kampsportsf\u00f6rbundet\" \/>\n<meta property=\"article:author\" content=\"https:\/\/www.facebook.com\/jonathan.broberg.7\" \/>\n<meta property=\"article:published_time\" content=\"2024-10-31T09:21:03+00:00\" \/>\n<meta property=\"og:image\" content=\"https:\/\/www.budokampsport.se\/wp-content\/uploads\/2024\/10\/willhelm-wendt.jpg\" \/>\n\t<meta property=\"og:image:width\" content=\"850\" \/>\n\t<meta property=\"og:image:height\" content=\"556\" \/>\n\t<meta property=\"og:image:type\" content=\"image\/jpeg\" \/>\n<meta name=\"author\" content=\"Jonathan Broberg\" \/>\n<meta name=\"twitter:card\" content=\"summary_large_image\" \/>\n<meta name=\"twitter:label1\" content=\"Skriven av\" \/>\n\t<meta name=\"twitter:data1\" content=\"Jonathan Broberg\" \/>\n\t<meta name=\"twitter:label2\" content=\"Ber\u00e4knad l\u00e4stid\" \/>\n\t<meta name=\"twitter:data2\" content=\"1 minut\" \/>\n<script type=\"application\/ld+json\" class=\"yoast-schema-graph\">{\"@context\":\"https:\/\/schema.org\",\"@graph\":[{\"@type\":\"Article\",\"@id\":\"https:\/\/www.budokampsport.se\/2024\/10\/31\/jvm-brons-i-jujutsu-till-willhelm-wendt\/#article\",\"isPartOf\":{\"@id\":\"https:\/\/www.budokampsport.se\/2024\/10\/31\/jvm-brons-i-jujutsu-till-willhelm-wendt\/\"},\"author\":{\"name\":\"Jonathan Broberg\",\"@id\":\"https:\/\/www.budokampsport.se\/#\/schema\/person\/5c06d81d14850e2a8ce5493386560145\"},\"headline\":\"JVM-brons i jujutsu till Willhelm Wendt\",\"datePublished\":\"2024-10-31T09:21:03+00:00\",\"mainEntityOfPage\":{\"@id\":\"https:\/\/www.budokampsport.se\/2024\/10\/31\/jvm-brons-i-jujutsu-till-willhelm-wendt\/\"},\"wordCount\":37,\"image\":{\"@id\":\"https:\/\/www.budokampsport.se\/2024\/10\/31\/jvm-brons-i-jujutsu-till-willhelm-wendt\/#primaryimage\"},\"thumbnailUrl\":\"https:\/\/www.budokampsport.se\/wp-content\/uploads\/2024\/10\/willhelm-wendt.jpg\",\"articleSection\":[\"Jujutsu\"],\"inLanguage\":\"sv-SE\"},{\"@type\":\"WebPage\",\"@id\":\"https:\/\/www.budokampsport.se\/2024\/10\/31\/jvm-brons-i-jujutsu-till-willhelm-wendt\/\",\"url\":\"https:\/\/www.budokampsport.se\/2024\/10\/31\/jvm-brons-i-jujutsu-till-willhelm-wendt\/\",\"name\":\"JVM-brons i jujutsu till Willhelm Wendt - Svenska Budo &amp; Kampsportsf\u00f6rbundet\",\"isPartOf\":{\"@id\":\"https:\/\/www.budokampsport.se\/#website\"},\"primaryImageOfPage\":{\"@id\":\"https:\/\/www.budokampsport.se\/2024\/10\/31\/jvm-brons-i-jujutsu-till-willhelm-wendt\/#primaryimage\"},\"image\":{\"@id\":\"https:\/\/www.budokampsport.se\/2024\/10\/31\/jvm-brons-i-jujutsu-till-willhelm-wendt\/#primaryimage\"},\"thumbnailUrl\":\"https:\/\/www.budokampsport.se\/wp-content\/uploads\/2024\/10\/willhelm-wendt.jpg\",\"datePublished\":\"2024-10-31T09:21:03+00:00\",\"author\":{\"@id\":\"https:\/\/www.budokampsport.se\/#\/schema\/person\/5c06d81d14850e2a8ce5493386560145\"},\"description\":\"Willhelm Wendt slog till med ett brons i junior-VM i jujutsu, som likt seniorernas m\u00e4sterskap, h\u00e5lls p\u00e5 Kreta.\",\"breadcrumb\":{\"@id\":\"https:\/\/www.budokampsport.se\/2024\/10\/31\/jvm-brons-i-jujutsu-till-willhelm-wendt\/#breadcrumb\"},\"inLanguage\":\"sv-SE\",\"potentialAction\":[{\"@type\":\"ReadAction\",\"target\":[\"https:\/\/www.budokampsport.se\/2024\/10\/31\/jvm-brons-i-jujutsu-till-willhelm-wendt\/\"]}]},{\"@type\":\"ImageObject\",\"inLanguage\":\"sv-SE\",\"@id\":\"https:\/\/www.budokampsport.se\/2024\/10\/31\/jvm-brons-i-jujutsu-till-willhelm-wendt\/#primaryimage\",\"url\":\"https:\/\/www.budokampsport.se\/wp-content\/uploads\/2024\/10\/willhelm-wendt.jpg\",\"contentUrl\":\"https:\/\/www.budokampsport.se\/wp-content\/uploads\/2024\/10\/willhelm-wendt.jpg\",\"width\":850,\"height\":556,\"caption\":\"Foto: Svenska Jujutsufederationen\"},{\"@type\":\"BreadcrumbList\",\"@id\":\"https:\/\/www.budokampsport.se\/2024\/10\/31\/jvm-brons-i-jujutsu-till-willhelm-wendt\/#breadcrumb\",\"itemListElement\":[{\"@type\":\"ListItem\",\"position\":1,\"name\":\"Hem\",\"item\":\"https:\/\/www.budokampsport.se\/\"},{\"@type\":\"ListItem\",\"position\":2,\"name\":\"JVM-brons i jujutsu till Willhelm Wendt\"}]},{\"@type\":\"WebSite\",\"@id\":\"https:\/\/www.budokampsport.se\/#website\",\"url\":\"https:\/\/www.budokampsport.se\/\",\"name\":\"Svenska Budo &amp; Kampsportsf\u00f6rbundet\",\"description\":\"T\u00e4vling, Tr\u00e4ning, Tradition\",\"potentialAction\":[{\"@type\":\"SearchAction\",\"target\":{\"@type\":\"EntryPoint\",\"urlTemplate\":\"https:\/\/www.budokampsport.se\/?s={search_term_string}\"},\"query-input\":{\"@type\":\"PropertyValueSpecification\",\"valueRequired\":true,\"valueName\":\"search_term_string\"}}],\"inLanguage\":\"sv-SE\"},{\"@type\":\"Person\",\"@id\":\"https:\/\/www.budokampsport.se\/#\/schema\/person\/5c06d81d14850e2a8ce5493386560145\",\"name\":\"Jonathan Broberg\",\"image\":{\"@type\":\"ImageObject\",\"inLanguage\":\"sv-SE\",\"@id\":\"https:\/\/www.budokampsport.se\/#\/schema\/person\/image\/\",\"url\":\"https:\/\/secure.gravatar.com\/avatar\/a58041c6cea9128bd9c40ee2f26d4136?s=96&d=blank&r=g\",\"contentUrl\":\"https:\/\/secure.gravatar.com\/avatar\/a58041c6cea9128bd9c40ee2f26d4136?s=96&d=blank&r=g\",\"caption\":\"Jonathan Broberg\"},\"sameAs\":[\"https:\/\/www.facebook.com\/jonathan.broberg.7\"],\"url\":\"https:\/\/www.budokampsport.se\/author\/jonathan\/\"}]}<\/script>\n<!-- \/ Yoast SEO plugin. -->","yoast_head_json":{"title":"JVM-brons i jujutsu till Willhelm Wendt - Svenska Budo &amp; Kampsportsf\u00f6rbundet","description":"Willhelm Wendt slog till med ett brons i junior-VM i jujutsu, som likt seniorernas m\u00e4sterskap, h\u00e5lls p\u00e5 Kreta.","robots":{"index":"index","follow":"follow","max-snippet":"max-snippet:-1","max-image-preview":"max-image-preview:large","max-video-preview":"max-video-preview:-1"},"canonical":"https:\/\/www.budokampsport.se\/2024\/10\/31\/jvm-brons-i-jujutsu-till-willhelm-wendt\/","og_locale":"sv_SE","og_type":"article","og_title":"JVM-brons i jujutsu till Willhelm Wendt - Svenska Budo &amp; Kampsportsf\u00f6rbundet","og_description":"Willhelm Wendt slog till med ett brons i junior-VM i jujutsu, som likt seniorernas m\u00e4sterskap, h\u00e5lls p\u00e5 Kreta.","og_url":"https:\/\/www.budokampsport.se\/2024\/10\/31\/jvm-brons-i-jujutsu-till-willhelm-wendt\/","og_site_name":"Svenska Budo &amp; Kampsportsf\u00f6rbundet","article_author":"https:\/\/www.facebook.com\/jonathan.broberg.7","article_published_time":"2024-10-31T09:21:03+00:00","og_image":[{"width":850,"height":556,"url":"https:\/\/www.budokampsport.se\/wp-content\/uploads\/2024\/10\/willhelm-wendt.jpg","type":"image\/jpeg"}],"author":"Jonathan Broberg","twitter_card":"summary_large_image","twitter_misc":{"Skriven av":"Jonathan Broberg","Ber\u00e4knad l\u00e4stid":"1 minut"},"schema":{"@context":"https:\/\/schema.org","@graph":[{"@type":"Article","@id":"https:\/\/www.budokampsport.se\/2024\/10\/31\/jvm-brons-i-jujutsu-till-willhelm-wendt\/#article","isPartOf":{"@id":"https:\/\/www.budokampsport.se\/2024\/10\/31\/jvm-brons-i-jujutsu-till-willhelm-wendt\/"},"author":{"name":"Jonathan Broberg","@id":"https:\/\/www.budokampsport.se\/#\/schema\/person\/5c06d81d14850e2a8ce5493386560145"},"headline":"JVM-brons i jujutsu till Willhelm Wendt","datePublished":"2024-10-31T09:21:03+00:00","mainEntityOfPage":{"@id":"https:\/\/www.budokampsport.se\/2024\/10\/31\/jvm-brons-i-jujutsu-till-willhelm-wendt\/"},"wordCount":37,"image":{"@id":"https:\/\/www.budokampsport.se\/2024\/10\/31\/jvm-brons-i-jujutsu-till-willhelm-wendt\/#primaryimage"},"thumbnailUrl":"https:\/\/www.budokampsport.se\/wp-content\/uploads\/2024\/10\/willhelm-wendt.jpg","articleSection":["Jujutsu"],"inLanguage":"sv-SE"},{"@type":"WebPage","@id":"https:\/\/www.budokampsport.se\/2024\/10\/31\/jvm-brons-i-jujutsu-till-willhelm-wendt\/","url":"https:\/\/www.budokampsport.se\/2024\/10\/31\/jvm-brons-i-jujutsu-till-willhelm-wendt\/","name":"JVM-brons i jujutsu till Willhelm Wendt - Svenska Budo &amp; Kampsportsf\u00f6rbundet","isPartOf":{"@id":"https:\/\/www.budokampsport.se\/#website"},"primaryImageOfPage":{"@id":"https:\/\/www.budokampsport.se\/2024\/10\/31\/jvm-brons-i-jujutsu-till-willhelm-wendt\/#primaryimage"},"image":{"@id":"https:\/\/www.budokampsport.se\/2024\/10\/31\/jvm-brons-i-jujutsu-till-willhelm-wendt\/#primaryimage"},"thumbnailUrl":"https:\/\/www.budokampsport.se\/wp-content\/uploads\/2024\/10\/willhelm-wendt.jpg","datePublished":"2024-10-31T09:21:03+00:00","author":{"@id":"https:\/\/www.budokampsport.se\/#\/schema\/person\/5c06d81d14850e2a8ce5493386560145"},"description":"Willhelm Wendt slog till med ett brons i junior-VM i jujutsu, som likt seniorernas m\u00e4sterskap, h\u00e5lls p\u00e5 Kreta.","breadcrumb":{"@id":"https:\/\/www.budokampsport.se\/2024\/10\/31\/jvm-brons-i-jujutsu-till-willhelm-wendt\/#breadcrumb"},"inLanguage":"sv-SE","potentialAction":[{"@type":"ReadAction","target":["https:\/\/www.budokampsport.se\/2024\/10\/31\/jvm-brons-i-jujutsu-till-willhelm-wendt\/"]}]},{"@type":"ImageObject","inLanguage":"sv-SE","@id":"https:\/\/www.budokampsport.se\/2024\/10\/31\/jvm-brons-i-jujutsu-till-willhelm-wendt\/#primaryimage","url":"https:\/\/www.budokampsport.se\/wp-content\/uploads\/2024\/10\/willhelm-wendt.jpg","contentUrl":"https:\/\/www.budokampsport.se\/wp-content\/uploads\/2024\/10\/willhelm-wendt.jpg","width":850,"height":556,"caption":"Foto: Svenska Jujutsufederationen"},{"@type":"BreadcrumbList","@id":"https:\/\/www.budokampsport.se\/2024\/10\/31\/jvm-brons-i-jujutsu-till-willhelm-wendt\/#breadcrumb","itemListElement":[{"@type":"ListItem","position":1,"name":"Hem","item":"https:\/\/www.budokampsport.se\/"},{"@type":"ListItem","position":2,"name":"JVM-brons i jujutsu till Willhelm Wendt"}]},{"@type":"WebSite","@id":"https:\/\/www.budokampsport.se\/#website","url":"https:\/\/www.budokampsport.se\/","name":"Svenska Budo &amp; Kampsportsf\u00f6rbundet","description":"T\u00e4vling, Tr\u00e4ning, Tradition","potentialAction":[{"@type":"SearchAction","target":{"@type":"EntryPoint","urlTemplate":"https:\/\/www.budokampsport.se\/?s={search_term_string}"},"query-input":{"@type":"PropertyValueSpecification","valueRequired":true,"valueName":"search_term_string"}}],"inLanguage":"sv-SE"},{"@type":"Person","@id":"https:\/\/www.budokampsport.se\/#\/schema\/person\/5c06d81d14850e2a8ce5493386560145","name":"Jonathan Broberg","image":{"@type":"ImageObject","inLanguage":"sv-SE","@id":"https:\/\/www.budokampsport.se\/#\/schema\/person\/image\/","url":"https:\/\/secure.gravatar.com\/avatar\/a58041c6cea9128bd9c40ee2f26d4136?s=96&d=blank&r=g","contentUrl":"https:\/\/secure.gravatar.com\/avatar\/a58041c6cea9128bd9c40ee2f26d4136?s=96&d=blank&r=g","caption":"Jonathan Broberg"},"sameAs":["https:\/\/www.facebook.com\/jonathan.broberg.7"],"url":"https:\/\/www.budokampsport.se\/author\/jonathan\/"}]}},"_links":{"self":[{"href":"https:\/\/www.budokampsport.se\/api\/wp\/v2\/posts\/173828","targetHints":{"allow":["GET"]}}],"collection":[{"href":"https:\/\/www.budokampsport.se\/api\/wp\/v2\/posts"}],"about":[{"href":"https:\/\/www.budokampsport.se\/api\/wp\/v2\/types\/post"}],"author":[{"embeddable":true,"href":"https:\/\/www.budokampsport.se\/api\/wp\/v2\/users\/7"}],"replies":[{"embeddable":true,"href":"https:\/\/www.budokampsport.se\/api\/wp\/v2\/comments?post=173828"}],"version-history":[{"count":0,"href":"https:\/\/www.budokampsport.se\/api\/wp\/v2\/posts\/173828\/revisions"}],"wp:featuredmedia":[{"embeddable":true,"href":"https:\/\/www.budokampsport.se\/api\/wp\/v2\/media\/173832"}],"wp:attachment":[{"href":"https:\/\/www.budokampsport.se\/api\/wp\/v2\/media?parent=173828"}],"wp:term":[{"taxonomy":"category","embeddable":true,"href":"https:\/\/www.budokampsport.se\/api\/wp\/v2\/categories?post=173828"},{"taxonomy":"post_tag","embeddable":true,"href":"https:\/\/www.budokampsport.se\/api\/wp\/v2\/tags?post=173828"}],"curies":[{"name":"wp","href":"https:\/\/api.w.org\/{rel}","templated":true}]}}