{"id":173939,"date":"2024-11-04T12:54:56","date_gmt":"2024-11-04T11:54:56","guid":{"rendered":"https:\/\/www.budokampsport.se\/?p=173939"},"modified":"2024-11-04T12:54:56","modified_gmt":"2024-11-04T11:54:56","slug":"em-i-kickboxning-inleds-idag","status":"publish","type":"post","link":"https:\/\/www.budokampsport.se\/2024\/11\/04\/em-i-kickboxning-inleds-idag\/","title":{"rendered":"EM i kickboxning inleds idag"},"content":{"rendered":"<p><a href=\"https:\/\/wako.sport\/events\/wako-senior-and-masters-european-kickboxing-championships-all-disciplines\/\" target=\"_blank\" rel=\"noopener\">EM i kickboxning<\/a> arrangeras i Grekland mellan den 1-10 november. M\u00e4sterskapet \u00e4r ocks\u00e5 en chans till att kvalificera sig till n\u00e4sta \u00e5rs World Games i Chengdu, Kina.<\/p>\n<p>Det \u00e4r en mindre trupp kickboxare som landat i Athen och som under dagen inleder sin jakt p\u00e5 medaljer. F\u00f6rst ut \u00e4r Sammy Voss i match 25, tatami 2 cirka klockan 16:00.<\/p>\n<p>&nbsp;<\/p>\n<h3>TRUPPEN<\/h3>\n<table style=\"border-collapse: collapse; width: 38.4716%;\">\n<tbody>\n<tr>\n<td style=\"width: 23.397%;\">Ola Alvarsson<\/td>\n<td style=\"width: 15.075%;\">LC\/KL\/PF<\/td>\n<\/tr>\n<tr>\n<td style=\"width: 23.397%;\">Sammy Voss<\/td>\n<td style=\"width: 15.075%;\">KL<\/td>\n<\/tr>\n<tr>\n<td style=\"width: 23.397%;\">Annika Berglund<\/td>\n<td style=\"width: 15.075%;\">LC\/KL<\/td>\n<\/tr>\n<\/tbody>\n<\/table>\n<p>&nbsp;<\/p>\n<p>Landslagscoach p\u00e5 plats \u00e4r Sami Sellam.<\/p>\n<p>F\u00f6lj svenskarnas matcher via <a href=\"https:\/\/kickboxinglive.tv\/competitions\/european-kickboxing-championships-greece\" target=\"_blank\" rel=\"noopener\">denna l\u00e4nk<\/a>.<\/p>\n","protected":false},"excerpt":{"rendered":"<p>Tre svenska t\u00e4vlande satsar p\u00e5 pallplats.<\/p><br>","protected":false},"author":120,"featured_media":173940,"comment_status":"closed","ping_status":"closed","sticky":false,"template":"","format":"standard","meta":{"_acf_changed":false,"footnotes":""},"categories":[544],"tags":[],"class_list":["post-173939","post","type-post","status-publish","format-standard","has-post-thumbnail","hentry","category-kickboxning"],"acf":[],"yoast_head":"<!-- This site is optimized with the Yoast SEO plugin v26.8 - https:\/\/yoast.com\/product\/yoast-seo-wordpress\/ -->\n<title>EM i kickboxning inleds idag - Svenska Budo &amp; Kampsportsf\u00f6rbundet<\/title>\n<meta name=\"description\" content=\"Tre svenska t\u00e4vlande satsar p\u00e5 pallplats.\" \/>\n<meta name=\"robots\" content=\"index, follow, max-snippet:-1, max-image-preview:large, max-video-preview:-1\" \/>\n<link rel=\"canonical\" href=\"https:\/\/www.budokampsport.se\/2024\/11\/04\/em-i-kickboxning-inleds-idag\/\" \/>\n<meta property=\"og:locale\" content=\"sv_SE\" \/>\n<meta property=\"og:type\" content=\"article\" \/>\n<meta property=\"og:title\" content=\"EM i kickboxning inleds idag - Svenska Budo &amp; Kampsportsf\u00f6rbundet\" \/>\n<meta property=\"og:description\" content=\"Tre svenska t\u00e4vlande satsar p\u00e5 pallplats.\" \/>\n<meta property=\"og:url\" content=\"https:\/\/www.budokampsport.se\/2024\/11\/04\/em-i-kickboxning-inleds-idag\/\" \/>\n<meta property=\"og:site_name\" content=\"Svenska Budo &amp; Kampsportsf\u00f6rbundet\" \/>\n<meta property=\"article:published_time\" content=\"2024-11-04T11:54:56+00:00\" \/>\n<meta property=\"og:image\" content=\"https:\/\/www.budokampsport.se\/wp-content\/uploads\/2024\/11\/465651618_1017589256835523_3014187159551629273_n.jpg\" \/>\n\t<meta property=\"og:image:width\" content=\"850\" \/>\n\t<meta property=\"og:image:height\" content=\"538\" \/>\n\t<meta property=\"og:image:type\" content=\"image\/jpeg\" \/>\n<meta name=\"author\" content=\"Annie Carriage\" \/>\n<meta name=\"twitter:card\" content=\"summary_large_image\" \/>\n<meta name=\"twitter:label1\" content=\"Skriven av\" \/>\n\t<meta name=\"twitter:data1\" content=\"Annie Carriage\" \/>\n\t<meta name=\"twitter:label2\" content=\"Ber\u00e4knad l\u00e4stid\" \/>\n\t<meta name=\"twitter:data2\" content=\"1 minut\" \/>\n<script type=\"application\/ld+json\" class=\"yoast-schema-graph\">{\"@context\":\"https:\/\/schema.org\",\"@graph\":[{\"@type\":\"Article\",\"@id\":\"https:\/\/www.budokampsport.se\/2024\/11\/04\/em-i-kickboxning-inleds-idag\/#article\",\"isPartOf\":{\"@id\":\"https:\/\/www.budokampsport.se\/2024\/11\/04\/em-i-kickboxning-inleds-idag\/\"},\"author\":{\"name\":\"Annie Carriage\",\"@id\":\"https:\/\/www.budokampsport.se\/#\/schema\/person\/c838cace8171f692e363fde3f38f208b\"},\"headline\":\"EM i kickboxning inleds idag\",\"datePublished\":\"2024-11-04T11:54:56+00:00\",\"mainEntityOfPage\":{\"@id\":\"https:\/\/www.budokampsport.se\/2024\/11\/04\/em-i-kickboxning-inleds-idag\/\"},\"wordCount\":93,\"image\":{\"@id\":\"https:\/\/www.budokampsport.se\/2024\/11\/04\/em-i-kickboxning-inleds-idag\/#primaryimage\"},\"thumbnailUrl\":\"https:\/\/www.budokampsport.se\/wp-content\/uploads\/2024\/11\/465651618_1017589256835523_3014187159551629273_n.jpg\",\"articleSection\":[\"Kickboxning\"],\"inLanguage\":\"sv-SE\"},{\"@type\":\"WebPage\",\"@id\":\"https:\/\/www.budokampsport.se\/2024\/11\/04\/em-i-kickboxning-inleds-idag\/\",\"url\":\"https:\/\/www.budokampsport.se\/2024\/11\/04\/em-i-kickboxning-inleds-idag\/\",\"name\":\"EM i kickboxning inleds idag - Svenska Budo &amp; Kampsportsf\u00f6rbundet\",\"isPartOf\":{\"@id\":\"https:\/\/www.budokampsport.se\/#website\"},\"primaryImageOfPage\":{\"@id\":\"https:\/\/www.budokampsport.se\/2024\/11\/04\/em-i-kickboxning-inleds-idag\/#primaryimage\"},\"image\":{\"@id\":\"https:\/\/www.budokampsport.se\/2024\/11\/04\/em-i-kickboxning-inleds-idag\/#primaryimage\"},\"thumbnailUrl\":\"https:\/\/www.budokampsport.se\/wp-content\/uploads\/2024\/11\/465651618_1017589256835523_3014187159551629273_n.jpg\",\"datePublished\":\"2024-11-04T11:54:56+00:00\",\"author\":{\"@id\":\"https:\/\/www.budokampsport.se\/#\/schema\/person\/c838cace8171f692e363fde3f38f208b\"},\"description\":\"Tre svenska t\u00e4vlande satsar p\u00e5 pallplats.\",\"breadcrumb\":{\"@id\":\"https:\/\/www.budokampsport.se\/2024\/11\/04\/em-i-kickboxning-inleds-idag\/#breadcrumb\"},\"inLanguage\":\"sv-SE\",\"potentialAction\":[{\"@type\":\"ReadAction\",\"target\":[\"https:\/\/www.budokampsport.se\/2024\/11\/04\/em-i-kickboxning-inleds-idag\/\"]}]},{\"@type\":\"ImageObject\",\"inLanguage\":\"sv-SE\",\"@id\":\"https:\/\/www.budokampsport.se\/2024\/11\/04\/em-i-kickboxning-inleds-idag\/#primaryimage\",\"url\":\"https:\/\/www.budokampsport.se\/wp-content\/uploads\/2024\/11\/465651618_1017589256835523_3014187159551629273_n.jpg\",\"contentUrl\":\"https:\/\/www.budokampsport.se\/wp-content\/uploads\/2024\/11\/465651618_1017589256835523_3014187159551629273_n.jpg\",\"width\":850,\"height\":538,\"caption\":\"Foto: Svenska Kickboxningsf\u00f6rbundet\"},{\"@type\":\"BreadcrumbList\",\"@id\":\"https:\/\/www.budokampsport.se\/2024\/11\/04\/em-i-kickboxning-inleds-idag\/#breadcrumb\",\"itemListElement\":[{\"@type\":\"ListItem\",\"position\":1,\"name\":\"Hem\",\"item\":\"https:\/\/www.budokampsport.se\/\"},{\"@type\":\"ListItem\",\"position\":2,\"name\":\"EM i kickboxning inleds idag\"}]},{\"@type\":\"WebSite\",\"@id\":\"https:\/\/www.budokampsport.se\/#website\",\"url\":\"https:\/\/www.budokampsport.se\/\",\"name\":\"Svenska Budo &amp; Kampsportsf\u00f6rbundet\",\"description\":\"T\u00e4vling, Tr\u00e4ning, Tradition\",\"potentialAction\":[{\"@type\":\"SearchAction\",\"target\":{\"@type\":\"EntryPoint\",\"urlTemplate\":\"https:\/\/www.budokampsport.se\/?s={search_term_string}\"},\"query-input\":{\"@type\":\"PropertyValueSpecification\",\"valueRequired\":true,\"valueName\":\"search_term_string\"}}],\"inLanguage\":\"sv-SE\"},{\"@type\":\"Person\",\"@id\":\"https:\/\/www.budokampsport.se\/#\/schema\/person\/c838cace8171f692e363fde3f38f208b\",\"name\":\"Annie Carriage\",\"image\":{\"@type\":\"ImageObject\",\"inLanguage\":\"sv-SE\",\"@id\":\"https:\/\/www.budokampsport.se\/#\/schema\/person\/image\/\",\"url\":\"https:\/\/secure.gravatar.com\/avatar\/9311295560bdfbdf78365a26f7df1876?s=96&d=blank&r=g\",\"contentUrl\":\"https:\/\/secure.gravatar.com\/avatar\/9311295560bdfbdf78365a26f7df1876?s=96&d=blank&r=g\",\"caption\":\"Annie Carriage\"},\"url\":\"https:\/\/www.budokampsport.se\/author\/annie-bondefelt\/\"}]}<\/script>\n<!-- \/ Yoast SEO plugin. -->","yoast_head_json":{"title":"EM i kickboxning inleds idag - Svenska Budo &amp; Kampsportsf\u00f6rbundet","description":"Tre svenska t\u00e4vlande satsar p\u00e5 pallplats.","robots":{"index":"index","follow":"follow","max-snippet":"max-snippet:-1","max-image-preview":"max-image-preview:large","max-video-preview":"max-video-preview:-1"},"canonical":"https:\/\/www.budokampsport.se\/2024\/11\/04\/em-i-kickboxning-inleds-idag\/","og_locale":"sv_SE","og_type":"article","og_title":"EM i kickboxning inleds idag - Svenska Budo &amp; Kampsportsf\u00f6rbundet","og_description":"Tre svenska t\u00e4vlande satsar p\u00e5 pallplats.","og_url":"https:\/\/www.budokampsport.se\/2024\/11\/04\/em-i-kickboxning-inleds-idag\/","og_site_name":"Svenska Budo &amp; Kampsportsf\u00f6rbundet","article_published_time":"2024-11-04T11:54:56+00:00","og_image":[{"width":850,"height":538,"url":"https:\/\/www.budokampsport.se\/wp-content\/uploads\/2024\/11\/465651618_1017589256835523_3014187159551629273_n.jpg","type":"image\/jpeg"}],"author":"Annie Carriage","twitter_card":"summary_large_image","twitter_misc":{"Skriven av":"Annie Carriage","Ber\u00e4knad l\u00e4stid":"1 minut"},"schema":{"@context":"https:\/\/schema.org","@graph":[{"@type":"Article","@id":"https:\/\/www.budokampsport.se\/2024\/11\/04\/em-i-kickboxning-inleds-idag\/#article","isPartOf":{"@id":"https:\/\/www.budokampsport.se\/2024\/11\/04\/em-i-kickboxning-inleds-idag\/"},"author":{"name":"Annie Carriage","@id":"https:\/\/www.budokampsport.se\/#\/schema\/person\/c838cace8171f692e363fde3f38f208b"},"headline":"EM i kickboxning inleds idag","datePublished":"2024-11-04T11:54:56+00:00","mainEntityOfPage":{"@id":"https:\/\/www.budokampsport.se\/2024\/11\/04\/em-i-kickboxning-inleds-idag\/"},"wordCount":93,"image":{"@id":"https:\/\/www.budokampsport.se\/2024\/11\/04\/em-i-kickboxning-inleds-idag\/#primaryimage"},"thumbnailUrl":"https:\/\/www.budokampsport.se\/wp-content\/uploads\/2024\/11\/465651618_1017589256835523_3014187159551629273_n.jpg","articleSection":["Kickboxning"],"inLanguage":"sv-SE"},{"@type":"WebPage","@id":"https:\/\/www.budokampsport.se\/2024\/11\/04\/em-i-kickboxning-inleds-idag\/","url":"https:\/\/www.budokampsport.se\/2024\/11\/04\/em-i-kickboxning-inleds-idag\/","name":"EM i kickboxning inleds idag - Svenska Budo &amp; Kampsportsf\u00f6rbundet","isPartOf":{"@id":"https:\/\/www.budokampsport.se\/#website"},"primaryImageOfPage":{"@id":"https:\/\/www.budokampsport.se\/2024\/11\/04\/em-i-kickboxning-inleds-idag\/#primaryimage"},"image":{"@id":"https:\/\/www.budokampsport.se\/2024\/11\/04\/em-i-kickboxning-inleds-idag\/#primaryimage"},"thumbnailUrl":"https:\/\/www.budokampsport.se\/wp-content\/uploads\/2024\/11\/465651618_1017589256835523_3014187159551629273_n.jpg","datePublished":"2024-11-04T11:54:56+00:00","author":{"@id":"https:\/\/www.budokampsport.se\/#\/schema\/person\/c838cace8171f692e363fde3f38f208b"},"description":"Tre svenska t\u00e4vlande satsar p\u00e5 pallplats.","breadcrumb":{"@id":"https:\/\/www.budokampsport.se\/2024\/11\/04\/em-i-kickboxning-inleds-idag\/#breadcrumb"},"inLanguage":"sv-SE","potentialAction":[{"@type":"ReadAction","target":["https:\/\/www.budokampsport.se\/2024\/11\/04\/em-i-kickboxning-inleds-idag\/"]}]},{"@type":"ImageObject","inLanguage":"sv-SE","@id":"https:\/\/www.budokampsport.se\/2024\/11\/04\/em-i-kickboxning-inleds-idag\/#primaryimage","url":"https:\/\/www.budokampsport.se\/wp-content\/uploads\/2024\/11\/465651618_1017589256835523_3014187159551629273_n.jpg","contentUrl":"https:\/\/www.budokampsport.se\/wp-content\/uploads\/2024\/11\/465651618_1017589256835523_3014187159551629273_n.jpg","width":850,"height":538,"caption":"Foto: Svenska Kickboxningsf\u00f6rbundet"},{"@type":"BreadcrumbList","@id":"https:\/\/www.budokampsport.se\/2024\/11\/04\/em-i-kickboxning-inleds-idag\/#breadcrumb","itemListElement":[{"@type":"ListItem","position":1,"name":"Hem","item":"https:\/\/www.budokampsport.se\/"},{"@type":"ListItem","position":2,"name":"EM i kickboxning inleds idag"}]},{"@type":"WebSite","@id":"https:\/\/www.budokampsport.se\/#website","url":"https:\/\/www.budokampsport.se\/","name":"Svenska Budo &amp; Kampsportsf\u00f6rbundet","description":"T\u00e4vling, Tr\u00e4ning, Tradition","potentialAction":[{"@type":"SearchAction","target":{"@type":"EntryPoint","urlTemplate":"https:\/\/www.budokampsport.se\/?s={search_term_string}"},"query-input":{"@type":"PropertyValueSpecification","valueRequired":true,"valueName":"search_term_string"}}],"inLanguage":"sv-SE"},{"@type":"Person","@id":"https:\/\/www.budokampsport.se\/#\/schema\/person\/c838cace8171f692e363fde3f38f208b","name":"Annie Carriage","image":{"@type":"ImageObject","inLanguage":"sv-SE","@id":"https:\/\/www.budokampsport.se\/#\/schema\/person\/image\/","url":"https:\/\/secure.gravatar.com\/avatar\/9311295560bdfbdf78365a26f7df1876?s=96&d=blank&r=g","contentUrl":"https:\/\/secure.gravatar.com\/avatar\/9311295560bdfbdf78365a26f7df1876?s=96&d=blank&r=g","caption":"Annie Carriage"},"url":"https:\/\/www.budokampsport.se\/author\/annie-bondefelt\/"}]}},"_links":{"self":[{"href":"https:\/\/www.budokampsport.se\/api\/wp\/v2\/posts\/173939","targetHints":{"allow":["GET"]}}],"collection":[{"href":"https:\/\/www.budokampsport.se\/api\/wp\/v2\/posts"}],"about":[{"href":"https:\/\/www.budokampsport.se\/api\/wp\/v2\/types\/post"}],"author":[{"embeddable":true,"href":"https:\/\/www.budokampsport.se\/api\/wp\/v2\/users\/120"}],"replies":[{"embeddable":true,"href":"https:\/\/www.budokampsport.se\/api\/wp\/v2\/comments?post=173939"}],"version-history":[{"count":0,"href":"https:\/\/www.budokampsport.se\/api\/wp\/v2\/posts\/173939\/revisions"}],"wp:featuredmedia":[{"embeddable":true,"href":"https:\/\/www.budokampsport.se\/api\/wp\/v2\/media\/173940"}],"wp:attachment":[{"href":"https:\/\/www.budokampsport.se\/api\/wp\/v2\/media?parent=173939"}],"wp:term":[{"taxonomy":"category","embeddable":true,"href":"https:\/\/www.budokampsport.se\/api\/wp\/v2\/categories?post=173939"},{"taxonomy":"post_tag","embeddable":true,"href":"https:\/\/www.budokampsport.se\/api\/wp\/v2\/tags?post=173939"}],"curies":[{"name":"wp","href":"https:\/\/api.w.org\/{rel}","templated":true}]}}