{"id":174011,"date":"2024-11-06T10:25:03","date_gmt":"2024-11-06T09:25:03","guid":{"rendered":"https:\/\/www.budokampsport.se\/?p=174011"},"modified":"2024-11-06T10:25:03","modified_gmt":"2024-11-06T09:25:03","slug":"fler-svenskar-kliver-in-pa-em-i-kickboxning","status":"publish","type":"post","link":"https:\/\/www.budokampsport.se\/2024\/11\/06\/fler-svenskar-kliver-in-pa-em-i-kickboxning\/","title":{"rendered":"Fler svenskar kliver in p\u00e5 EM i kickboxning"},"content":{"rendered":"<p>Idag \u00e4r det dags f\u00f6r <strong>Annika Berglund<\/strong> och <strong>Ola Ahlvarsson<\/strong> att g\u00e5 sina f\u00f6rsta match i Grekland. Berglund g\u00e5r i veteran-semifinal i light contact -65 kg och m\u00f6ter Marianna Kovacs fr\u00e5n Ungern. Multifightern Ahlvarsson g\u00e5r kvartsfinal i kick light -63 kg mot ungraren Marton Hesz, semifinal i light contact -63 kg mot Vladimir Dudiski fr\u00e5n Slovakien i veteranklasserna samt debuterar i point fighting i semifinalen mot Nicholas Tracey fr\u00e5n Irland.<\/p>\n<p><strong>Sammy Voss<\/strong> f\u00f6rlorade tyv\u00e4rr g\u00e5rdagens kvartsfinalen mot den regerande juniorv\u00e4rldsm\u00e4staren Petio Futlev fr\u00e5n Bulgarien i -74 kilosklassen. Trots en gedigen kartl\u00e4ggning inf\u00f6r matchen \u00f6verraskade bulgaren med sin flexibilitet och anpassade sig efter Voss stil och kunde utnyttja svensken svagheter. Det blev detta till trots en j\u00e4mn match men svensken fick till slut se sig besegrad.<\/p>\n<p>\u2013\u00a0Vi visste att det skulle bli en tuff match. Sammy f\u00f6ljde sin plan till punkt och pricka, men bulgaren lyckades v\u00e4nda matchen och hitta luckor i v\u00e5rt f\u00f6rsvar. Men det h\u00e4r \u00e4r en erfarenhet som kommer att g\u00f6ra honom starkare. Vi ser fram emot att se honom utvecklas ytterligare, s\u00e4ger landslagscoachen Sami Sellam.<\/p>\n<p>F\u00f6lj Berglund och Ahlvarssons matcher live via <a href=\"https:\/\/kickboxinglive.tv\/competitions\/european-kickboxing-championships-greece\" target=\"_blank\" rel=\"noopener\">l\u00e4nken<\/a>.<\/p>\n<p><img loading=\"lazy\" decoding=\"async\" class=\"aligncenter wp-image-160377 size-medium\" src=\"https:\/\/www.budokampsport.se\/wp-content\/uploads\/2023\/11\/sammy-brons-webb-376x249.jpg\" alt=\"\" width=\"376\" height=\"249\" srcset=\"https:\/\/www.budokampsport.se\/wp-content\/uploads\/2023\/11\/sammy-brons-webb-376x249.jpg 376w, https:\/\/www.budokampsport.se\/wp-content\/uploads\/2023\/11\/sammy-brons-webb-600x397.jpg 600w, https:\/\/www.budokampsport.se\/wp-content\/uploads\/2023\/11\/sammy-brons-webb-847x560.jpg 847w, https:\/\/www.budokampsport.se\/wp-content\/uploads\/2023\/11\/sammy-brons-webb-278x184.jpg 278w, https:\/\/www.budokampsport.se\/wp-content\/uploads\/2023\/11\/sammy-brons-webb-572x378.jpg 572w, https:\/\/www.budokampsport.se\/wp-content\/uploads\/2023\/11\/sammy-brons-webb.jpg 850w\" sizes=\"auto, (max-width: 376px) 100vw, 376px\" \/><\/p>\n<p>&nbsp;<\/p>\n","protected":false},"excerpt":{"rendered":"<p>EM i kickboxning forts\u00e4tter i Athen n\u00e4r Annika Berglund och Ola Ahlvarsson g\u00e5r sina f\u00f6rsta matcher under dagen.<\/p><br>","protected":false},"author":120,"featured_media":174012,"comment_status":"closed","ping_status":"closed","sticky":false,"template":"","format":"standard","meta":{"_acf_changed":false,"footnotes":""},"categories":[544],"tags":[],"class_list":["post-174011","post","type-post","status-publish","format-standard","has-post-thumbnail","hentry","category-kickboxning"],"acf":[],"yoast_head":"<!-- This site is optimized with the Yoast SEO plugin v26.8 - https:\/\/yoast.com\/product\/yoast-seo-wordpress\/ -->\n<title>Fler svenskar kliver in p\u00e5 EM i kickboxning - Svenska Budo &amp; Kampsportsf\u00f6rbundet<\/title>\n<meta name=\"description\" content=\"EM i kickboxning forts\u00e4tter i Athen n\u00e4r Annika Berglund och Ola Ahlvarsson g\u00e5r sina f\u00f6rsta matcher under dagen.\" \/>\n<meta name=\"robots\" content=\"index, follow, max-snippet:-1, max-image-preview:large, max-video-preview:-1\" \/>\n<link rel=\"canonical\" href=\"https:\/\/www.budokampsport.se\/2024\/11\/06\/fler-svenskar-kliver-in-pa-em-i-kickboxning\/\" \/>\n<meta property=\"og:locale\" content=\"sv_SE\" \/>\n<meta property=\"og:type\" content=\"article\" \/>\n<meta property=\"og:title\" content=\"Fler svenskar kliver in p\u00e5 EM i kickboxning - Svenska Budo &amp; Kampsportsf\u00f6rbundet\" \/>\n<meta property=\"og:description\" content=\"EM i kickboxning forts\u00e4tter i Athen n\u00e4r Annika Berglund och Ola Ahlvarsson g\u00e5r sina f\u00f6rsta matcher under dagen.\" \/>\n<meta property=\"og:url\" content=\"https:\/\/www.budokampsport.se\/2024\/11\/06\/fler-svenskar-kliver-in-pa-em-i-kickboxning\/\" \/>\n<meta property=\"og:site_name\" content=\"Svenska Budo &amp; Kampsportsf\u00f6rbundet\" \/>\n<meta property=\"article:published_time\" content=\"2024-11-06T09:25:03+00:00\" \/>\n<meta property=\"og:image\" content=\"https:\/\/www.budokampsport.se\/wp-content\/uploads\/2024\/11\/465504323_18470248510009746_5778099740464721150_n.jpg\" \/>\n\t<meta property=\"og:image:width\" content=\"850\" \/>\n\t<meta property=\"og:image:height\" content=\"528\" \/>\n\t<meta property=\"og:image:type\" content=\"image\/jpeg\" \/>\n<meta name=\"author\" content=\"Annie Carriage\" \/>\n<meta name=\"twitter:card\" content=\"summary_large_image\" \/>\n<meta name=\"twitter:label1\" content=\"Skriven av\" \/>\n\t<meta name=\"twitter:data1\" content=\"Annie Carriage\" \/>\n\t<meta name=\"twitter:label2\" content=\"Ber\u00e4knad l\u00e4stid\" \/>\n\t<meta name=\"twitter:data2\" content=\"2 minuter\" \/>\n<script type=\"application\/ld+json\" class=\"yoast-schema-graph\">{\"@context\":\"https:\/\/schema.org\",\"@graph\":[{\"@type\":\"Article\",\"@id\":\"https:\/\/www.budokampsport.se\/2024\/11\/06\/fler-svenskar-kliver-in-pa-em-i-kickboxning\/#article\",\"isPartOf\":{\"@id\":\"https:\/\/www.budokampsport.se\/2024\/11\/06\/fler-svenskar-kliver-in-pa-em-i-kickboxning\/\"},\"author\":{\"name\":\"Annie Carriage\",\"@id\":\"https:\/\/www.budokampsport.se\/#\/schema\/person\/c838cace8171f692e363fde3f38f208b\"},\"headline\":\"Fler svenskar kliver in p\u00e5 EM i kickboxning\",\"datePublished\":\"2024-11-06T09:25:03+00:00\",\"mainEntityOfPage\":{\"@id\":\"https:\/\/www.budokampsport.se\/2024\/11\/06\/fler-svenskar-kliver-in-pa-em-i-kickboxning\/\"},\"wordCount\":221,\"image\":{\"@id\":\"https:\/\/www.budokampsport.se\/2024\/11\/06\/fler-svenskar-kliver-in-pa-em-i-kickboxning\/#primaryimage\"},\"thumbnailUrl\":\"https:\/\/www.budokampsport.se\/wp-content\/uploads\/2024\/11\/465504323_18470248510009746_5778099740464721150_n.jpg\",\"articleSection\":[\"Kickboxning\"],\"inLanguage\":\"sv-SE\"},{\"@type\":\"WebPage\",\"@id\":\"https:\/\/www.budokampsport.se\/2024\/11\/06\/fler-svenskar-kliver-in-pa-em-i-kickboxning\/\",\"url\":\"https:\/\/www.budokampsport.se\/2024\/11\/06\/fler-svenskar-kliver-in-pa-em-i-kickboxning\/\",\"name\":\"Fler svenskar kliver in p\u00e5 EM i kickboxning - Svenska Budo &amp; Kampsportsf\u00f6rbundet\",\"isPartOf\":{\"@id\":\"https:\/\/www.budokampsport.se\/#website\"},\"primaryImageOfPage\":{\"@id\":\"https:\/\/www.budokampsport.se\/2024\/11\/06\/fler-svenskar-kliver-in-pa-em-i-kickboxning\/#primaryimage\"},\"image\":{\"@id\":\"https:\/\/www.budokampsport.se\/2024\/11\/06\/fler-svenskar-kliver-in-pa-em-i-kickboxning\/#primaryimage\"},\"thumbnailUrl\":\"https:\/\/www.budokampsport.se\/wp-content\/uploads\/2024\/11\/465504323_18470248510009746_5778099740464721150_n.jpg\",\"datePublished\":\"2024-11-06T09:25:03+00:00\",\"author\":{\"@id\":\"https:\/\/www.budokampsport.se\/#\/schema\/person\/c838cace8171f692e363fde3f38f208b\"},\"description\":\"EM i kickboxning forts\u00e4tter i Athen n\u00e4r Annika Berglund och Ola Ahlvarsson g\u00e5r sina f\u00f6rsta matcher under dagen.\",\"breadcrumb\":{\"@id\":\"https:\/\/www.budokampsport.se\/2024\/11\/06\/fler-svenskar-kliver-in-pa-em-i-kickboxning\/#breadcrumb\"},\"inLanguage\":\"sv-SE\",\"potentialAction\":[{\"@type\":\"ReadAction\",\"target\":[\"https:\/\/www.budokampsport.se\/2024\/11\/06\/fler-svenskar-kliver-in-pa-em-i-kickboxning\/\"]}]},{\"@type\":\"ImageObject\",\"inLanguage\":\"sv-SE\",\"@id\":\"https:\/\/www.budokampsport.se\/2024\/11\/06\/fler-svenskar-kliver-in-pa-em-i-kickboxning\/#primaryimage\",\"url\":\"https:\/\/www.budokampsport.se\/wp-content\/uploads\/2024\/11\/465504323_18470248510009746_5778099740464721150_n.jpg\",\"contentUrl\":\"https:\/\/www.budokampsport.se\/wp-content\/uploads\/2024\/11\/465504323_18470248510009746_5778099740464721150_n.jpg\",\"width\":850,\"height\":528,\"caption\":\"Foto: Svenska Kickboxningsf\u00f6rbundet\"},{\"@type\":\"BreadcrumbList\",\"@id\":\"https:\/\/www.budokampsport.se\/2024\/11\/06\/fler-svenskar-kliver-in-pa-em-i-kickboxning\/#breadcrumb\",\"itemListElement\":[{\"@type\":\"ListItem\",\"position\":1,\"name\":\"Hem\",\"item\":\"https:\/\/www.budokampsport.se\/\"},{\"@type\":\"ListItem\",\"position\":2,\"name\":\"Fler svenskar kliver in p\u00e5 EM i kickboxning\"}]},{\"@type\":\"WebSite\",\"@id\":\"https:\/\/www.budokampsport.se\/#website\",\"url\":\"https:\/\/www.budokampsport.se\/\",\"name\":\"Svenska Budo &amp; Kampsportsf\u00f6rbundet\",\"description\":\"T\u00e4vling, Tr\u00e4ning, Tradition\",\"potentialAction\":[{\"@type\":\"SearchAction\",\"target\":{\"@type\":\"EntryPoint\",\"urlTemplate\":\"https:\/\/www.budokampsport.se\/?s={search_term_string}\"},\"query-input\":{\"@type\":\"PropertyValueSpecification\",\"valueRequired\":true,\"valueName\":\"search_term_string\"}}],\"inLanguage\":\"sv-SE\"},{\"@type\":\"Person\",\"@id\":\"https:\/\/www.budokampsport.se\/#\/schema\/person\/c838cace8171f692e363fde3f38f208b\",\"name\":\"Annie Carriage\",\"image\":{\"@type\":\"ImageObject\",\"inLanguage\":\"sv-SE\",\"@id\":\"https:\/\/www.budokampsport.se\/#\/schema\/person\/image\/\",\"url\":\"https:\/\/secure.gravatar.com\/avatar\/9311295560bdfbdf78365a26f7df1876?s=96&d=blank&r=g\",\"contentUrl\":\"https:\/\/secure.gravatar.com\/avatar\/9311295560bdfbdf78365a26f7df1876?s=96&d=blank&r=g\",\"caption\":\"Annie Carriage\"},\"url\":\"https:\/\/www.budokampsport.se\/author\/annie-bondefelt\/\"}]}<\/script>\n<!-- \/ Yoast SEO plugin. -->","yoast_head_json":{"title":"Fler svenskar kliver in p\u00e5 EM i kickboxning - Svenska Budo &amp; Kampsportsf\u00f6rbundet","description":"EM i kickboxning forts\u00e4tter i Athen n\u00e4r Annika Berglund och Ola Ahlvarsson g\u00e5r sina f\u00f6rsta matcher under dagen.","robots":{"index":"index","follow":"follow","max-snippet":"max-snippet:-1","max-image-preview":"max-image-preview:large","max-video-preview":"max-video-preview:-1"},"canonical":"https:\/\/www.budokampsport.se\/2024\/11\/06\/fler-svenskar-kliver-in-pa-em-i-kickboxning\/","og_locale":"sv_SE","og_type":"article","og_title":"Fler svenskar kliver in p\u00e5 EM i kickboxning - Svenska Budo &amp; Kampsportsf\u00f6rbundet","og_description":"EM i kickboxning forts\u00e4tter i Athen n\u00e4r Annika Berglund och Ola Ahlvarsson g\u00e5r sina f\u00f6rsta matcher under dagen.","og_url":"https:\/\/www.budokampsport.se\/2024\/11\/06\/fler-svenskar-kliver-in-pa-em-i-kickboxning\/","og_site_name":"Svenska Budo &amp; Kampsportsf\u00f6rbundet","article_published_time":"2024-11-06T09:25:03+00:00","og_image":[{"width":850,"height":528,"url":"https:\/\/www.budokampsport.se\/wp-content\/uploads\/2024\/11\/465504323_18470248510009746_5778099740464721150_n.jpg","type":"image\/jpeg"}],"author":"Annie Carriage","twitter_card":"summary_large_image","twitter_misc":{"Skriven av":"Annie Carriage","Ber\u00e4knad l\u00e4stid":"2 minuter"},"schema":{"@context":"https:\/\/schema.org","@graph":[{"@type":"Article","@id":"https:\/\/www.budokampsport.se\/2024\/11\/06\/fler-svenskar-kliver-in-pa-em-i-kickboxning\/#article","isPartOf":{"@id":"https:\/\/www.budokampsport.se\/2024\/11\/06\/fler-svenskar-kliver-in-pa-em-i-kickboxning\/"},"author":{"name":"Annie Carriage","@id":"https:\/\/www.budokampsport.se\/#\/schema\/person\/c838cace8171f692e363fde3f38f208b"},"headline":"Fler svenskar kliver in p\u00e5 EM i kickboxning","datePublished":"2024-11-06T09:25:03+00:00","mainEntityOfPage":{"@id":"https:\/\/www.budokampsport.se\/2024\/11\/06\/fler-svenskar-kliver-in-pa-em-i-kickboxning\/"},"wordCount":221,"image":{"@id":"https:\/\/www.budokampsport.se\/2024\/11\/06\/fler-svenskar-kliver-in-pa-em-i-kickboxning\/#primaryimage"},"thumbnailUrl":"https:\/\/www.budokampsport.se\/wp-content\/uploads\/2024\/11\/465504323_18470248510009746_5778099740464721150_n.jpg","articleSection":["Kickboxning"],"inLanguage":"sv-SE"},{"@type":"WebPage","@id":"https:\/\/www.budokampsport.se\/2024\/11\/06\/fler-svenskar-kliver-in-pa-em-i-kickboxning\/","url":"https:\/\/www.budokampsport.se\/2024\/11\/06\/fler-svenskar-kliver-in-pa-em-i-kickboxning\/","name":"Fler svenskar kliver in p\u00e5 EM i kickboxning - Svenska Budo &amp; Kampsportsf\u00f6rbundet","isPartOf":{"@id":"https:\/\/www.budokampsport.se\/#website"},"primaryImageOfPage":{"@id":"https:\/\/www.budokampsport.se\/2024\/11\/06\/fler-svenskar-kliver-in-pa-em-i-kickboxning\/#primaryimage"},"image":{"@id":"https:\/\/www.budokampsport.se\/2024\/11\/06\/fler-svenskar-kliver-in-pa-em-i-kickboxning\/#primaryimage"},"thumbnailUrl":"https:\/\/www.budokampsport.se\/wp-content\/uploads\/2024\/11\/465504323_18470248510009746_5778099740464721150_n.jpg","datePublished":"2024-11-06T09:25:03+00:00","author":{"@id":"https:\/\/www.budokampsport.se\/#\/schema\/person\/c838cace8171f692e363fde3f38f208b"},"description":"EM i kickboxning forts\u00e4tter i Athen n\u00e4r Annika Berglund och Ola Ahlvarsson g\u00e5r sina f\u00f6rsta matcher under dagen.","breadcrumb":{"@id":"https:\/\/www.budokampsport.se\/2024\/11\/06\/fler-svenskar-kliver-in-pa-em-i-kickboxning\/#breadcrumb"},"inLanguage":"sv-SE","potentialAction":[{"@type":"ReadAction","target":["https:\/\/www.budokampsport.se\/2024\/11\/06\/fler-svenskar-kliver-in-pa-em-i-kickboxning\/"]}]},{"@type":"ImageObject","inLanguage":"sv-SE","@id":"https:\/\/www.budokampsport.se\/2024\/11\/06\/fler-svenskar-kliver-in-pa-em-i-kickboxning\/#primaryimage","url":"https:\/\/www.budokampsport.se\/wp-content\/uploads\/2024\/11\/465504323_18470248510009746_5778099740464721150_n.jpg","contentUrl":"https:\/\/www.budokampsport.se\/wp-content\/uploads\/2024\/11\/465504323_18470248510009746_5778099740464721150_n.jpg","width":850,"height":528,"caption":"Foto: Svenska Kickboxningsf\u00f6rbundet"},{"@type":"BreadcrumbList","@id":"https:\/\/www.budokampsport.se\/2024\/11\/06\/fler-svenskar-kliver-in-pa-em-i-kickboxning\/#breadcrumb","itemListElement":[{"@type":"ListItem","position":1,"name":"Hem","item":"https:\/\/www.budokampsport.se\/"},{"@type":"ListItem","position":2,"name":"Fler svenskar kliver in p\u00e5 EM i kickboxning"}]},{"@type":"WebSite","@id":"https:\/\/www.budokampsport.se\/#website","url":"https:\/\/www.budokampsport.se\/","name":"Svenska Budo &amp; Kampsportsf\u00f6rbundet","description":"T\u00e4vling, Tr\u00e4ning, Tradition","potentialAction":[{"@type":"SearchAction","target":{"@type":"EntryPoint","urlTemplate":"https:\/\/www.budokampsport.se\/?s={search_term_string}"},"query-input":{"@type":"PropertyValueSpecification","valueRequired":true,"valueName":"search_term_string"}}],"inLanguage":"sv-SE"},{"@type":"Person","@id":"https:\/\/www.budokampsport.se\/#\/schema\/person\/c838cace8171f692e363fde3f38f208b","name":"Annie Carriage","image":{"@type":"ImageObject","inLanguage":"sv-SE","@id":"https:\/\/www.budokampsport.se\/#\/schema\/person\/image\/","url":"https:\/\/secure.gravatar.com\/avatar\/9311295560bdfbdf78365a26f7df1876?s=96&d=blank&r=g","contentUrl":"https:\/\/secure.gravatar.com\/avatar\/9311295560bdfbdf78365a26f7df1876?s=96&d=blank&r=g","caption":"Annie Carriage"},"url":"https:\/\/www.budokampsport.se\/author\/annie-bondefelt\/"}]}},"_links":{"self":[{"href":"https:\/\/www.budokampsport.se\/api\/wp\/v2\/posts\/174011","targetHints":{"allow":["GET"]}}],"collection":[{"href":"https:\/\/www.budokampsport.se\/api\/wp\/v2\/posts"}],"about":[{"href":"https:\/\/www.budokampsport.se\/api\/wp\/v2\/types\/post"}],"author":[{"embeddable":true,"href":"https:\/\/www.budokampsport.se\/api\/wp\/v2\/users\/120"}],"replies":[{"embeddable":true,"href":"https:\/\/www.budokampsport.se\/api\/wp\/v2\/comments?post=174011"}],"version-history":[{"count":0,"href":"https:\/\/www.budokampsport.se\/api\/wp\/v2\/posts\/174011\/revisions"}],"wp:featuredmedia":[{"embeddable":true,"href":"https:\/\/www.budokampsport.se\/api\/wp\/v2\/media\/174012"}],"wp:attachment":[{"href":"https:\/\/www.budokampsport.se\/api\/wp\/v2\/media?parent=174011"}],"wp:term":[{"taxonomy":"category","embeddable":true,"href":"https:\/\/www.budokampsport.se\/api\/wp\/v2\/categories?post=174011"},{"taxonomy":"post_tag","embeddable":true,"href":"https:\/\/www.budokampsport.se\/api\/wp\/v2\/tags?post=174011"}],"curies":[{"name":"wp","href":"https:\/\/api.w.org\/{rel}","templated":true}]}}