{"id":174853,"date":"2024-12-04T08:00:20","date_gmt":"2024-12-04T07:00:20","guid":{"rendered":"https:\/\/www.budokampsport.se\/?p=174853"},"modified":"2024-11-28T11:58:13","modified_gmt":"2024-11-28T10:58:13","slug":"lucka-4-svenska-kendopoangen-fick-japanska-vm-publiken-att-jubla","status":"publish","type":"post","link":"https:\/\/www.budokampsport.se\/2024\/12\/04\/lucka-4-svenska-kendopoangen-fick-japanska-vm-publiken-att-jubla\/","title":{"rendered":"Lucka 4: Svenska kendopo\u00e4ngen fick japanska VM-publiken att jubla"},"content":{"rendered":"<p>Kendo-VM 2015 kom till sportens absoluta mittpunkt. I Tokyo i m\u00e4ktiga arenan Nippon Budokan. De tre VM-dagarna var fullsatta; omkring 15.000 \u00e5sk\u00e5dare bildade en maffig inramning till VM:et.<\/p>\n<p>Det japanska kendolandslaget kom till m\u00e4sterskapet som superstj\u00e4rnor och hysteri utbr\u00f6t runt arenan d\u00e4r upplivade fans ville f\u00e5 en glimt av, en blick ifr\u00e5n och kanske om man hade tur &#8211; en selfie med de rockstj\u00e4rneliknande kendoidrottarna.\u00a0<\/p>\n<p>Innan den hysterin var det \u00e4ven f\u00f6r oss sv\u00e5rt att helt f\u00f6rst\u00e5 hur stort kendo verkligen \u00e4r i Japan.<\/p>\n<p>Det japanska landslaget sk\u00f6rdare, f\u00f6rst\u00e5s, stora framg\u00e5ngar.<\/p>\n<p>F\u00f6r svensk del blev det ingen medalj. Men n\u00e4r det svenska laget m\u00f6tte det japanska uppstod en otrolig h\u00e4ndelse. <em><strong>G\u00f6ran Guti\u00e9rrez-Aranda<\/strong><\/em> svarade f\u00f6r n\u00e5gra v\u00e4ldigt fina matcher i VM och det stod tidigt klart att storformen var inprickad.<\/p>\n<p>I sin match i lagmatchen mot Japan tog svensken mycket f\u00f6rv\u00e5nande och till publikens stora f\u00f6rtjusning en po\u00e4ng, som i stort var en av v\u00e4ldigt f\u00e5 po\u00e4ng japanska t\u00e4vlande sl\u00e4ppte till \u00f6verhuvudtaget. Po\u00e4ngen r\u00e4ckte till en oavgjord match.<\/p>\n<p>Budokampsport.se var p\u00e5 plats och skrev s\u00e5 h\u00e4r om matchen:<\/p>\n<p><em>&#8220;<strong>Match 1) G\u00f6ran Guti\u00e9rrez-Aranda-Ryo Masuda (1-1)<\/strong><\/em><br \/>\n<em>P\u00e5hejad av ett fullsatt Nippon Budokan, n\u00e4stan 15 000 \u00e5sk\u00e5dare, inledde Ryo Masuda offensivt mot G\u00f6ran Guti\u00e9rrez-Aranda. Men svensken f\u00f6rsvarade sig bra och v\u00e4rderade attackl\u00e4gena v\u00e4ldigt klokt. Japanen kunde bara bryta igenom en enda g\u00e5ng, och d\u00e5 blev det ocks\u00e5 en ledning. Arenan kokade i det momentet. Med bara sekunder kvar av matchen chockades Nippon Budokan. Guti\u00e9rrez-Arandas slutoffensiv ledde till en solklar tr\u00e4ff och 1-1. Svensken appl\u00e5derades senare av publiken och blir sannolikt en av f\u00e5 som tar po\u00e4ng mot Japan.&#8221;<\/em><\/p>\n<p>Det \u00f6gonblicket kommer vi f\u00f6r alltid att b\u00e4ra med oss.<\/p>\n<figure id=\"attachment_139762\" aria-describedby=\"caption-attachment-139762\" style=\"width: 850px\" class=\"wp-caption aligncenter\"><img loading=\"lazy\" decoding=\"async\" class=\"wp-image-139762 size-full\" src=\"https:\/\/www.budokampsport.se\/wp-content\/uploads\/2022\/05\/kendo_ett.jpg\" alt=\"\" width=\"850\" height=\"567\" srcset=\"https:\/\/www.budokampsport.se\/wp-content\/uploads\/2022\/05\/kendo_ett.jpg 850w, https:\/\/www.budokampsport.se\/wp-content\/uploads\/2022\/05\/kendo_ett-600x400.jpg 600w, https:\/\/www.budokampsport.se\/wp-content\/uploads\/2022\/05\/kendo_ett-376x251.jpg 376w, https:\/\/www.budokampsport.se\/wp-content\/uploads\/2022\/05\/kendo_ett-847x565.jpg 847w, https:\/\/www.budokampsport.se\/wp-content\/uploads\/2022\/05\/kendo_ett-278x185.jpg 278w, https:\/\/www.budokampsport.se\/wp-content\/uploads\/2022\/05\/kendo_ett-572x382.jpg 572w\" sizes=\"auto, (max-width: 850px) 100vw, 850px\" \/><figcaption id=\"caption-attachment-139762\" class=\"wp-caption-text\">Foto: Jonathan Broberg<\/figcaption><\/figure>\n","protected":false},"excerpt":{"rendered":"<p>VM-veckan i Tokyo 2015 bj\u00f6d p\u00e5 m\u00e4ngder av kendo\u00f6gonblick v\u00e4rda att minnas. S\u00e4rskilt ett har etsats sig fast p\u00e5 v\u00e5ra hornhinnor.<\/p><br>","protected":false},"author":7,"featured_media":174920,"comment_status":"closed","ping_status":"closed","sticky":false,"template":"","format":"standard","meta":{"_acf_changed":false,"footnotes":""},"categories":[596,534,531],"tags":[],"class_list":["post-174853","post","type-post","status-publish","format-standard","has-post-thumbnail","hentry","category-julkalender","category-kendo","category-sbk-2"],"acf":[],"yoast_head":"<!-- This site is optimized with the Yoast SEO plugin v26.8 - https:\/\/yoast.com\/product\/yoast-seo-wordpress\/ -->\n<title>Lucka 4: Svenska kendopo\u00e4ngen fick japanska VM-publiken att jubla - Svenska Budo &amp; Kampsportsf\u00f6rbundet<\/title>\n<meta name=\"description\" content=\"VM-veckan i Tokyo 2015 bj\u00f6d p\u00e5 m\u00e4ngder av kendo\u00f6gonblick v\u00e4rda att minnas. S\u00e4rskilt ett har etsats sig fast p\u00e5 v\u00e5ra hornhinnor.\" \/>\n<meta name=\"robots\" content=\"index, follow, max-snippet:-1, max-image-preview:large, max-video-preview:-1\" \/>\n<link rel=\"canonical\" href=\"https:\/\/www.budokampsport.se\/2024\/12\/04\/lucka-4-svenska-kendopoangen-fick-japanska-vm-publiken-att-jubla\/\" \/>\n<meta property=\"og:locale\" content=\"sv_SE\" \/>\n<meta property=\"og:type\" content=\"article\" \/>\n<meta property=\"og:title\" content=\"Lucka 4: Svenska kendopo\u00e4ngen fick japanska VM-publiken att jubla - Svenska Budo &amp; Kampsportsf\u00f6rbundet\" \/>\n<meta property=\"og:description\" content=\"VM-veckan i Tokyo 2015 bj\u00f6d p\u00e5 m\u00e4ngder av kendo\u00f6gonblick v\u00e4rda att minnas. S\u00e4rskilt ett har etsats sig fast p\u00e5 v\u00e5ra hornhinnor.\" \/>\n<meta property=\"og:url\" content=\"https:\/\/www.budokampsport.se\/2024\/12\/04\/lucka-4-svenska-kendopoangen-fick-japanska-vm-publiken-att-jubla\/\" \/>\n<meta property=\"og:site_name\" content=\"Svenska Budo &amp; Kampsportsf\u00f6rbundet\" \/>\n<meta property=\"article:author\" content=\"https:\/\/www.facebook.com\/jonathan.broberg.7\" \/>\n<meta property=\"article:published_time\" content=\"2024-12-04T07:00:20+00:00\" \/>\n<meta property=\"og:image\" content=\"https:\/\/www.budokampsport.se\/wp-content\/uploads\/2024\/12\/julkalender_fyra.jpg\" \/>\n\t<meta property=\"og:image:width\" content=\"850\" \/>\n\t<meta property=\"og:image:height\" content=\"532\" \/>\n\t<meta property=\"og:image:type\" content=\"image\/jpeg\" \/>\n<meta name=\"author\" content=\"Jonathan Broberg\" \/>\n<meta name=\"twitter:card\" content=\"summary_large_image\" \/>\n<meta name=\"twitter:label1\" content=\"Skriven av\" \/>\n\t<meta name=\"twitter:data1\" content=\"Jonathan Broberg\" \/>\n\t<meta name=\"twitter:label2\" content=\"Ber\u00e4knad l\u00e4stid\" \/>\n\t<meta name=\"twitter:data2\" content=\"2 minuter\" \/>\n<script type=\"application\/ld+json\" class=\"yoast-schema-graph\">{\"@context\":\"https:\/\/schema.org\",\"@graph\":[{\"@type\":\"Article\",\"@id\":\"https:\/\/www.budokampsport.se\/2024\/12\/04\/lucka-4-svenska-kendopoangen-fick-japanska-vm-publiken-att-jubla\/#article\",\"isPartOf\":{\"@id\":\"https:\/\/www.budokampsport.se\/2024\/12\/04\/lucka-4-svenska-kendopoangen-fick-japanska-vm-publiken-att-jubla\/\"},\"author\":{\"name\":\"Jonathan Broberg\",\"@id\":\"https:\/\/www.budokampsport.se\/#\/schema\/person\/5c06d81d14850e2a8ce5493386560145\"},\"headline\":\"Lucka 4: Svenska kendopo\u00e4ngen fick japanska VM-publiken att jubla\",\"datePublished\":\"2024-12-04T07:00:20+00:00\",\"mainEntityOfPage\":{\"@id\":\"https:\/\/www.budokampsport.se\/2024\/12\/04\/lucka-4-svenska-kendopoangen-fick-japanska-vm-publiken-att-jubla\/\"},\"wordCount\":343,\"image\":{\"@id\":\"https:\/\/www.budokampsport.se\/2024\/12\/04\/lucka-4-svenska-kendopoangen-fick-japanska-vm-publiken-att-jubla\/#primaryimage\"},\"thumbnailUrl\":\"https:\/\/www.budokampsport.se\/wp-content\/uploads\/2024\/12\/julkalender_fyra.jpg\",\"articleSection\":[\"Julkalender\",\"Kendo\",\"SB&amp;K\"],\"inLanguage\":\"sv-SE\"},{\"@type\":\"WebPage\",\"@id\":\"https:\/\/www.budokampsport.se\/2024\/12\/04\/lucka-4-svenska-kendopoangen-fick-japanska-vm-publiken-att-jubla\/\",\"url\":\"https:\/\/www.budokampsport.se\/2024\/12\/04\/lucka-4-svenska-kendopoangen-fick-japanska-vm-publiken-att-jubla\/\",\"name\":\"Lucka 4: Svenska kendopo\u00e4ngen fick japanska VM-publiken att jubla - Svenska Budo &amp; Kampsportsf\u00f6rbundet\",\"isPartOf\":{\"@id\":\"https:\/\/www.budokampsport.se\/#website\"},\"primaryImageOfPage\":{\"@id\":\"https:\/\/www.budokampsport.se\/2024\/12\/04\/lucka-4-svenska-kendopoangen-fick-japanska-vm-publiken-att-jubla\/#primaryimage\"},\"image\":{\"@id\":\"https:\/\/www.budokampsport.se\/2024\/12\/04\/lucka-4-svenska-kendopoangen-fick-japanska-vm-publiken-att-jubla\/#primaryimage\"},\"thumbnailUrl\":\"https:\/\/www.budokampsport.se\/wp-content\/uploads\/2024\/12\/julkalender_fyra.jpg\",\"datePublished\":\"2024-12-04T07:00:20+00:00\",\"author\":{\"@id\":\"https:\/\/www.budokampsport.se\/#\/schema\/person\/5c06d81d14850e2a8ce5493386560145\"},\"description\":\"VM-veckan i Tokyo 2015 bj\u00f6d p\u00e5 m\u00e4ngder av kendo\u00f6gonblick v\u00e4rda att minnas. S\u00e4rskilt ett har etsats sig fast p\u00e5 v\u00e5ra hornhinnor.\",\"breadcrumb\":{\"@id\":\"https:\/\/www.budokampsport.se\/2024\/12\/04\/lucka-4-svenska-kendopoangen-fick-japanska-vm-publiken-att-jubla\/#breadcrumb\"},\"inLanguage\":\"sv-SE\",\"potentialAction\":[{\"@type\":\"ReadAction\",\"target\":[\"https:\/\/www.budokampsport.se\/2024\/12\/04\/lucka-4-svenska-kendopoangen-fick-japanska-vm-publiken-att-jubla\/\"]}]},{\"@type\":\"ImageObject\",\"inLanguage\":\"sv-SE\",\"@id\":\"https:\/\/www.budokampsport.se\/2024\/12\/04\/lucka-4-svenska-kendopoangen-fick-japanska-vm-publiken-att-jubla\/#primaryimage\",\"url\":\"https:\/\/www.budokampsport.se\/wp-content\/uploads\/2024\/12\/julkalender_fyra.jpg\",\"contentUrl\":\"https:\/\/www.budokampsport.se\/wp-content\/uploads\/2024\/12\/julkalender_fyra.jpg\",\"width\":850,\"height\":532,\"caption\":\"Illustration: Ida Brogren\"},{\"@type\":\"BreadcrumbList\",\"@id\":\"https:\/\/www.budokampsport.se\/2024\/12\/04\/lucka-4-svenska-kendopoangen-fick-japanska-vm-publiken-att-jubla\/#breadcrumb\",\"itemListElement\":[{\"@type\":\"ListItem\",\"position\":1,\"name\":\"Hem\",\"item\":\"https:\/\/www.budokampsport.se\/\"},{\"@type\":\"ListItem\",\"position\":2,\"name\":\"Lucka 4: Svenska kendopo\u00e4ngen fick japanska VM-publiken att jubla\"}]},{\"@type\":\"WebSite\",\"@id\":\"https:\/\/www.budokampsport.se\/#website\",\"url\":\"https:\/\/www.budokampsport.se\/\",\"name\":\"Svenska Budo &amp; Kampsportsf\u00f6rbundet\",\"description\":\"T\u00e4vling, Tr\u00e4ning, Tradition\",\"potentialAction\":[{\"@type\":\"SearchAction\",\"target\":{\"@type\":\"EntryPoint\",\"urlTemplate\":\"https:\/\/www.budokampsport.se\/?s={search_term_string}\"},\"query-input\":{\"@type\":\"PropertyValueSpecification\",\"valueRequired\":true,\"valueName\":\"search_term_string\"}}],\"inLanguage\":\"sv-SE\"},{\"@type\":\"Person\",\"@id\":\"https:\/\/www.budokampsport.se\/#\/schema\/person\/5c06d81d14850e2a8ce5493386560145\",\"name\":\"Jonathan Broberg\",\"image\":{\"@type\":\"ImageObject\",\"inLanguage\":\"sv-SE\",\"@id\":\"https:\/\/www.budokampsport.se\/#\/schema\/person\/image\/\",\"url\":\"https:\/\/secure.gravatar.com\/avatar\/a58041c6cea9128bd9c40ee2f26d4136?s=96&d=blank&r=g\",\"contentUrl\":\"https:\/\/secure.gravatar.com\/avatar\/a58041c6cea9128bd9c40ee2f26d4136?s=96&d=blank&r=g\",\"caption\":\"Jonathan Broberg\"},\"sameAs\":[\"https:\/\/www.facebook.com\/jonathan.broberg.7\"],\"url\":\"https:\/\/www.budokampsport.se\/author\/jonathan\/\"}]}<\/script>\n<!-- \/ Yoast SEO plugin. -->","yoast_head_json":{"title":"Lucka 4: Svenska kendopo\u00e4ngen fick japanska VM-publiken att jubla - Svenska Budo &amp; Kampsportsf\u00f6rbundet","description":"VM-veckan i Tokyo 2015 bj\u00f6d p\u00e5 m\u00e4ngder av kendo\u00f6gonblick v\u00e4rda att minnas. S\u00e4rskilt ett har etsats sig fast p\u00e5 v\u00e5ra hornhinnor.","robots":{"index":"index","follow":"follow","max-snippet":"max-snippet:-1","max-image-preview":"max-image-preview:large","max-video-preview":"max-video-preview:-1"},"canonical":"https:\/\/www.budokampsport.se\/2024\/12\/04\/lucka-4-svenska-kendopoangen-fick-japanska-vm-publiken-att-jubla\/","og_locale":"sv_SE","og_type":"article","og_title":"Lucka 4: Svenska kendopo\u00e4ngen fick japanska VM-publiken att jubla - Svenska Budo &amp; Kampsportsf\u00f6rbundet","og_description":"VM-veckan i Tokyo 2015 bj\u00f6d p\u00e5 m\u00e4ngder av kendo\u00f6gonblick v\u00e4rda att minnas. S\u00e4rskilt ett har etsats sig fast p\u00e5 v\u00e5ra hornhinnor.","og_url":"https:\/\/www.budokampsport.se\/2024\/12\/04\/lucka-4-svenska-kendopoangen-fick-japanska-vm-publiken-att-jubla\/","og_site_name":"Svenska Budo &amp; Kampsportsf\u00f6rbundet","article_author":"https:\/\/www.facebook.com\/jonathan.broberg.7","article_published_time":"2024-12-04T07:00:20+00:00","og_image":[{"width":850,"height":532,"url":"https:\/\/www.budokampsport.se\/wp-content\/uploads\/2024\/12\/julkalender_fyra.jpg","type":"image\/jpeg"}],"author":"Jonathan Broberg","twitter_card":"summary_large_image","twitter_misc":{"Skriven av":"Jonathan Broberg","Ber\u00e4knad l\u00e4stid":"2 minuter"},"schema":{"@context":"https:\/\/schema.org","@graph":[{"@type":"Article","@id":"https:\/\/www.budokampsport.se\/2024\/12\/04\/lucka-4-svenska-kendopoangen-fick-japanska-vm-publiken-att-jubla\/#article","isPartOf":{"@id":"https:\/\/www.budokampsport.se\/2024\/12\/04\/lucka-4-svenska-kendopoangen-fick-japanska-vm-publiken-att-jubla\/"},"author":{"name":"Jonathan Broberg","@id":"https:\/\/www.budokampsport.se\/#\/schema\/person\/5c06d81d14850e2a8ce5493386560145"},"headline":"Lucka 4: Svenska kendopo\u00e4ngen fick japanska VM-publiken att jubla","datePublished":"2024-12-04T07:00:20+00:00","mainEntityOfPage":{"@id":"https:\/\/www.budokampsport.se\/2024\/12\/04\/lucka-4-svenska-kendopoangen-fick-japanska-vm-publiken-att-jubla\/"},"wordCount":343,"image":{"@id":"https:\/\/www.budokampsport.se\/2024\/12\/04\/lucka-4-svenska-kendopoangen-fick-japanska-vm-publiken-att-jubla\/#primaryimage"},"thumbnailUrl":"https:\/\/www.budokampsport.se\/wp-content\/uploads\/2024\/12\/julkalender_fyra.jpg","articleSection":["Julkalender","Kendo","SB&amp;K"],"inLanguage":"sv-SE"},{"@type":"WebPage","@id":"https:\/\/www.budokampsport.se\/2024\/12\/04\/lucka-4-svenska-kendopoangen-fick-japanska-vm-publiken-att-jubla\/","url":"https:\/\/www.budokampsport.se\/2024\/12\/04\/lucka-4-svenska-kendopoangen-fick-japanska-vm-publiken-att-jubla\/","name":"Lucka 4: Svenska kendopo\u00e4ngen fick japanska VM-publiken att jubla - Svenska Budo &amp; Kampsportsf\u00f6rbundet","isPartOf":{"@id":"https:\/\/www.budokampsport.se\/#website"},"primaryImageOfPage":{"@id":"https:\/\/www.budokampsport.se\/2024\/12\/04\/lucka-4-svenska-kendopoangen-fick-japanska-vm-publiken-att-jubla\/#primaryimage"},"image":{"@id":"https:\/\/www.budokampsport.se\/2024\/12\/04\/lucka-4-svenska-kendopoangen-fick-japanska-vm-publiken-att-jubla\/#primaryimage"},"thumbnailUrl":"https:\/\/www.budokampsport.se\/wp-content\/uploads\/2024\/12\/julkalender_fyra.jpg","datePublished":"2024-12-04T07:00:20+00:00","author":{"@id":"https:\/\/www.budokampsport.se\/#\/schema\/person\/5c06d81d14850e2a8ce5493386560145"},"description":"VM-veckan i Tokyo 2015 bj\u00f6d p\u00e5 m\u00e4ngder av kendo\u00f6gonblick v\u00e4rda att minnas. S\u00e4rskilt ett har etsats sig fast p\u00e5 v\u00e5ra hornhinnor.","breadcrumb":{"@id":"https:\/\/www.budokampsport.se\/2024\/12\/04\/lucka-4-svenska-kendopoangen-fick-japanska-vm-publiken-att-jubla\/#breadcrumb"},"inLanguage":"sv-SE","potentialAction":[{"@type":"ReadAction","target":["https:\/\/www.budokampsport.se\/2024\/12\/04\/lucka-4-svenska-kendopoangen-fick-japanska-vm-publiken-att-jubla\/"]}]},{"@type":"ImageObject","inLanguage":"sv-SE","@id":"https:\/\/www.budokampsport.se\/2024\/12\/04\/lucka-4-svenska-kendopoangen-fick-japanska-vm-publiken-att-jubla\/#primaryimage","url":"https:\/\/www.budokampsport.se\/wp-content\/uploads\/2024\/12\/julkalender_fyra.jpg","contentUrl":"https:\/\/www.budokampsport.se\/wp-content\/uploads\/2024\/12\/julkalender_fyra.jpg","width":850,"height":532,"caption":"Illustration: Ida Brogren"},{"@type":"BreadcrumbList","@id":"https:\/\/www.budokampsport.se\/2024\/12\/04\/lucka-4-svenska-kendopoangen-fick-japanska-vm-publiken-att-jubla\/#breadcrumb","itemListElement":[{"@type":"ListItem","position":1,"name":"Hem","item":"https:\/\/www.budokampsport.se\/"},{"@type":"ListItem","position":2,"name":"Lucka 4: Svenska kendopo\u00e4ngen fick japanska VM-publiken att jubla"}]},{"@type":"WebSite","@id":"https:\/\/www.budokampsport.se\/#website","url":"https:\/\/www.budokampsport.se\/","name":"Svenska Budo &amp; Kampsportsf\u00f6rbundet","description":"T\u00e4vling, Tr\u00e4ning, Tradition","potentialAction":[{"@type":"SearchAction","target":{"@type":"EntryPoint","urlTemplate":"https:\/\/www.budokampsport.se\/?s={search_term_string}"},"query-input":{"@type":"PropertyValueSpecification","valueRequired":true,"valueName":"search_term_string"}}],"inLanguage":"sv-SE"},{"@type":"Person","@id":"https:\/\/www.budokampsport.se\/#\/schema\/person\/5c06d81d14850e2a8ce5493386560145","name":"Jonathan Broberg","image":{"@type":"ImageObject","inLanguage":"sv-SE","@id":"https:\/\/www.budokampsport.se\/#\/schema\/person\/image\/","url":"https:\/\/secure.gravatar.com\/avatar\/a58041c6cea9128bd9c40ee2f26d4136?s=96&d=blank&r=g","contentUrl":"https:\/\/secure.gravatar.com\/avatar\/a58041c6cea9128bd9c40ee2f26d4136?s=96&d=blank&r=g","caption":"Jonathan Broberg"},"sameAs":["https:\/\/www.facebook.com\/jonathan.broberg.7"],"url":"https:\/\/www.budokampsport.se\/author\/jonathan\/"}]}},"_links":{"self":[{"href":"https:\/\/www.budokampsport.se\/api\/wp\/v2\/posts\/174853","targetHints":{"allow":["GET"]}}],"collection":[{"href":"https:\/\/www.budokampsport.se\/api\/wp\/v2\/posts"}],"about":[{"href":"https:\/\/www.budokampsport.se\/api\/wp\/v2\/types\/post"}],"author":[{"embeddable":true,"href":"https:\/\/www.budokampsport.se\/api\/wp\/v2\/users\/7"}],"replies":[{"embeddable":true,"href":"https:\/\/www.budokampsport.se\/api\/wp\/v2\/comments?post=174853"}],"version-history":[{"count":0,"href":"https:\/\/www.budokampsport.se\/api\/wp\/v2\/posts\/174853\/revisions"}],"wp:featuredmedia":[{"embeddable":true,"href":"https:\/\/www.budokampsport.se\/api\/wp\/v2\/media\/174920"}],"wp:attachment":[{"href":"https:\/\/www.budokampsport.se\/api\/wp\/v2\/media?parent=174853"}],"wp:term":[{"taxonomy":"category","embeddable":true,"href":"https:\/\/www.budokampsport.se\/api\/wp\/v2\/categories?post=174853"},{"taxonomy":"post_tag","embeddable":true,"href":"https:\/\/www.budokampsport.se\/api\/wp\/v2\/tags?post=174853"}],"curies":[{"name":"wp","href":"https:\/\/api.w.org\/{rel}","templated":true}]}}