{"id":177071,"date":"2025-01-14T15:01:35","date_gmt":"2025-01-14T14:01:35","guid":{"rendered":"https:\/\/www.budokampsport.se\/?p=177071"},"modified":"2025-01-14T15:01:35","modified_gmt":"2025-01-14T14:01:35","slug":"mikael-marffy-om-forbundskaptensrollen-inom-bjj","status":"publish","type":"post","link":"https:\/\/www.budokampsport.se\/2025\/01\/14\/mikael-marffy-om-forbundskaptensrollen-inom-bjj\/","title":{"rendered":"Mikael Marffy om f\u00f6rbundskaptensrollen inom BJJ"},"content":{"rendered":"<p>Det var i slutet av f\u00f6rra \u00e5ret som Svenska BJJ-f\u00f6rbundet meddelade att de plockat in profilen Mikael Marffy som ny f\u00f6rbundskapten.<\/p>\n<p>Marffy, med en minst sagt gedigen egen karri\u00e4r, ser med sp\u00e4nning p\u00e5 den nya uppgiften.<\/p>\n<p>&#8211; Det k\u00e4nns f\u00f6rst\u00e5s j\u00e4ttekul och jag hoppas kunna bidra med mina erfarenheter f\u00f6r att hj\u00e4lpa landslaget fram\u00e5t mot nya framg\u00e5ngar.<\/p>\n<p><strong>Mikael, vad k\u00e4nde du n\u00e4r det stod klart att du blivit f\u00f6rbundskapten?<\/strong><\/p>\n<p>&#8211; Framf\u00f6rallt \u00e4r det f\u00f6rst\u00e5s en stor \u00e4ra f\u00f6r mig. Jag \u00e4r b\u00e5de glad och stolt.<\/p>\n<p><strong>Vilket typ av ledarskap st\u00e5r du f\u00f6r?<\/strong><\/p>\n<p>&#8211; Jag vill f\u00f6rs\u00f6ka f\u00e5 folk att trivas ihop. \u00c4ven om vi t\u00e4vlar individuellt \u00e4r det otroligt viktigt att landslaget \u00e4r en bra grupp som har kul ihop. D\u00e5 tror jag att man ocks\u00e5 kan prestera b\u00e4ttre. Sedan gillar jag att vara n\u00e4ra verksamheten och hoppas kunna f\u00f6rmedla mina kunskaper vidare p\u00e5 ett pedagogiskt s\u00e4tt.<\/p>\n<p><strong>Var har du f\u00f6r m\u00e5ls\u00e4ttningar med rollen?<\/strong><\/p>\n<p>&#8211; Vi ska forts\u00e4tta att utveckla landslagsverksamheten och d\u00e4rigenom ocks\u00e5 g\u00f6ra bra ifr\u00e5n oss p\u00e5 m\u00e4sterskapen. Sverige \u00e4r en bra BJJ-nation och det ska vi forts\u00e4tta vara och f\u00f6rs\u00f6ka bli \u00e4nnu b\u00e4ttre.<\/p>\n<p>Mellan 17-25 januari startar EM i BJJ som h\u00e5lls i Portugal. Dit \u00e4r \u00e5ker landslaget med dessa t\u00e4vlanden.<\/p>\n<table style=\"border-collapse: collapse; width: 100%;\">\n<tbody>\n<tr>\n<td style=\"width: 100%;\"><strong>EM I BJJ, svenska truppen<\/strong><\/td>\n<\/tr>\n<tr>\n<td style=\"width: 100%;\">\n<p><strong>T\u00e4vlar p\u00e5 onsdag, brunb\u00e4ltare<\/strong><br \/>\nJosefine Modig, <span style=\"font-size: 10pt;\">-53 kg<\/span> <br \/>\nAmanda Vikingsson, <span style=\"font-size: 10pt;\">-79 kg<\/span><br \/>\nBehnam Razaki, <span style=\"font-size: 10pt;\">-76 kg<\/span> <br \/>\nDouglas Bernal, <span style=\"font-size: 10pt;\">-82 kg<\/span> <br \/>\nMarlon Tajik, <span style=\"font-size: 10pt;\">-88 kg<\/span> <br \/>\nDaniel Johansson, <span style=\"font-size: 10pt;\">+100 kg<\/span><\/p>\n<p><strong>T\u00e4vlar under fredag och l\u00f6rdag, svartb\u00e4ltare<\/strong> <br \/>\nAstrid Sch\u00f6lin, <span style=\"font-size: 10pt;\">-58 kg<\/span><\/p>\n<\/td>\n<\/tr>\n<\/tbody>\n<\/table>\n","protected":false},"excerpt":{"rendered":"<p>F\u00f6r ett tag sedan tilltr\u00e4dde Mikael Marffy som f\u00f6rbundskapten f\u00f6r BJJ-landslaget.<br \/><br>&#8211; Det \u00e4r f\u00f6rst\u00e5s en stor \u00e4ra f\u00f6r mig, s\u00e4ger han till budokampsport.se.<\/p><br>","protected":false},"author":7,"featured_media":82674,"comment_status":"closed","ping_status":"closed","sticky":false,"template":"","format":"standard","meta":{"_acf_changed":false,"footnotes":""},"categories":[557],"tags":[],"class_list":["post-177071","post","type-post","status-publish","format-standard","has-post-thumbnail","hentry","category-brasiliansk-jiu-jitsu"],"acf":[],"yoast_head":"<!-- This site is optimized with the Yoast SEO plugin v26.8 - https:\/\/yoast.com\/product\/yoast-seo-wordpress\/ -->\n<title>Mikael Marffy om f\u00f6rbundskaptensrollen inom BJJ - Svenska Budo &amp; Kampsportsf\u00f6rbundet<\/title>\n<meta name=\"description\" content=\"F\u00f6r ett tag sedan tilltr\u00e4dde Mikael Marffy som f\u00f6rbundskapten f\u00f6r BJJ-landslaget. - Det \u00e4r f\u00f6rst\u00e5s en stor \u00e4ra f\u00f6r mig, s\u00e4ger han till budokampsport.se.\" \/>\n<meta name=\"robots\" content=\"index, follow, max-snippet:-1, max-image-preview:large, max-video-preview:-1\" \/>\n<link rel=\"canonical\" href=\"https:\/\/www.budokampsport.se\/2025\/01\/14\/mikael-marffy-om-forbundskaptensrollen-inom-bjj\/\" \/>\n<meta property=\"og:locale\" content=\"sv_SE\" \/>\n<meta property=\"og:type\" content=\"article\" \/>\n<meta property=\"og:title\" content=\"Mikael Marffy om f\u00f6rbundskaptensrollen inom BJJ - Svenska Budo &amp; Kampsportsf\u00f6rbundet\" \/>\n<meta property=\"og:description\" content=\"F\u00f6r ett tag sedan tilltr\u00e4dde Mikael Marffy som f\u00f6rbundskapten f\u00f6r BJJ-landslaget. - Det \u00e4r f\u00f6rst\u00e5s en stor \u00e4ra f\u00f6r mig, s\u00e4ger han till budokampsport.se.\" \/>\n<meta property=\"og:url\" content=\"https:\/\/www.budokampsport.se\/2025\/01\/14\/mikael-marffy-om-forbundskaptensrollen-inom-bjj\/\" \/>\n<meta property=\"og:site_name\" content=\"Svenska Budo &amp; Kampsportsf\u00f6rbundet\" \/>\n<meta property=\"article:author\" content=\"https:\/\/www.facebook.com\/jonathan.broberg.7\" \/>\n<meta property=\"article:published_time\" content=\"2025-01-14T14:01:35+00:00\" \/>\n<meta property=\"og:image\" content=\"https:\/\/www.budokampsport.se\/wp-content\/uploads\/2018\/11\/mikael_marffy_lag_brons.jpg\" \/>\n\t<meta property=\"og:image:width\" content=\"850\" \/>\n\t<meta property=\"og:image:height\" content=\"567\" \/>\n\t<meta property=\"og:image:type\" content=\"image\/jpeg\" \/>\n<meta name=\"author\" content=\"Jonathan Broberg\" \/>\n<meta name=\"twitter:card\" content=\"summary_large_image\" \/>\n<meta name=\"twitter:label1\" content=\"Skriven av\" \/>\n\t<meta name=\"twitter:data1\" content=\"Jonathan Broberg\" \/>\n\t<meta name=\"twitter:label2\" content=\"Ber\u00e4knad l\u00e4stid\" \/>\n\t<meta name=\"twitter:data2\" content=\"2 minuter\" \/>\n<script type=\"application\/ld+json\" class=\"yoast-schema-graph\">{\"@context\":\"https:\/\/schema.org\",\"@graph\":[{\"@type\":\"Article\",\"@id\":\"https:\/\/www.budokampsport.se\/2025\/01\/14\/mikael-marffy-om-forbundskaptensrollen-inom-bjj\/#article\",\"isPartOf\":{\"@id\":\"https:\/\/www.budokampsport.se\/2025\/01\/14\/mikael-marffy-om-forbundskaptensrollen-inom-bjj\/\"},\"author\":{\"name\":\"Jonathan Broberg\",\"@id\":\"https:\/\/www.budokampsport.se\/#\/schema\/person\/5c06d81d14850e2a8ce5493386560145\"},\"headline\":\"Mikael Marffy om f\u00f6rbundskaptensrollen inom BJJ\",\"datePublished\":\"2025-01-14T14:01:35+00:00\",\"mainEntityOfPage\":{\"@id\":\"https:\/\/www.budokampsport.se\/2025\/01\/14\/mikael-marffy-om-forbundskaptensrollen-inom-bjj\/\"},\"wordCount\":303,\"image\":{\"@id\":\"https:\/\/www.budokampsport.se\/2025\/01\/14\/mikael-marffy-om-forbundskaptensrollen-inom-bjj\/#primaryimage\"},\"thumbnailUrl\":\"https:\/\/www.budokampsport.se\/wp-content\/uploads\/2018\/11\/mikael_marffy_lag_brons.jpg\",\"articleSection\":[\"Brasiliansk jiu-jitsu\"],\"inLanguage\":\"sv-SE\"},{\"@type\":\"WebPage\",\"@id\":\"https:\/\/www.budokampsport.se\/2025\/01\/14\/mikael-marffy-om-forbundskaptensrollen-inom-bjj\/\",\"url\":\"https:\/\/www.budokampsport.se\/2025\/01\/14\/mikael-marffy-om-forbundskaptensrollen-inom-bjj\/\",\"name\":\"Mikael Marffy om f\u00f6rbundskaptensrollen inom BJJ - Svenska Budo &amp; Kampsportsf\u00f6rbundet\",\"isPartOf\":{\"@id\":\"https:\/\/www.budokampsport.se\/#website\"},\"primaryImageOfPage\":{\"@id\":\"https:\/\/www.budokampsport.se\/2025\/01\/14\/mikael-marffy-om-forbundskaptensrollen-inom-bjj\/#primaryimage\"},\"image\":{\"@id\":\"https:\/\/www.budokampsport.se\/2025\/01\/14\/mikael-marffy-om-forbundskaptensrollen-inom-bjj\/#primaryimage\"},\"thumbnailUrl\":\"https:\/\/www.budokampsport.se\/wp-content\/uploads\/2018\/11\/mikael_marffy_lag_brons.jpg\",\"datePublished\":\"2025-01-14T14:01:35+00:00\",\"author\":{\"@id\":\"https:\/\/www.budokampsport.se\/#\/schema\/person\/5c06d81d14850e2a8ce5493386560145\"},\"description\":\"F\u00f6r ett tag sedan tilltr\u00e4dde Mikael Marffy som f\u00f6rbundskapten f\u00f6r BJJ-landslaget. - Det \u00e4r f\u00f6rst\u00e5s en stor \u00e4ra f\u00f6r mig, s\u00e4ger han till budokampsport.se.\",\"breadcrumb\":{\"@id\":\"https:\/\/www.budokampsport.se\/2025\/01\/14\/mikael-marffy-om-forbundskaptensrollen-inom-bjj\/#breadcrumb\"},\"inLanguage\":\"sv-SE\",\"potentialAction\":[{\"@type\":\"ReadAction\",\"target\":[\"https:\/\/www.budokampsport.se\/2025\/01\/14\/mikael-marffy-om-forbundskaptensrollen-inom-bjj\/\"]}]},{\"@type\":\"ImageObject\",\"inLanguage\":\"sv-SE\",\"@id\":\"https:\/\/www.budokampsport.se\/2025\/01\/14\/mikael-marffy-om-forbundskaptensrollen-inom-bjj\/#primaryimage\",\"url\":\"https:\/\/www.budokampsport.se\/wp-content\/uploads\/2018\/11\/mikael_marffy_lag_brons.jpg\",\"contentUrl\":\"https:\/\/www.budokampsport.se\/wp-content\/uploads\/2018\/11\/mikael_marffy_lag_brons.jpg\",\"width\":850,\"height\":567,\"caption\":\"Foto: Jonathan Broberg\"},{\"@type\":\"BreadcrumbList\",\"@id\":\"https:\/\/www.budokampsport.se\/2025\/01\/14\/mikael-marffy-om-forbundskaptensrollen-inom-bjj\/#breadcrumb\",\"itemListElement\":[{\"@type\":\"ListItem\",\"position\":1,\"name\":\"Hem\",\"item\":\"https:\/\/www.budokampsport.se\/\"},{\"@type\":\"ListItem\",\"position\":2,\"name\":\"Mikael Marffy om f\u00f6rbundskaptensrollen inom BJJ\"}]},{\"@type\":\"WebSite\",\"@id\":\"https:\/\/www.budokampsport.se\/#website\",\"url\":\"https:\/\/www.budokampsport.se\/\",\"name\":\"Svenska Budo &amp; Kampsportsf\u00f6rbundet\",\"description\":\"T\u00e4vling, Tr\u00e4ning, Tradition\",\"potentialAction\":[{\"@type\":\"SearchAction\",\"target\":{\"@type\":\"EntryPoint\",\"urlTemplate\":\"https:\/\/www.budokampsport.se\/?s={search_term_string}\"},\"query-input\":{\"@type\":\"PropertyValueSpecification\",\"valueRequired\":true,\"valueName\":\"search_term_string\"}}],\"inLanguage\":\"sv-SE\"},{\"@type\":\"Person\",\"@id\":\"https:\/\/www.budokampsport.se\/#\/schema\/person\/5c06d81d14850e2a8ce5493386560145\",\"name\":\"Jonathan Broberg\",\"image\":{\"@type\":\"ImageObject\",\"inLanguage\":\"sv-SE\",\"@id\":\"https:\/\/www.budokampsport.se\/#\/schema\/person\/image\/\",\"url\":\"https:\/\/secure.gravatar.com\/avatar\/a58041c6cea9128bd9c40ee2f26d4136?s=96&d=blank&r=g\",\"contentUrl\":\"https:\/\/secure.gravatar.com\/avatar\/a58041c6cea9128bd9c40ee2f26d4136?s=96&d=blank&r=g\",\"caption\":\"Jonathan Broberg\"},\"sameAs\":[\"https:\/\/www.facebook.com\/jonathan.broberg.7\"],\"url\":\"https:\/\/www.budokampsport.se\/author\/jonathan\/\"}]}<\/script>\n<!-- \/ Yoast SEO plugin. -->","yoast_head_json":{"title":"Mikael Marffy om f\u00f6rbundskaptensrollen inom BJJ - Svenska Budo &amp; Kampsportsf\u00f6rbundet","description":"F\u00f6r ett tag sedan tilltr\u00e4dde Mikael Marffy som f\u00f6rbundskapten f\u00f6r BJJ-landslaget. - Det \u00e4r f\u00f6rst\u00e5s en stor \u00e4ra f\u00f6r mig, s\u00e4ger han till budokampsport.se.","robots":{"index":"index","follow":"follow","max-snippet":"max-snippet:-1","max-image-preview":"max-image-preview:large","max-video-preview":"max-video-preview:-1"},"canonical":"https:\/\/www.budokampsport.se\/2025\/01\/14\/mikael-marffy-om-forbundskaptensrollen-inom-bjj\/","og_locale":"sv_SE","og_type":"article","og_title":"Mikael Marffy om f\u00f6rbundskaptensrollen inom BJJ - Svenska Budo &amp; Kampsportsf\u00f6rbundet","og_description":"F\u00f6r ett tag sedan tilltr\u00e4dde Mikael Marffy som f\u00f6rbundskapten f\u00f6r BJJ-landslaget. - Det \u00e4r f\u00f6rst\u00e5s en stor \u00e4ra f\u00f6r mig, s\u00e4ger han till budokampsport.se.","og_url":"https:\/\/www.budokampsport.se\/2025\/01\/14\/mikael-marffy-om-forbundskaptensrollen-inom-bjj\/","og_site_name":"Svenska Budo &amp; Kampsportsf\u00f6rbundet","article_author":"https:\/\/www.facebook.com\/jonathan.broberg.7","article_published_time":"2025-01-14T14:01:35+00:00","og_image":[{"width":850,"height":567,"url":"https:\/\/www.budokampsport.se\/wp-content\/uploads\/2018\/11\/mikael_marffy_lag_brons.jpg","type":"image\/jpeg"}],"author":"Jonathan Broberg","twitter_card":"summary_large_image","twitter_misc":{"Skriven av":"Jonathan Broberg","Ber\u00e4knad l\u00e4stid":"2 minuter"},"schema":{"@context":"https:\/\/schema.org","@graph":[{"@type":"Article","@id":"https:\/\/www.budokampsport.se\/2025\/01\/14\/mikael-marffy-om-forbundskaptensrollen-inom-bjj\/#article","isPartOf":{"@id":"https:\/\/www.budokampsport.se\/2025\/01\/14\/mikael-marffy-om-forbundskaptensrollen-inom-bjj\/"},"author":{"name":"Jonathan Broberg","@id":"https:\/\/www.budokampsport.se\/#\/schema\/person\/5c06d81d14850e2a8ce5493386560145"},"headline":"Mikael Marffy om f\u00f6rbundskaptensrollen inom BJJ","datePublished":"2025-01-14T14:01:35+00:00","mainEntityOfPage":{"@id":"https:\/\/www.budokampsport.se\/2025\/01\/14\/mikael-marffy-om-forbundskaptensrollen-inom-bjj\/"},"wordCount":303,"image":{"@id":"https:\/\/www.budokampsport.se\/2025\/01\/14\/mikael-marffy-om-forbundskaptensrollen-inom-bjj\/#primaryimage"},"thumbnailUrl":"https:\/\/www.budokampsport.se\/wp-content\/uploads\/2018\/11\/mikael_marffy_lag_brons.jpg","articleSection":["Brasiliansk jiu-jitsu"],"inLanguage":"sv-SE"},{"@type":"WebPage","@id":"https:\/\/www.budokampsport.se\/2025\/01\/14\/mikael-marffy-om-forbundskaptensrollen-inom-bjj\/","url":"https:\/\/www.budokampsport.se\/2025\/01\/14\/mikael-marffy-om-forbundskaptensrollen-inom-bjj\/","name":"Mikael Marffy om f\u00f6rbundskaptensrollen inom BJJ - Svenska Budo &amp; Kampsportsf\u00f6rbundet","isPartOf":{"@id":"https:\/\/www.budokampsport.se\/#website"},"primaryImageOfPage":{"@id":"https:\/\/www.budokampsport.se\/2025\/01\/14\/mikael-marffy-om-forbundskaptensrollen-inom-bjj\/#primaryimage"},"image":{"@id":"https:\/\/www.budokampsport.se\/2025\/01\/14\/mikael-marffy-om-forbundskaptensrollen-inom-bjj\/#primaryimage"},"thumbnailUrl":"https:\/\/www.budokampsport.se\/wp-content\/uploads\/2018\/11\/mikael_marffy_lag_brons.jpg","datePublished":"2025-01-14T14:01:35+00:00","author":{"@id":"https:\/\/www.budokampsport.se\/#\/schema\/person\/5c06d81d14850e2a8ce5493386560145"},"description":"F\u00f6r ett tag sedan tilltr\u00e4dde Mikael Marffy som f\u00f6rbundskapten f\u00f6r BJJ-landslaget. - Det \u00e4r f\u00f6rst\u00e5s en stor \u00e4ra f\u00f6r mig, s\u00e4ger han till budokampsport.se.","breadcrumb":{"@id":"https:\/\/www.budokampsport.se\/2025\/01\/14\/mikael-marffy-om-forbundskaptensrollen-inom-bjj\/#breadcrumb"},"inLanguage":"sv-SE","potentialAction":[{"@type":"ReadAction","target":["https:\/\/www.budokampsport.se\/2025\/01\/14\/mikael-marffy-om-forbundskaptensrollen-inom-bjj\/"]}]},{"@type":"ImageObject","inLanguage":"sv-SE","@id":"https:\/\/www.budokampsport.se\/2025\/01\/14\/mikael-marffy-om-forbundskaptensrollen-inom-bjj\/#primaryimage","url":"https:\/\/www.budokampsport.se\/wp-content\/uploads\/2018\/11\/mikael_marffy_lag_brons.jpg","contentUrl":"https:\/\/www.budokampsport.se\/wp-content\/uploads\/2018\/11\/mikael_marffy_lag_brons.jpg","width":850,"height":567,"caption":"Foto: Jonathan Broberg"},{"@type":"BreadcrumbList","@id":"https:\/\/www.budokampsport.se\/2025\/01\/14\/mikael-marffy-om-forbundskaptensrollen-inom-bjj\/#breadcrumb","itemListElement":[{"@type":"ListItem","position":1,"name":"Hem","item":"https:\/\/www.budokampsport.se\/"},{"@type":"ListItem","position":2,"name":"Mikael Marffy om f\u00f6rbundskaptensrollen inom BJJ"}]},{"@type":"WebSite","@id":"https:\/\/www.budokampsport.se\/#website","url":"https:\/\/www.budokampsport.se\/","name":"Svenska Budo &amp; Kampsportsf\u00f6rbundet","description":"T\u00e4vling, Tr\u00e4ning, Tradition","potentialAction":[{"@type":"SearchAction","target":{"@type":"EntryPoint","urlTemplate":"https:\/\/www.budokampsport.se\/?s={search_term_string}"},"query-input":{"@type":"PropertyValueSpecification","valueRequired":true,"valueName":"search_term_string"}}],"inLanguage":"sv-SE"},{"@type":"Person","@id":"https:\/\/www.budokampsport.se\/#\/schema\/person\/5c06d81d14850e2a8ce5493386560145","name":"Jonathan Broberg","image":{"@type":"ImageObject","inLanguage":"sv-SE","@id":"https:\/\/www.budokampsport.se\/#\/schema\/person\/image\/","url":"https:\/\/secure.gravatar.com\/avatar\/a58041c6cea9128bd9c40ee2f26d4136?s=96&d=blank&r=g","contentUrl":"https:\/\/secure.gravatar.com\/avatar\/a58041c6cea9128bd9c40ee2f26d4136?s=96&d=blank&r=g","caption":"Jonathan Broberg"},"sameAs":["https:\/\/www.facebook.com\/jonathan.broberg.7"],"url":"https:\/\/www.budokampsport.se\/author\/jonathan\/"}]}},"_links":{"self":[{"href":"https:\/\/www.budokampsport.se\/api\/wp\/v2\/posts\/177071","targetHints":{"allow":["GET"]}}],"collection":[{"href":"https:\/\/www.budokampsport.se\/api\/wp\/v2\/posts"}],"about":[{"href":"https:\/\/www.budokampsport.se\/api\/wp\/v2\/types\/post"}],"author":[{"embeddable":true,"href":"https:\/\/www.budokampsport.se\/api\/wp\/v2\/users\/7"}],"replies":[{"embeddable":true,"href":"https:\/\/www.budokampsport.se\/api\/wp\/v2\/comments?post=177071"}],"version-history":[{"count":0,"href":"https:\/\/www.budokampsport.se\/api\/wp\/v2\/posts\/177071\/revisions"}],"wp:featuredmedia":[{"embeddable":true,"href":"https:\/\/www.budokampsport.se\/api\/wp\/v2\/media\/82674"}],"wp:attachment":[{"href":"https:\/\/www.budokampsport.se\/api\/wp\/v2\/media?parent=177071"}],"wp:term":[{"taxonomy":"category","embeddable":true,"href":"https:\/\/www.budokampsport.se\/api\/wp\/v2\/categories?post=177071"},{"taxonomy":"post_tag","embeddable":true,"href":"https:\/\/www.budokampsport.se\/api\/wp\/v2\/tags?post=177071"}],"curies":[{"name":"wp","href":"https:\/\/api.w.org\/{rel}","templated":true}]}}