{"id":177140,"date":"2025-01-15T16:44:53","date_gmt":"2025-01-15T15:44:53","guid":{"rendered":"https:\/\/www.budokampsport.se\/?p=177140"},"modified":"2025-01-15T16:44:53","modified_gmt":"2025-01-15T15:44:53","slug":"dags-for-em-i-bjj","status":"publish","type":"post","link":"https:\/\/www.budokampsport.se\/2025\/01\/15\/dags-for-em-i-bjj\/","title":{"rendered":"Dags f\u00f6r EM i BJJ"},"content":{"rendered":"<p>Mitten av januari inneb\u00e4r allt som oftast <a href=\"https:\/\/ibjjf.com\/events\/european-ibjjf-jiu-jitsu-championship-2025\" target=\"_blank\" rel=\"noopener\">EM i BJJ<\/a>. <\/p>\n<p>S\u00e5 \u00e4ven under 2025, d\u00e5 BJJ-EM inleds redan p\u00e5 fredag men d\u00e4r f\u00f6rst landslagsstart sker p\u00e5 onsdag i n\u00e4sta vecka.<\/p>\n<p>EM i BJJ h\u00e5lls i Portugals huvudstad Lissabon och BJJ-landslaget best\u00e5r av sju t\u00e4vlanden, bland andra svartb\u00e4ltaren Astrid Sch\u00f6lin.<\/p>\n<p><strong>EM I BJJ, svenska truppen<\/strong><\/p>\n<p><strong>T\u00e4vlar p\u00e5 onsdag, brunb\u00e4ltare<\/strong><br \/>\nJosefine Modig, <span style=\"font-size: 10pt;\">-53 kg<\/span> <br \/>\nAmanda Vikingsson, <span style=\"font-size: 10pt;\">-79 kg<\/span><br \/>\nBehnam Razaki, <span style=\"font-size: 10pt;\">-76 kg<\/span> <br \/>\nDouglas Bernal, <span style=\"font-size: 10pt;\">-82 kg<\/span> <br \/>\nMarlon Tajik, <span style=\"font-size: 10pt;\">-88 kg<\/span> <br \/>\nDaniel Johansson, <span style=\"font-size: 10pt;\">+100 kg<\/span><\/p>\n<p><strong>T\u00e4vlar under fredag och l\u00f6rdag, svartb\u00e4ltare<\/strong> <br \/>\nAstrid Sch\u00f6lin, <span style=\"font-size: 10pt;\">-58 kg<\/span><\/p>\n","protected":false},"excerpt":{"rendered":"<p>EM i BJJ drar ig\u00e5ng i portugisiska huvudstaden Lissabon. Landslaget best\u00e5r av sju t\u00e4vlanden d\u00e4r n\u00e4sta onsdag \u00e4r f\u00f6rsta t\u00e4vlingstillf\u00e4llet.<\/p><br>","protected":false},"author":7,"featured_media":135538,"comment_status":"closed","ping_status":"closed","sticky":false,"template":"","format":"standard","meta":{"_acf_changed":false,"footnotes":""},"categories":[557],"tags":[],"class_list":["post-177140","post","type-post","status-publish","format-standard","has-post-thumbnail","hentry","category-brasiliansk-jiu-jitsu"],"acf":[],"yoast_head":"<!-- This site is optimized with the Yoast SEO plugin v26.8 - https:\/\/yoast.com\/product\/yoast-seo-wordpress\/ -->\n<title>Dags f\u00f6r EM i BJJ - Svenska Budo &amp; Kampsportsf\u00f6rbundet<\/title>\n<meta name=\"description\" content=\"EM i BJJ drar ig\u00e5ng i portugisiska huvudstaden Lissabon. Landslaget best\u00e5r av sju t\u00e4vlanden d\u00e4r n\u00e4sta onsdag \u00e4r f\u00f6rsta t\u00e4vlingstillf\u00e4llet.\" \/>\n<meta name=\"robots\" content=\"index, follow, max-snippet:-1, max-image-preview:large, max-video-preview:-1\" \/>\n<link rel=\"canonical\" href=\"https:\/\/www.budokampsport.se\/2025\/01\/15\/dags-for-em-i-bjj\/\" \/>\n<meta property=\"og:locale\" content=\"sv_SE\" \/>\n<meta property=\"og:type\" content=\"article\" \/>\n<meta property=\"og:title\" content=\"Dags f\u00f6r EM i BJJ - Svenska Budo &amp; Kampsportsf\u00f6rbundet\" \/>\n<meta property=\"og:description\" content=\"EM i BJJ drar ig\u00e5ng i portugisiska huvudstaden Lissabon. Landslaget best\u00e5r av sju t\u00e4vlanden d\u00e4r n\u00e4sta onsdag \u00e4r f\u00f6rsta t\u00e4vlingstillf\u00e4llet.\" \/>\n<meta property=\"og:url\" content=\"https:\/\/www.budokampsport.se\/2025\/01\/15\/dags-for-em-i-bjj\/\" \/>\n<meta property=\"og:site_name\" content=\"Svenska Budo &amp; Kampsportsf\u00f6rbundet\" \/>\n<meta property=\"article:author\" content=\"https:\/\/www.facebook.com\/jonathan.broberg.7\" \/>\n<meta property=\"article:published_time\" content=\"2025-01-15T15:44:53+00:00\" \/>\n<meta property=\"og:image\" content=\"https:\/\/www.budokampsport.se\/wp-content\/uploads\/2022\/02\/BJJ_em.jpg\" \/>\n\t<meta property=\"og:image:width\" content=\"850\" \/>\n\t<meta property=\"og:image:height\" content=\"433\" \/>\n\t<meta property=\"og:image:type\" content=\"image\/jpeg\" \/>\n<meta name=\"author\" content=\"Jonathan Broberg\" \/>\n<meta name=\"twitter:card\" content=\"summary_large_image\" \/>\n<meta name=\"twitter:label1\" content=\"Skriven av\" \/>\n\t<meta name=\"twitter:data1\" content=\"Jonathan Broberg\" \/>\n\t<meta name=\"twitter:label2\" content=\"Ber\u00e4knad l\u00e4stid\" \/>\n\t<meta name=\"twitter:data2\" content=\"1 minut\" \/>\n<script type=\"application\/ld+json\" class=\"yoast-schema-graph\">{\"@context\":\"https:\/\/schema.org\",\"@graph\":[{\"@type\":\"Article\",\"@id\":\"https:\/\/www.budokampsport.se\/2025\/01\/15\/dags-for-em-i-bjj\/#article\",\"isPartOf\":{\"@id\":\"https:\/\/www.budokampsport.se\/2025\/01\/15\/dags-for-em-i-bjj\/\"},\"author\":{\"name\":\"Jonathan Broberg\",\"@id\":\"https:\/\/www.budokampsport.se\/#\/schema\/person\/5c06d81d14850e2a8ce5493386560145\"},\"headline\":\"Dags f\u00f6r EM i BJJ\",\"datePublished\":\"2025-01-15T15:44:53+00:00\",\"mainEntityOfPage\":{\"@id\":\"https:\/\/www.budokampsport.se\/2025\/01\/15\/dags-for-em-i-bjj\/\"},\"wordCount\":111,\"image\":{\"@id\":\"https:\/\/www.budokampsport.se\/2025\/01\/15\/dags-for-em-i-bjj\/#primaryimage\"},\"thumbnailUrl\":\"https:\/\/www.budokampsport.se\/wp-content\/uploads\/2022\/02\/BJJ_em.jpg\",\"articleSection\":[\"Brasiliansk jiu-jitsu\"],\"inLanguage\":\"sv-SE\"},{\"@type\":\"WebPage\",\"@id\":\"https:\/\/www.budokampsport.se\/2025\/01\/15\/dags-for-em-i-bjj\/\",\"url\":\"https:\/\/www.budokampsport.se\/2025\/01\/15\/dags-for-em-i-bjj\/\",\"name\":\"Dags f\u00f6r EM i BJJ - Svenska Budo &amp; Kampsportsf\u00f6rbundet\",\"isPartOf\":{\"@id\":\"https:\/\/www.budokampsport.se\/#website\"},\"primaryImageOfPage\":{\"@id\":\"https:\/\/www.budokampsport.se\/2025\/01\/15\/dags-for-em-i-bjj\/#primaryimage\"},\"image\":{\"@id\":\"https:\/\/www.budokampsport.se\/2025\/01\/15\/dags-for-em-i-bjj\/#primaryimage\"},\"thumbnailUrl\":\"https:\/\/www.budokampsport.se\/wp-content\/uploads\/2022\/02\/BJJ_em.jpg\",\"datePublished\":\"2025-01-15T15:44:53+00:00\",\"author\":{\"@id\":\"https:\/\/www.budokampsport.se\/#\/schema\/person\/5c06d81d14850e2a8ce5493386560145\"},\"description\":\"EM i BJJ drar ig\u00e5ng i portugisiska huvudstaden Lissabon. Landslaget best\u00e5r av sju t\u00e4vlanden d\u00e4r n\u00e4sta onsdag \u00e4r f\u00f6rsta t\u00e4vlingstillf\u00e4llet.\",\"breadcrumb\":{\"@id\":\"https:\/\/www.budokampsport.se\/2025\/01\/15\/dags-for-em-i-bjj\/#breadcrumb\"},\"inLanguage\":\"sv-SE\",\"potentialAction\":[{\"@type\":\"ReadAction\",\"target\":[\"https:\/\/www.budokampsport.se\/2025\/01\/15\/dags-for-em-i-bjj\/\"]}]},{\"@type\":\"ImageObject\",\"inLanguage\":\"sv-SE\",\"@id\":\"https:\/\/www.budokampsport.se\/2025\/01\/15\/dags-for-em-i-bjj\/#primaryimage\",\"url\":\"https:\/\/www.budokampsport.se\/wp-content\/uploads\/2022\/02\/BJJ_em.jpg\",\"contentUrl\":\"https:\/\/www.budokampsport.se\/wp-content\/uploads\/2022\/02\/BJJ_em.jpg\",\"width\":850,\"height\":433,\"caption\":\"Foto: Annie Bondefelt\"},{\"@type\":\"BreadcrumbList\",\"@id\":\"https:\/\/www.budokampsport.se\/2025\/01\/15\/dags-for-em-i-bjj\/#breadcrumb\",\"itemListElement\":[{\"@type\":\"ListItem\",\"position\":1,\"name\":\"Hem\",\"item\":\"https:\/\/www.budokampsport.se\/\"},{\"@type\":\"ListItem\",\"position\":2,\"name\":\"Dags f\u00f6r EM i BJJ\"}]},{\"@type\":\"WebSite\",\"@id\":\"https:\/\/www.budokampsport.se\/#website\",\"url\":\"https:\/\/www.budokampsport.se\/\",\"name\":\"Svenska Budo &amp; Kampsportsf\u00f6rbundet\",\"description\":\"T\u00e4vling, Tr\u00e4ning, Tradition\",\"potentialAction\":[{\"@type\":\"SearchAction\",\"target\":{\"@type\":\"EntryPoint\",\"urlTemplate\":\"https:\/\/www.budokampsport.se\/?s={search_term_string}\"},\"query-input\":{\"@type\":\"PropertyValueSpecification\",\"valueRequired\":true,\"valueName\":\"search_term_string\"}}],\"inLanguage\":\"sv-SE\"},{\"@type\":\"Person\",\"@id\":\"https:\/\/www.budokampsport.se\/#\/schema\/person\/5c06d81d14850e2a8ce5493386560145\",\"name\":\"Jonathan Broberg\",\"image\":{\"@type\":\"ImageObject\",\"inLanguage\":\"sv-SE\",\"@id\":\"https:\/\/www.budokampsport.se\/#\/schema\/person\/image\/\",\"url\":\"https:\/\/secure.gravatar.com\/avatar\/a58041c6cea9128bd9c40ee2f26d4136?s=96&d=blank&r=g\",\"contentUrl\":\"https:\/\/secure.gravatar.com\/avatar\/a58041c6cea9128bd9c40ee2f26d4136?s=96&d=blank&r=g\",\"caption\":\"Jonathan Broberg\"},\"sameAs\":[\"https:\/\/www.facebook.com\/jonathan.broberg.7\"],\"url\":\"https:\/\/www.budokampsport.se\/author\/jonathan\/\"}]}<\/script>\n<!-- \/ Yoast SEO plugin. -->","yoast_head_json":{"title":"Dags f\u00f6r EM i BJJ - Svenska Budo &amp; Kampsportsf\u00f6rbundet","description":"EM i BJJ drar ig\u00e5ng i portugisiska huvudstaden Lissabon. Landslaget best\u00e5r av sju t\u00e4vlanden d\u00e4r n\u00e4sta onsdag \u00e4r f\u00f6rsta t\u00e4vlingstillf\u00e4llet.","robots":{"index":"index","follow":"follow","max-snippet":"max-snippet:-1","max-image-preview":"max-image-preview:large","max-video-preview":"max-video-preview:-1"},"canonical":"https:\/\/www.budokampsport.se\/2025\/01\/15\/dags-for-em-i-bjj\/","og_locale":"sv_SE","og_type":"article","og_title":"Dags f\u00f6r EM i BJJ - Svenska Budo &amp; Kampsportsf\u00f6rbundet","og_description":"EM i BJJ drar ig\u00e5ng i portugisiska huvudstaden Lissabon. Landslaget best\u00e5r av sju t\u00e4vlanden d\u00e4r n\u00e4sta onsdag \u00e4r f\u00f6rsta t\u00e4vlingstillf\u00e4llet.","og_url":"https:\/\/www.budokampsport.se\/2025\/01\/15\/dags-for-em-i-bjj\/","og_site_name":"Svenska Budo &amp; Kampsportsf\u00f6rbundet","article_author":"https:\/\/www.facebook.com\/jonathan.broberg.7","article_published_time":"2025-01-15T15:44:53+00:00","og_image":[{"width":850,"height":433,"url":"https:\/\/www.budokampsport.se\/wp-content\/uploads\/2022\/02\/BJJ_em.jpg","type":"image\/jpeg"}],"author":"Jonathan Broberg","twitter_card":"summary_large_image","twitter_misc":{"Skriven av":"Jonathan Broberg","Ber\u00e4knad l\u00e4stid":"1 minut"},"schema":{"@context":"https:\/\/schema.org","@graph":[{"@type":"Article","@id":"https:\/\/www.budokampsport.se\/2025\/01\/15\/dags-for-em-i-bjj\/#article","isPartOf":{"@id":"https:\/\/www.budokampsport.se\/2025\/01\/15\/dags-for-em-i-bjj\/"},"author":{"name":"Jonathan Broberg","@id":"https:\/\/www.budokampsport.se\/#\/schema\/person\/5c06d81d14850e2a8ce5493386560145"},"headline":"Dags f\u00f6r EM i BJJ","datePublished":"2025-01-15T15:44:53+00:00","mainEntityOfPage":{"@id":"https:\/\/www.budokampsport.se\/2025\/01\/15\/dags-for-em-i-bjj\/"},"wordCount":111,"image":{"@id":"https:\/\/www.budokampsport.se\/2025\/01\/15\/dags-for-em-i-bjj\/#primaryimage"},"thumbnailUrl":"https:\/\/www.budokampsport.se\/wp-content\/uploads\/2022\/02\/BJJ_em.jpg","articleSection":["Brasiliansk jiu-jitsu"],"inLanguage":"sv-SE"},{"@type":"WebPage","@id":"https:\/\/www.budokampsport.se\/2025\/01\/15\/dags-for-em-i-bjj\/","url":"https:\/\/www.budokampsport.se\/2025\/01\/15\/dags-for-em-i-bjj\/","name":"Dags f\u00f6r EM i BJJ - Svenska Budo &amp; Kampsportsf\u00f6rbundet","isPartOf":{"@id":"https:\/\/www.budokampsport.se\/#website"},"primaryImageOfPage":{"@id":"https:\/\/www.budokampsport.se\/2025\/01\/15\/dags-for-em-i-bjj\/#primaryimage"},"image":{"@id":"https:\/\/www.budokampsport.se\/2025\/01\/15\/dags-for-em-i-bjj\/#primaryimage"},"thumbnailUrl":"https:\/\/www.budokampsport.se\/wp-content\/uploads\/2022\/02\/BJJ_em.jpg","datePublished":"2025-01-15T15:44:53+00:00","author":{"@id":"https:\/\/www.budokampsport.se\/#\/schema\/person\/5c06d81d14850e2a8ce5493386560145"},"description":"EM i BJJ drar ig\u00e5ng i portugisiska huvudstaden Lissabon. Landslaget best\u00e5r av sju t\u00e4vlanden d\u00e4r n\u00e4sta onsdag \u00e4r f\u00f6rsta t\u00e4vlingstillf\u00e4llet.","breadcrumb":{"@id":"https:\/\/www.budokampsport.se\/2025\/01\/15\/dags-for-em-i-bjj\/#breadcrumb"},"inLanguage":"sv-SE","potentialAction":[{"@type":"ReadAction","target":["https:\/\/www.budokampsport.se\/2025\/01\/15\/dags-for-em-i-bjj\/"]}]},{"@type":"ImageObject","inLanguage":"sv-SE","@id":"https:\/\/www.budokampsport.se\/2025\/01\/15\/dags-for-em-i-bjj\/#primaryimage","url":"https:\/\/www.budokampsport.se\/wp-content\/uploads\/2022\/02\/BJJ_em.jpg","contentUrl":"https:\/\/www.budokampsport.se\/wp-content\/uploads\/2022\/02\/BJJ_em.jpg","width":850,"height":433,"caption":"Foto: Annie Bondefelt"},{"@type":"BreadcrumbList","@id":"https:\/\/www.budokampsport.se\/2025\/01\/15\/dags-for-em-i-bjj\/#breadcrumb","itemListElement":[{"@type":"ListItem","position":1,"name":"Hem","item":"https:\/\/www.budokampsport.se\/"},{"@type":"ListItem","position":2,"name":"Dags f\u00f6r EM i BJJ"}]},{"@type":"WebSite","@id":"https:\/\/www.budokampsport.se\/#website","url":"https:\/\/www.budokampsport.se\/","name":"Svenska Budo &amp; Kampsportsf\u00f6rbundet","description":"T\u00e4vling, Tr\u00e4ning, Tradition","potentialAction":[{"@type":"SearchAction","target":{"@type":"EntryPoint","urlTemplate":"https:\/\/www.budokampsport.se\/?s={search_term_string}"},"query-input":{"@type":"PropertyValueSpecification","valueRequired":true,"valueName":"search_term_string"}}],"inLanguage":"sv-SE"},{"@type":"Person","@id":"https:\/\/www.budokampsport.se\/#\/schema\/person\/5c06d81d14850e2a8ce5493386560145","name":"Jonathan Broberg","image":{"@type":"ImageObject","inLanguage":"sv-SE","@id":"https:\/\/www.budokampsport.se\/#\/schema\/person\/image\/","url":"https:\/\/secure.gravatar.com\/avatar\/a58041c6cea9128bd9c40ee2f26d4136?s=96&d=blank&r=g","contentUrl":"https:\/\/secure.gravatar.com\/avatar\/a58041c6cea9128bd9c40ee2f26d4136?s=96&d=blank&r=g","caption":"Jonathan Broberg"},"sameAs":["https:\/\/www.facebook.com\/jonathan.broberg.7"],"url":"https:\/\/www.budokampsport.se\/author\/jonathan\/"}]}},"_links":{"self":[{"href":"https:\/\/www.budokampsport.se\/api\/wp\/v2\/posts\/177140","targetHints":{"allow":["GET"]}}],"collection":[{"href":"https:\/\/www.budokampsport.se\/api\/wp\/v2\/posts"}],"about":[{"href":"https:\/\/www.budokampsport.se\/api\/wp\/v2\/types\/post"}],"author":[{"embeddable":true,"href":"https:\/\/www.budokampsport.se\/api\/wp\/v2\/users\/7"}],"replies":[{"embeddable":true,"href":"https:\/\/www.budokampsport.se\/api\/wp\/v2\/comments?post=177140"}],"version-history":[{"count":0,"href":"https:\/\/www.budokampsport.se\/api\/wp\/v2\/posts\/177140\/revisions"}],"wp:featuredmedia":[{"embeddable":true,"href":"https:\/\/www.budokampsport.se\/api\/wp\/v2\/media\/135538"}],"wp:attachment":[{"href":"https:\/\/www.budokampsport.se\/api\/wp\/v2\/media?parent=177140"}],"wp:term":[{"taxonomy":"category","embeddable":true,"href":"https:\/\/www.budokampsport.se\/api\/wp\/v2\/categories?post=177140"},{"taxonomy":"post_tag","embeddable":true,"href":"https:\/\/www.budokampsport.se\/api\/wp\/v2\/tags?post=177140"}],"curies":[{"name":"wp","href":"https:\/\/api.w.org\/{rel}","templated":true}]}}