{"id":177707,"date":"2025-03-25T11:09:31","date_gmt":"2025-03-25T10:09:31","guid":{"rendered":"https:\/\/www.budokampsport.se\/?p=177707"},"modified":"2025-03-25T12:17:02","modified_gmt":"2025-03-25T11:17:02","slug":"valberedningens-forslag-till-forbundsstamman-2025","status":"publish","type":"post","link":"https:\/\/www.budokampsport.se\/2025\/03\/25\/valberedningens-forslag-till-forbundsstamman-2025\/","title":{"rendered":"Valberedningens f\u00f6rslag till F\u00f6rbundsst\u00e4mman 2025"},"content":{"rendered":"<h3><strong>F\u00f6rbundsstyrelse<\/strong><\/h3>\n<p>F\u00f6rbundsstyrelsen best\u00e5r av f\u00f6rbundsordf\u00f6rande, sex \u00f6vriga ledam\u00f6ter och tv\u00e5 suppleanter. \u00d6vriga ledam\u00f6ter ska vara lika f\u00f6rdelat mellan k\u00f6nen. Suppleanter ska vara lika f\u00f6rdelat mellan k\u00f6nen.<\/p>\n<p><strong>Ordf\u00f6rande<\/strong><br \/>\nFredrik Gundmark, omval 1 \u00e5r<\/p>\n<p><strong>Ledam\u00f6ter<\/strong><br \/>\nMaria Wiese, omval 2 \u00e5r<br \/>\nTobias Back, omval 2 \u00e5r<br \/>\nErik Gahnertz, omval 2 \u00e5r<\/p>\n<p>(F\u00f6ljande ledam\u00f6ter sitter kvar ytterligare ett \u00e5r d\u00e5 de valdes p\u00e5 tv\u00e5 \u00e5r f\u00f6reg\u00e5ende \u00e5r)<\/p>\n<p>Kirsi H\u00f6glund<br \/>\nFrej Levin<br \/>\nNicole Kaiser<\/p>\n<p><strong>Suppleanter<\/strong><br \/>\nLuiz Carlos Fernandes, omval 1 \u00e5r<br \/>\nVakant<\/p>\n<p>Inkomna nomineringar till FS var Stig Brink. Inga kvinnliga nominerade vilket \u00e4r det som saknas. Har du f\u00f6rslag p\u00e5 nominering? Maila g\u00e4rna till <a href=\"mailto:valberedning@budo.se\">valberedning@budo.se<\/a>\u00a0<\/p>\n<h3>Revisorer och revisorssuppleanter<\/h3>\n<p>SB&amp;K:s r\u00e4kenskaper och f\u00f6rvaltning granskas \u00e5rligen av tv\u00e5 revisorer. En av de ordinarie revisorerna samt en av suppleanterna ska vara auktoriserad revisor.<\/p>\n<p><strong>Revisorer<\/strong><br \/>\nMicaela Karlstr\u00f6m, Allegretto Revision (auktoriserad), omval<br \/>\nJimmy Thorsell, nyval<\/p>\n<p><strong>Revisorssuppleanter<\/strong><br \/>\nAnna Wretholm, Allegretto Revision (auktoriserad), omval<br \/>\nHenrik S\u00f6derquist, omval<\/p>\n<p>\u00d6vriga inkomna nomineringar till lekmannarevisor var:<br \/>\nMehdi Nabahi<\/p>\n<h3>Disciplinn\u00e4mnd<\/h3>\n<p>N\u00e4mnden ska best\u00e5 av sju ledam\u00f6ter varav minst h\u00e4lften b\u00f6r vara jurister eller ha motsvarande erfarenhet, en av dessa ska leda arbetet som n\u00e4mndens ordf\u00f6rande.<\/p>\n<p><strong>Ordf\u00f6rande<\/strong><br \/>\nEmma Bshara Dyr\u00e9n, omval<\/p>\n<p><strong>Ledam\u00f6ter<\/strong><br \/>\nEmil Frank, omval<br \/>\nMaria Liukkonen, omval<br \/>\nAnders Axklo, omval<br \/>\nBeatrice Edvardsson, nyval<br \/>\nRoland Pl\u00fcss, nyval<br \/>\nPatricia Kazimierczak, nyval<\/p>\n<p>\u00d6vriga inkomna nomineringar till Disciplinn\u00e4mnden var:<br \/>\nVictoria Hedling<br \/>\nMehdi Nabahi<\/p>\n<hr \/>\n<p><strong>Valberedningen<br \/>\nSvenska Budo &amp; Kampsportsf\u00f6rbundet<\/strong><\/p>\n<ul>\n<li><strong>Anders Pettersson, ordf\u00f6rande<\/strong><\/li>\n<li><strong>Irene Br\u00e4ndstr\u00f6m<\/strong><\/li>\n<li><strong>J\u00f6ran Fagerlund<\/strong><\/li>\n<\/ul>\n","protected":false},"excerpt":{"rendered":"<p>Nu presenteras valberedningens f\u00f6rslag inf\u00f6r \u00e5rsm\u00f6tet den 26 april.<\/p><br>","protected":false},"author":120,"featured_media":152002,"comment_status":"closed","ping_status":"closed","sticky":false,"template":"","format":"standard","meta":{"_acf_changed":false,"footnotes":""},"categories":[410],"tags":[],"class_list":["post-177707","post","type-post","status-publish","format-standard","has-post-thumbnail","hentry","category-arsmote"],"acf":[],"yoast_head":"<!-- This site is optimized with the Yoast SEO plugin v26.8 - https:\/\/yoast.com\/product\/yoast-seo-wordpress\/ -->\n<title>Valberedningens f\u00f6rslag till F\u00f6rbundsst\u00e4mman 2025 - Svenska Budo &amp; Kampsportsf\u00f6rbundet<\/title>\n<meta name=\"description\" content=\"Nu presenteras valberedningens f\u00f6rslag inf\u00f6r \u00e5rsm\u00f6tet den 26 april.\" \/>\n<meta name=\"robots\" content=\"index, follow, max-snippet:-1, max-image-preview:large, max-video-preview:-1\" \/>\n<link rel=\"canonical\" href=\"https:\/\/www.budokampsport.se\/2025\/03\/25\/valberedningens-forslag-till-forbundsstamman-2025\/\" \/>\n<meta property=\"og:locale\" content=\"sv_SE\" \/>\n<meta property=\"og:type\" content=\"article\" \/>\n<meta property=\"og:title\" content=\"Valberedningens f\u00f6rslag till F\u00f6rbundsst\u00e4mman 2025 - Svenska Budo &amp; Kampsportsf\u00f6rbundet\" \/>\n<meta property=\"og:description\" content=\"Nu presenteras valberedningens f\u00f6rslag inf\u00f6r \u00e5rsm\u00f6tet den 26 april.\" \/>\n<meta property=\"og:url\" content=\"https:\/\/www.budokampsport.se\/2025\/03\/25\/valberedningens-forslag-till-forbundsstamman-2025\/\" \/>\n<meta property=\"og:site_name\" content=\"Svenska Budo &amp; Kampsportsf\u00f6rbundet\" \/>\n<meta property=\"article:published_time\" content=\"2025-03-25T10:09:31+00:00\" \/>\n<meta property=\"article:modified_time\" content=\"2025-03-25T11:17:02+00:00\" \/>\n<meta property=\"og:image\" content=\"https:\/\/www.budokampsport.se\/wp-content\/uploads\/2023\/04\/kampsport09.jpg\" \/>\n\t<meta property=\"og:image:width\" content=\"850\" \/>\n\t<meta property=\"og:image:height\" content=\"567\" \/>\n\t<meta property=\"og:image:type\" content=\"image\/jpeg\" \/>\n<meta name=\"author\" content=\"Annie Carriage\" \/>\n<meta name=\"twitter:card\" content=\"summary_large_image\" \/>\n<meta name=\"twitter:label1\" content=\"Skriven av\" \/>\n\t<meta name=\"twitter:data1\" content=\"Annie Carriage\" \/>\n\t<meta name=\"twitter:label2\" content=\"Ber\u00e4knad l\u00e4stid\" \/>\n\t<meta name=\"twitter:data2\" content=\"2 minuter\" \/>\n<script type=\"application\/ld+json\" class=\"yoast-schema-graph\">{\"@context\":\"https:\/\/schema.org\",\"@graph\":[{\"@type\":\"Article\",\"@id\":\"https:\/\/www.budokampsport.se\/2025\/03\/25\/valberedningens-forslag-till-forbundsstamman-2025\/#article\",\"isPartOf\":{\"@id\":\"https:\/\/www.budokampsport.se\/2025\/03\/25\/valberedningens-forslag-till-forbundsstamman-2025\/\"},\"author\":{\"name\":\"Annie Carriage\",\"@id\":\"https:\/\/www.budokampsport.se\/#\/schema\/person\/c838cace8171f692e363fde3f38f208b\"},\"headline\":\"Valberedningens f\u00f6rslag till F\u00f6rbundsst\u00e4mman 2025\",\"datePublished\":\"2025-03-25T10:09:31+00:00\",\"dateModified\":\"2025-03-25T11:17:02+00:00\",\"mainEntityOfPage\":{\"@id\":\"https:\/\/www.budokampsport.se\/2025\/03\/25\/valberedningens-forslag-till-forbundsstamman-2025\/\"},\"wordCount\":274,\"image\":{\"@id\":\"https:\/\/www.budokampsport.se\/2025\/03\/25\/valberedningens-forslag-till-forbundsstamman-2025\/#primaryimage\"},\"thumbnailUrl\":\"https:\/\/www.budokampsport.se\/wp-content\/uploads\/2023\/04\/kampsport09.jpg\",\"articleSection\":[\"\u00c5rsm\u00f6te\"],\"inLanguage\":\"sv-SE\"},{\"@type\":\"WebPage\",\"@id\":\"https:\/\/www.budokampsport.se\/2025\/03\/25\/valberedningens-forslag-till-forbundsstamman-2025\/\",\"url\":\"https:\/\/www.budokampsport.se\/2025\/03\/25\/valberedningens-forslag-till-forbundsstamman-2025\/\",\"name\":\"Valberedningens f\u00f6rslag till F\u00f6rbundsst\u00e4mman 2025 - Svenska Budo &amp; Kampsportsf\u00f6rbundet\",\"isPartOf\":{\"@id\":\"https:\/\/www.budokampsport.se\/#website\"},\"primaryImageOfPage\":{\"@id\":\"https:\/\/www.budokampsport.se\/2025\/03\/25\/valberedningens-forslag-till-forbundsstamman-2025\/#primaryimage\"},\"image\":{\"@id\":\"https:\/\/www.budokampsport.se\/2025\/03\/25\/valberedningens-forslag-till-forbundsstamman-2025\/#primaryimage\"},\"thumbnailUrl\":\"https:\/\/www.budokampsport.se\/wp-content\/uploads\/2023\/04\/kampsport09.jpg\",\"datePublished\":\"2025-03-25T10:09:31+00:00\",\"dateModified\":\"2025-03-25T11:17:02+00:00\",\"author\":{\"@id\":\"https:\/\/www.budokampsport.se\/#\/schema\/person\/c838cace8171f692e363fde3f38f208b\"},\"description\":\"Nu presenteras valberedningens f\u00f6rslag inf\u00f6r \u00e5rsm\u00f6tet den 26 april.\",\"breadcrumb\":{\"@id\":\"https:\/\/www.budokampsport.se\/2025\/03\/25\/valberedningens-forslag-till-forbundsstamman-2025\/#breadcrumb\"},\"inLanguage\":\"sv-SE\",\"potentialAction\":[{\"@type\":\"ReadAction\",\"target\":[\"https:\/\/www.budokampsport.se\/2025\/03\/25\/valberedningens-forslag-till-forbundsstamman-2025\/\"]}]},{\"@type\":\"ImageObject\",\"inLanguage\":\"sv-SE\",\"@id\":\"https:\/\/www.budokampsport.se\/2025\/03\/25\/valberedningens-forslag-till-forbundsstamman-2025\/#primaryimage\",\"url\":\"https:\/\/www.budokampsport.se\/wp-content\/uploads\/2023\/04\/kampsport09.jpg\",\"contentUrl\":\"https:\/\/www.budokampsport.se\/wp-content\/uploads\/2023\/04\/kampsport09.jpg\",\"width\":850,\"height\":567,\"caption\":\"Foto: Sven Lindwall\/Bildbyr\u00e5n\"},{\"@type\":\"BreadcrumbList\",\"@id\":\"https:\/\/www.budokampsport.se\/2025\/03\/25\/valberedningens-forslag-till-forbundsstamman-2025\/#breadcrumb\",\"itemListElement\":[{\"@type\":\"ListItem\",\"position\":1,\"name\":\"Hem\",\"item\":\"https:\/\/www.budokampsport.se\/\"},{\"@type\":\"ListItem\",\"position\":2,\"name\":\"Valberedningens f\u00f6rslag till F\u00f6rbundsst\u00e4mman 2025\"}]},{\"@type\":\"WebSite\",\"@id\":\"https:\/\/www.budokampsport.se\/#website\",\"url\":\"https:\/\/www.budokampsport.se\/\",\"name\":\"Svenska Budo &amp; Kampsportsf\u00f6rbundet\",\"description\":\"T\u00e4vling, Tr\u00e4ning, Tradition\",\"potentialAction\":[{\"@type\":\"SearchAction\",\"target\":{\"@type\":\"EntryPoint\",\"urlTemplate\":\"https:\/\/www.budokampsport.se\/?s={search_term_string}\"},\"query-input\":{\"@type\":\"PropertyValueSpecification\",\"valueRequired\":true,\"valueName\":\"search_term_string\"}}],\"inLanguage\":\"sv-SE\"},{\"@type\":\"Person\",\"@id\":\"https:\/\/www.budokampsport.se\/#\/schema\/person\/c838cace8171f692e363fde3f38f208b\",\"name\":\"Annie Carriage\",\"image\":{\"@type\":\"ImageObject\",\"inLanguage\":\"sv-SE\",\"@id\":\"https:\/\/www.budokampsport.se\/#\/schema\/person\/image\/\",\"url\":\"https:\/\/secure.gravatar.com\/avatar\/9311295560bdfbdf78365a26f7df1876?s=96&d=blank&r=g\",\"contentUrl\":\"https:\/\/secure.gravatar.com\/avatar\/9311295560bdfbdf78365a26f7df1876?s=96&d=blank&r=g\",\"caption\":\"Annie Carriage\"},\"url\":\"https:\/\/www.budokampsport.se\/author\/annie-bondefelt\/\"}]}<\/script>\n<!-- \/ Yoast SEO plugin. -->","yoast_head_json":{"title":"Valberedningens f\u00f6rslag till F\u00f6rbundsst\u00e4mman 2025 - Svenska Budo &amp; Kampsportsf\u00f6rbundet","description":"Nu presenteras valberedningens f\u00f6rslag inf\u00f6r \u00e5rsm\u00f6tet den 26 april.","robots":{"index":"index","follow":"follow","max-snippet":"max-snippet:-1","max-image-preview":"max-image-preview:large","max-video-preview":"max-video-preview:-1"},"canonical":"https:\/\/www.budokampsport.se\/2025\/03\/25\/valberedningens-forslag-till-forbundsstamman-2025\/","og_locale":"sv_SE","og_type":"article","og_title":"Valberedningens f\u00f6rslag till F\u00f6rbundsst\u00e4mman 2025 - Svenska Budo &amp; Kampsportsf\u00f6rbundet","og_description":"Nu presenteras valberedningens f\u00f6rslag inf\u00f6r \u00e5rsm\u00f6tet den 26 april.","og_url":"https:\/\/www.budokampsport.se\/2025\/03\/25\/valberedningens-forslag-till-forbundsstamman-2025\/","og_site_name":"Svenska Budo &amp; Kampsportsf\u00f6rbundet","article_published_time":"2025-03-25T10:09:31+00:00","article_modified_time":"2025-03-25T11:17:02+00:00","og_image":[{"width":850,"height":567,"url":"https:\/\/www.budokampsport.se\/wp-content\/uploads\/2023\/04\/kampsport09.jpg","type":"image\/jpeg"}],"author":"Annie Carriage","twitter_card":"summary_large_image","twitter_misc":{"Skriven av":"Annie Carriage","Ber\u00e4knad l\u00e4stid":"2 minuter"},"schema":{"@context":"https:\/\/schema.org","@graph":[{"@type":"Article","@id":"https:\/\/www.budokampsport.se\/2025\/03\/25\/valberedningens-forslag-till-forbundsstamman-2025\/#article","isPartOf":{"@id":"https:\/\/www.budokampsport.se\/2025\/03\/25\/valberedningens-forslag-till-forbundsstamman-2025\/"},"author":{"name":"Annie Carriage","@id":"https:\/\/www.budokampsport.se\/#\/schema\/person\/c838cace8171f692e363fde3f38f208b"},"headline":"Valberedningens f\u00f6rslag till F\u00f6rbundsst\u00e4mman 2025","datePublished":"2025-03-25T10:09:31+00:00","dateModified":"2025-03-25T11:17:02+00:00","mainEntityOfPage":{"@id":"https:\/\/www.budokampsport.se\/2025\/03\/25\/valberedningens-forslag-till-forbundsstamman-2025\/"},"wordCount":274,"image":{"@id":"https:\/\/www.budokampsport.se\/2025\/03\/25\/valberedningens-forslag-till-forbundsstamman-2025\/#primaryimage"},"thumbnailUrl":"https:\/\/www.budokampsport.se\/wp-content\/uploads\/2023\/04\/kampsport09.jpg","articleSection":["\u00c5rsm\u00f6te"],"inLanguage":"sv-SE"},{"@type":"WebPage","@id":"https:\/\/www.budokampsport.se\/2025\/03\/25\/valberedningens-forslag-till-forbundsstamman-2025\/","url":"https:\/\/www.budokampsport.se\/2025\/03\/25\/valberedningens-forslag-till-forbundsstamman-2025\/","name":"Valberedningens f\u00f6rslag till F\u00f6rbundsst\u00e4mman 2025 - Svenska Budo &amp; Kampsportsf\u00f6rbundet","isPartOf":{"@id":"https:\/\/www.budokampsport.se\/#website"},"primaryImageOfPage":{"@id":"https:\/\/www.budokampsport.se\/2025\/03\/25\/valberedningens-forslag-till-forbundsstamman-2025\/#primaryimage"},"image":{"@id":"https:\/\/www.budokampsport.se\/2025\/03\/25\/valberedningens-forslag-till-forbundsstamman-2025\/#primaryimage"},"thumbnailUrl":"https:\/\/www.budokampsport.se\/wp-content\/uploads\/2023\/04\/kampsport09.jpg","datePublished":"2025-03-25T10:09:31+00:00","dateModified":"2025-03-25T11:17:02+00:00","author":{"@id":"https:\/\/www.budokampsport.se\/#\/schema\/person\/c838cace8171f692e363fde3f38f208b"},"description":"Nu presenteras valberedningens f\u00f6rslag inf\u00f6r \u00e5rsm\u00f6tet den 26 april.","breadcrumb":{"@id":"https:\/\/www.budokampsport.se\/2025\/03\/25\/valberedningens-forslag-till-forbundsstamman-2025\/#breadcrumb"},"inLanguage":"sv-SE","potentialAction":[{"@type":"ReadAction","target":["https:\/\/www.budokampsport.se\/2025\/03\/25\/valberedningens-forslag-till-forbundsstamman-2025\/"]}]},{"@type":"ImageObject","inLanguage":"sv-SE","@id":"https:\/\/www.budokampsport.se\/2025\/03\/25\/valberedningens-forslag-till-forbundsstamman-2025\/#primaryimage","url":"https:\/\/www.budokampsport.se\/wp-content\/uploads\/2023\/04\/kampsport09.jpg","contentUrl":"https:\/\/www.budokampsport.se\/wp-content\/uploads\/2023\/04\/kampsport09.jpg","width":850,"height":567,"caption":"Foto: Sven Lindwall\/Bildbyr\u00e5n"},{"@type":"BreadcrumbList","@id":"https:\/\/www.budokampsport.se\/2025\/03\/25\/valberedningens-forslag-till-forbundsstamman-2025\/#breadcrumb","itemListElement":[{"@type":"ListItem","position":1,"name":"Hem","item":"https:\/\/www.budokampsport.se\/"},{"@type":"ListItem","position":2,"name":"Valberedningens f\u00f6rslag till F\u00f6rbundsst\u00e4mman 2025"}]},{"@type":"WebSite","@id":"https:\/\/www.budokampsport.se\/#website","url":"https:\/\/www.budokampsport.se\/","name":"Svenska Budo &amp; Kampsportsf\u00f6rbundet","description":"T\u00e4vling, Tr\u00e4ning, Tradition","potentialAction":[{"@type":"SearchAction","target":{"@type":"EntryPoint","urlTemplate":"https:\/\/www.budokampsport.se\/?s={search_term_string}"},"query-input":{"@type":"PropertyValueSpecification","valueRequired":true,"valueName":"search_term_string"}}],"inLanguage":"sv-SE"},{"@type":"Person","@id":"https:\/\/www.budokampsport.se\/#\/schema\/person\/c838cace8171f692e363fde3f38f208b","name":"Annie Carriage","image":{"@type":"ImageObject","inLanguage":"sv-SE","@id":"https:\/\/www.budokampsport.se\/#\/schema\/person\/image\/","url":"https:\/\/secure.gravatar.com\/avatar\/9311295560bdfbdf78365a26f7df1876?s=96&d=blank&r=g","contentUrl":"https:\/\/secure.gravatar.com\/avatar\/9311295560bdfbdf78365a26f7df1876?s=96&d=blank&r=g","caption":"Annie Carriage"},"url":"https:\/\/www.budokampsport.se\/author\/annie-bondefelt\/"}]}},"_links":{"self":[{"href":"https:\/\/www.budokampsport.se\/api\/wp\/v2\/posts\/177707","targetHints":{"allow":["GET"]}}],"collection":[{"href":"https:\/\/www.budokampsport.se\/api\/wp\/v2\/posts"}],"about":[{"href":"https:\/\/www.budokampsport.se\/api\/wp\/v2\/types\/post"}],"author":[{"embeddable":true,"href":"https:\/\/www.budokampsport.se\/api\/wp\/v2\/users\/120"}],"replies":[{"embeddable":true,"href":"https:\/\/www.budokampsport.se\/api\/wp\/v2\/comments?post=177707"}],"version-history":[{"count":0,"href":"https:\/\/www.budokampsport.se\/api\/wp\/v2\/posts\/177707\/revisions"}],"wp:featuredmedia":[{"embeddable":true,"href":"https:\/\/www.budokampsport.se\/api\/wp\/v2\/media\/152002"}],"wp:attachment":[{"href":"https:\/\/www.budokampsport.se\/api\/wp\/v2\/media?parent=177707"}],"wp:term":[{"taxonomy":"category","embeddable":true,"href":"https:\/\/www.budokampsport.se\/api\/wp\/v2\/categories?post=177707"},{"taxonomy":"post_tag","embeddable":true,"href":"https:\/\/www.budokampsport.se\/api\/wp\/v2\/tags?post=177707"}],"curies":[{"name":"wp","href":"https:\/\/api.w.org\/{rel}","templated":true}]}}