{"id":177743,"date":"2025-01-31T13:21:15","date_gmt":"2025-01-31T12:21:15","guid":{"rendered":"https:\/\/www.budokampsport.se\/?p=177743"},"modified":"2025-01-31T13:21:15","modified_gmt":"2025-01-31T12:21:15","slug":"en-ny-motesplats-for-kampsport-i-uppsala-budohuset-invigt-i-ekeby","status":"publish","type":"post","link":"https:\/\/www.budokampsport.se\/2025\/01\/31\/en-ny-motesplats-for-kampsport-i-uppsala-budohuset-invigt-i-ekeby\/","title":{"rendered":"En ny m\u00f6tesplats f\u00f6r kampsport i Uppsala \u2013 Budohuset invigt i Ekeby"},"content":{"rendered":"<p>I de nyrenoverade lokalerna p\u00e5 \u00f6ver 900 kvadratmeter samsas nu sju olika kampsporter \u2013 aikido, kyokushin karate, brazilian jiu-jitsu, iaido kendo, wing chun och naginata. Lokalen erbjuder moderna tr\u00e4ningshallar, gemensamma utrymmen och en trygg plats f\u00f6r samverkan mellan f\u00f6reningarna.<br \/>\nEfter decennier av tillf\u00e4lliga l\u00f6sningar och os\u00e4kerhet har <a href=\"https:\/\/budohuset.nu\/\" target=\"_blank\" rel=\"noopener\">Budohuset<\/a> nu hittat en permanent plats d\u00e4r verksamheten kan v\u00e4xa och utvecklas. En av de st\u00f6rsta vinsterna med flytten \u00e4r m\u00f6jligheten att skapa en l\u00e5ngsiktig verksamhet som v\u00e4lkomnar allt fr\u00e5n barn- och ungdomstr\u00e4ning till seniorpass med fokus p\u00e5 balans och falls\u00e4kerhet.<\/p>\n<p>De nya lokalerna, ombyggda f\u00f6r att passa \u00e4ndam\u00e5let i samarbete med hyresv\u00e4rden Ekebygruppen, erbjuder fyra flexibla tr\u00e4ningshallar, ett gym och sociala ytor f\u00f6r gemenskap och aktiviteter.<\/p>\n<p>\u2013 Det k\u00e4nns fantastiskt att \u00e4ntligen ha en plats d\u00e4r vi kan fokusera p\u00e5 att utveckla v\u00e5r verksamhet l\u00e5ngsiktigt, s\u00e4ger <strong>Rasmus Ornstein<\/strong>, verksamhetsansvarig p\u00e5 KFUM Uppsala.<\/p>\n<p><img loading=\"lazy\" decoding=\"async\" class=\"alignnone size-full wp-image-177746\" src=\"https:\/\/www.budokampsport.se\/wp-content\/uploads\/2025\/01\/IMG_0049.jpg\" alt=\"\" width=\"850\" height=\"520\" srcset=\"https:\/\/www.budokampsport.se\/wp-content\/uploads\/2025\/01\/IMG_0049.jpg 850w, https:\/\/www.budokampsport.se\/wp-content\/uploads\/2025\/01\/IMG_0049-600x367.jpg 600w, https:\/\/www.budokampsport.se\/wp-content\/uploads\/2025\/01\/IMG_0049-278x170.jpg 278w\" sizes=\"auto, (max-width: 850px) 100vw, 850px\" \/><\/p>\n<p>Med en historia som str\u00e4cker sig tillbaka till 90-talet har Budohuset l\u00e4nge haft behov av en fast lokal. Men att hitta r\u00e4tt plats f\u00f6r s\u00e5 m\u00e5nga olika idrotter var en utmaning.<\/p>\n<p>\u2013 Vi visste l\u00e4nge att vi skulle beh\u00f6va flytta fr\u00e5n v\u00e5ra tempor\u00e4ra lokaler. Men med v\u00e5ra krav p\u00e5 stora, flexibla ytor med h\u00f6gt i tak och f\u00f6rvaring, samt olika golvunderlag f\u00f6r de olika kampsporterna, var alternativen begr\u00e4nsade. Till slut hade vi tur att hitta en industrilokal som kunde anpassas till v\u00e5ra behov, ber\u00e4ttar Ornstein.<\/p>\n<h4>\n<p>Samverkan f\u00f6r framtiden<\/h4>\n<p>Budohuset \u00e4r nu s\u00e5 gott som fullbelagt med \u00e5tta f\u00f6reningar som delar p\u00e5 fyra dojos. Samarbetet mellan f\u00f6reningarna \u00e4r en av styrkorna med den nya lokalen.<\/p>\n<p>\u2013 Jag t\u00e4nker att det \u00e4r en trygghet f\u00f6r framtiden att man \u00e4r fler samt att vi har en v\u00e4ntelista av f\u00f6reningar som g\u00e4rna vill flytta in om tillf\u00e4lle kommer. Sen att \u00e4ntligen f\u00e5 ett st\u00e4lle att husera i l\u00e5ngsiktigt, att k\u00e4nna att vi har kontrakt h\u00e4r p\u00e5 tio \u00e5r och nu kan vi bygga v\u00e5r verksamhet h\u00e4r. Nu kan man ocks\u00e5 fokusera fram\u00e5t och ha energi f\u00f6r nya projekt i st\u00e4llet f\u00f6r att ha m\u00e5let att flytta, s\u00e4ger Ornstein.<\/p>\n<p>Jakten p\u00e5 en ny lokal var inte enkel, men redan fr\u00e5n start hade f\u00f6reningarna en dialog med kommunen som hela tiden varit medvetna om l\u00e4get och delat med sig av tips. Sen har det handlat om att f\u00e5 ihop de olika idrotternas minimikrav utifr\u00e5n verksamhetens behov, s\u00e5 det ska fungera f\u00f6r alla.<\/p>\n<h4>\nEn m\u00f6tesplats f\u00f6r alla<\/h4>\n<p>\n\u00c4ven Uppsala kommun har varit engagerade i flytten d\u00e5 de ger visst st\u00f6d till verksamheten genom bidrag. Budohuset ska i sin tur jobba med riktade m\u00e5lgrupper, m\u00e4nniskor i n\u00e4romr\u00e5det som st\u00e5r l\u00e5ngt ifr\u00e5n f\u00f6reningslivet, studenter och seniorer. M\u00e5let \u00e4r att Budohuset ska bli en m\u00f6tesplats som \u00e4r levande hela dagen \u2013 inte bara p\u00e5 kv\u00e4llar och helger.<\/p>\n<p>\u2013 M\u00e5nga av de gamla medlemmarna flyttar med oss men vi hoppas att synligheten h\u00e4r i ett nytt omr\u00e5de ska locka hit nya ocks\u00e5. Redan nu har vi dragit i g\u00e5ng en fritidsklubb d\u00e4r barn och ungdomar f\u00e5r komma och testa p\u00e5 v\u00e5ra idrotter. En seniorgrupp har startat och en till \u00e4r p\u00e5 g\u00e5ng. Sen \u00e4r f\u00f6rhoppningen ocks\u00e5 att n\u00e5 universitetsstudenter som sedan sj\u00e4lva vill engagera sig mer och bli ledare till gymnasieungdomar som i sin tur kan bli ledare till barn. Lite s\u00e5 \u00e4r v\u00e5rt t\u00e4nk. Vi hoppas ocks\u00e5 att studenter som kanske har m\u00f6jlighet att tr\u00e4na dagtid ska h\u00e5lla pass f\u00f6r varandra s\u00e5 att vi skapar en plats som \u00e4r levande oavsett vad klockan \u00e4r, konstaterar Ornstein.<\/p>\n<p><strong>Cenneth Sparby<\/strong>, huvudinstrukt\u00f6r p\u00e5 KFUM Uppsala Aikidoklubb, grundad redan 1967, var en av de drivande bakom KFUM:s tv\u00e5 tidigare Budohus.<\/p>\n<p>\u2013 Det k\u00e4nns fantastiskt att vi nu lyckats g\u00e5 vidare, s\u00e5 h\u00e4r n\u00e4rmare 25 \u00e5r efter det f\u00f6rsta huset. Ett unikt samarbete mellan klubbarna d\u00e4r vi vill vara ett resurscentrum f\u00f6r alla Uppsalabor, unga som gamla, s\u00e4ger Sparby.<\/p>\n<p>Och redan n\u00e5gra veckor efter inflyttningen i h\u00f6stas var tr\u00e4ningen f\u00f6r nya grupper i full g\u00e5ng.<br \/>\n\u2013 Bland annat en grupp entusiastiska pension\u00e4rer som vi gnuggat i att falla p\u00e5 s\u00e4kert s\u00e4tt, avslutar Sparby.<\/p>\n<p><img loading=\"lazy\" decoding=\"async\" class=\"alignnone size-full wp-image-177747\" src=\"https:\/\/www.budokampsport.se\/wp-content\/uploads\/2025\/01\/IMG_0058.jpg\" alt=\"\" width=\"850\" height=\"523\" srcset=\"https:\/\/www.budokampsport.se\/wp-content\/uploads\/2025\/01\/IMG_0058.jpg 850w, https:\/\/www.budokampsport.se\/wp-content\/uploads\/2025\/01\/IMG_0058-600x369.jpg 600w, https:\/\/www.budokampsport.se\/wp-content\/uploads\/2025\/01\/IMG_0058-278x171.jpg 278w\" sizes=\"auto, (max-width: 850px) 100vw, 850px\" \/><\/p>\n","protected":false},"excerpt":{"rendered":"<p>KFUM Uppsala har tagit ett stort kliv fram\u00e5t f\u00f6r kampsportens framtid med invigningen av det nya Budohuset i Ekeby Bruk. <\/p><br>","protected":false},"author":120,"featured_media":177745,"comment_status":"closed","ping_status":"closed","sticky":false,"template":"","format":"standard","meta":{"_acf_changed":false,"footnotes":""},"categories":[481],"tags":[],"class_list":["post-177743","post","type-post","status-publish","format-standard","has-post-thumbnail","hentry","category-forening"],"acf":[],"yoast_head":"<!-- This site is optimized with the Yoast SEO plugin v26.8 - https:\/\/yoast.com\/product\/yoast-seo-wordpress\/ -->\n<title>En ny m\u00f6tesplats f\u00f6r kampsport i Uppsala \u2013 Budohuset invigt i Ekeby - Svenska Budo &amp; Kampsportsf\u00f6rbundet<\/title>\n<meta name=\"description\" content=\"KFUM Uppsala har tagit ett stort kliv fram\u00e5t f\u00f6r kampsportens framtid med invigningen av det nya Budohuset i Ekeby Bruk.\" \/>\n<meta name=\"robots\" content=\"index, follow, max-snippet:-1, max-image-preview:large, max-video-preview:-1\" \/>\n<link rel=\"canonical\" href=\"https:\/\/www.budokampsport.se\/2025\/01\/31\/en-ny-motesplats-for-kampsport-i-uppsala-budohuset-invigt-i-ekeby\/\" \/>\n<meta property=\"og:locale\" content=\"sv_SE\" \/>\n<meta property=\"og:type\" content=\"article\" \/>\n<meta property=\"og:title\" content=\"En ny m\u00f6tesplats f\u00f6r kampsport i Uppsala \u2013 Budohuset invigt i Ekeby - Svenska Budo &amp; Kampsportsf\u00f6rbundet\" \/>\n<meta property=\"og:description\" content=\"KFUM Uppsala har tagit ett stort kliv fram\u00e5t f\u00f6r kampsportens framtid med invigningen av det nya Budohuset i Ekeby Bruk.\" \/>\n<meta property=\"og:url\" content=\"https:\/\/www.budokampsport.se\/2025\/01\/31\/en-ny-motesplats-for-kampsport-i-uppsala-budohuset-invigt-i-ekeby\/\" \/>\n<meta property=\"og:site_name\" content=\"Svenska Budo &amp; Kampsportsf\u00f6rbundet\" \/>\n<meta property=\"article:published_time\" content=\"2025-01-31T12:21:15+00:00\" \/>\n<meta property=\"og:image\" content=\"https:\/\/www.budokampsport.se\/wp-content\/uploads\/2025\/01\/budo.jpg\" \/>\n\t<meta property=\"og:image:width\" content=\"798\" \/>\n\t<meta property=\"og:image:height\" content=\"558\" \/>\n\t<meta property=\"og:image:type\" content=\"image\/jpeg\" \/>\n<meta name=\"author\" content=\"Annie Carriage\" \/>\n<meta name=\"twitter:card\" content=\"summary_large_image\" \/>\n<meta name=\"twitter:label1\" content=\"Skriven av\" \/>\n\t<meta name=\"twitter:data1\" content=\"Annie Carriage\" \/>\n\t<meta name=\"twitter:label2\" content=\"Ber\u00e4knad l\u00e4stid\" \/>\n\t<meta name=\"twitter:data2\" content=\"4 minuter\" \/>\n<script type=\"application\/ld+json\" class=\"yoast-schema-graph\">{\"@context\":\"https:\/\/schema.org\",\"@graph\":[{\"@type\":\"Article\",\"@id\":\"https:\/\/www.budokampsport.se\/2025\/01\/31\/en-ny-motesplats-for-kampsport-i-uppsala-budohuset-invigt-i-ekeby\/#article\",\"isPartOf\":{\"@id\":\"https:\/\/www.budokampsport.se\/2025\/01\/31\/en-ny-motesplats-for-kampsport-i-uppsala-budohuset-invigt-i-ekeby\/\"},\"author\":{\"name\":\"Annie Carriage\",\"@id\":\"https:\/\/www.budokampsport.se\/#\/schema\/person\/c838cace8171f692e363fde3f38f208b\"},\"headline\":\"En ny m\u00f6tesplats f\u00f6r kampsport i Uppsala \u2013 Budohuset invigt i Ekeby\",\"datePublished\":\"2025-01-31T12:21:15+00:00\",\"mainEntityOfPage\":{\"@id\":\"https:\/\/www.budokampsport.se\/2025\/01\/31\/en-ny-motesplats-for-kampsport-i-uppsala-budohuset-invigt-i-ekeby\/\"},\"wordCount\":775,\"image\":{\"@id\":\"https:\/\/www.budokampsport.se\/2025\/01\/31\/en-ny-motesplats-for-kampsport-i-uppsala-budohuset-invigt-i-ekeby\/#primaryimage\"},\"thumbnailUrl\":\"https:\/\/www.budokampsport.se\/wp-content\/uploads\/2025\/01\/budo.jpg\",\"articleSection\":[\"F\u00f6rening\"],\"inLanguage\":\"sv-SE\"},{\"@type\":\"WebPage\",\"@id\":\"https:\/\/www.budokampsport.se\/2025\/01\/31\/en-ny-motesplats-for-kampsport-i-uppsala-budohuset-invigt-i-ekeby\/\",\"url\":\"https:\/\/www.budokampsport.se\/2025\/01\/31\/en-ny-motesplats-for-kampsport-i-uppsala-budohuset-invigt-i-ekeby\/\",\"name\":\"En ny m\u00f6tesplats f\u00f6r kampsport i Uppsala \u2013 Budohuset invigt i Ekeby - Svenska Budo &amp; Kampsportsf\u00f6rbundet\",\"isPartOf\":{\"@id\":\"https:\/\/www.budokampsport.se\/#website\"},\"primaryImageOfPage\":{\"@id\":\"https:\/\/www.budokampsport.se\/2025\/01\/31\/en-ny-motesplats-for-kampsport-i-uppsala-budohuset-invigt-i-ekeby\/#primaryimage\"},\"image\":{\"@id\":\"https:\/\/www.budokampsport.se\/2025\/01\/31\/en-ny-motesplats-for-kampsport-i-uppsala-budohuset-invigt-i-ekeby\/#primaryimage\"},\"thumbnailUrl\":\"https:\/\/www.budokampsport.se\/wp-content\/uploads\/2025\/01\/budo.jpg\",\"datePublished\":\"2025-01-31T12:21:15+00:00\",\"author\":{\"@id\":\"https:\/\/www.budokampsport.se\/#\/schema\/person\/c838cace8171f692e363fde3f38f208b\"},\"description\":\"KFUM Uppsala har tagit ett stort kliv fram\u00e5t f\u00f6r kampsportens framtid med invigningen av det nya Budohuset i Ekeby Bruk.\",\"breadcrumb\":{\"@id\":\"https:\/\/www.budokampsport.se\/2025\/01\/31\/en-ny-motesplats-for-kampsport-i-uppsala-budohuset-invigt-i-ekeby\/#breadcrumb\"},\"inLanguage\":\"sv-SE\",\"potentialAction\":[{\"@type\":\"ReadAction\",\"target\":[\"https:\/\/www.budokampsport.se\/2025\/01\/31\/en-ny-motesplats-for-kampsport-i-uppsala-budohuset-invigt-i-ekeby\/\"]}]},{\"@type\":\"ImageObject\",\"inLanguage\":\"sv-SE\",\"@id\":\"https:\/\/www.budokampsport.se\/2025\/01\/31\/en-ny-motesplats-for-kampsport-i-uppsala-budohuset-invigt-i-ekeby\/#primaryimage\",\"url\":\"https:\/\/www.budokampsport.se\/wp-content\/uploads\/2025\/01\/budo.jpg\",\"contentUrl\":\"https:\/\/www.budokampsport.se\/wp-content\/uploads\/2025\/01\/budo.jpg\",\"width\":798,\"height\":558},{\"@type\":\"BreadcrumbList\",\"@id\":\"https:\/\/www.budokampsport.se\/2025\/01\/31\/en-ny-motesplats-for-kampsport-i-uppsala-budohuset-invigt-i-ekeby\/#breadcrumb\",\"itemListElement\":[{\"@type\":\"ListItem\",\"position\":1,\"name\":\"Hem\",\"item\":\"https:\/\/www.budokampsport.se\/\"},{\"@type\":\"ListItem\",\"position\":2,\"name\":\"En ny m\u00f6tesplats f\u00f6r kampsport i Uppsala \u2013 Budohuset invigt i Ekeby\"}]},{\"@type\":\"WebSite\",\"@id\":\"https:\/\/www.budokampsport.se\/#website\",\"url\":\"https:\/\/www.budokampsport.se\/\",\"name\":\"Svenska Budo &amp; Kampsportsf\u00f6rbundet\",\"description\":\"T\u00e4vling, Tr\u00e4ning, Tradition\",\"potentialAction\":[{\"@type\":\"SearchAction\",\"target\":{\"@type\":\"EntryPoint\",\"urlTemplate\":\"https:\/\/www.budokampsport.se\/?s={search_term_string}\"},\"query-input\":{\"@type\":\"PropertyValueSpecification\",\"valueRequired\":true,\"valueName\":\"search_term_string\"}}],\"inLanguage\":\"sv-SE\"},{\"@type\":\"Person\",\"@id\":\"https:\/\/www.budokampsport.se\/#\/schema\/person\/c838cace8171f692e363fde3f38f208b\",\"name\":\"Annie Carriage\",\"image\":{\"@type\":\"ImageObject\",\"inLanguage\":\"sv-SE\",\"@id\":\"https:\/\/www.budokampsport.se\/#\/schema\/person\/image\/\",\"url\":\"https:\/\/secure.gravatar.com\/avatar\/9311295560bdfbdf78365a26f7df1876?s=96&d=blank&r=g\",\"contentUrl\":\"https:\/\/secure.gravatar.com\/avatar\/9311295560bdfbdf78365a26f7df1876?s=96&d=blank&r=g\",\"caption\":\"Annie Carriage\"},\"url\":\"https:\/\/www.budokampsport.se\/author\/annie-bondefelt\/\"}]}<\/script>\n<!-- \/ Yoast SEO plugin. -->","yoast_head_json":{"title":"En ny m\u00f6tesplats f\u00f6r kampsport i Uppsala \u2013 Budohuset invigt i Ekeby - Svenska Budo &amp; Kampsportsf\u00f6rbundet","description":"KFUM Uppsala har tagit ett stort kliv fram\u00e5t f\u00f6r kampsportens framtid med invigningen av det nya Budohuset i Ekeby Bruk.","robots":{"index":"index","follow":"follow","max-snippet":"max-snippet:-1","max-image-preview":"max-image-preview:large","max-video-preview":"max-video-preview:-1"},"canonical":"https:\/\/www.budokampsport.se\/2025\/01\/31\/en-ny-motesplats-for-kampsport-i-uppsala-budohuset-invigt-i-ekeby\/","og_locale":"sv_SE","og_type":"article","og_title":"En ny m\u00f6tesplats f\u00f6r kampsport i Uppsala \u2013 Budohuset invigt i Ekeby - Svenska Budo &amp; Kampsportsf\u00f6rbundet","og_description":"KFUM Uppsala har tagit ett stort kliv fram\u00e5t f\u00f6r kampsportens framtid med invigningen av det nya Budohuset i Ekeby Bruk.","og_url":"https:\/\/www.budokampsport.se\/2025\/01\/31\/en-ny-motesplats-for-kampsport-i-uppsala-budohuset-invigt-i-ekeby\/","og_site_name":"Svenska Budo &amp; Kampsportsf\u00f6rbundet","article_published_time":"2025-01-31T12:21:15+00:00","og_image":[{"width":798,"height":558,"url":"https:\/\/www.budokampsport.se\/wp-content\/uploads\/2025\/01\/budo.jpg","type":"image\/jpeg"}],"author":"Annie Carriage","twitter_card":"summary_large_image","twitter_misc":{"Skriven av":"Annie Carriage","Ber\u00e4knad l\u00e4stid":"4 minuter"},"schema":{"@context":"https:\/\/schema.org","@graph":[{"@type":"Article","@id":"https:\/\/www.budokampsport.se\/2025\/01\/31\/en-ny-motesplats-for-kampsport-i-uppsala-budohuset-invigt-i-ekeby\/#article","isPartOf":{"@id":"https:\/\/www.budokampsport.se\/2025\/01\/31\/en-ny-motesplats-for-kampsport-i-uppsala-budohuset-invigt-i-ekeby\/"},"author":{"name":"Annie Carriage","@id":"https:\/\/www.budokampsport.se\/#\/schema\/person\/c838cace8171f692e363fde3f38f208b"},"headline":"En ny m\u00f6tesplats f\u00f6r kampsport i Uppsala \u2013 Budohuset invigt i Ekeby","datePublished":"2025-01-31T12:21:15+00:00","mainEntityOfPage":{"@id":"https:\/\/www.budokampsport.se\/2025\/01\/31\/en-ny-motesplats-for-kampsport-i-uppsala-budohuset-invigt-i-ekeby\/"},"wordCount":775,"image":{"@id":"https:\/\/www.budokampsport.se\/2025\/01\/31\/en-ny-motesplats-for-kampsport-i-uppsala-budohuset-invigt-i-ekeby\/#primaryimage"},"thumbnailUrl":"https:\/\/www.budokampsport.se\/wp-content\/uploads\/2025\/01\/budo.jpg","articleSection":["F\u00f6rening"],"inLanguage":"sv-SE"},{"@type":"WebPage","@id":"https:\/\/www.budokampsport.se\/2025\/01\/31\/en-ny-motesplats-for-kampsport-i-uppsala-budohuset-invigt-i-ekeby\/","url":"https:\/\/www.budokampsport.se\/2025\/01\/31\/en-ny-motesplats-for-kampsport-i-uppsala-budohuset-invigt-i-ekeby\/","name":"En ny m\u00f6tesplats f\u00f6r kampsport i Uppsala \u2013 Budohuset invigt i Ekeby - Svenska Budo &amp; Kampsportsf\u00f6rbundet","isPartOf":{"@id":"https:\/\/www.budokampsport.se\/#website"},"primaryImageOfPage":{"@id":"https:\/\/www.budokampsport.se\/2025\/01\/31\/en-ny-motesplats-for-kampsport-i-uppsala-budohuset-invigt-i-ekeby\/#primaryimage"},"image":{"@id":"https:\/\/www.budokampsport.se\/2025\/01\/31\/en-ny-motesplats-for-kampsport-i-uppsala-budohuset-invigt-i-ekeby\/#primaryimage"},"thumbnailUrl":"https:\/\/www.budokampsport.se\/wp-content\/uploads\/2025\/01\/budo.jpg","datePublished":"2025-01-31T12:21:15+00:00","author":{"@id":"https:\/\/www.budokampsport.se\/#\/schema\/person\/c838cace8171f692e363fde3f38f208b"},"description":"KFUM Uppsala har tagit ett stort kliv fram\u00e5t f\u00f6r kampsportens framtid med invigningen av det nya Budohuset i Ekeby Bruk.","breadcrumb":{"@id":"https:\/\/www.budokampsport.se\/2025\/01\/31\/en-ny-motesplats-for-kampsport-i-uppsala-budohuset-invigt-i-ekeby\/#breadcrumb"},"inLanguage":"sv-SE","potentialAction":[{"@type":"ReadAction","target":["https:\/\/www.budokampsport.se\/2025\/01\/31\/en-ny-motesplats-for-kampsport-i-uppsala-budohuset-invigt-i-ekeby\/"]}]},{"@type":"ImageObject","inLanguage":"sv-SE","@id":"https:\/\/www.budokampsport.se\/2025\/01\/31\/en-ny-motesplats-for-kampsport-i-uppsala-budohuset-invigt-i-ekeby\/#primaryimage","url":"https:\/\/www.budokampsport.se\/wp-content\/uploads\/2025\/01\/budo.jpg","contentUrl":"https:\/\/www.budokampsport.se\/wp-content\/uploads\/2025\/01\/budo.jpg","width":798,"height":558},{"@type":"BreadcrumbList","@id":"https:\/\/www.budokampsport.se\/2025\/01\/31\/en-ny-motesplats-for-kampsport-i-uppsala-budohuset-invigt-i-ekeby\/#breadcrumb","itemListElement":[{"@type":"ListItem","position":1,"name":"Hem","item":"https:\/\/www.budokampsport.se\/"},{"@type":"ListItem","position":2,"name":"En ny m\u00f6tesplats f\u00f6r kampsport i Uppsala \u2013 Budohuset invigt i Ekeby"}]},{"@type":"WebSite","@id":"https:\/\/www.budokampsport.se\/#website","url":"https:\/\/www.budokampsport.se\/","name":"Svenska Budo &amp; Kampsportsf\u00f6rbundet","description":"T\u00e4vling, Tr\u00e4ning, Tradition","potentialAction":[{"@type":"SearchAction","target":{"@type":"EntryPoint","urlTemplate":"https:\/\/www.budokampsport.se\/?s={search_term_string}"},"query-input":{"@type":"PropertyValueSpecification","valueRequired":true,"valueName":"search_term_string"}}],"inLanguage":"sv-SE"},{"@type":"Person","@id":"https:\/\/www.budokampsport.se\/#\/schema\/person\/c838cace8171f692e363fde3f38f208b","name":"Annie Carriage","image":{"@type":"ImageObject","inLanguage":"sv-SE","@id":"https:\/\/www.budokampsport.se\/#\/schema\/person\/image\/","url":"https:\/\/secure.gravatar.com\/avatar\/9311295560bdfbdf78365a26f7df1876?s=96&d=blank&r=g","contentUrl":"https:\/\/secure.gravatar.com\/avatar\/9311295560bdfbdf78365a26f7df1876?s=96&d=blank&r=g","caption":"Annie Carriage"},"url":"https:\/\/www.budokampsport.se\/author\/annie-bondefelt\/"}]}},"_links":{"self":[{"href":"https:\/\/www.budokampsport.se\/api\/wp\/v2\/posts\/177743","targetHints":{"allow":["GET"]}}],"collection":[{"href":"https:\/\/www.budokampsport.se\/api\/wp\/v2\/posts"}],"about":[{"href":"https:\/\/www.budokampsport.se\/api\/wp\/v2\/types\/post"}],"author":[{"embeddable":true,"href":"https:\/\/www.budokampsport.se\/api\/wp\/v2\/users\/120"}],"replies":[{"embeddable":true,"href":"https:\/\/www.budokampsport.se\/api\/wp\/v2\/comments?post=177743"}],"version-history":[{"count":0,"href":"https:\/\/www.budokampsport.se\/api\/wp\/v2\/posts\/177743\/revisions"}],"wp:featuredmedia":[{"embeddable":true,"href":"https:\/\/www.budokampsport.se\/api\/wp\/v2\/media\/177745"}],"wp:attachment":[{"href":"https:\/\/www.budokampsport.se\/api\/wp\/v2\/media?parent=177743"}],"wp:term":[{"taxonomy":"category","embeddable":true,"href":"https:\/\/www.budokampsport.se\/api\/wp\/v2\/categories?post=177743"},{"taxonomy":"post_tag","embeddable":true,"href":"https:\/\/www.budokampsport.se\/api\/wp\/v2\/tags?post=177743"}],"curies":[{"name":"wp","href":"https:\/\/api.w.org\/{rel}","templated":true}]}}