{"id":177952,"date":"2025-04-03T08:26:02","date_gmt":"2025-04-03T08:26:02","guid":{"rendered":"https:\/\/www.budokampsport.se\/?p=177952"},"modified":"2025-04-08T09:50:08","modified_gmt":"2025-04-08T09:50:08","slug":"anmal-era-ombud-med-rostratt-2","status":"publish","type":"post","link":"https:\/\/www.budokampsport.se\/2025\/04\/03\/anmal-era-ombud-med-rostratt-2\/","title":{"rendered":"Anm\u00e4l era ombud med r\u00f6str\u00e4tt"},"content":{"rendered":"<p>Under \u00e5rets f\u00f6rbundsst\u00e4mma kommer r\u00f6stningen ske digitalt, d\u00e4rf\u00f6r beh\u00f6ver ombud med r\u00f6str\u00e4tt anm\u00e4la sig och g\u00f6ra fullmaktsgranskningen senast m\u00e5ndag 21 april klockan 23:59.<\/p>\n<p><a href=\"https:\/\/response.questback.com\/isa\/qbv.dll\/bylink?p=c0KdzOtb_Fw4EMd56s4H71PfhbljVKwrml7IbraHqTa2i1vBQzM7s9M0u3ihQl940\" target=\"_blank\" rel=\"noopener\">Anm\u00e4lan av ombud med r\u00f6str\u00e4tt<\/a><\/p>\n<p><strong>Publikplats<\/strong><br \/>\nF\u00f6r den som inte \u00e4r ombud f\u00f6r sin f\u00f6rening men som vill ta del av m\u00f6tet p\u00e5 distans eller logga in i m\u00f6tessystemet p\u00e5 plats. Anm\u00e4lan st\u00e4nger\u00a0<em>onsdag 23 april 23:59.<\/em><\/p>\n<p><a href=\"https:\/\/response.questback.com\/svenskabudokampsportfrbundet\/publikplats2025\" target=\"_blank\" rel=\"noopener\">Anm\u00e4lan till publikplats<\/a><\/p>\n<table style=\"border-collapse: collapse; width: 58.2949%; height: 102px;\">\n<tbody>\n<tr style=\"height: 102px;\">\n<td style=\"width: 100%; height: 102px;\">\n<p><span style=\"font-size: 14pt;\"><strong><br \/>\nSB&amp;K \u00e5rsm\u00f6te 2025<\/strong><\/span><br \/>\n<strong>Datum:<\/strong> den 26 april<br \/>\n<strong>Tid:<\/strong> 14:00<br \/>\n<strong>Var:<\/strong> 7A Posthuset, Stockholm<\/p>\n<\/td>\n<\/tr>\n<\/tbody>\n<\/table>\n<p>&nbsp;<\/p>\n<p><a href=\"https:\/\/www.budokampsport.se\/2025\/03\/17\/kallelse-till-sbks-arsmote-2025\/\" target=\"_blank\" rel=\"noopener\">Kallelsen till \u00e5rsm\u00f6tet 2025<\/a><\/p>\n","protected":false},"excerpt":{"rendered":"<p>Inf\u00f6r \u00e5rsm\u00f6tet ska alla ombud med r\u00f6str\u00e4tt anm\u00e4la sig digitalt och g\u00f6ra fullmaktsgranskning senast den 21 april.<\/p><br>","protected":false},"author":120,"featured_media":163170,"comment_status":"closed","ping_status":"closed","sticky":false,"template":"","format":"standard","meta":{"_acf_changed":false,"footnotes":""},"categories":[410],"tags":[],"class_list":["post-177952","post","type-post","status-publish","format-standard","has-post-thumbnail","hentry","category-arsmote"],"acf":[],"yoast_head":"<!-- This site is optimized with the Yoast SEO plugin v26.8 - https:\/\/yoast.com\/product\/yoast-seo-wordpress\/ -->\n<title>Anm\u00e4l era ombud med r\u00f6str\u00e4tt - Svenska Budo &amp; Kampsportsf\u00f6rbundet<\/title>\n<meta name=\"description\" content=\"Inf\u00f6r \u00e5rsm\u00f6tet ska alla ombud med r\u00f6str\u00e4tt anm\u00e4la sig digitalt och g\u00f6ra fullmaktsgranskning senast den 21 april.\" \/>\n<meta name=\"robots\" content=\"index, follow, max-snippet:-1, max-image-preview:large, max-video-preview:-1\" \/>\n<link rel=\"canonical\" href=\"https:\/\/www.budokampsport.se\/2025\/04\/03\/anmal-era-ombud-med-rostratt-2\/\" \/>\n<meta property=\"og:locale\" content=\"sv_SE\" \/>\n<meta property=\"og:type\" content=\"article\" \/>\n<meta property=\"og:title\" content=\"Anm\u00e4l era ombud med r\u00f6str\u00e4tt - Svenska Budo &amp; Kampsportsf\u00f6rbundet\" \/>\n<meta property=\"og:description\" content=\"Inf\u00f6r \u00e5rsm\u00f6tet ska alla ombud med r\u00f6str\u00e4tt anm\u00e4la sig digitalt och g\u00f6ra fullmaktsgranskning senast den 21 april.\" \/>\n<meta property=\"og:url\" content=\"https:\/\/www.budokampsport.se\/2025\/04\/03\/anmal-era-ombud-med-rostratt-2\/\" \/>\n<meta property=\"og:site_name\" content=\"Svenska Budo &amp; Kampsportsf\u00f6rbundet\" \/>\n<meta property=\"article:published_time\" content=\"2025-04-03T08:26:02+00:00\" \/>\n<meta property=\"article:modified_time\" content=\"2025-04-08T09:50:08+00:00\" \/>\n<meta property=\"og:image\" content=\"https:\/\/www.budokampsport.se\/wp-content\/uploads\/2024\/01\/arsmote-5.jpg\" \/>\n\t<meta property=\"og:image:width\" content=\"850\" \/>\n\t<meta property=\"og:image:height\" content=\"567\" \/>\n\t<meta property=\"og:image:type\" content=\"image\/jpeg\" \/>\n<meta name=\"author\" content=\"Annie Carriage\" \/>\n<meta name=\"twitter:card\" content=\"summary_large_image\" \/>\n<meta name=\"twitter:label1\" content=\"Skriven av\" \/>\n\t<meta name=\"twitter:data1\" content=\"Annie Carriage\" \/>\n\t<meta name=\"twitter:label2\" content=\"Ber\u00e4knad l\u00e4stid\" \/>\n\t<meta name=\"twitter:data2\" content=\"1 minut\" \/>\n<script type=\"application\/ld+json\" class=\"yoast-schema-graph\">{\"@context\":\"https:\/\/schema.org\",\"@graph\":[{\"@type\":\"Article\",\"@id\":\"https:\/\/www.budokampsport.se\/2025\/04\/03\/anmal-era-ombud-med-rostratt-2\/#article\",\"isPartOf\":{\"@id\":\"https:\/\/www.budokampsport.se\/2025\/04\/03\/anmal-era-ombud-med-rostratt-2\/\"},\"author\":{\"name\":\"Annie Carriage\",\"@id\":\"https:\/\/www.budokampsport.se\/#\/schema\/person\/c838cace8171f692e363fde3f38f208b\"},\"headline\":\"Anm\u00e4l era ombud med r\u00f6str\u00e4tt\",\"datePublished\":\"2025-04-03T08:26:02+00:00\",\"dateModified\":\"2025-04-08T09:50:08+00:00\",\"mainEntityOfPage\":{\"@id\":\"https:\/\/www.budokampsport.se\/2025\/04\/03\/anmal-era-ombud-med-rostratt-2\/\"},\"wordCount\":107,\"image\":{\"@id\":\"https:\/\/www.budokampsport.se\/2025\/04\/03\/anmal-era-ombud-med-rostratt-2\/#primaryimage\"},\"thumbnailUrl\":\"https:\/\/www.budokampsport.se\/wp-content\/uploads\/2024\/01\/arsmote-5.jpg\",\"articleSection\":[\"\u00c5rsm\u00f6te\"],\"inLanguage\":\"sv-SE\"},{\"@type\":\"WebPage\",\"@id\":\"https:\/\/www.budokampsport.se\/2025\/04\/03\/anmal-era-ombud-med-rostratt-2\/\",\"url\":\"https:\/\/www.budokampsport.se\/2025\/04\/03\/anmal-era-ombud-med-rostratt-2\/\",\"name\":\"Anm\u00e4l era ombud med r\u00f6str\u00e4tt - Svenska Budo &amp; Kampsportsf\u00f6rbundet\",\"isPartOf\":{\"@id\":\"https:\/\/www.budokampsport.se\/#website\"},\"primaryImageOfPage\":{\"@id\":\"https:\/\/www.budokampsport.se\/2025\/04\/03\/anmal-era-ombud-med-rostratt-2\/#primaryimage\"},\"image\":{\"@id\":\"https:\/\/www.budokampsport.se\/2025\/04\/03\/anmal-era-ombud-med-rostratt-2\/#primaryimage\"},\"thumbnailUrl\":\"https:\/\/www.budokampsport.se\/wp-content\/uploads\/2024\/01\/arsmote-5.jpg\",\"datePublished\":\"2025-04-03T08:26:02+00:00\",\"dateModified\":\"2025-04-08T09:50:08+00:00\",\"author\":{\"@id\":\"https:\/\/www.budokampsport.se\/#\/schema\/person\/c838cace8171f692e363fde3f38f208b\"},\"description\":\"Inf\u00f6r \u00e5rsm\u00f6tet ska alla ombud med r\u00f6str\u00e4tt anm\u00e4la sig digitalt och g\u00f6ra fullmaktsgranskning senast den 21 april.\",\"breadcrumb\":{\"@id\":\"https:\/\/www.budokampsport.se\/2025\/04\/03\/anmal-era-ombud-med-rostratt-2\/#breadcrumb\"},\"inLanguage\":\"sv-SE\",\"potentialAction\":[{\"@type\":\"ReadAction\",\"target\":[\"https:\/\/www.budokampsport.se\/2025\/04\/03\/anmal-era-ombud-med-rostratt-2\/\"]}]},{\"@type\":\"ImageObject\",\"inLanguage\":\"sv-SE\",\"@id\":\"https:\/\/www.budokampsport.se\/2025\/04\/03\/anmal-era-ombud-med-rostratt-2\/#primaryimage\",\"url\":\"https:\/\/www.budokampsport.se\/wp-content\/uploads\/2024\/01\/arsmote-5.jpg\",\"contentUrl\":\"https:\/\/www.budokampsport.se\/wp-content\/uploads\/2024\/01\/arsmote-5.jpg\",\"width\":850,\"height\":567,\"caption\":\"Foto: Sven Lindwall\/Bildbyr\u00e5n\"},{\"@type\":\"BreadcrumbList\",\"@id\":\"https:\/\/www.budokampsport.se\/2025\/04\/03\/anmal-era-ombud-med-rostratt-2\/#breadcrumb\",\"itemListElement\":[{\"@type\":\"ListItem\",\"position\":1,\"name\":\"Hem\",\"item\":\"https:\/\/www.budokampsport.se\/\"},{\"@type\":\"ListItem\",\"position\":2,\"name\":\"Anm\u00e4l era ombud med r\u00f6str\u00e4tt\"}]},{\"@type\":\"WebSite\",\"@id\":\"https:\/\/www.budokampsport.se\/#website\",\"url\":\"https:\/\/www.budokampsport.se\/\",\"name\":\"Svenska Budo &amp; Kampsportsf\u00f6rbundet\",\"description\":\"T\u00e4vling, Tr\u00e4ning, Tradition\",\"potentialAction\":[{\"@type\":\"SearchAction\",\"target\":{\"@type\":\"EntryPoint\",\"urlTemplate\":\"https:\/\/www.budokampsport.se\/?s={search_term_string}\"},\"query-input\":{\"@type\":\"PropertyValueSpecification\",\"valueRequired\":true,\"valueName\":\"search_term_string\"}}],\"inLanguage\":\"sv-SE\"},{\"@type\":\"Person\",\"@id\":\"https:\/\/www.budokampsport.se\/#\/schema\/person\/c838cace8171f692e363fde3f38f208b\",\"name\":\"Annie Carriage\",\"image\":{\"@type\":\"ImageObject\",\"inLanguage\":\"sv-SE\",\"@id\":\"https:\/\/www.budokampsport.se\/#\/schema\/person\/image\/\",\"url\":\"https:\/\/secure.gravatar.com\/avatar\/9311295560bdfbdf78365a26f7df1876?s=96&d=blank&r=g\",\"contentUrl\":\"https:\/\/secure.gravatar.com\/avatar\/9311295560bdfbdf78365a26f7df1876?s=96&d=blank&r=g\",\"caption\":\"Annie Carriage\"},\"url\":\"https:\/\/www.budokampsport.se\/author\/annie-bondefelt\/\"}]}<\/script>\n<!-- \/ Yoast SEO plugin. -->","yoast_head_json":{"title":"Anm\u00e4l era ombud med r\u00f6str\u00e4tt - Svenska Budo &amp; Kampsportsf\u00f6rbundet","description":"Inf\u00f6r \u00e5rsm\u00f6tet ska alla ombud med r\u00f6str\u00e4tt anm\u00e4la sig digitalt och g\u00f6ra fullmaktsgranskning senast den 21 april.","robots":{"index":"index","follow":"follow","max-snippet":"max-snippet:-1","max-image-preview":"max-image-preview:large","max-video-preview":"max-video-preview:-1"},"canonical":"https:\/\/www.budokampsport.se\/2025\/04\/03\/anmal-era-ombud-med-rostratt-2\/","og_locale":"sv_SE","og_type":"article","og_title":"Anm\u00e4l era ombud med r\u00f6str\u00e4tt - Svenska Budo &amp; Kampsportsf\u00f6rbundet","og_description":"Inf\u00f6r \u00e5rsm\u00f6tet ska alla ombud med r\u00f6str\u00e4tt anm\u00e4la sig digitalt och g\u00f6ra fullmaktsgranskning senast den 21 april.","og_url":"https:\/\/www.budokampsport.se\/2025\/04\/03\/anmal-era-ombud-med-rostratt-2\/","og_site_name":"Svenska Budo &amp; Kampsportsf\u00f6rbundet","article_published_time":"2025-04-03T08:26:02+00:00","article_modified_time":"2025-04-08T09:50:08+00:00","og_image":[{"width":850,"height":567,"url":"https:\/\/www.budokampsport.se\/wp-content\/uploads\/2024\/01\/arsmote-5.jpg","type":"image\/jpeg"}],"author":"Annie Carriage","twitter_card":"summary_large_image","twitter_misc":{"Skriven av":"Annie Carriage","Ber\u00e4knad l\u00e4stid":"1 minut"},"schema":{"@context":"https:\/\/schema.org","@graph":[{"@type":"Article","@id":"https:\/\/www.budokampsport.se\/2025\/04\/03\/anmal-era-ombud-med-rostratt-2\/#article","isPartOf":{"@id":"https:\/\/www.budokampsport.se\/2025\/04\/03\/anmal-era-ombud-med-rostratt-2\/"},"author":{"name":"Annie Carriage","@id":"https:\/\/www.budokampsport.se\/#\/schema\/person\/c838cace8171f692e363fde3f38f208b"},"headline":"Anm\u00e4l era ombud med r\u00f6str\u00e4tt","datePublished":"2025-04-03T08:26:02+00:00","dateModified":"2025-04-08T09:50:08+00:00","mainEntityOfPage":{"@id":"https:\/\/www.budokampsport.se\/2025\/04\/03\/anmal-era-ombud-med-rostratt-2\/"},"wordCount":107,"image":{"@id":"https:\/\/www.budokampsport.se\/2025\/04\/03\/anmal-era-ombud-med-rostratt-2\/#primaryimage"},"thumbnailUrl":"https:\/\/www.budokampsport.se\/wp-content\/uploads\/2024\/01\/arsmote-5.jpg","articleSection":["\u00c5rsm\u00f6te"],"inLanguage":"sv-SE"},{"@type":"WebPage","@id":"https:\/\/www.budokampsport.se\/2025\/04\/03\/anmal-era-ombud-med-rostratt-2\/","url":"https:\/\/www.budokampsport.se\/2025\/04\/03\/anmal-era-ombud-med-rostratt-2\/","name":"Anm\u00e4l era ombud med r\u00f6str\u00e4tt - Svenska Budo &amp; Kampsportsf\u00f6rbundet","isPartOf":{"@id":"https:\/\/www.budokampsport.se\/#website"},"primaryImageOfPage":{"@id":"https:\/\/www.budokampsport.se\/2025\/04\/03\/anmal-era-ombud-med-rostratt-2\/#primaryimage"},"image":{"@id":"https:\/\/www.budokampsport.se\/2025\/04\/03\/anmal-era-ombud-med-rostratt-2\/#primaryimage"},"thumbnailUrl":"https:\/\/www.budokampsport.se\/wp-content\/uploads\/2024\/01\/arsmote-5.jpg","datePublished":"2025-04-03T08:26:02+00:00","dateModified":"2025-04-08T09:50:08+00:00","author":{"@id":"https:\/\/www.budokampsport.se\/#\/schema\/person\/c838cace8171f692e363fde3f38f208b"},"description":"Inf\u00f6r \u00e5rsm\u00f6tet ska alla ombud med r\u00f6str\u00e4tt anm\u00e4la sig digitalt och g\u00f6ra fullmaktsgranskning senast den 21 april.","breadcrumb":{"@id":"https:\/\/www.budokampsport.se\/2025\/04\/03\/anmal-era-ombud-med-rostratt-2\/#breadcrumb"},"inLanguage":"sv-SE","potentialAction":[{"@type":"ReadAction","target":["https:\/\/www.budokampsport.se\/2025\/04\/03\/anmal-era-ombud-med-rostratt-2\/"]}]},{"@type":"ImageObject","inLanguage":"sv-SE","@id":"https:\/\/www.budokampsport.se\/2025\/04\/03\/anmal-era-ombud-med-rostratt-2\/#primaryimage","url":"https:\/\/www.budokampsport.se\/wp-content\/uploads\/2024\/01\/arsmote-5.jpg","contentUrl":"https:\/\/www.budokampsport.se\/wp-content\/uploads\/2024\/01\/arsmote-5.jpg","width":850,"height":567,"caption":"Foto: Sven Lindwall\/Bildbyr\u00e5n"},{"@type":"BreadcrumbList","@id":"https:\/\/www.budokampsport.se\/2025\/04\/03\/anmal-era-ombud-med-rostratt-2\/#breadcrumb","itemListElement":[{"@type":"ListItem","position":1,"name":"Hem","item":"https:\/\/www.budokampsport.se\/"},{"@type":"ListItem","position":2,"name":"Anm\u00e4l era ombud med r\u00f6str\u00e4tt"}]},{"@type":"WebSite","@id":"https:\/\/www.budokampsport.se\/#website","url":"https:\/\/www.budokampsport.se\/","name":"Svenska Budo &amp; Kampsportsf\u00f6rbundet","description":"T\u00e4vling, Tr\u00e4ning, Tradition","potentialAction":[{"@type":"SearchAction","target":{"@type":"EntryPoint","urlTemplate":"https:\/\/www.budokampsport.se\/?s={search_term_string}"},"query-input":{"@type":"PropertyValueSpecification","valueRequired":true,"valueName":"search_term_string"}}],"inLanguage":"sv-SE"},{"@type":"Person","@id":"https:\/\/www.budokampsport.se\/#\/schema\/person\/c838cace8171f692e363fde3f38f208b","name":"Annie Carriage","image":{"@type":"ImageObject","inLanguage":"sv-SE","@id":"https:\/\/www.budokampsport.se\/#\/schema\/person\/image\/","url":"https:\/\/secure.gravatar.com\/avatar\/9311295560bdfbdf78365a26f7df1876?s=96&d=blank&r=g","contentUrl":"https:\/\/secure.gravatar.com\/avatar\/9311295560bdfbdf78365a26f7df1876?s=96&d=blank&r=g","caption":"Annie Carriage"},"url":"https:\/\/www.budokampsport.se\/author\/annie-bondefelt\/"}]}},"_links":{"self":[{"href":"https:\/\/www.budokampsport.se\/api\/wp\/v2\/posts\/177952","targetHints":{"allow":["GET"]}}],"collection":[{"href":"https:\/\/www.budokampsport.se\/api\/wp\/v2\/posts"}],"about":[{"href":"https:\/\/www.budokampsport.se\/api\/wp\/v2\/types\/post"}],"author":[{"embeddable":true,"href":"https:\/\/www.budokampsport.se\/api\/wp\/v2\/users\/120"}],"replies":[{"embeddable":true,"href":"https:\/\/www.budokampsport.se\/api\/wp\/v2\/comments?post=177952"}],"version-history":[{"count":0,"href":"https:\/\/www.budokampsport.se\/api\/wp\/v2\/posts\/177952\/revisions"}],"wp:featuredmedia":[{"embeddable":true,"href":"https:\/\/www.budokampsport.se\/api\/wp\/v2\/media\/163170"}],"wp:attachment":[{"href":"https:\/\/www.budokampsport.se\/api\/wp\/v2\/media?parent=177952"}],"wp:term":[{"taxonomy":"category","embeddable":true,"href":"https:\/\/www.budokampsport.se\/api\/wp\/v2\/categories?post=177952"},{"taxonomy":"post_tag","embeddable":true,"href":"https:\/\/www.budokampsport.se\/api\/wp\/v2\/tags?post=177952"}],"curies":[{"name":"wp","href":"https:\/\/api.w.org\/{rel}","templated":true}]}}