{"id":178883,"date":"2025-02-28T13:05:40","date_gmt":"2025-02-28T12:05:40","guid":{"rendered":"https:\/\/www.budokampsport.se\/?p=178883"},"modified":"2025-02-28T13:05:40","modified_gmt":"2025-02-28T12:05:40","slug":"marc-lundberg-nominerad-till-arets-hjarta","status":"publish","type":"post","link":"https:\/\/www.budokampsport.se\/2025\/02\/28\/marc-lundberg-nominerad-till-arets-hjarta\/","title":{"rendered":"Marc Lundberg nominerad till \u00c5rets hj\u00e4rta"},"content":{"rendered":"<p><a href=\"https:\/\/www.budokampsport.se\/2025\/02\/28\/nomineringar-till-kampsportsgalan-3\/\" target=\"_blank\" rel=\"noopener\">Nomineringarna till Kampsportsgalan<\/a> den 26:e april offentliggjordes idag.<\/p>\n<p>D\u00e4r framg\u00e5r det att Marc Lundberg \u00e4r nominerad till \u00c5rets hj\u00e4rta.<\/p>\n<p>&#8211; Jag \u00e4r superglad och f\u00f6rst\u00e5s v\u00e4ldigt hedrad \u00f6ver nomineringen. Det k\u00e4nns helt otroligt.<\/p>\n<p>Lundberg har l\u00e4nge slitit f\u00f6r att lyfta tr\u00e4ningsm\u00f6jligheter f\u00f6r personer med exempelvis NPF-diagnoser.<\/p>\n<p>&#8211; Det \u00e4r f\u00f6r mig b\u00e5de sj\u00e4lvklart och j\u00e4tteviktigt. Kampsporten \u00e4r till f\u00f6r alla, och d\u00e5 beh\u00f6ver den ocks\u00e5 vara just till f\u00f6r alla. <span data-olk-copy-source=\"MessageBody\">Vi har en bra bit kvar samtidigt som vi \u00e4r p\u00e5 r\u00e4tt v\u00e4g, tycker jag.<\/span><\/p>\n<p><strong>Marc, vad kan den h\u00e4r nomineringen betyda f\u00f6r dig?<\/strong><\/p>\n<p>&#8211; Den betyder s\u00e5 otroligt mycket. Jag blir glad \u00e5t att n\u00e5gon sett mig och mitt arbete, samtidigt som jag tycker det \u00e4r s\u00e5 viktigt att de h\u00e4r fr\u00e5gorna f\u00f6r stor plats.<\/p>\n<p>Juryns motivering<br \/>\n<i>K\u00e4mpar h\u00e5rt och mycket f\u00f6r de som ofta har det lite tuffare att idrotta. Marcs slit f\u00f6r m\u00e4nniskor med NPF-diagnosers m\u00f6jligheter att tr\u00e4na BJJ \u00e4r inget annat \u00e4n djupt beundransv\u00e4rt.<\/i><\/p>\n","protected":false},"excerpt":{"rendered":"<p>Den karismatiske och otroligt drivne Marc Lundberg fr\u00e5n Eker\u00f6 BJJ \u00e4r nominerad till \u00c5rets hj\u00e4rta vid Kampsportsgalan.<br \/><br>&#8211; Det k\u00e4nns helt otroligt, s\u00e4ger han till budokampsport.se.<\/p><br>","protected":false},"author":7,"featured_media":178884,"comment_status":"closed","ping_status":"closed","sticky":false,"template":"","format":"standard","meta":{"_acf_changed":false,"footnotes":""},"categories":[557,515],"tags":[],"class_list":["post-178883","post","type-post","status-publish","format-standard","has-post-thumbnail","hentry","category-brasiliansk-jiu-jitsu","category-kampsportsgalan"],"acf":[],"yoast_head":"<!-- This site is optimized with the Yoast SEO plugin v26.8 - https:\/\/yoast.com\/product\/yoast-seo-wordpress\/ -->\n<title>Marc Lundberg nominerad till \u00c5rets hj\u00e4rta - Svenska Budo &amp; Kampsportsf\u00f6rbundet<\/title>\n<meta name=\"description\" content=\"Den karismatiske och otroligt drivne Marc Lundberg fr\u00e5n Eker\u00f6 BJJ \u00e4r nominerad till \u00c5rets hj\u00e4rta vid Kampsportsgalan. - Det k\u00e4nns helt otroligt, s\u00e4ger han till budokampsport.se.\" \/>\n<meta name=\"robots\" content=\"index, follow, max-snippet:-1, max-image-preview:large, max-video-preview:-1\" \/>\n<link rel=\"canonical\" href=\"https:\/\/www.budokampsport.se\/2025\/02\/28\/marc-lundberg-nominerad-till-arets-hjarta\/\" \/>\n<meta property=\"og:locale\" content=\"sv_SE\" \/>\n<meta property=\"og:type\" content=\"article\" \/>\n<meta property=\"og:title\" content=\"Marc Lundberg nominerad till \u00c5rets hj\u00e4rta - Svenska Budo &amp; Kampsportsf\u00f6rbundet\" \/>\n<meta property=\"og:description\" content=\"Den karismatiske och otroligt drivne Marc Lundberg fr\u00e5n Eker\u00f6 BJJ \u00e4r nominerad till \u00c5rets hj\u00e4rta vid Kampsportsgalan. - Det k\u00e4nns helt otroligt, s\u00e4ger han till budokampsport.se.\" \/>\n<meta property=\"og:url\" content=\"https:\/\/www.budokampsport.se\/2025\/02\/28\/marc-lundberg-nominerad-till-arets-hjarta\/\" \/>\n<meta property=\"og:site_name\" content=\"Svenska Budo &amp; Kampsportsf\u00f6rbundet\" \/>\n<meta property=\"article:author\" content=\"https:\/\/www.facebook.com\/jonathan.broberg.7\" \/>\n<meta property=\"article:published_time\" content=\"2025-02-28T12:05:40+00:00\" \/>\n<meta property=\"og:image\" content=\"https:\/\/www.budokampsport.se\/wp-content\/uploads\/2025\/02\/Marc_lundberg.jpg\" \/>\n\t<meta property=\"og:image:width\" content=\"490\" \/>\n\t<meta property=\"og:image:height\" content=\"365\" \/>\n\t<meta property=\"og:image:type\" content=\"image\/jpeg\" \/>\n<meta name=\"author\" content=\"Jonathan Broberg\" \/>\n<meta name=\"twitter:card\" content=\"summary_large_image\" \/>\n<meta name=\"twitter:label1\" content=\"Skriven av\" \/>\n\t<meta name=\"twitter:data1\" content=\"Jonathan Broberg\" \/>\n\t<meta name=\"twitter:label2\" content=\"Ber\u00e4knad l\u00e4stid\" \/>\n\t<meta name=\"twitter:data2\" content=\"1 minut\" \/>\n<script type=\"application\/ld+json\" class=\"yoast-schema-graph\">{\"@context\":\"https:\/\/schema.org\",\"@graph\":[{\"@type\":\"Article\",\"@id\":\"https:\/\/www.budokampsport.se\/2025\/02\/28\/marc-lundberg-nominerad-till-arets-hjarta\/#article\",\"isPartOf\":{\"@id\":\"https:\/\/www.budokampsport.se\/2025\/02\/28\/marc-lundberg-nominerad-till-arets-hjarta\/\"},\"author\":{\"name\":\"Jonathan Broberg\",\"@id\":\"https:\/\/www.budokampsport.se\/#\/schema\/person\/5c06d81d14850e2a8ce5493386560145\"},\"headline\":\"Marc Lundberg nominerad till \u00c5rets hj\u00e4rta\",\"datePublished\":\"2025-02-28T12:05:40+00:00\",\"mainEntityOfPage\":{\"@id\":\"https:\/\/www.budokampsport.se\/2025\/02\/28\/marc-lundberg-nominerad-till-arets-hjarta\/\"},\"wordCount\":200,\"image\":{\"@id\":\"https:\/\/www.budokampsport.se\/2025\/02\/28\/marc-lundberg-nominerad-till-arets-hjarta\/#primaryimage\"},\"thumbnailUrl\":\"https:\/\/www.budokampsport.se\/wp-content\/uploads\/2025\/02\/Marc_lundberg.jpg\",\"articleSection\":[\"Brasiliansk jiu-jitsu\",\"Kampsportsgalan\"],\"inLanguage\":\"sv-SE\"},{\"@type\":\"WebPage\",\"@id\":\"https:\/\/www.budokampsport.se\/2025\/02\/28\/marc-lundberg-nominerad-till-arets-hjarta\/\",\"url\":\"https:\/\/www.budokampsport.se\/2025\/02\/28\/marc-lundberg-nominerad-till-arets-hjarta\/\",\"name\":\"Marc Lundberg nominerad till \u00c5rets hj\u00e4rta - Svenska Budo &amp; Kampsportsf\u00f6rbundet\",\"isPartOf\":{\"@id\":\"https:\/\/www.budokampsport.se\/#website\"},\"primaryImageOfPage\":{\"@id\":\"https:\/\/www.budokampsport.se\/2025\/02\/28\/marc-lundberg-nominerad-till-arets-hjarta\/#primaryimage\"},\"image\":{\"@id\":\"https:\/\/www.budokampsport.se\/2025\/02\/28\/marc-lundberg-nominerad-till-arets-hjarta\/#primaryimage\"},\"thumbnailUrl\":\"https:\/\/www.budokampsport.se\/wp-content\/uploads\/2025\/02\/Marc_lundberg.jpg\",\"datePublished\":\"2025-02-28T12:05:40+00:00\",\"author\":{\"@id\":\"https:\/\/www.budokampsport.se\/#\/schema\/person\/5c06d81d14850e2a8ce5493386560145\"},\"description\":\"Den karismatiske och otroligt drivne Marc Lundberg fr\u00e5n Eker\u00f6 BJJ \u00e4r nominerad till \u00c5rets hj\u00e4rta vid Kampsportsgalan. - Det k\u00e4nns helt otroligt, s\u00e4ger han till budokampsport.se.\",\"breadcrumb\":{\"@id\":\"https:\/\/www.budokampsport.se\/2025\/02\/28\/marc-lundberg-nominerad-till-arets-hjarta\/#breadcrumb\"},\"inLanguage\":\"sv-SE\",\"potentialAction\":[{\"@type\":\"ReadAction\",\"target\":[\"https:\/\/www.budokampsport.se\/2025\/02\/28\/marc-lundberg-nominerad-till-arets-hjarta\/\"]}]},{\"@type\":\"ImageObject\",\"inLanguage\":\"sv-SE\",\"@id\":\"https:\/\/www.budokampsport.se\/2025\/02\/28\/marc-lundberg-nominerad-till-arets-hjarta\/#primaryimage\",\"url\":\"https:\/\/www.budokampsport.se\/wp-content\/uploads\/2025\/02\/Marc_lundberg.jpg\",\"contentUrl\":\"https:\/\/www.budokampsport.se\/wp-content\/uploads\/2025\/02\/Marc_lundberg.jpg\",\"width\":490,\"height\":365,\"caption\":\"Foto: privat\"},{\"@type\":\"BreadcrumbList\",\"@id\":\"https:\/\/www.budokampsport.se\/2025\/02\/28\/marc-lundberg-nominerad-till-arets-hjarta\/#breadcrumb\",\"itemListElement\":[{\"@type\":\"ListItem\",\"position\":1,\"name\":\"Hem\",\"item\":\"https:\/\/www.budokampsport.se\/\"},{\"@type\":\"ListItem\",\"position\":2,\"name\":\"Marc Lundberg nominerad till \u00c5rets hj\u00e4rta\"}]},{\"@type\":\"WebSite\",\"@id\":\"https:\/\/www.budokampsport.se\/#website\",\"url\":\"https:\/\/www.budokampsport.se\/\",\"name\":\"Svenska Budo &amp; Kampsportsf\u00f6rbundet\",\"description\":\"T\u00e4vling, Tr\u00e4ning, Tradition\",\"potentialAction\":[{\"@type\":\"SearchAction\",\"target\":{\"@type\":\"EntryPoint\",\"urlTemplate\":\"https:\/\/www.budokampsport.se\/?s={search_term_string}\"},\"query-input\":{\"@type\":\"PropertyValueSpecification\",\"valueRequired\":true,\"valueName\":\"search_term_string\"}}],\"inLanguage\":\"sv-SE\"},{\"@type\":\"Person\",\"@id\":\"https:\/\/www.budokampsport.se\/#\/schema\/person\/5c06d81d14850e2a8ce5493386560145\",\"name\":\"Jonathan Broberg\",\"image\":{\"@type\":\"ImageObject\",\"inLanguage\":\"sv-SE\",\"@id\":\"https:\/\/www.budokampsport.se\/#\/schema\/person\/image\/\",\"url\":\"https:\/\/secure.gravatar.com\/avatar\/a58041c6cea9128bd9c40ee2f26d4136?s=96&d=blank&r=g\",\"contentUrl\":\"https:\/\/secure.gravatar.com\/avatar\/a58041c6cea9128bd9c40ee2f26d4136?s=96&d=blank&r=g\",\"caption\":\"Jonathan Broberg\"},\"sameAs\":[\"https:\/\/www.facebook.com\/jonathan.broberg.7\"],\"url\":\"https:\/\/www.budokampsport.se\/author\/jonathan\/\"}]}<\/script>\n<!-- \/ Yoast SEO plugin. -->","yoast_head_json":{"title":"Marc Lundberg nominerad till \u00c5rets hj\u00e4rta - Svenska Budo &amp; Kampsportsf\u00f6rbundet","description":"Den karismatiske och otroligt drivne Marc Lundberg fr\u00e5n Eker\u00f6 BJJ \u00e4r nominerad till \u00c5rets hj\u00e4rta vid Kampsportsgalan. - Det k\u00e4nns helt otroligt, s\u00e4ger han till budokampsport.se.","robots":{"index":"index","follow":"follow","max-snippet":"max-snippet:-1","max-image-preview":"max-image-preview:large","max-video-preview":"max-video-preview:-1"},"canonical":"https:\/\/www.budokampsport.se\/2025\/02\/28\/marc-lundberg-nominerad-till-arets-hjarta\/","og_locale":"sv_SE","og_type":"article","og_title":"Marc Lundberg nominerad till \u00c5rets hj\u00e4rta - Svenska Budo &amp; Kampsportsf\u00f6rbundet","og_description":"Den karismatiske och otroligt drivne Marc Lundberg fr\u00e5n Eker\u00f6 BJJ \u00e4r nominerad till \u00c5rets hj\u00e4rta vid Kampsportsgalan. - Det k\u00e4nns helt otroligt, s\u00e4ger han till budokampsport.se.","og_url":"https:\/\/www.budokampsport.se\/2025\/02\/28\/marc-lundberg-nominerad-till-arets-hjarta\/","og_site_name":"Svenska Budo &amp; Kampsportsf\u00f6rbundet","article_author":"https:\/\/www.facebook.com\/jonathan.broberg.7","article_published_time":"2025-02-28T12:05:40+00:00","og_image":[{"width":490,"height":365,"url":"https:\/\/www.budokampsport.se\/wp-content\/uploads\/2025\/02\/Marc_lundberg.jpg","type":"image\/jpeg"}],"author":"Jonathan Broberg","twitter_card":"summary_large_image","twitter_misc":{"Skriven av":"Jonathan Broberg","Ber\u00e4knad l\u00e4stid":"1 minut"},"schema":{"@context":"https:\/\/schema.org","@graph":[{"@type":"Article","@id":"https:\/\/www.budokampsport.se\/2025\/02\/28\/marc-lundberg-nominerad-till-arets-hjarta\/#article","isPartOf":{"@id":"https:\/\/www.budokampsport.se\/2025\/02\/28\/marc-lundberg-nominerad-till-arets-hjarta\/"},"author":{"name":"Jonathan Broberg","@id":"https:\/\/www.budokampsport.se\/#\/schema\/person\/5c06d81d14850e2a8ce5493386560145"},"headline":"Marc Lundberg nominerad till \u00c5rets hj\u00e4rta","datePublished":"2025-02-28T12:05:40+00:00","mainEntityOfPage":{"@id":"https:\/\/www.budokampsport.se\/2025\/02\/28\/marc-lundberg-nominerad-till-arets-hjarta\/"},"wordCount":200,"image":{"@id":"https:\/\/www.budokampsport.se\/2025\/02\/28\/marc-lundberg-nominerad-till-arets-hjarta\/#primaryimage"},"thumbnailUrl":"https:\/\/www.budokampsport.se\/wp-content\/uploads\/2025\/02\/Marc_lundberg.jpg","articleSection":["Brasiliansk jiu-jitsu","Kampsportsgalan"],"inLanguage":"sv-SE"},{"@type":"WebPage","@id":"https:\/\/www.budokampsport.se\/2025\/02\/28\/marc-lundberg-nominerad-till-arets-hjarta\/","url":"https:\/\/www.budokampsport.se\/2025\/02\/28\/marc-lundberg-nominerad-till-arets-hjarta\/","name":"Marc Lundberg nominerad till \u00c5rets hj\u00e4rta - Svenska Budo &amp; Kampsportsf\u00f6rbundet","isPartOf":{"@id":"https:\/\/www.budokampsport.se\/#website"},"primaryImageOfPage":{"@id":"https:\/\/www.budokampsport.se\/2025\/02\/28\/marc-lundberg-nominerad-till-arets-hjarta\/#primaryimage"},"image":{"@id":"https:\/\/www.budokampsport.se\/2025\/02\/28\/marc-lundberg-nominerad-till-arets-hjarta\/#primaryimage"},"thumbnailUrl":"https:\/\/www.budokampsport.se\/wp-content\/uploads\/2025\/02\/Marc_lundberg.jpg","datePublished":"2025-02-28T12:05:40+00:00","author":{"@id":"https:\/\/www.budokampsport.se\/#\/schema\/person\/5c06d81d14850e2a8ce5493386560145"},"description":"Den karismatiske och otroligt drivne Marc Lundberg fr\u00e5n Eker\u00f6 BJJ \u00e4r nominerad till \u00c5rets hj\u00e4rta vid Kampsportsgalan. - Det k\u00e4nns helt otroligt, s\u00e4ger han till budokampsport.se.","breadcrumb":{"@id":"https:\/\/www.budokampsport.se\/2025\/02\/28\/marc-lundberg-nominerad-till-arets-hjarta\/#breadcrumb"},"inLanguage":"sv-SE","potentialAction":[{"@type":"ReadAction","target":["https:\/\/www.budokampsport.se\/2025\/02\/28\/marc-lundberg-nominerad-till-arets-hjarta\/"]}]},{"@type":"ImageObject","inLanguage":"sv-SE","@id":"https:\/\/www.budokampsport.se\/2025\/02\/28\/marc-lundberg-nominerad-till-arets-hjarta\/#primaryimage","url":"https:\/\/www.budokampsport.se\/wp-content\/uploads\/2025\/02\/Marc_lundberg.jpg","contentUrl":"https:\/\/www.budokampsport.se\/wp-content\/uploads\/2025\/02\/Marc_lundberg.jpg","width":490,"height":365,"caption":"Foto: privat"},{"@type":"BreadcrumbList","@id":"https:\/\/www.budokampsport.se\/2025\/02\/28\/marc-lundberg-nominerad-till-arets-hjarta\/#breadcrumb","itemListElement":[{"@type":"ListItem","position":1,"name":"Hem","item":"https:\/\/www.budokampsport.se\/"},{"@type":"ListItem","position":2,"name":"Marc Lundberg nominerad till \u00c5rets hj\u00e4rta"}]},{"@type":"WebSite","@id":"https:\/\/www.budokampsport.se\/#website","url":"https:\/\/www.budokampsport.se\/","name":"Svenska Budo &amp; Kampsportsf\u00f6rbundet","description":"T\u00e4vling, Tr\u00e4ning, Tradition","potentialAction":[{"@type":"SearchAction","target":{"@type":"EntryPoint","urlTemplate":"https:\/\/www.budokampsport.se\/?s={search_term_string}"},"query-input":{"@type":"PropertyValueSpecification","valueRequired":true,"valueName":"search_term_string"}}],"inLanguage":"sv-SE"},{"@type":"Person","@id":"https:\/\/www.budokampsport.se\/#\/schema\/person\/5c06d81d14850e2a8ce5493386560145","name":"Jonathan Broberg","image":{"@type":"ImageObject","inLanguage":"sv-SE","@id":"https:\/\/www.budokampsport.se\/#\/schema\/person\/image\/","url":"https:\/\/secure.gravatar.com\/avatar\/a58041c6cea9128bd9c40ee2f26d4136?s=96&d=blank&r=g","contentUrl":"https:\/\/secure.gravatar.com\/avatar\/a58041c6cea9128bd9c40ee2f26d4136?s=96&d=blank&r=g","caption":"Jonathan Broberg"},"sameAs":["https:\/\/www.facebook.com\/jonathan.broberg.7"],"url":"https:\/\/www.budokampsport.se\/author\/jonathan\/"}]}},"_links":{"self":[{"href":"https:\/\/www.budokampsport.se\/api\/wp\/v2\/posts\/178883","targetHints":{"allow":["GET"]}}],"collection":[{"href":"https:\/\/www.budokampsport.se\/api\/wp\/v2\/posts"}],"about":[{"href":"https:\/\/www.budokampsport.se\/api\/wp\/v2\/types\/post"}],"author":[{"embeddable":true,"href":"https:\/\/www.budokampsport.se\/api\/wp\/v2\/users\/7"}],"replies":[{"embeddable":true,"href":"https:\/\/www.budokampsport.se\/api\/wp\/v2\/comments?post=178883"}],"version-history":[{"count":0,"href":"https:\/\/www.budokampsport.se\/api\/wp\/v2\/posts\/178883\/revisions"}],"wp:featuredmedia":[{"embeddable":true,"href":"https:\/\/www.budokampsport.se\/api\/wp\/v2\/media\/178884"}],"wp:attachment":[{"href":"https:\/\/www.budokampsport.se\/api\/wp\/v2\/media?parent=178883"}],"wp:term":[{"taxonomy":"category","embeddable":true,"href":"https:\/\/www.budokampsport.se\/api\/wp\/v2\/categories?post=178883"},{"taxonomy":"post_tag","embeddable":true,"href":"https:\/\/www.budokampsport.se\/api\/wp\/v2\/tags?post=178883"}],"curies":[{"name":"wp","href":"https:\/\/api.w.org\/{rel}","templated":true}]}}