{"id":179381,"date":"2025-03-11T11:30:40","date_gmt":"2025-03-11T10:30:40","guid":{"rendered":"https:\/\/www.budokampsport.se\/?p=179381"},"modified":"2025-03-14T14:33:28","modified_gmt":"2025-03-14T13:33:28","slug":"sbks-andra-hallbarhetsrapport-ar-slappt","status":"publish","type":"post","link":"https:\/\/www.budokampsport.se\/2025\/03\/11\/sbks-andra-hallbarhetsrapport-ar-slappt\/","title":{"rendered":"SB&#038;K:s andra h\u00e5llbarhetsrapport \u00e4r sl\u00e4ppt"},"content":{"rendered":"<div dir=\"ltr\">\n<div id=\"x_mail-editor-reference-message-container\" class=\"x_ms-outlook-mobile-reference-message\">\n<p class=\"x_MsoNormal\" dir=\"ltr\">Nu \u00e4r Svenska Budo &amp; Kampsportsf\u00f6rbundets andra h\u00e5llbarhetsrapport publicerad.<\/p>\n<\/div>\n<\/div>\n<div dir=\"ltr\">\n<div id=\"x_mail-editor-reference-message-container\" class=\"x_ms-outlook-mobile-reference-message\">\n<p class=\"x_MsoNormal\" dir=\"ltr\">Rapporten inneh\u00e5ller policys, information och intervjuer runtom SB&amp;K:s verksamhet.<\/p>\n<\/div>\n<\/div>\n<div dir=\"ltr\">\n<div id=\"x_mail-editor-reference-message-container\" class=\"x_ms-outlook-mobile-reference-message\">\n<p class=\"x_MsoNormal\" dir=\"ltr\">&#8211; Jag tycker det \u00e4r j\u00e4ttebra av SB&amp;K att forts\u00e4tta g\u00f6ra den h\u00e4r satsningen. Den b\u00f6rjade ta form redan n\u00e4r jag var i styrelsen med visionen och v\u00e4rdegrunden som sedan mynnade ut i h\u00e5llbarhetsarbete ocks\u00e5.<\/p>\n<\/div>\n<\/div>\n<div dir=\"ltr\">\n<div id=\"x_mail-editor-reference-message-container\" class=\"x_ms-outlook-mobile-reference-message\">\n<p class=\"x_MsoNormal\" dir=\"ltr\"><strong>Patrik, vad \u00e4r syftet med att h\u00e5llbarhetsrapportera?<\/strong><\/p>\n<p>&#8211; Man jobbar ju med organisationsutveckling genom att g\u00e5 igenom olika standards, eller checklistor kan man s\u00e4ga, d\u00e4r man kikar p\u00e5 hur f\u00f6rbundet ligger till i fr\u00e5gor kopplade till de globala m\u00e5len. Men det \u00e4r ocks\u00e5 ett s\u00e4tt f\u00f6r kampsporten att n\u00e4rma sig n\u00e4ringslivet. Ska n\u00e4ringslivet kunna sponsra sociala projekt \u00e4r det en klar f\u00f6rdel om man har h\u00e5llbarhetsrapporterat.<\/p>\n<\/div>\n<\/div>\n<div dir=\"ltr\">\n<div id=\"x_mail-editor-reference-message-container\" class=\"x_ms-outlook-mobile-reference-message\">\n<p dir=\"ltr\"><img loading=\"lazy\" decoding=\"async\" class=\"size-full wp-image-179391 alignnone\" src=\"https:\/\/www.budokampsport.se\/wp-content\/uploads\/2025\/03\/Patrik-Asplund.jpg\" alt=\"\" width=\"850\" height=\"638\" srcset=\"https:\/\/www.budokampsport.se\/wp-content\/uploads\/2025\/03\/Patrik-Asplund.jpg 850w, https:\/\/www.budokampsport.se\/wp-content\/uploads\/2025\/03\/Patrik-Asplund-278x209.jpg 278w, https:\/\/www.budokampsport.se\/wp-content\/uploads\/2025\/03\/Patrik-Asplund-400x300.jpg 400w, https:\/\/www.budokampsport.se\/wp-content\/uploads\/2025\/03\/Patrik-Asplund-600x450.jpg 600w\" sizes=\"auto, (max-width: 850px) 100vw, 850px\" \/><\/p>\n<\/div>\n<\/div>\n<div dir=\"ltr\">\n<div id=\"x_mail-editor-reference-message-container\" class=\"x_ms-outlook-mobile-reference-message\">\n<p class=\"x_MsoNormal\" dir=\"ltr\">Om den f\u00f6rsta h\u00e5llbarhetsrapporten av en pilot \u00e4r detta den f\u00f6rsta \u201driktiga\u201d rapporten SB&amp;K har gjort.<\/p>\n<p>&#8211; Ja, s\u00e5 kan man se det. Det vi lagt ett stort fokus p\u00e5 \u00e4r v\u00e5rt sociala arbete, Ett hj\u00e4rta i samh\u00e4llet, d\u00e4r vi presenterar v\u00e5ra olika f\u00f6reningar som \u00e4r med i projektet och vilka omr\u00e5den de verkar i. Sedan finns delar som har med h\u00e5llbarhet att g\u00f6ra med i rapporten.\u00a0<\/p>\n<\/div>\n<\/div>\n<div dir=\"ltr\">\n<div id=\"x_mail-editor-reference-message-container\" class=\"x_ms-outlook-mobile-reference-message\">\n<p class=\"x_MsoNormal\" dir=\"ltr\">P\u00e5 det stora hela Patrik Asplund n\u00f6jd med rapporten.<\/p>\n<p>&#8211; Det \u00e4r jag. Jag tycker SB&amp;K har tagit ett stort steg i den h\u00e4r resan.\u00a0<\/p>\n<\/div>\n<\/div>\n<div dir=\"ltr\">\n<div id=\"x_mail-editor-reference-message-container\" class=\"x_ms-outlook-mobile-reference-message\">\n<h3 dir=\"ltr\">H\u00e4r \u00e4r rapporten<\/h3>\n<p><a href=\"https:\/\/www.budokampsport.se\/wp-content\/uploads\/2025\/03\/SBK_Hallbarhetsrapport-2024.pdf\" target=\"_blank\" rel=\"noopener\">L\u00e4s SB&amp;K:s h\u00e5llbarhetsrapport 2024 h\u00e4r<\/a>.<\/p>\n<\/div>\n<\/div>\n<div dir=\"ltr\">\n<div id=\"x_mail-editor-reference-message-container\" class=\"x_ms-outlook-mobile-reference-message\">\n<p dir=\"ltr\"><em>Rapporten \u00e4r formgiven av Johanna Bjuhr Escalante.<\/em><\/p>\n<\/div>\n<\/div>\n","protected":false},"excerpt":{"rendered":"<p>Nu \u00e4r den andra h\u00e5llbarhetsrapporten publicerad.<br \/><br>&#8211; Ett stort fokus l\u00e4ggs p\u00e5 v\u00e5rt sociala arbete, s\u00e4ger h\u00e5llbarhetskonsulten Patrik Asplund till budokampsport.se.<\/p><br>","protected":false},"author":7,"featured_media":179390,"comment_status":"closed","ping_status":"closed","sticky":false,"template":"","format":"standard","meta":{"_acf_changed":false,"footnotes":""},"categories":[601,531],"tags":[],"class_list":["post-179381","post","type-post","status-publish","format-standard","has-post-thumbnail","hentry","category-hallbarhet","category-sbk-2"],"acf":[],"yoast_head":"<!-- This site is optimized with the Yoast SEO plugin v26.8 - https:\/\/yoast.com\/product\/yoast-seo-wordpress\/ -->\n<title>SB&amp;K:s andra h\u00e5llbarhetsrapport \u00e4r sl\u00e4ppt - Svenska Budo &amp; Kampsportsf\u00f6rbundet<\/title>\n<meta name=\"description\" content=\"Nu \u00e4r den andra h\u00e5llbarhetsrapporten publicerad. - Ett stort fokus l\u00e4ggs p\u00e5 v\u00e5rt sociala arbete, s\u00e4ger h\u00e5llbarhetskonsulten Patrik Asplund till budokampsport.se.\" \/>\n<meta name=\"robots\" content=\"index, follow, max-snippet:-1, max-image-preview:large, max-video-preview:-1\" \/>\n<link rel=\"canonical\" href=\"https:\/\/www.budokampsport.se\/2025\/03\/11\/sbks-andra-hallbarhetsrapport-ar-slappt\/\" \/>\n<meta property=\"og:locale\" content=\"sv_SE\" \/>\n<meta property=\"og:type\" content=\"article\" \/>\n<meta property=\"og:title\" content=\"SB&amp;K:s andra h\u00e5llbarhetsrapport \u00e4r sl\u00e4ppt - Svenska Budo &amp; Kampsportsf\u00f6rbundet\" \/>\n<meta property=\"og:description\" content=\"Nu \u00e4r den andra h\u00e5llbarhetsrapporten publicerad. - Ett stort fokus l\u00e4ggs p\u00e5 v\u00e5rt sociala arbete, s\u00e4ger h\u00e5llbarhetskonsulten Patrik Asplund till budokampsport.se.\" \/>\n<meta property=\"og:url\" content=\"https:\/\/www.budokampsport.se\/2025\/03\/11\/sbks-andra-hallbarhetsrapport-ar-slappt\/\" \/>\n<meta property=\"og:site_name\" content=\"Svenska Budo &amp; Kampsportsf\u00f6rbundet\" \/>\n<meta property=\"article:author\" content=\"https:\/\/www.facebook.com\/jonathan.broberg.7\" \/>\n<meta property=\"article:published_time\" content=\"2025-03-11T10:30:40+00:00\" \/>\n<meta property=\"article:modified_time\" content=\"2025-03-14T13:33:28+00:00\" \/>\n<meta property=\"og:image\" content=\"https:\/\/www.budokampsport.se\/wp-content\/uploads\/2025\/03\/hallbarhet.jpg\" \/>\n\t<meta property=\"og:image:width\" content=\"850\" \/>\n\t<meta property=\"og:image:height\" content=\"478\" \/>\n\t<meta property=\"og:image:type\" content=\"image\/jpeg\" \/>\n<meta name=\"author\" content=\"Jonathan Broberg\" \/>\n<meta name=\"twitter:card\" content=\"summary_large_image\" \/>\n<meta name=\"twitter:label1\" content=\"Skriven av\" \/>\n\t<meta name=\"twitter:data1\" content=\"Jonathan Broberg\" \/>\n\t<meta name=\"twitter:label2\" content=\"Ber\u00e4knad l\u00e4stid\" \/>\n\t<meta name=\"twitter:data2\" content=\"2 minuter\" \/>\n<script type=\"application\/ld+json\" class=\"yoast-schema-graph\">{\"@context\":\"https:\/\/schema.org\",\"@graph\":[{\"@type\":\"Article\",\"@id\":\"https:\/\/www.budokampsport.se\/2025\/03\/11\/sbks-andra-hallbarhetsrapport-ar-slappt\/#article\",\"isPartOf\":{\"@id\":\"https:\/\/www.budokampsport.se\/2025\/03\/11\/sbks-andra-hallbarhetsrapport-ar-slappt\/\"},\"author\":{\"name\":\"Jonathan Broberg\",\"@id\":\"https:\/\/www.budokampsport.se\/#\/schema\/person\/5c06d81d14850e2a8ce5493386560145\"},\"headline\":\"SB&#038;K:s andra h\u00e5llbarhetsrapport \u00e4r sl\u00e4ppt\",\"datePublished\":\"2025-03-11T10:30:40+00:00\",\"dateModified\":\"2025-03-14T13:33:28+00:00\",\"mainEntityOfPage\":{\"@id\":\"https:\/\/www.budokampsport.se\/2025\/03\/11\/sbks-andra-hallbarhetsrapport-ar-slappt\/\"},\"wordCount\":288,\"image\":{\"@id\":\"https:\/\/www.budokampsport.se\/2025\/03\/11\/sbks-andra-hallbarhetsrapport-ar-slappt\/#primaryimage\"},\"thumbnailUrl\":\"https:\/\/www.budokampsport.se\/wp-content\/uploads\/2025\/03\/hallbarhet.jpg\",\"articleSection\":[\"H\u00e5llbarhet\",\"SB&amp;K\"],\"inLanguage\":\"sv-SE\"},{\"@type\":\"WebPage\",\"@id\":\"https:\/\/www.budokampsport.se\/2025\/03\/11\/sbks-andra-hallbarhetsrapport-ar-slappt\/\",\"url\":\"https:\/\/www.budokampsport.se\/2025\/03\/11\/sbks-andra-hallbarhetsrapport-ar-slappt\/\",\"name\":\"SB&K:s andra h\u00e5llbarhetsrapport \u00e4r sl\u00e4ppt - Svenska Budo &amp; Kampsportsf\u00f6rbundet\",\"isPartOf\":{\"@id\":\"https:\/\/www.budokampsport.se\/#website\"},\"primaryImageOfPage\":{\"@id\":\"https:\/\/www.budokampsport.se\/2025\/03\/11\/sbks-andra-hallbarhetsrapport-ar-slappt\/#primaryimage\"},\"image\":{\"@id\":\"https:\/\/www.budokampsport.se\/2025\/03\/11\/sbks-andra-hallbarhetsrapport-ar-slappt\/#primaryimage\"},\"thumbnailUrl\":\"https:\/\/www.budokampsport.se\/wp-content\/uploads\/2025\/03\/hallbarhet.jpg\",\"datePublished\":\"2025-03-11T10:30:40+00:00\",\"dateModified\":\"2025-03-14T13:33:28+00:00\",\"author\":{\"@id\":\"https:\/\/www.budokampsport.se\/#\/schema\/person\/5c06d81d14850e2a8ce5493386560145\"},\"description\":\"Nu \u00e4r den andra h\u00e5llbarhetsrapporten publicerad. - Ett stort fokus l\u00e4ggs p\u00e5 v\u00e5rt sociala arbete, s\u00e4ger h\u00e5llbarhetskonsulten Patrik Asplund till budokampsport.se.\",\"breadcrumb\":{\"@id\":\"https:\/\/www.budokampsport.se\/2025\/03\/11\/sbks-andra-hallbarhetsrapport-ar-slappt\/#breadcrumb\"},\"inLanguage\":\"sv-SE\",\"potentialAction\":[{\"@type\":\"ReadAction\",\"target\":[\"https:\/\/www.budokampsport.se\/2025\/03\/11\/sbks-andra-hallbarhetsrapport-ar-slappt\/\"]}]},{\"@type\":\"ImageObject\",\"inLanguage\":\"sv-SE\",\"@id\":\"https:\/\/www.budokampsport.se\/2025\/03\/11\/sbks-andra-hallbarhetsrapport-ar-slappt\/#primaryimage\",\"url\":\"https:\/\/www.budokampsport.se\/wp-content\/uploads\/2025\/03\/hallbarhet.jpg\",\"contentUrl\":\"https:\/\/www.budokampsport.se\/wp-content\/uploads\/2025\/03\/hallbarhet.jpg\",\"width\":850,\"height\":478,\"caption\":\"Bild: Johanna Bjuhr Escalante\"},{\"@type\":\"BreadcrumbList\",\"@id\":\"https:\/\/www.budokampsport.se\/2025\/03\/11\/sbks-andra-hallbarhetsrapport-ar-slappt\/#breadcrumb\",\"itemListElement\":[{\"@type\":\"ListItem\",\"position\":1,\"name\":\"Hem\",\"item\":\"https:\/\/www.budokampsport.se\/\"},{\"@type\":\"ListItem\",\"position\":2,\"name\":\"SB&#038;K:s andra h\u00e5llbarhetsrapport \u00e4r sl\u00e4ppt\"}]},{\"@type\":\"WebSite\",\"@id\":\"https:\/\/www.budokampsport.se\/#website\",\"url\":\"https:\/\/www.budokampsport.se\/\",\"name\":\"Svenska Budo &amp; Kampsportsf\u00f6rbundet\",\"description\":\"T\u00e4vling, Tr\u00e4ning, Tradition\",\"potentialAction\":[{\"@type\":\"SearchAction\",\"target\":{\"@type\":\"EntryPoint\",\"urlTemplate\":\"https:\/\/www.budokampsport.se\/?s={search_term_string}\"},\"query-input\":{\"@type\":\"PropertyValueSpecification\",\"valueRequired\":true,\"valueName\":\"search_term_string\"}}],\"inLanguage\":\"sv-SE\"},{\"@type\":\"Person\",\"@id\":\"https:\/\/www.budokampsport.se\/#\/schema\/person\/5c06d81d14850e2a8ce5493386560145\",\"name\":\"Jonathan Broberg\",\"image\":{\"@type\":\"ImageObject\",\"inLanguage\":\"sv-SE\",\"@id\":\"https:\/\/www.budokampsport.se\/#\/schema\/person\/image\/\",\"url\":\"https:\/\/secure.gravatar.com\/avatar\/a58041c6cea9128bd9c40ee2f26d4136?s=96&d=blank&r=g\",\"contentUrl\":\"https:\/\/secure.gravatar.com\/avatar\/a58041c6cea9128bd9c40ee2f26d4136?s=96&d=blank&r=g\",\"caption\":\"Jonathan Broberg\"},\"sameAs\":[\"https:\/\/www.facebook.com\/jonathan.broberg.7\"],\"url\":\"https:\/\/www.budokampsport.se\/author\/jonathan\/\"}]}<\/script>\n<!-- \/ Yoast SEO plugin. -->","yoast_head_json":{"title":"SB&K:s andra h\u00e5llbarhetsrapport \u00e4r sl\u00e4ppt - Svenska Budo &amp; Kampsportsf\u00f6rbundet","description":"Nu \u00e4r den andra h\u00e5llbarhetsrapporten publicerad. - Ett stort fokus l\u00e4ggs p\u00e5 v\u00e5rt sociala arbete, s\u00e4ger h\u00e5llbarhetskonsulten Patrik Asplund till budokampsport.se.","robots":{"index":"index","follow":"follow","max-snippet":"max-snippet:-1","max-image-preview":"max-image-preview:large","max-video-preview":"max-video-preview:-1"},"canonical":"https:\/\/www.budokampsport.se\/2025\/03\/11\/sbks-andra-hallbarhetsrapport-ar-slappt\/","og_locale":"sv_SE","og_type":"article","og_title":"SB&K:s andra h\u00e5llbarhetsrapport \u00e4r sl\u00e4ppt - Svenska Budo &amp; Kampsportsf\u00f6rbundet","og_description":"Nu \u00e4r den andra h\u00e5llbarhetsrapporten publicerad. - Ett stort fokus l\u00e4ggs p\u00e5 v\u00e5rt sociala arbete, s\u00e4ger h\u00e5llbarhetskonsulten Patrik Asplund till budokampsport.se.","og_url":"https:\/\/www.budokampsport.se\/2025\/03\/11\/sbks-andra-hallbarhetsrapport-ar-slappt\/","og_site_name":"Svenska Budo &amp; Kampsportsf\u00f6rbundet","article_author":"https:\/\/www.facebook.com\/jonathan.broberg.7","article_published_time":"2025-03-11T10:30:40+00:00","article_modified_time":"2025-03-14T13:33:28+00:00","og_image":[{"width":850,"height":478,"url":"https:\/\/www.budokampsport.se\/wp-content\/uploads\/2025\/03\/hallbarhet.jpg","type":"image\/jpeg"}],"author":"Jonathan Broberg","twitter_card":"summary_large_image","twitter_misc":{"Skriven av":"Jonathan Broberg","Ber\u00e4knad l\u00e4stid":"2 minuter"},"schema":{"@context":"https:\/\/schema.org","@graph":[{"@type":"Article","@id":"https:\/\/www.budokampsport.se\/2025\/03\/11\/sbks-andra-hallbarhetsrapport-ar-slappt\/#article","isPartOf":{"@id":"https:\/\/www.budokampsport.se\/2025\/03\/11\/sbks-andra-hallbarhetsrapport-ar-slappt\/"},"author":{"name":"Jonathan Broberg","@id":"https:\/\/www.budokampsport.se\/#\/schema\/person\/5c06d81d14850e2a8ce5493386560145"},"headline":"SB&#038;K:s andra h\u00e5llbarhetsrapport \u00e4r sl\u00e4ppt","datePublished":"2025-03-11T10:30:40+00:00","dateModified":"2025-03-14T13:33:28+00:00","mainEntityOfPage":{"@id":"https:\/\/www.budokampsport.se\/2025\/03\/11\/sbks-andra-hallbarhetsrapport-ar-slappt\/"},"wordCount":288,"image":{"@id":"https:\/\/www.budokampsport.se\/2025\/03\/11\/sbks-andra-hallbarhetsrapport-ar-slappt\/#primaryimage"},"thumbnailUrl":"https:\/\/www.budokampsport.se\/wp-content\/uploads\/2025\/03\/hallbarhet.jpg","articleSection":["H\u00e5llbarhet","SB&amp;K"],"inLanguage":"sv-SE"},{"@type":"WebPage","@id":"https:\/\/www.budokampsport.se\/2025\/03\/11\/sbks-andra-hallbarhetsrapport-ar-slappt\/","url":"https:\/\/www.budokampsport.se\/2025\/03\/11\/sbks-andra-hallbarhetsrapport-ar-slappt\/","name":"SB&K:s andra h\u00e5llbarhetsrapport \u00e4r sl\u00e4ppt - Svenska Budo &amp; Kampsportsf\u00f6rbundet","isPartOf":{"@id":"https:\/\/www.budokampsport.se\/#website"},"primaryImageOfPage":{"@id":"https:\/\/www.budokampsport.se\/2025\/03\/11\/sbks-andra-hallbarhetsrapport-ar-slappt\/#primaryimage"},"image":{"@id":"https:\/\/www.budokampsport.se\/2025\/03\/11\/sbks-andra-hallbarhetsrapport-ar-slappt\/#primaryimage"},"thumbnailUrl":"https:\/\/www.budokampsport.se\/wp-content\/uploads\/2025\/03\/hallbarhet.jpg","datePublished":"2025-03-11T10:30:40+00:00","dateModified":"2025-03-14T13:33:28+00:00","author":{"@id":"https:\/\/www.budokampsport.se\/#\/schema\/person\/5c06d81d14850e2a8ce5493386560145"},"description":"Nu \u00e4r den andra h\u00e5llbarhetsrapporten publicerad. - Ett stort fokus l\u00e4ggs p\u00e5 v\u00e5rt sociala arbete, s\u00e4ger h\u00e5llbarhetskonsulten Patrik Asplund till budokampsport.se.","breadcrumb":{"@id":"https:\/\/www.budokampsport.se\/2025\/03\/11\/sbks-andra-hallbarhetsrapport-ar-slappt\/#breadcrumb"},"inLanguage":"sv-SE","potentialAction":[{"@type":"ReadAction","target":["https:\/\/www.budokampsport.se\/2025\/03\/11\/sbks-andra-hallbarhetsrapport-ar-slappt\/"]}]},{"@type":"ImageObject","inLanguage":"sv-SE","@id":"https:\/\/www.budokampsport.se\/2025\/03\/11\/sbks-andra-hallbarhetsrapport-ar-slappt\/#primaryimage","url":"https:\/\/www.budokampsport.se\/wp-content\/uploads\/2025\/03\/hallbarhet.jpg","contentUrl":"https:\/\/www.budokampsport.se\/wp-content\/uploads\/2025\/03\/hallbarhet.jpg","width":850,"height":478,"caption":"Bild: Johanna Bjuhr Escalante"},{"@type":"BreadcrumbList","@id":"https:\/\/www.budokampsport.se\/2025\/03\/11\/sbks-andra-hallbarhetsrapport-ar-slappt\/#breadcrumb","itemListElement":[{"@type":"ListItem","position":1,"name":"Hem","item":"https:\/\/www.budokampsport.se\/"},{"@type":"ListItem","position":2,"name":"SB&#038;K:s andra h\u00e5llbarhetsrapport \u00e4r sl\u00e4ppt"}]},{"@type":"WebSite","@id":"https:\/\/www.budokampsport.se\/#website","url":"https:\/\/www.budokampsport.se\/","name":"Svenska Budo &amp; Kampsportsf\u00f6rbundet","description":"T\u00e4vling, Tr\u00e4ning, Tradition","potentialAction":[{"@type":"SearchAction","target":{"@type":"EntryPoint","urlTemplate":"https:\/\/www.budokampsport.se\/?s={search_term_string}"},"query-input":{"@type":"PropertyValueSpecification","valueRequired":true,"valueName":"search_term_string"}}],"inLanguage":"sv-SE"},{"@type":"Person","@id":"https:\/\/www.budokampsport.se\/#\/schema\/person\/5c06d81d14850e2a8ce5493386560145","name":"Jonathan Broberg","image":{"@type":"ImageObject","inLanguage":"sv-SE","@id":"https:\/\/www.budokampsport.se\/#\/schema\/person\/image\/","url":"https:\/\/secure.gravatar.com\/avatar\/a58041c6cea9128bd9c40ee2f26d4136?s=96&d=blank&r=g","contentUrl":"https:\/\/secure.gravatar.com\/avatar\/a58041c6cea9128bd9c40ee2f26d4136?s=96&d=blank&r=g","caption":"Jonathan Broberg"},"sameAs":["https:\/\/www.facebook.com\/jonathan.broberg.7"],"url":"https:\/\/www.budokampsport.se\/author\/jonathan\/"}]}},"_links":{"self":[{"href":"https:\/\/www.budokampsport.se\/api\/wp\/v2\/posts\/179381","targetHints":{"allow":["GET"]}}],"collection":[{"href":"https:\/\/www.budokampsport.se\/api\/wp\/v2\/posts"}],"about":[{"href":"https:\/\/www.budokampsport.se\/api\/wp\/v2\/types\/post"}],"author":[{"embeddable":true,"href":"https:\/\/www.budokampsport.se\/api\/wp\/v2\/users\/7"}],"replies":[{"embeddable":true,"href":"https:\/\/www.budokampsport.se\/api\/wp\/v2\/comments?post=179381"}],"version-history":[{"count":0,"href":"https:\/\/www.budokampsport.se\/api\/wp\/v2\/posts\/179381\/revisions"}],"wp:featuredmedia":[{"embeddable":true,"href":"https:\/\/www.budokampsport.se\/api\/wp\/v2\/media\/179390"}],"wp:attachment":[{"href":"https:\/\/www.budokampsport.se\/api\/wp\/v2\/media?parent=179381"}],"wp:term":[{"taxonomy":"category","embeddable":true,"href":"https:\/\/www.budokampsport.se\/api\/wp\/v2\/categories?post=179381"},{"taxonomy":"post_tag","embeddable":true,"href":"https:\/\/www.budokampsport.se\/api\/wp\/v2\/tags?post=179381"}],"curies":[{"name":"wp","href":"https:\/\/api.w.org\/{rel}","templated":true}]}}