{"id":179646,"date":"2025-03-17T14:22:31","date_gmt":"2025-03-17T13:22:31","guid":{"rendered":"https:\/\/www.budokampsport.se\/?p=179646"},"modified":"2025-03-17T14:22:31","modified_gmt":"2025-03-17T13:22:31","slug":"tottos-dag-i-senaste-mastarnas-mastare","status":"publish","type":"post","link":"https:\/\/www.budokampsport.se\/2025\/03\/17\/tottos-dag-i-senaste-mastarnas-mastare\/","title":{"rendered":"&#8220;Tottos&#8221; dag i senaste M\u00e4starnas m\u00e4stare"},"content":{"rendered":"<p>SVT:s M\u00e4starnas m\u00e4stare rullar vidare och i det andra avsnittet f\u00f6r s\u00e4songen var det kickboxningslegendaren Thomas &#8220;Totto&#8221; Heiderups dag.<\/p>\n<p>Det visades bland annat en k\u00e4nslosam film \u00f6ver &#8220;Tottos&#8221; karri\u00e4r, med en varm h\u00e4lsning fr\u00e5n en annan stor kickboxningsprofil.<\/p>\n<p><a href=\"https:\/\/www.svtplay.se\/video\/82dDZYN\/mastarnas-mastare\/avsnitt-2\" target=\"_blank\" rel=\"noopener\">H\u00e4r ser ni programmet<\/a>.\u00a0<\/p>\n","protected":false},"excerpt":{"rendered":"<p>Kickboxningslegendaren Thomas &#8220;Totto&#8221; Heiderup \u00e4r med i \u00e5rets M\u00e4starnas m\u00e4stare i SVT, och i senaste avsnittet var det hans &#8220;dag&#8221;.<\/p><br>","protected":false},"author":7,"featured_media":171774,"comment_status":"closed","ping_status":"closed","sticky":false,"template":"","format":"standard","meta":{"_acf_changed":false,"footnotes":""},"categories":[544],"tags":[],"class_list":["post-179646","post","type-post","status-publish","format-standard","has-post-thumbnail","hentry","category-kickboxning"],"acf":[],"yoast_head":"<!-- This site is optimized with the Yoast SEO plugin v26.8 - https:\/\/yoast.com\/product\/yoast-seo-wordpress\/ -->\n<title>&quot;Tottos&quot; dag i senaste M\u00e4starnas m\u00e4stare - Svenska Budo &amp; Kampsportsf\u00f6rbundet<\/title>\n<meta name=\"description\" content=\"Kickboxningslegendaren Thomas &quot;Totto&quot; Heiderup \u00e4r med i \u00e5rets M\u00e4starnas m\u00e4stare i SVT, och i senaste avsnittet var det hans &quot;dag&quot;.\" \/>\n<meta name=\"robots\" content=\"index, follow, max-snippet:-1, max-image-preview:large, max-video-preview:-1\" \/>\n<link rel=\"canonical\" href=\"https:\/\/www.budokampsport.se\/2025\/03\/17\/tottos-dag-i-senaste-mastarnas-mastare\/\" \/>\n<meta property=\"og:locale\" content=\"sv_SE\" \/>\n<meta property=\"og:type\" content=\"article\" \/>\n<meta property=\"og:title\" content=\"&quot;Tottos&quot; dag i senaste M\u00e4starnas m\u00e4stare - Svenska Budo &amp; Kampsportsf\u00f6rbundet\" \/>\n<meta property=\"og:description\" content=\"Kickboxningslegendaren Thomas &quot;Totto&quot; Heiderup \u00e4r med i \u00e5rets M\u00e4starnas m\u00e4stare i SVT, och i senaste avsnittet var det hans &quot;dag&quot;.\" \/>\n<meta property=\"og:url\" content=\"https:\/\/www.budokampsport.se\/2025\/03\/17\/tottos-dag-i-senaste-mastarnas-mastare\/\" \/>\n<meta property=\"og:site_name\" content=\"Svenska Budo &amp; Kampsportsf\u00f6rbundet\" \/>\n<meta property=\"article:author\" content=\"https:\/\/www.facebook.com\/jonathan.broberg.7\" \/>\n<meta property=\"article:published_time\" content=\"2025-03-17T13:22:31+00:00\" \/>\n<meta property=\"og:image\" content=\"https:\/\/www.budokampsport.se\/wp-content\/uploads\/2024\/09\/Thomas-Totto-Heiderup.jpg\" \/>\n\t<meta property=\"og:image:width\" content=\"850\" \/>\n\t<meta property=\"og:image:height\" content=\"637\" \/>\n\t<meta property=\"og:image:type\" content=\"image\/jpeg\" \/>\n<meta name=\"author\" content=\"Jonathan Broberg\" \/>\n<meta name=\"twitter:card\" content=\"summary_large_image\" \/>\n<meta name=\"twitter:label1\" content=\"Skriven av\" \/>\n\t<meta name=\"twitter:data1\" content=\"Jonathan Broberg\" \/>\n\t<meta name=\"twitter:label2\" content=\"Ber\u00e4knad l\u00e4stid\" \/>\n\t<meta name=\"twitter:data2\" content=\"1 minut\" \/>\n<script type=\"application\/ld+json\" class=\"yoast-schema-graph\">{\"@context\":\"https:\/\/schema.org\",\"@graph\":[{\"@type\":\"Article\",\"@id\":\"https:\/\/www.budokampsport.se\/2025\/03\/17\/tottos-dag-i-senaste-mastarnas-mastare\/#article\",\"isPartOf\":{\"@id\":\"https:\/\/www.budokampsport.se\/2025\/03\/17\/tottos-dag-i-senaste-mastarnas-mastare\/\"},\"author\":{\"name\":\"Jonathan Broberg\",\"@id\":\"https:\/\/www.budokampsport.se\/#\/schema\/person\/5c06d81d14850e2a8ce5493386560145\"},\"headline\":\"&#8220;Tottos&#8221; dag i senaste M\u00e4starnas m\u00e4stare\",\"datePublished\":\"2025-03-17T13:22:31+00:00\",\"mainEntityOfPage\":{\"@id\":\"https:\/\/www.budokampsport.se\/2025\/03\/17\/tottos-dag-i-senaste-mastarnas-mastare\/\"},\"wordCount\":60,\"image\":{\"@id\":\"https:\/\/www.budokampsport.se\/2025\/03\/17\/tottos-dag-i-senaste-mastarnas-mastare\/#primaryimage\"},\"thumbnailUrl\":\"https:\/\/www.budokampsport.se\/wp-content\/uploads\/2024\/09\/Thomas-Totto-Heiderup.jpg\",\"articleSection\":[\"Kickboxning\"],\"inLanguage\":\"sv-SE\"},{\"@type\":\"WebPage\",\"@id\":\"https:\/\/www.budokampsport.se\/2025\/03\/17\/tottos-dag-i-senaste-mastarnas-mastare\/\",\"url\":\"https:\/\/www.budokampsport.se\/2025\/03\/17\/tottos-dag-i-senaste-mastarnas-mastare\/\",\"name\":\"\\\"Tottos\\\" dag i senaste M\u00e4starnas m\u00e4stare - Svenska Budo &amp; Kampsportsf\u00f6rbundet\",\"isPartOf\":{\"@id\":\"https:\/\/www.budokampsport.se\/#website\"},\"primaryImageOfPage\":{\"@id\":\"https:\/\/www.budokampsport.se\/2025\/03\/17\/tottos-dag-i-senaste-mastarnas-mastare\/#primaryimage\"},\"image\":{\"@id\":\"https:\/\/www.budokampsport.se\/2025\/03\/17\/tottos-dag-i-senaste-mastarnas-mastare\/#primaryimage\"},\"thumbnailUrl\":\"https:\/\/www.budokampsport.se\/wp-content\/uploads\/2024\/09\/Thomas-Totto-Heiderup.jpg\",\"datePublished\":\"2025-03-17T13:22:31+00:00\",\"author\":{\"@id\":\"https:\/\/www.budokampsport.se\/#\/schema\/person\/5c06d81d14850e2a8ce5493386560145\"},\"description\":\"Kickboxningslegendaren Thomas \\\"Totto\\\" Heiderup \u00e4r med i \u00e5rets M\u00e4starnas m\u00e4stare i SVT, och i senaste avsnittet var det hans \\\"dag\\\".\",\"breadcrumb\":{\"@id\":\"https:\/\/www.budokampsport.se\/2025\/03\/17\/tottos-dag-i-senaste-mastarnas-mastare\/#breadcrumb\"},\"inLanguage\":\"sv-SE\",\"potentialAction\":[{\"@type\":\"ReadAction\",\"target\":[\"https:\/\/www.budokampsport.se\/2025\/03\/17\/tottos-dag-i-senaste-mastarnas-mastare\/\"]}]},{\"@type\":\"ImageObject\",\"inLanguage\":\"sv-SE\",\"@id\":\"https:\/\/www.budokampsport.se\/2025\/03\/17\/tottos-dag-i-senaste-mastarnas-mastare\/#primaryimage\",\"url\":\"https:\/\/www.budokampsport.se\/wp-content\/uploads\/2024\/09\/Thomas-Totto-Heiderup.jpg\",\"contentUrl\":\"https:\/\/www.budokampsport.se\/wp-content\/uploads\/2024\/09\/Thomas-Totto-Heiderup.jpg\",\"width\":850,\"height\":637,\"caption\":\"Foto: Hamid Ershad Sarabi\"},{\"@type\":\"BreadcrumbList\",\"@id\":\"https:\/\/www.budokampsport.se\/2025\/03\/17\/tottos-dag-i-senaste-mastarnas-mastare\/#breadcrumb\",\"itemListElement\":[{\"@type\":\"ListItem\",\"position\":1,\"name\":\"Hem\",\"item\":\"https:\/\/www.budokampsport.se\/\"},{\"@type\":\"ListItem\",\"position\":2,\"name\":\"&#8220;Tottos&#8221; dag i senaste M\u00e4starnas m\u00e4stare\"}]},{\"@type\":\"WebSite\",\"@id\":\"https:\/\/www.budokampsport.se\/#website\",\"url\":\"https:\/\/www.budokampsport.se\/\",\"name\":\"Svenska Budo &amp; Kampsportsf\u00f6rbundet\",\"description\":\"T\u00e4vling, Tr\u00e4ning, Tradition\",\"potentialAction\":[{\"@type\":\"SearchAction\",\"target\":{\"@type\":\"EntryPoint\",\"urlTemplate\":\"https:\/\/www.budokampsport.se\/?s={search_term_string}\"},\"query-input\":{\"@type\":\"PropertyValueSpecification\",\"valueRequired\":true,\"valueName\":\"search_term_string\"}}],\"inLanguage\":\"sv-SE\"},{\"@type\":\"Person\",\"@id\":\"https:\/\/www.budokampsport.se\/#\/schema\/person\/5c06d81d14850e2a8ce5493386560145\",\"name\":\"Jonathan Broberg\",\"image\":{\"@type\":\"ImageObject\",\"inLanguage\":\"sv-SE\",\"@id\":\"https:\/\/www.budokampsport.se\/#\/schema\/person\/image\/\",\"url\":\"https:\/\/secure.gravatar.com\/avatar\/a58041c6cea9128bd9c40ee2f26d4136?s=96&d=blank&r=g\",\"contentUrl\":\"https:\/\/secure.gravatar.com\/avatar\/a58041c6cea9128bd9c40ee2f26d4136?s=96&d=blank&r=g\",\"caption\":\"Jonathan Broberg\"},\"sameAs\":[\"https:\/\/www.facebook.com\/jonathan.broberg.7\"],\"url\":\"https:\/\/www.budokampsport.se\/author\/jonathan\/\"}]}<\/script>\n<!-- \/ Yoast SEO plugin. -->","yoast_head_json":{"title":"\"Tottos\" dag i senaste M\u00e4starnas m\u00e4stare - Svenska Budo &amp; Kampsportsf\u00f6rbundet","description":"Kickboxningslegendaren Thomas \"Totto\" Heiderup \u00e4r med i \u00e5rets M\u00e4starnas m\u00e4stare i SVT, och i senaste avsnittet var det hans \"dag\".","robots":{"index":"index","follow":"follow","max-snippet":"max-snippet:-1","max-image-preview":"max-image-preview:large","max-video-preview":"max-video-preview:-1"},"canonical":"https:\/\/www.budokampsport.se\/2025\/03\/17\/tottos-dag-i-senaste-mastarnas-mastare\/","og_locale":"sv_SE","og_type":"article","og_title":"\"Tottos\" dag i senaste M\u00e4starnas m\u00e4stare - Svenska Budo &amp; Kampsportsf\u00f6rbundet","og_description":"Kickboxningslegendaren Thomas \"Totto\" Heiderup \u00e4r med i \u00e5rets M\u00e4starnas m\u00e4stare i SVT, och i senaste avsnittet var det hans \"dag\".","og_url":"https:\/\/www.budokampsport.se\/2025\/03\/17\/tottos-dag-i-senaste-mastarnas-mastare\/","og_site_name":"Svenska Budo &amp; Kampsportsf\u00f6rbundet","article_author":"https:\/\/www.facebook.com\/jonathan.broberg.7","article_published_time":"2025-03-17T13:22:31+00:00","og_image":[{"width":850,"height":637,"url":"https:\/\/www.budokampsport.se\/wp-content\/uploads\/2024\/09\/Thomas-Totto-Heiderup.jpg","type":"image\/jpeg"}],"author":"Jonathan Broberg","twitter_card":"summary_large_image","twitter_misc":{"Skriven av":"Jonathan Broberg","Ber\u00e4knad l\u00e4stid":"1 minut"},"schema":{"@context":"https:\/\/schema.org","@graph":[{"@type":"Article","@id":"https:\/\/www.budokampsport.se\/2025\/03\/17\/tottos-dag-i-senaste-mastarnas-mastare\/#article","isPartOf":{"@id":"https:\/\/www.budokampsport.se\/2025\/03\/17\/tottos-dag-i-senaste-mastarnas-mastare\/"},"author":{"name":"Jonathan Broberg","@id":"https:\/\/www.budokampsport.se\/#\/schema\/person\/5c06d81d14850e2a8ce5493386560145"},"headline":"&#8220;Tottos&#8221; dag i senaste M\u00e4starnas m\u00e4stare","datePublished":"2025-03-17T13:22:31+00:00","mainEntityOfPage":{"@id":"https:\/\/www.budokampsport.se\/2025\/03\/17\/tottos-dag-i-senaste-mastarnas-mastare\/"},"wordCount":60,"image":{"@id":"https:\/\/www.budokampsport.se\/2025\/03\/17\/tottos-dag-i-senaste-mastarnas-mastare\/#primaryimage"},"thumbnailUrl":"https:\/\/www.budokampsport.se\/wp-content\/uploads\/2024\/09\/Thomas-Totto-Heiderup.jpg","articleSection":["Kickboxning"],"inLanguage":"sv-SE"},{"@type":"WebPage","@id":"https:\/\/www.budokampsport.se\/2025\/03\/17\/tottos-dag-i-senaste-mastarnas-mastare\/","url":"https:\/\/www.budokampsport.se\/2025\/03\/17\/tottos-dag-i-senaste-mastarnas-mastare\/","name":"\"Tottos\" dag i senaste M\u00e4starnas m\u00e4stare - Svenska Budo &amp; Kampsportsf\u00f6rbundet","isPartOf":{"@id":"https:\/\/www.budokampsport.se\/#website"},"primaryImageOfPage":{"@id":"https:\/\/www.budokampsport.se\/2025\/03\/17\/tottos-dag-i-senaste-mastarnas-mastare\/#primaryimage"},"image":{"@id":"https:\/\/www.budokampsport.se\/2025\/03\/17\/tottos-dag-i-senaste-mastarnas-mastare\/#primaryimage"},"thumbnailUrl":"https:\/\/www.budokampsport.se\/wp-content\/uploads\/2024\/09\/Thomas-Totto-Heiderup.jpg","datePublished":"2025-03-17T13:22:31+00:00","author":{"@id":"https:\/\/www.budokampsport.se\/#\/schema\/person\/5c06d81d14850e2a8ce5493386560145"},"description":"Kickboxningslegendaren Thomas \"Totto\" Heiderup \u00e4r med i \u00e5rets M\u00e4starnas m\u00e4stare i SVT, och i senaste avsnittet var det hans \"dag\".","breadcrumb":{"@id":"https:\/\/www.budokampsport.se\/2025\/03\/17\/tottos-dag-i-senaste-mastarnas-mastare\/#breadcrumb"},"inLanguage":"sv-SE","potentialAction":[{"@type":"ReadAction","target":["https:\/\/www.budokampsport.se\/2025\/03\/17\/tottos-dag-i-senaste-mastarnas-mastare\/"]}]},{"@type":"ImageObject","inLanguage":"sv-SE","@id":"https:\/\/www.budokampsport.se\/2025\/03\/17\/tottos-dag-i-senaste-mastarnas-mastare\/#primaryimage","url":"https:\/\/www.budokampsport.se\/wp-content\/uploads\/2024\/09\/Thomas-Totto-Heiderup.jpg","contentUrl":"https:\/\/www.budokampsport.se\/wp-content\/uploads\/2024\/09\/Thomas-Totto-Heiderup.jpg","width":850,"height":637,"caption":"Foto: Hamid Ershad Sarabi"},{"@type":"BreadcrumbList","@id":"https:\/\/www.budokampsport.se\/2025\/03\/17\/tottos-dag-i-senaste-mastarnas-mastare\/#breadcrumb","itemListElement":[{"@type":"ListItem","position":1,"name":"Hem","item":"https:\/\/www.budokampsport.se\/"},{"@type":"ListItem","position":2,"name":"&#8220;Tottos&#8221; dag i senaste M\u00e4starnas m\u00e4stare"}]},{"@type":"WebSite","@id":"https:\/\/www.budokampsport.se\/#website","url":"https:\/\/www.budokampsport.se\/","name":"Svenska Budo &amp; Kampsportsf\u00f6rbundet","description":"T\u00e4vling, Tr\u00e4ning, Tradition","potentialAction":[{"@type":"SearchAction","target":{"@type":"EntryPoint","urlTemplate":"https:\/\/www.budokampsport.se\/?s={search_term_string}"},"query-input":{"@type":"PropertyValueSpecification","valueRequired":true,"valueName":"search_term_string"}}],"inLanguage":"sv-SE"},{"@type":"Person","@id":"https:\/\/www.budokampsport.se\/#\/schema\/person\/5c06d81d14850e2a8ce5493386560145","name":"Jonathan Broberg","image":{"@type":"ImageObject","inLanguage":"sv-SE","@id":"https:\/\/www.budokampsport.se\/#\/schema\/person\/image\/","url":"https:\/\/secure.gravatar.com\/avatar\/a58041c6cea9128bd9c40ee2f26d4136?s=96&d=blank&r=g","contentUrl":"https:\/\/secure.gravatar.com\/avatar\/a58041c6cea9128bd9c40ee2f26d4136?s=96&d=blank&r=g","caption":"Jonathan Broberg"},"sameAs":["https:\/\/www.facebook.com\/jonathan.broberg.7"],"url":"https:\/\/www.budokampsport.se\/author\/jonathan\/"}]}},"_links":{"self":[{"href":"https:\/\/www.budokampsport.se\/api\/wp\/v2\/posts\/179646","targetHints":{"allow":["GET"]}}],"collection":[{"href":"https:\/\/www.budokampsport.se\/api\/wp\/v2\/posts"}],"about":[{"href":"https:\/\/www.budokampsport.se\/api\/wp\/v2\/types\/post"}],"author":[{"embeddable":true,"href":"https:\/\/www.budokampsport.se\/api\/wp\/v2\/users\/7"}],"replies":[{"embeddable":true,"href":"https:\/\/www.budokampsport.se\/api\/wp\/v2\/comments?post=179646"}],"version-history":[{"count":0,"href":"https:\/\/www.budokampsport.se\/api\/wp\/v2\/posts\/179646\/revisions"}],"wp:featuredmedia":[{"embeddable":true,"href":"https:\/\/www.budokampsport.se\/api\/wp\/v2\/media\/171774"}],"wp:attachment":[{"href":"https:\/\/www.budokampsport.se\/api\/wp\/v2\/media?parent=179646"}],"wp:term":[{"taxonomy":"category","embeddable":true,"href":"https:\/\/www.budokampsport.se\/api\/wp\/v2\/categories?post=179646"},{"taxonomy":"post_tag","embeddable":true,"href":"https:\/\/www.budokampsport.se\/api\/wp\/v2\/tags?post=179646"}],"curies":[{"name":"wp","href":"https:\/\/api.w.org\/{rel}","templated":true}]}}