{"id":180574,"date":"2025-04-11T09:00:01","date_gmt":"2025-04-11T09:00:01","guid":{"rendered":"https:\/\/www.budokampsport.se\/?p=180574"},"modified":"2025-04-14T06:17:19","modified_gmt":"2025-04-14T06:17:19","slug":"sbk-deltog-pa-rfs-arliga-elitidrottskonferens","status":"publish","type":"post","link":"https:\/\/www.budokampsport.se\/2025\/04\/11\/sbk-deltog-pa-rfs-arliga-elitidrottskonferens\/","title":{"rendered":"SB&#038;K deltog p\u00e5 RF:s \u00e5rliga elitidrottskonferens"},"content":{"rendered":"<p>Den 9-10 april samlades verksamma inom RF elitidrott p\u00e5 Bos\u00f6n i Stockholm. <\/p>\n<p>F\u00f6rel\u00e4sningar varvades med samtal, diskussioner och nya bekantskaper. M\u00e5nga f\u00f6rel\u00e4sningar var inriktade p\u00e5 hur andra l\u00e4nder finansierat sin elitidrott och hur idrotten kan arbeta med sponsorer och samarbeten. <\/p>\n<p>SB&amp;K:s elitidrottskommitt\u00e9 deltog genom Daniel Haglind, Linda Lindstr\u00f6m, Magnus Hanssen och Stefan Agnvall, dessutom fanns sportchef Helena Pl\u00fcss, samt styrelseledam\u00f6terna Nicole Kaiser och Kirsi Nording Cronsten p\u00e5 plats.<\/p>\n<p>&#8211; Jag tror att vi har goda f\u00f6ruts\u00e4ttningar att bedriva elitidrott utifr\u00e5n nya premisser s\u00e5 l\u00e4nge vi v\u00e4rnar v\u00e5r budo- och kampsportsanda som inneh\u00e5ller det som m\u00e5nga f\u00f6retag s\u00e5v\u00e4l som m\u00e5lgrupper \u00f6nskar i samh\u00e4llet idag\u201d, s\u00e4ger sportchef Helena Pl\u00fcss.<\/p>\n<p>Hon forts\u00e4tter: <br \/>\n&#8211; Idrotts-Sverige kommer att g\u00f6ra val fram\u00f6ver och h\u00f6gst sannolikt tror jag de valen kommer gynna dem som idag redan har viss medaljm\u00e4ssig och medial framg\u00e5ng. Det intressanta f\u00f6r oss blir ju hur vi hittar v\u00e5r v\u00e4g fram\u00e5t: ekonomiskt, v\u00e4rderingsm\u00e4ssigt och utifr\u00e5n tidigare redan gjorda l\u00e4rdomar fr\u00e5n andra l\u00e4nder, idrotter och hos oss sj\u00e4lva.<\/p>\n<h3>Dr\u00f6mmer om ett prestationscenter f\u00f6r kampsport<\/h3>\n<p>Vice styrelseordf\u00f6rande Kirsi Nording Cronsten ser ett \u00f6kat samarbete mellan v\u00e5ra idrotter som en v\u00e4g fram\u00e5t d\u00e5 det varit framg\u00e5ngsrikt hos m\u00e5nga andra idrotter.<\/p>\n<p>&#8211; Jag tar med mig att det inte r\u00e4cker med att satsa p\u00e5 individer f\u00f6r att skapa en framg\u00e5ngsrik elitidrott. Det handlar om att skapa bredd och att arbeta systematiskt. Jag till\u00e5ter mig dr\u00f6mma om ett &#8220;prestationscenter&#8221; f\u00f6r kampsporten d\u00e4r vi skulle kunna samla olika kampsporter, ha olika typer av resurspersoner, bedriva forskning kring v\u00e5ra idrotter och tillsammans lyfta niv\u00e5n ytterligare.<\/p>\n<p>Text: Nicole Kaiser<\/p>\n","protected":false},"excerpt":{"rendered":"<p>Under tv\u00e5 dagar samlades omkring 300 personer verksamma inom elitidrott p\u00e5 Bos\u00f6n i Stockholm.<\/p><br>","protected":false},"author":1195,"featured_media":180575,"comment_status":"closed","ping_status":"closed","sticky":false,"template":"","format":"standard","meta":{"_acf_changed":false,"footnotes":""},"categories":[451,597,531],"tags":[],"class_list":["post-180574","post","type-post","status-publish","format-standard","has-post-thumbnail","hentry","category-elit","category-elitidrottsprogrammet","category-sbk-2"],"acf":[],"yoast_head":"<!-- This site is optimized with the Yoast SEO plugin v26.8 - https:\/\/yoast.com\/product\/yoast-seo-wordpress\/ -->\n<title>SB&amp;K deltog p\u00e5 RF:s \u00e5rliga elitidrottskonferens - Svenska Budo &amp; Kampsportsf\u00f6rbundet<\/title>\n<meta name=\"description\" content=\"Under tv\u00e5 dagar samlades omkring 300 personer verksamma inom elitidrott p\u00e5 Bos\u00f6n i Stockholm.\" \/>\n<meta name=\"robots\" content=\"index, follow, max-snippet:-1, max-image-preview:large, max-video-preview:-1\" \/>\n<link rel=\"canonical\" href=\"https:\/\/www.budokampsport.se\/2025\/04\/11\/sbk-deltog-pa-rfs-arliga-elitidrottskonferens\/\" \/>\n<meta property=\"og:locale\" content=\"sv_SE\" \/>\n<meta property=\"og:type\" content=\"article\" \/>\n<meta property=\"og:title\" content=\"SB&amp;K deltog p\u00e5 RF:s \u00e5rliga elitidrottskonferens - Svenska Budo &amp; Kampsportsf\u00f6rbundet\" \/>\n<meta property=\"og:description\" content=\"Under tv\u00e5 dagar samlades omkring 300 personer verksamma inom elitidrott p\u00e5 Bos\u00f6n i Stockholm.\" \/>\n<meta property=\"og:url\" content=\"https:\/\/www.budokampsport.se\/2025\/04\/11\/sbk-deltog-pa-rfs-arliga-elitidrottskonferens\/\" \/>\n<meta property=\"og:site_name\" content=\"Svenska Budo &amp; Kampsportsf\u00f6rbundet\" \/>\n<meta property=\"article:published_time\" content=\"2025-04-11T09:00:01+00:00\" \/>\n<meta property=\"article:modified_time\" content=\"2025-04-14T06:17:19+00:00\" \/>\n<meta property=\"og:image\" content=\"https:\/\/www.budokampsport.se\/wp-content\/uploads\/2025\/04\/elit.jpg\" \/>\n\t<meta property=\"og:image:width\" content=\"850\" \/>\n\t<meta property=\"og:image:height\" content=\"484\" \/>\n\t<meta property=\"og:image:type\" content=\"image\/jpeg\" \/>\n<meta name=\"author\" content=\"Kansliet\" \/>\n<meta name=\"twitter:card\" content=\"summary_large_image\" \/>\n<meta name=\"twitter:label1\" content=\"Skriven av\" \/>\n\t<meta name=\"twitter:data1\" content=\"Kansliet\" \/>\n\t<meta name=\"twitter:label2\" content=\"Ber\u00e4knad l\u00e4stid\" \/>\n\t<meta name=\"twitter:data2\" content=\"2 minuter\" \/>\n<script type=\"application\/ld+json\" class=\"yoast-schema-graph\">{\"@context\":\"https:\/\/schema.org\",\"@graph\":[{\"@type\":\"Article\",\"@id\":\"https:\/\/www.budokampsport.se\/2025\/04\/11\/sbk-deltog-pa-rfs-arliga-elitidrottskonferens\/#article\",\"isPartOf\":{\"@id\":\"https:\/\/www.budokampsport.se\/2025\/04\/11\/sbk-deltog-pa-rfs-arliga-elitidrottskonferens\/\"},\"author\":{\"name\":\"Kansliet\",\"@id\":\"https:\/\/www.budokampsport.se\/#\/schema\/person\/4879786a5505c6e8fc3f5d619a753c3e\"},\"headline\":\"SB&#038;K deltog p\u00e5 RF:s \u00e5rliga elitidrottskonferens\",\"datePublished\":\"2025-04-11T09:00:01+00:00\",\"dateModified\":\"2025-04-14T06:17:19+00:00\",\"mainEntityOfPage\":{\"@id\":\"https:\/\/www.budokampsport.se\/2025\/04\/11\/sbk-deltog-pa-rfs-arliga-elitidrottskonferens\/\"},\"wordCount\":327,\"image\":{\"@id\":\"https:\/\/www.budokampsport.se\/2025\/04\/11\/sbk-deltog-pa-rfs-arliga-elitidrottskonferens\/#primaryimage\"},\"thumbnailUrl\":\"https:\/\/www.budokampsport.se\/wp-content\/uploads\/2025\/04\/elit.jpg\",\"articleSection\":[\"Elit\",\"Elitidrottsprogrammet\",\"SB&amp;K\"],\"inLanguage\":\"sv-SE\"},{\"@type\":\"WebPage\",\"@id\":\"https:\/\/www.budokampsport.se\/2025\/04\/11\/sbk-deltog-pa-rfs-arliga-elitidrottskonferens\/\",\"url\":\"https:\/\/www.budokampsport.se\/2025\/04\/11\/sbk-deltog-pa-rfs-arliga-elitidrottskonferens\/\",\"name\":\"SB&K deltog p\u00e5 RF:s \u00e5rliga elitidrottskonferens - Svenska Budo &amp; Kampsportsf\u00f6rbundet\",\"isPartOf\":{\"@id\":\"https:\/\/www.budokampsport.se\/#website\"},\"primaryImageOfPage\":{\"@id\":\"https:\/\/www.budokampsport.se\/2025\/04\/11\/sbk-deltog-pa-rfs-arliga-elitidrottskonferens\/#primaryimage\"},\"image\":{\"@id\":\"https:\/\/www.budokampsport.se\/2025\/04\/11\/sbk-deltog-pa-rfs-arliga-elitidrottskonferens\/#primaryimage\"},\"thumbnailUrl\":\"https:\/\/www.budokampsport.se\/wp-content\/uploads\/2025\/04\/elit.jpg\",\"datePublished\":\"2025-04-11T09:00:01+00:00\",\"dateModified\":\"2025-04-14T06:17:19+00:00\",\"author\":{\"@id\":\"https:\/\/www.budokampsport.se\/#\/schema\/person\/4879786a5505c6e8fc3f5d619a753c3e\"},\"description\":\"Under tv\u00e5 dagar samlades omkring 300 personer verksamma inom elitidrott p\u00e5 Bos\u00f6n i Stockholm.\",\"breadcrumb\":{\"@id\":\"https:\/\/www.budokampsport.se\/2025\/04\/11\/sbk-deltog-pa-rfs-arliga-elitidrottskonferens\/#breadcrumb\"},\"inLanguage\":\"sv-SE\",\"potentialAction\":[{\"@type\":\"ReadAction\",\"target\":[\"https:\/\/www.budokampsport.se\/2025\/04\/11\/sbk-deltog-pa-rfs-arliga-elitidrottskonferens\/\"]}]},{\"@type\":\"ImageObject\",\"inLanguage\":\"sv-SE\",\"@id\":\"https:\/\/www.budokampsport.se\/2025\/04\/11\/sbk-deltog-pa-rfs-arliga-elitidrottskonferens\/#primaryimage\",\"url\":\"https:\/\/www.budokampsport.se\/wp-content\/uploads\/2025\/04\/elit.jpg\",\"contentUrl\":\"https:\/\/www.budokampsport.se\/wp-content\/uploads\/2025\/04\/elit.jpg\",\"width\":850,\"height\":484,\"caption\":\"Foto: Stefan Agnvall\"},{\"@type\":\"BreadcrumbList\",\"@id\":\"https:\/\/www.budokampsport.se\/2025\/04\/11\/sbk-deltog-pa-rfs-arliga-elitidrottskonferens\/#breadcrumb\",\"itemListElement\":[{\"@type\":\"ListItem\",\"position\":1,\"name\":\"Hem\",\"item\":\"https:\/\/www.budokampsport.se\/\"},{\"@type\":\"ListItem\",\"position\":2,\"name\":\"SB&#038;K deltog p\u00e5 RF:s \u00e5rliga elitidrottskonferens\"}]},{\"@type\":\"WebSite\",\"@id\":\"https:\/\/www.budokampsport.se\/#website\",\"url\":\"https:\/\/www.budokampsport.se\/\",\"name\":\"Svenska Budo &amp; Kampsportsf\u00f6rbundet\",\"description\":\"T\u00e4vling, Tr\u00e4ning, Tradition\",\"potentialAction\":[{\"@type\":\"SearchAction\",\"target\":{\"@type\":\"EntryPoint\",\"urlTemplate\":\"https:\/\/www.budokampsport.se\/?s={search_term_string}\"},\"query-input\":{\"@type\":\"PropertyValueSpecification\",\"valueRequired\":true,\"valueName\":\"search_term_string\"}}],\"inLanguage\":\"sv-SE\"},{\"@type\":\"Person\",\"@id\":\"https:\/\/www.budokampsport.se\/#\/schema\/person\/4879786a5505c6e8fc3f5d619a753c3e\",\"name\":\"Kansliet\",\"image\":{\"@type\":\"ImageObject\",\"inLanguage\":\"sv-SE\",\"@id\":\"https:\/\/www.budokampsport.se\/#\/schema\/person\/image\/\",\"url\":\"https:\/\/secure.gravatar.com\/avatar\/14cbc5bb355f5ca0b294dcf8d8981cf4?s=96&d=blank&r=g\",\"contentUrl\":\"https:\/\/secure.gravatar.com\/avatar\/14cbc5bb355f5ca0b294dcf8d8981cf4?s=96&d=blank&r=g\",\"caption\":\"Kansliet\"},\"url\":\"https:\/\/www.budokampsport.se\/author\/kansliet\/\"}]}<\/script>\n<!-- \/ Yoast SEO plugin. -->","yoast_head_json":{"title":"SB&K deltog p\u00e5 RF:s \u00e5rliga elitidrottskonferens - Svenska Budo &amp; Kampsportsf\u00f6rbundet","description":"Under tv\u00e5 dagar samlades omkring 300 personer verksamma inom elitidrott p\u00e5 Bos\u00f6n i Stockholm.","robots":{"index":"index","follow":"follow","max-snippet":"max-snippet:-1","max-image-preview":"max-image-preview:large","max-video-preview":"max-video-preview:-1"},"canonical":"https:\/\/www.budokampsport.se\/2025\/04\/11\/sbk-deltog-pa-rfs-arliga-elitidrottskonferens\/","og_locale":"sv_SE","og_type":"article","og_title":"SB&K deltog p\u00e5 RF:s \u00e5rliga elitidrottskonferens - Svenska Budo &amp; Kampsportsf\u00f6rbundet","og_description":"Under tv\u00e5 dagar samlades omkring 300 personer verksamma inom elitidrott p\u00e5 Bos\u00f6n i Stockholm.","og_url":"https:\/\/www.budokampsport.se\/2025\/04\/11\/sbk-deltog-pa-rfs-arliga-elitidrottskonferens\/","og_site_name":"Svenska Budo &amp; Kampsportsf\u00f6rbundet","article_published_time":"2025-04-11T09:00:01+00:00","article_modified_time":"2025-04-14T06:17:19+00:00","og_image":[{"width":850,"height":484,"url":"https:\/\/www.budokampsport.se\/wp-content\/uploads\/2025\/04\/elit.jpg","type":"image\/jpeg"}],"author":"Kansliet","twitter_card":"summary_large_image","twitter_misc":{"Skriven av":"Kansliet","Ber\u00e4knad l\u00e4stid":"2 minuter"},"schema":{"@context":"https:\/\/schema.org","@graph":[{"@type":"Article","@id":"https:\/\/www.budokampsport.se\/2025\/04\/11\/sbk-deltog-pa-rfs-arliga-elitidrottskonferens\/#article","isPartOf":{"@id":"https:\/\/www.budokampsport.se\/2025\/04\/11\/sbk-deltog-pa-rfs-arliga-elitidrottskonferens\/"},"author":{"name":"Kansliet","@id":"https:\/\/www.budokampsport.se\/#\/schema\/person\/4879786a5505c6e8fc3f5d619a753c3e"},"headline":"SB&#038;K deltog p\u00e5 RF:s \u00e5rliga elitidrottskonferens","datePublished":"2025-04-11T09:00:01+00:00","dateModified":"2025-04-14T06:17:19+00:00","mainEntityOfPage":{"@id":"https:\/\/www.budokampsport.se\/2025\/04\/11\/sbk-deltog-pa-rfs-arliga-elitidrottskonferens\/"},"wordCount":327,"image":{"@id":"https:\/\/www.budokampsport.se\/2025\/04\/11\/sbk-deltog-pa-rfs-arliga-elitidrottskonferens\/#primaryimage"},"thumbnailUrl":"https:\/\/www.budokampsport.se\/wp-content\/uploads\/2025\/04\/elit.jpg","articleSection":["Elit","Elitidrottsprogrammet","SB&amp;K"],"inLanguage":"sv-SE"},{"@type":"WebPage","@id":"https:\/\/www.budokampsport.se\/2025\/04\/11\/sbk-deltog-pa-rfs-arliga-elitidrottskonferens\/","url":"https:\/\/www.budokampsport.se\/2025\/04\/11\/sbk-deltog-pa-rfs-arliga-elitidrottskonferens\/","name":"SB&K deltog p\u00e5 RF:s \u00e5rliga elitidrottskonferens - Svenska Budo &amp; Kampsportsf\u00f6rbundet","isPartOf":{"@id":"https:\/\/www.budokampsport.se\/#website"},"primaryImageOfPage":{"@id":"https:\/\/www.budokampsport.se\/2025\/04\/11\/sbk-deltog-pa-rfs-arliga-elitidrottskonferens\/#primaryimage"},"image":{"@id":"https:\/\/www.budokampsport.se\/2025\/04\/11\/sbk-deltog-pa-rfs-arliga-elitidrottskonferens\/#primaryimage"},"thumbnailUrl":"https:\/\/www.budokampsport.se\/wp-content\/uploads\/2025\/04\/elit.jpg","datePublished":"2025-04-11T09:00:01+00:00","dateModified":"2025-04-14T06:17:19+00:00","author":{"@id":"https:\/\/www.budokampsport.se\/#\/schema\/person\/4879786a5505c6e8fc3f5d619a753c3e"},"description":"Under tv\u00e5 dagar samlades omkring 300 personer verksamma inom elitidrott p\u00e5 Bos\u00f6n i Stockholm.","breadcrumb":{"@id":"https:\/\/www.budokampsport.se\/2025\/04\/11\/sbk-deltog-pa-rfs-arliga-elitidrottskonferens\/#breadcrumb"},"inLanguage":"sv-SE","potentialAction":[{"@type":"ReadAction","target":["https:\/\/www.budokampsport.se\/2025\/04\/11\/sbk-deltog-pa-rfs-arliga-elitidrottskonferens\/"]}]},{"@type":"ImageObject","inLanguage":"sv-SE","@id":"https:\/\/www.budokampsport.se\/2025\/04\/11\/sbk-deltog-pa-rfs-arliga-elitidrottskonferens\/#primaryimage","url":"https:\/\/www.budokampsport.se\/wp-content\/uploads\/2025\/04\/elit.jpg","contentUrl":"https:\/\/www.budokampsport.se\/wp-content\/uploads\/2025\/04\/elit.jpg","width":850,"height":484,"caption":"Foto: Stefan Agnvall"},{"@type":"BreadcrumbList","@id":"https:\/\/www.budokampsport.se\/2025\/04\/11\/sbk-deltog-pa-rfs-arliga-elitidrottskonferens\/#breadcrumb","itemListElement":[{"@type":"ListItem","position":1,"name":"Hem","item":"https:\/\/www.budokampsport.se\/"},{"@type":"ListItem","position":2,"name":"SB&#038;K deltog p\u00e5 RF:s \u00e5rliga elitidrottskonferens"}]},{"@type":"WebSite","@id":"https:\/\/www.budokampsport.se\/#website","url":"https:\/\/www.budokampsport.se\/","name":"Svenska Budo &amp; Kampsportsf\u00f6rbundet","description":"T\u00e4vling, Tr\u00e4ning, Tradition","potentialAction":[{"@type":"SearchAction","target":{"@type":"EntryPoint","urlTemplate":"https:\/\/www.budokampsport.se\/?s={search_term_string}"},"query-input":{"@type":"PropertyValueSpecification","valueRequired":true,"valueName":"search_term_string"}}],"inLanguage":"sv-SE"},{"@type":"Person","@id":"https:\/\/www.budokampsport.se\/#\/schema\/person\/4879786a5505c6e8fc3f5d619a753c3e","name":"Kansliet","image":{"@type":"ImageObject","inLanguage":"sv-SE","@id":"https:\/\/www.budokampsport.se\/#\/schema\/person\/image\/","url":"https:\/\/secure.gravatar.com\/avatar\/14cbc5bb355f5ca0b294dcf8d8981cf4?s=96&d=blank&r=g","contentUrl":"https:\/\/secure.gravatar.com\/avatar\/14cbc5bb355f5ca0b294dcf8d8981cf4?s=96&d=blank&r=g","caption":"Kansliet"},"url":"https:\/\/www.budokampsport.se\/author\/kansliet\/"}]}},"_links":{"self":[{"href":"https:\/\/www.budokampsport.se\/api\/wp\/v2\/posts\/180574","targetHints":{"allow":["GET"]}}],"collection":[{"href":"https:\/\/www.budokampsport.se\/api\/wp\/v2\/posts"}],"about":[{"href":"https:\/\/www.budokampsport.se\/api\/wp\/v2\/types\/post"}],"author":[{"embeddable":true,"href":"https:\/\/www.budokampsport.se\/api\/wp\/v2\/users\/1195"}],"replies":[{"embeddable":true,"href":"https:\/\/www.budokampsport.se\/api\/wp\/v2\/comments?post=180574"}],"version-history":[{"count":0,"href":"https:\/\/www.budokampsport.se\/api\/wp\/v2\/posts\/180574\/revisions"}],"wp:featuredmedia":[{"embeddable":true,"href":"https:\/\/www.budokampsport.se\/api\/wp\/v2\/media\/180575"}],"wp:attachment":[{"href":"https:\/\/www.budokampsport.se\/api\/wp\/v2\/media?parent=180574"}],"wp:term":[{"taxonomy":"category","embeddable":true,"href":"https:\/\/www.budokampsport.se\/api\/wp\/v2\/categories?post=180574"},{"taxonomy":"post_tag","embeddable":true,"href":"https:\/\/www.budokampsport.se\/api\/wp\/v2\/tags?post=180574"}],"curies":[{"name":"wp","href":"https:\/\/api.w.org\/{rel}","templated":true}]}}