{"id":181712,"date":"2025-05-23T12:55:25","date_gmt":"2025-05-23T12:55:25","guid":{"rendered":"https:\/\/www.budokampsport.se\/?p=181712"},"modified":"2025-05-23T13:16:16","modified_gmt":"2025-05-23T13:16:16","slug":"aikido-oppnade-riksidrottsmotet-idag","status":"publish","type":"post","link":"https:\/\/www.budokampsport.se\/2025\/05\/23\/aikido-oppnade-riksidrottsmotet-idag\/","title":{"rendered":"Aikido \u00f6ppnade Riksidrottsm\u00f6tet idag"},"content":{"rendered":"<p>Riksidrottsm\u00f6tet (RIM) i G\u00f6teborg \u00e4r ig\u00e5ng.<\/p>\n<p>Och det \u00f6ppnades via en aikido-uppvisning signerad Riai Aikidoklubb.<\/p>\n<p>&#8211; Utan idrottsr\u00f6relsens st\u00f6d hade vi aldrig kunnat g\u00f6ra de h\u00e4r sakerna, vi \u00e4r ju ideella. Allting \u00e4r volont\u00e4rt. Physical literacy, MotoriQ och r\u00f6relsegl\u00e4dje d\u00e4r man skapar trygga idrottsmilj\u00f6er \u00e4r det som m\u00f6jligg\u00f6r f\u00f6r oss att vi kan h\u00e5lla p\u00e5 med det som ni just har f\u00e5tt sett h\u00e4r, s\u00e4ger Riai:s Pia Moberg p\u00e5 scenen efter uppvisningen.<\/p>\n<p>Efter uppvisningen tog RF:s ordf\u00f6rande Anna Iwarsson ordet och l\u00e4mnade sedan \u00f6ver till Socialminister Jakob Forssmed. Unders hans anf\u00f6rande lyfta han fram \u00e4nnu en kampsportsklubb, MMA-klubben V\u00e4ster\u00e5s Fight Club, som han var och bes\u00f6kte tidigare under v\u00e5ren.<\/p>\n<figure id=\"attachment_181714\" aria-describedby=\"caption-attachment-181714\" style=\"width: 2560px\" class=\"wp-caption alignleft\"><img loading=\"lazy\" decoding=\"async\" class=\"size-full wp-image-181714\" src=\"https:\/\/www.budokampsport.se\/wp-content\/uploads\/2025\/05\/BB250523MB019-scaled.jpg\" alt=\"\" width=\"2560\" height=\"1707\" srcset=\"https:\/\/www.budokampsport.se\/wp-content\/uploads\/2025\/05\/BB250523MB019-scaled.jpg 2560w, https:\/\/www.budokampsport.se\/wp-content\/uploads\/2025\/05\/BB250523MB019-278x185.jpg 278w, https:\/\/www.budokampsport.se\/wp-content\/uploads\/2025\/05\/BB250523MB019-1536x1024.jpg 1536w, https:\/\/www.budokampsport.se\/wp-content\/uploads\/2025\/05\/BB250523MB019-2048x1365.jpg 2048w, https:\/\/www.budokampsport.se\/wp-content\/uploads\/2025\/05\/BB250523MB019-600x400.jpg 600w\" sizes=\"auto, (max-width: 2560px) 100vw, 2560px\" \/><figcaption id=\"caption-attachment-181714\" class=\"wp-caption-text\">Foto: Mathias Bergeld \/ BILDBYR\u00c5N<\/figcaption><\/figure>\n","protected":false},"excerpt":{"rendered":"<p>Riksidrottsm\u00f6tet \u00e4r ig\u00e5ng, och gl\u00e4djande nog \u00f6ppnades \u00e5rets RIM med en aikidouppvisning signerad Riai Aikido Dojo.<\/p><br>","protected":false},"author":7,"featured_media":181713,"comment_status":"closed","ping_status":"closed","sticky":false,"template":"","format":"standard","meta":{"_acf_changed":false,"footnotes":""},"categories":[562,585],"tags":[],"class_list":["post-181712","post","type-post","status-publish","format-standard","has-post-thumbnail","hentry","category-aikido","category-rf"],"acf":[],"yoast_head":"<!-- This site is optimized with the Yoast SEO plugin v26.8 - https:\/\/yoast.com\/product\/yoast-seo-wordpress\/ -->\n<title>Aikido \u00f6ppnade Riksidrottsm\u00f6tet idag - Svenska Budo &amp; Kampsportsf\u00f6rbundet<\/title>\n<meta name=\"description\" content=\"Riksidrottsm\u00f6tet \u00e4r ig\u00e5ng, och gl\u00e4djande nog \u00f6ppnades \u00e5rets RIM med en aikidouppvisning signerad Riai Aikido Dojo.\" \/>\n<meta name=\"robots\" content=\"index, follow, max-snippet:-1, max-image-preview:large, max-video-preview:-1\" \/>\n<link rel=\"canonical\" href=\"https:\/\/www.budokampsport.se\/2025\/05\/23\/aikido-oppnade-riksidrottsmotet-idag\/\" \/>\n<meta property=\"og:locale\" content=\"sv_SE\" \/>\n<meta property=\"og:type\" content=\"article\" \/>\n<meta property=\"og:title\" content=\"Aikido \u00f6ppnade Riksidrottsm\u00f6tet idag - Svenska Budo &amp; Kampsportsf\u00f6rbundet\" \/>\n<meta property=\"og:description\" content=\"Riksidrottsm\u00f6tet \u00e4r ig\u00e5ng, och gl\u00e4djande nog \u00f6ppnades \u00e5rets RIM med en aikidouppvisning signerad Riai Aikido Dojo.\" \/>\n<meta property=\"og:url\" content=\"https:\/\/www.budokampsport.se\/2025\/05\/23\/aikido-oppnade-riksidrottsmotet-idag\/\" \/>\n<meta property=\"og:site_name\" content=\"Svenska Budo &amp; Kampsportsf\u00f6rbundet\" \/>\n<meta property=\"article:author\" content=\"https:\/\/www.facebook.com\/jonathan.broberg.7\" \/>\n<meta property=\"article:published_time\" content=\"2025-05-23T12:55:25+00:00\" \/>\n<meta property=\"article:modified_time\" content=\"2025-05-23T13:16:16+00:00\" \/>\n<meta property=\"og:image\" content=\"https:\/\/www.budokampsport.se\/wp-content\/uploads\/2025\/05\/0.jpeg\" \/>\n\t<meta property=\"og:image:width\" content=\"707\" \/>\n\t<meta property=\"og:image:height\" content=\"472\" \/>\n\t<meta property=\"og:image:type\" content=\"image\/jpeg\" \/>\n<meta name=\"author\" content=\"Jonathan Broberg\" \/>\n<meta name=\"twitter:card\" content=\"summary_large_image\" \/>\n<meta name=\"twitter:label1\" content=\"Skriven av\" \/>\n\t<meta name=\"twitter:data1\" content=\"Jonathan Broberg\" \/>\n\t<meta name=\"twitter:label2\" content=\"Ber\u00e4knad l\u00e4stid\" \/>\n\t<meta name=\"twitter:data2\" content=\"1 minut\" \/>\n<script type=\"application\/ld+json\" class=\"yoast-schema-graph\">{\"@context\":\"https:\/\/schema.org\",\"@graph\":[{\"@type\":\"Article\",\"@id\":\"https:\/\/www.budokampsport.se\/2025\/05\/23\/aikido-oppnade-riksidrottsmotet-idag\/#article\",\"isPartOf\":{\"@id\":\"https:\/\/www.budokampsport.se\/2025\/05\/23\/aikido-oppnade-riksidrottsmotet-idag\/\"},\"author\":{\"name\":\"Jonathan Broberg\",\"@id\":\"https:\/\/www.budokampsport.se\/#\/schema\/person\/5c06d81d14850e2a8ce5493386560145\"},\"headline\":\"Aikido \u00f6ppnade Riksidrottsm\u00f6tet idag\",\"datePublished\":\"2025-05-23T12:55:25+00:00\",\"dateModified\":\"2025-05-23T13:16:16+00:00\",\"mainEntityOfPage\":{\"@id\":\"https:\/\/www.budokampsport.se\/2025\/05\/23\/aikido-oppnade-riksidrottsmotet-idag\/\"},\"wordCount\":154,\"image\":{\"@id\":\"https:\/\/www.budokampsport.se\/2025\/05\/23\/aikido-oppnade-riksidrottsmotet-idag\/#primaryimage\"},\"thumbnailUrl\":\"https:\/\/www.budokampsport.se\/wp-content\/uploads\/2025\/05\/0.jpeg\",\"articleSection\":[\"Aikido\",\"RF\"],\"inLanguage\":\"sv-SE\"},{\"@type\":\"WebPage\",\"@id\":\"https:\/\/www.budokampsport.se\/2025\/05\/23\/aikido-oppnade-riksidrottsmotet-idag\/\",\"url\":\"https:\/\/www.budokampsport.se\/2025\/05\/23\/aikido-oppnade-riksidrottsmotet-idag\/\",\"name\":\"Aikido \u00f6ppnade Riksidrottsm\u00f6tet idag - Svenska Budo &amp; Kampsportsf\u00f6rbundet\",\"isPartOf\":{\"@id\":\"https:\/\/www.budokampsport.se\/#website\"},\"primaryImageOfPage\":{\"@id\":\"https:\/\/www.budokampsport.se\/2025\/05\/23\/aikido-oppnade-riksidrottsmotet-idag\/#primaryimage\"},\"image\":{\"@id\":\"https:\/\/www.budokampsport.se\/2025\/05\/23\/aikido-oppnade-riksidrottsmotet-idag\/#primaryimage\"},\"thumbnailUrl\":\"https:\/\/www.budokampsport.se\/wp-content\/uploads\/2025\/05\/0.jpeg\",\"datePublished\":\"2025-05-23T12:55:25+00:00\",\"dateModified\":\"2025-05-23T13:16:16+00:00\",\"author\":{\"@id\":\"https:\/\/www.budokampsport.se\/#\/schema\/person\/5c06d81d14850e2a8ce5493386560145\"},\"description\":\"Riksidrottsm\u00f6tet \u00e4r ig\u00e5ng, och gl\u00e4djande nog \u00f6ppnades \u00e5rets RIM med en aikidouppvisning signerad Riai Aikido Dojo.\",\"breadcrumb\":{\"@id\":\"https:\/\/www.budokampsport.se\/2025\/05\/23\/aikido-oppnade-riksidrottsmotet-idag\/#breadcrumb\"},\"inLanguage\":\"sv-SE\",\"potentialAction\":[{\"@type\":\"ReadAction\",\"target\":[\"https:\/\/www.budokampsport.se\/2025\/05\/23\/aikido-oppnade-riksidrottsmotet-idag\/\"]}]},{\"@type\":\"ImageObject\",\"inLanguage\":\"sv-SE\",\"@id\":\"https:\/\/www.budokampsport.se\/2025\/05\/23\/aikido-oppnade-riksidrottsmotet-idag\/#primaryimage\",\"url\":\"https:\/\/www.budokampsport.se\/wp-content\/uploads\/2025\/05\/0.jpeg\",\"contentUrl\":\"https:\/\/www.budokampsport.se\/wp-content\/uploads\/2025\/05\/0.jpeg\",\"width\":707,\"height\":472,\"caption\":\"Foto: SB&K\"},{\"@type\":\"BreadcrumbList\",\"@id\":\"https:\/\/www.budokampsport.se\/2025\/05\/23\/aikido-oppnade-riksidrottsmotet-idag\/#breadcrumb\",\"itemListElement\":[{\"@type\":\"ListItem\",\"position\":1,\"name\":\"Hem\",\"item\":\"https:\/\/www.budokampsport.se\/\"},{\"@type\":\"ListItem\",\"position\":2,\"name\":\"Aikido \u00f6ppnade Riksidrottsm\u00f6tet idag\"}]},{\"@type\":\"WebSite\",\"@id\":\"https:\/\/www.budokampsport.se\/#website\",\"url\":\"https:\/\/www.budokampsport.se\/\",\"name\":\"Svenska Budo &amp; Kampsportsf\u00f6rbundet\",\"description\":\"T\u00e4vling, Tr\u00e4ning, Tradition\",\"potentialAction\":[{\"@type\":\"SearchAction\",\"target\":{\"@type\":\"EntryPoint\",\"urlTemplate\":\"https:\/\/www.budokampsport.se\/?s={search_term_string}\"},\"query-input\":{\"@type\":\"PropertyValueSpecification\",\"valueRequired\":true,\"valueName\":\"search_term_string\"}}],\"inLanguage\":\"sv-SE\"},{\"@type\":\"Person\",\"@id\":\"https:\/\/www.budokampsport.se\/#\/schema\/person\/5c06d81d14850e2a8ce5493386560145\",\"name\":\"Jonathan Broberg\",\"image\":{\"@type\":\"ImageObject\",\"inLanguage\":\"sv-SE\",\"@id\":\"https:\/\/www.budokampsport.se\/#\/schema\/person\/image\/\",\"url\":\"https:\/\/secure.gravatar.com\/avatar\/a58041c6cea9128bd9c40ee2f26d4136?s=96&d=blank&r=g\",\"contentUrl\":\"https:\/\/secure.gravatar.com\/avatar\/a58041c6cea9128bd9c40ee2f26d4136?s=96&d=blank&r=g\",\"caption\":\"Jonathan Broberg\"},\"sameAs\":[\"https:\/\/www.facebook.com\/jonathan.broberg.7\"],\"url\":\"https:\/\/www.budokampsport.se\/author\/jonathan\/\"}]}<\/script>\n<!-- \/ Yoast SEO plugin. -->","yoast_head_json":{"title":"Aikido \u00f6ppnade Riksidrottsm\u00f6tet idag - Svenska Budo &amp; Kampsportsf\u00f6rbundet","description":"Riksidrottsm\u00f6tet \u00e4r ig\u00e5ng, och gl\u00e4djande nog \u00f6ppnades \u00e5rets RIM med en aikidouppvisning signerad Riai Aikido Dojo.","robots":{"index":"index","follow":"follow","max-snippet":"max-snippet:-1","max-image-preview":"max-image-preview:large","max-video-preview":"max-video-preview:-1"},"canonical":"https:\/\/www.budokampsport.se\/2025\/05\/23\/aikido-oppnade-riksidrottsmotet-idag\/","og_locale":"sv_SE","og_type":"article","og_title":"Aikido \u00f6ppnade Riksidrottsm\u00f6tet idag - Svenska Budo &amp; Kampsportsf\u00f6rbundet","og_description":"Riksidrottsm\u00f6tet \u00e4r ig\u00e5ng, och gl\u00e4djande nog \u00f6ppnades \u00e5rets RIM med en aikidouppvisning signerad Riai Aikido Dojo.","og_url":"https:\/\/www.budokampsport.se\/2025\/05\/23\/aikido-oppnade-riksidrottsmotet-idag\/","og_site_name":"Svenska Budo &amp; Kampsportsf\u00f6rbundet","article_author":"https:\/\/www.facebook.com\/jonathan.broberg.7","article_published_time":"2025-05-23T12:55:25+00:00","article_modified_time":"2025-05-23T13:16:16+00:00","og_image":[{"width":707,"height":472,"url":"https:\/\/www.budokampsport.se\/wp-content\/uploads\/2025\/05\/0.jpeg","type":"image\/jpeg"}],"author":"Jonathan Broberg","twitter_card":"summary_large_image","twitter_misc":{"Skriven av":"Jonathan Broberg","Ber\u00e4knad l\u00e4stid":"1 minut"},"schema":{"@context":"https:\/\/schema.org","@graph":[{"@type":"Article","@id":"https:\/\/www.budokampsport.se\/2025\/05\/23\/aikido-oppnade-riksidrottsmotet-idag\/#article","isPartOf":{"@id":"https:\/\/www.budokampsport.se\/2025\/05\/23\/aikido-oppnade-riksidrottsmotet-idag\/"},"author":{"name":"Jonathan Broberg","@id":"https:\/\/www.budokampsport.se\/#\/schema\/person\/5c06d81d14850e2a8ce5493386560145"},"headline":"Aikido \u00f6ppnade Riksidrottsm\u00f6tet idag","datePublished":"2025-05-23T12:55:25+00:00","dateModified":"2025-05-23T13:16:16+00:00","mainEntityOfPage":{"@id":"https:\/\/www.budokampsport.se\/2025\/05\/23\/aikido-oppnade-riksidrottsmotet-idag\/"},"wordCount":154,"image":{"@id":"https:\/\/www.budokampsport.se\/2025\/05\/23\/aikido-oppnade-riksidrottsmotet-idag\/#primaryimage"},"thumbnailUrl":"https:\/\/www.budokampsport.se\/wp-content\/uploads\/2025\/05\/0.jpeg","articleSection":["Aikido","RF"],"inLanguage":"sv-SE"},{"@type":"WebPage","@id":"https:\/\/www.budokampsport.se\/2025\/05\/23\/aikido-oppnade-riksidrottsmotet-idag\/","url":"https:\/\/www.budokampsport.se\/2025\/05\/23\/aikido-oppnade-riksidrottsmotet-idag\/","name":"Aikido \u00f6ppnade Riksidrottsm\u00f6tet idag - Svenska Budo &amp; Kampsportsf\u00f6rbundet","isPartOf":{"@id":"https:\/\/www.budokampsport.se\/#website"},"primaryImageOfPage":{"@id":"https:\/\/www.budokampsport.se\/2025\/05\/23\/aikido-oppnade-riksidrottsmotet-idag\/#primaryimage"},"image":{"@id":"https:\/\/www.budokampsport.se\/2025\/05\/23\/aikido-oppnade-riksidrottsmotet-idag\/#primaryimage"},"thumbnailUrl":"https:\/\/www.budokampsport.se\/wp-content\/uploads\/2025\/05\/0.jpeg","datePublished":"2025-05-23T12:55:25+00:00","dateModified":"2025-05-23T13:16:16+00:00","author":{"@id":"https:\/\/www.budokampsport.se\/#\/schema\/person\/5c06d81d14850e2a8ce5493386560145"},"description":"Riksidrottsm\u00f6tet \u00e4r ig\u00e5ng, och gl\u00e4djande nog \u00f6ppnades \u00e5rets RIM med en aikidouppvisning signerad Riai Aikido Dojo.","breadcrumb":{"@id":"https:\/\/www.budokampsport.se\/2025\/05\/23\/aikido-oppnade-riksidrottsmotet-idag\/#breadcrumb"},"inLanguage":"sv-SE","potentialAction":[{"@type":"ReadAction","target":["https:\/\/www.budokampsport.se\/2025\/05\/23\/aikido-oppnade-riksidrottsmotet-idag\/"]}]},{"@type":"ImageObject","inLanguage":"sv-SE","@id":"https:\/\/www.budokampsport.se\/2025\/05\/23\/aikido-oppnade-riksidrottsmotet-idag\/#primaryimage","url":"https:\/\/www.budokampsport.se\/wp-content\/uploads\/2025\/05\/0.jpeg","contentUrl":"https:\/\/www.budokampsport.se\/wp-content\/uploads\/2025\/05\/0.jpeg","width":707,"height":472,"caption":"Foto: SB&K"},{"@type":"BreadcrumbList","@id":"https:\/\/www.budokampsport.se\/2025\/05\/23\/aikido-oppnade-riksidrottsmotet-idag\/#breadcrumb","itemListElement":[{"@type":"ListItem","position":1,"name":"Hem","item":"https:\/\/www.budokampsport.se\/"},{"@type":"ListItem","position":2,"name":"Aikido \u00f6ppnade Riksidrottsm\u00f6tet idag"}]},{"@type":"WebSite","@id":"https:\/\/www.budokampsport.se\/#website","url":"https:\/\/www.budokampsport.se\/","name":"Svenska Budo &amp; Kampsportsf\u00f6rbundet","description":"T\u00e4vling, Tr\u00e4ning, Tradition","potentialAction":[{"@type":"SearchAction","target":{"@type":"EntryPoint","urlTemplate":"https:\/\/www.budokampsport.se\/?s={search_term_string}"},"query-input":{"@type":"PropertyValueSpecification","valueRequired":true,"valueName":"search_term_string"}}],"inLanguage":"sv-SE"},{"@type":"Person","@id":"https:\/\/www.budokampsport.se\/#\/schema\/person\/5c06d81d14850e2a8ce5493386560145","name":"Jonathan Broberg","image":{"@type":"ImageObject","inLanguage":"sv-SE","@id":"https:\/\/www.budokampsport.se\/#\/schema\/person\/image\/","url":"https:\/\/secure.gravatar.com\/avatar\/a58041c6cea9128bd9c40ee2f26d4136?s=96&d=blank&r=g","contentUrl":"https:\/\/secure.gravatar.com\/avatar\/a58041c6cea9128bd9c40ee2f26d4136?s=96&d=blank&r=g","caption":"Jonathan Broberg"},"sameAs":["https:\/\/www.facebook.com\/jonathan.broberg.7"],"url":"https:\/\/www.budokampsport.se\/author\/jonathan\/"}]}},"_links":{"self":[{"href":"https:\/\/www.budokampsport.se\/api\/wp\/v2\/posts\/181712","targetHints":{"allow":["GET"]}}],"collection":[{"href":"https:\/\/www.budokampsport.se\/api\/wp\/v2\/posts"}],"about":[{"href":"https:\/\/www.budokampsport.se\/api\/wp\/v2\/types\/post"}],"author":[{"embeddable":true,"href":"https:\/\/www.budokampsport.se\/api\/wp\/v2\/users\/7"}],"replies":[{"embeddable":true,"href":"https:\/\/www.budokampsport.se\/api\/wp\/v2\/comments?post=181712"}],"version-history":[{"count":0,"href":"https:\/\/www.budokampsport.se\/api\/wp\/v2\/posts\/181712\/revisions"}],"wp:featuredmedia":[{"embeddable":true,"href":"https:\/\/www.budokampsport.se\/api\/wp\/v2\/media\/181713"}],"wp:attachment":[{"href":"https:\/\/www.budokampsport.se\/api\/wp\/v2\/media?parent=181712"}],"wp:term":[{"taxonomy":"category","embeddable":true,"href":"https:\/\/www.budokampsport.se\/api\/wp\/v2\/categories?post=181712"},{"taxonomy":"post_tag","embeddable":true,"href":"https:\/\/www.budokampsport.se\/api\/wp\/v2\/tags?post=181712"}],"curies":[{"name":"wp","href":"https:\/\/api.w.org\/{rel}","templated":true}]}}