{"id":182198,"date":"2025-07-08T13:37:59","date_gmt":"2025-07-08T13:37:59","guid":{"rendered":"https:\/\/www.budokampsport.se\/?p=182198"},"modified":"2025-07-08T13:37:59","modified_gmt":"2025-07-08T13:37:59","slug":"knut-hogvall-vi-kan-definitivt-ta-medalj","status":"publish","type":"post","link":"https:\/\/www.budokampsport.se\/2025\/07\/08\/knut-hogvall-vi-kan-definitivt-ta-medalj\/","title":{"rendered":"Knut H\u00f6gvall: vi kan definitivt ta medalj"},"content":{"rendered":"<p>P\u00e5 l\u00f6rdag \u00e4r det dags f\u00f6r EM i kyudo i franska Bourges. <\/p>\n<p>En av landslagets mest meriterade \u00e4r Knut H\u00f6gvall och han hoppas blanda sig i medaljstriderna.<\/p>\n<p><strong>Knut, det \u00e4r inte l\u00e5ngt till EM. Hur k\u00e4nner du dig inf\u00f6r m\u00e4sterskapet?<\/strong><\/p>\n<p>&#8211; Det k\u00e4nns v\u00e4ldigt bra. Det har g\u00e5tt b\u00e4ttre och b\u00e4ttre n\u00e4r vi har tr\u00e4nat ihop laget. Vi \u00e4r redo f\u00f6r EM.<\/p>\n<p><strong>Laget har skjutit ihop under r\u00e4tt l\u00e5ng tid nu, vad betyder det?<\/strong><\/p>\n<p>&#8211; Ja, det \u00e4r flera i laget som har varit ihop i olika konstellationer, s\u00e5 vi k\u00e4nner varandra v\u00e4ldigt bra och det \u00e4r en f\u00f6rdel f\u00f6rst\u00e5s.<\/p>\n<p><strong>Du sj\u00e4lv \u00e4r v\u00e4ldigt erfaren, varit med i landslaget sedan 2014, hur bra \u00e4r det h\u00e4r laget?<\/strong><\/p>\n<p>&#8211; P\u00e5 en bra dag kan vi absolut vara med i toppen. Vi kan definitivt ta medalj. De stora l\u00e4nderna har ju ett annat urval att plocka t\u00e4vlanden ifr\u00e5n, men jag tycker att vi har medaljchans om vi skjuter s\u00e5 bra som vi vet att vi kan.<\/p>\n<p><strong>Sista dagarna nu innan EM, vad blir viktigt att t\u00e4nka p\u00e5?<\/strong><\/p>\n<p>&#8211; Det \u00e4r att beh\u00e5lla formen. Det kommer vara v\u00e4ldigt varmt, s\u00e5 inte l\u00e5ta klimatet och v\u00e4rmen p\u00e5verka prestationen. <\/p>\n<p><strong>S\u00e5 med vilken m\u00e5ls\u00e4ttning \u00e5ker du till EM?<\/strong><\/p>\n<p>&#8211; Definitivt medalj. Vi har ju b\u00e5de lag och individuell t\u00e4vling. Jag k\u00e4nner mig i bra form och hoppas kunna vara med i medaljstriderna.<\/p>\n<figure id=\"attachment_164479\" aria-describedby=\"caption-attachment-164479\" style=\"width: 847px\" class=\"wp-caption aligncenter\"><img loading=\"lazy\" decoding=\"async\" class=\"size-large wp-image-164479\" src=\"https:\/\/www.budokampsport.se\/wp-content\/uploads\/2024\/02\/Kyudo_maltavla-847x586.jpg\" alt=\"\" width=\"847\" height=\"586\" srcset=\"https:\/\/www.budokampsport.se\/wp-content\/uploads\/2024\/02\/Kyudo_maltavla-847x586.jpg 847w, https:\/\/www.budokampsport.se\/wp-content\/uploads\/2024\/02\/Kyudo_maltavla-600x415.jpg 600w, https:\/\/www.budokampsport.se\/wp-content\/uploads\/2024\/02\/Kyudo_maltavla-376x260.jpg 376w, https:\/\/www.budokampsport.se\/wp-content\/uploads\/2024\/02\/Kyudo_maltavla-278x192.jpg 278w, https:\/\/www.budokampsport.se\/wp-content\/uploads\/2024\/02\/Kyudo_maltavla-572x396.jpg 572w, https:\/\/www.budokampsport.se\/wp-content\/uploads\/2024\/02\/Kyudo_maltavla.jpg 850w\" sizes=\"auto, (max-width: 847px) 100vw, 847px\" \/><figcaption id=\"caption-attachment-164479\" class=\"wp-caption-text\">Foto: Jonathan Broberg<\/figcaption><\/figure>\n","protected":false},"excerpt":{"rendered":"<p>EM i kyudo stundar. P\u00e5 l\u00f6rdag drar m\u00e4sterskapet ig\u00e5ng i franska Bourges och Knut H\u00f6gvall \u00e4r redo f\u00f6r t\u00e4vlingarna.<\/p><br>","protected":false},"author":7,"featured_media":165893,"comment_status":"closed","ping_status":"closed","sticky":false,"template":"","format":"standard","meta":{"_acf_changed":false,"footnotes":""},"categories":[575],"tags":[],"class_list":["post-182198","post","type-post","status-publish","format-standard","has-post-thumbnail","hentry","category-kyudo"],"acf":[],"yoast_head":"<!-- This site is optimized with the Yoast SEO plugin v26.8 - https:\/\/yoast.com\/product\/yoast-seo-wordpress\/ -->\n<title>Knut H\u00f6gvall: vi kan definitivt ta medalj - Svenska Budo &amp; Kampsportsf\u00f6rbundet<\/title>\n<meta name=\"description\" content=\"EM i kyudo stundar. P\u00e5 l\u00f6rdag drar m\u00e4sterskapet ig\u00e5ng i franska Bourges och Knut H\u00f6gvall \u00e4r redo f\u00f6r t\u00e4vlingarna.\" \/>\n<meta name=\"robots\" content=\"index, follow, max-snippet:-1, max-image-preview:large, max-video-preview:-1\" \/>\n<link rel=\"canonical\" href=\"https:\/\/www.budokampsport.se\/2025\/07\/08\/knut-hogvall-vi-kan-definitivt-ta-medalj\/\" \/>\n<meta property=\"og:locale\" content=\"sv_SE\" \/>\n<meta property=\"og:type\" content=\"article\" \/>\n<meta property=\"og:title\" content=\"Knut H\u00f6gvall: vi kan definitivt ta medalj - Svenska Budo &amp; Kampsportsf\u00f6rbundet\" \/>\n<meta property=\"og:description\" content=\"EM i kyudo stundar. P\u00e5 l\u00f6rdag drar m\u00e4sterskapet ig\u00e5ng i franska Bourges och Knut H\u00f6gvall \u00e4r redo f\u00f6r t\u00e4vlingarna.\" \/>\n<meta property=\"og:url\" content=\"https:\/\/www.budokampsport.se\/2025\/07\/08\/knut-hogvall-vi-kan-definitivt-ta-medalj\/\" \/>\n<meta property=\"og:site_name\" content=\"Svenska Budo &amp; Kampsportsf\u00f6rbundet\" \/>\n<meta property=\"article:author\" content=\"https:\/\/www.facebook.com\/jonathan.broberg.7\" \/>\n<meta property=\"article:published_time\" content=\"2025-07-08T13:37:59+00:00\" \/>\n<meta property=\"og:image\" content=\"https:\/\/www.budokampsport.se\/wp-content\/uploads\/2024\/02\/knut_hogvall.jpg\" \/>\n\t<meta property=\"og:image:width\" content=\"850\" \/>\n\t<meta property=\"og:image:height\" content=\"567\" \/>\n\t<meta property=\"og:image:type\" content=\"image\/jpeg\" \/>\n<meta name=\"author\" content=\"Jonathan Broberg\" \/>\n<meta name=\"twitter:card\" content=\"summary_large_image\" \/>\n<meta name=\"twitter:label1\" content=\"Skriven av\" \/>\n\t<meta name=\"twitter:data1\" content=\"Jonathan Broberg\" \/>\n\t<meta name=\"twitter:label2\" content=\"Ber\u00e4knad l\u00e4stid\" \/>\n\t<meta name=\"twitter:data2\" content=\"2 minuter\" \/>\n<script type=\"application\/ld+json\" class=\"yoast-schema-graph\">{\"@context\":\"https:\/\/schema.org\",\"@graph\":[{\"@type\":\"Article\",\"@id\":\"https:\/\/www.budokampsport.se\/2025\/07\/08\/knut-hogvall-vi-kan-definitivt-ta-medalj\/#article\",\"isPartOf\":{\"@id\":\"https:\/\/www.budokampsport.se\/2025\/07\/08\/knut-hogvall-vi-kan-definitivt-ta-medalj\/\"},\"author\":{\"name\":\"Jonathan Broberg\",\"@id\":\"https:\/\/www.budokampsport.se\/#\/schema\/person\/5c06d81d14850e2a8ce5493386560145\"},\"headline\":\"Knut H\u00f6gvall: vi kan definitivt ta medalj\",\"datePublished\":\"2025-07-08T13:37:59+00:00\",\"mainEntityOfPage\":{\"@id\":\"https:\/\/www.budokampsport.se\/2025\/07\/08\/knut-hogvall-vi-kan-definitivt-ta-medalj\/\"},\"wordCount\":282,\"image\":{\"@id\":\"https:\/\/www.budokampsport.se\/2025\/07\/08\/knut-hogvall-vi-kan-definitivt-ta-medalj\/#primaryimage\"},\"thumbnailUrl\":\"https:\/\/www.budokampsport.se\/wp-content\/uploads\/2024\/02\/knut_hogvall.jpg\",\"articleSection\":[\"Kyudo\"],\"inLanguage\":\"sv-SE\"},{\"@type\":\"WebPage\",\"@id\":\"https:\/\/www.budokampsport.se\/2025\/07\/08\/knut-hogvall-vi-kan-definitivt-ta-medalj\/\",\"url\":\"https:\/\/www.budokampsport.se\/2025\/07\/08\/knut-hogvall-vi-kan-definitivt-ta-medalj\/\",\"name\":\"Knut H\u00f6gvall: vi kan definitivt ta medalj - Svenska Budo &amp; Kampsportsf\u00f6rbundet\",\"isPartOf\":{\"@id\":\"https:\/\/www.budokampsport.se\/#website\"},\"primaryImageOfPage\":{\"@id\":\"https:\/\/www.budokampsport.se\/2025\/07\/08\/knut-hogvall-vi-kan-definitivt-ta-medalj\/#primaryimage\"},\"image\":{\"@id\":\"https:\/\/www.budokampsport.se\/2025\/07\/08\/knut-hogvall-vi-kan-definitivt-ta-medalj\/#primaryimage\"},\"thumbnailUrl\":\"https:\/\/www.budokampsport.se\/wp-content\/uploads\/2024\/02\/knut_hogvall.jpg\",\"datePublished\":\"2025-07-08T13:37:59+00:00\",\"author\":{\"@id\":\"https:\/\/www.budokampsport.se\/#\/schema\/person\/5c06d81d14850e2a8ce5493386560145\"},\"description\":\"EM i kyudo stundar. P\u00e5 l\u00f6rdag drar m\u00e4sterskapet ig\u00e5ng i franska Bourges och Knut H\u00f6gvall \u00e4r redo f\u00f6r t\u00e4vlingarna.\",\"breadcrumb\":{\"@id\":\"https:\/\/www.budokampsport.se\/2025\/07\/08\/knut-hogvall-vi-kan-definitivt-ta-medalj\/#breadcrumb\"},\"inLanguage\":\"sv-SE\",\"potentialAction\":[{\"@type\":\"ReadAction\",\"target\":[\"https:\/\/www.budokampsport.se\/2025\/07\/08\/knut-hogvall-vi-kan-definitivt-ta-medalj\/\"]}]},{\"@type\":\"ImageObject\",\"inLanguage\":\"sv-SE\",\"@id\":\"https:\/\/www.budokampsport.se\/2025\/07\/08\/knut-hogvall-vi-kan-definitivt-ta-medalj\/#primaryimage\",\"url\":\"https:\/\/www.budokampsport.se\/wp-content\/uploads\/2024\/02\/knut_hogvall.jpg\",\"contentUrl\":\"https:\/\/www.budokampsport.se\/wp-content\/uploads\/2024\/02\/knut_hogvall.jpg\",\"width\":850,\"height\":567,\"caption\":\"Foto: Jonathan Broberg\"},{\"@type\":\"BreadcrumbList\",\"@id\":\"https:\/\/www.budokampsport.se\/2025\/07\/08\/knut-hogvall-vi-kan-definitivt-ta-medalj\/#breadcrumb\",\"itemListElement\":[{\"@type\":\"ListItem\",\"position\":1,\"name\":\"Hem\",\"item\":\"https:\/\/www.budokampsport.se\/\"},{\"@type\":\"ListItem\",\"position\":2,\"name\":\"Knut H\u00f6gvall: vi kan definitivt ta medalj\"}]},{\"@type\":\"WebSite\",\"@id\":\"https:\/\/www.budokampsport.se\/#website\",\"url\":\"https:\/\/www.budokampsport.se\/\",\"name\":\"Svenska Budo &amp; Kampsportsf\u00f6rbundet\",\"description\":\"T\u00e4vling, Tr\u00e4ning, Tradition\",\"potentialAction\":[{\"@type\":\"SearchAction\",\"target\":{\"@type\":\"EntryPoint\",\"urlTemplate\":\"https:\/\/www.budokampsport.se\/?s={search_term_string}\"},\"query-input\":{\"@type\":\"PropertyValueSpecification\",\"valueRequired\":true,\"valueName\":\"search_term_string\"}}],\"inLanguage\":\"sv-SE\"},{\"@type\":\"Person\",\"@id\":\"https:\/\/www.budokampsport.se\/#\/schema\/person\/5c06d81d14850e2a8ce5493386560145\",\"name\":\"Jonathan Broberg\",\"image\":{\"@type\":\"ImageObject\",\"inLanguage\":\"sv-SE\",\"@id\":\"https:\/\/www.budokampsport.se\/#\/schema\/person\/image\/\",\"url\":\"https:\/\/secure.gravatar.com\/avatar\/a58041c6cea9128bd9c40ee2f26d4136?s=96&d=blank&r=g\",\"contentUrl\":\"https:\/\/secure.gravatar.com\/avatar\/a58041c6cea9128bd9c40ee2f26d4136?s=96&d=blank&r=g\",\"caption\":\"Jonathan Broberg\"},\"sameAs\":[\"https:\/\/www.facebook.com\/jonathan.broberg.7\"],\"url\":\"https:\/\/www.budokampsport.se\/author\/jonathan\/\"}]}<\/script>\n<!-- \/ Yoast SEO plugin. -->","yoast_head_json":{"title":"Knut H\u00f6gvall: vi kan definitivt ta medalj - Svenska Budo &amp; Kampsportsf\u00f6rbundet","description":"EM i kyudo stundar. P\u00e5 l\u00f6rdag drar m\u00e4sterskapet ig\u00e5ng i franska Bourges och Knut H\u00f6gvall \u00e4r redo f\u00f6r t\u00e4vlingarna.","robots":{"index":"index","follow":"follow","max-snippet":"max-snippet:-1","max-image-preview":"max-image-preview:large","max-video-preview":"max-video-preview:-1"},"canonical":"https:\/\/www.budokampsport.se\/2025\/07\/08\/knut-hogvall-vi-kan-definitivt-ta-medalj\/","og_locale":"sv_SE","og_type":"article","og_title":"Knut H\u00f6gvall: vi kan definitivt ta medalj - Svenska Budo &amp; Kampsportsf\u00f6rbundet","og_description":"EM i kyudo stundar. P\u00e5 l\u00f6rdag drar m\u00e4sterskapet ig\u00e5ng i franska Bourges och Knut H\u00f6gvall \u00e4r redo f\u00f6r t\u00e4vlingarna.","og_url":"https:\/\/www.budokampsport.se\/2025\/07\/08\/knut-hogvall-vi-kan-definitivt-ta-medalj\/","og_site_name":"Svenska Budo &amp; Kampsportsf\u00f6rbundet","article_author":"https:\/\/www.facebook.com\/jonathan.broberg.7","article_published_time":"2025-07-08T13:37:59+00:00","og_image":[{"width":850,"height":567,"url":"https:\/\/www.budokampsport.se\/wp-content\/uploads\/2024\/02\/knut_hogvall.jpg","type":"image\/jpeg"}],"author":"Jonathan Broberg","twitter_card":"summary_large_image","twitter_misc":{"Skriven av":"Jonathan Broberg","Ber\u00e4knad l\u00e4stid":"2 minuter"},"schema":{"@context":"https:\/\/schema.org","@graph":[{"@type":"Article","@id":"https:\/\/www.budokampsport.se\/2025\/07\/08\/knut-hogvall-vi-kan-definitivt-ta-medalj\/#article","isPartOf":{"@id":"https:\/\/www.budokampsport.se\/2025\/07\/08\/knut-hogvall-vi-kan-definitivt-ta-medalj\/"},"author":{"name":"Jonathan Broberg","@id":"https:\/\/www.budokampsport.se\/#\/schema\/person\/5c06d81d14850e2a8ce5493386560145"},"headline":"Knut H\u00f6gvall: vi kan definitivt ta medalj","datePublished":"2025-07-08T13:37:59+00:00","mainEntityOfPage":{"@id":"https:\/\/www.budokampsport.se\/2025\/07\/08\/knut-hogvall-vi-kan-definitivt-ta-medalj\/"},"wordCount":282,"image":{"@id":"https:\/\/www.budokampsport.se\/2025\/07\/08\/knut-hogvall-vi-kan-definitivt-ta-medalj\/#primaryimage"},"thumbnailUrl":"https:\/\/www.budokampsport.se\/wp-content\/uploads\/2024\/02\/knut_hogvall.jpg","articleSection":["Kyudo"],"inLanguage":"sv-SE"},{"@type":"WebPage","@id":"https:\/\/www.budokampsport.se\/2025\/07\/08\/knut-hogvall-vi-kan-definitivt-ta-medalj\/","url":"https:\/\/www.budokampsport.se\/2025\/07\/08\/knut-hogvall-vi-kan-definitivt-ta-medalj\/","name":"Knut H\u00f6gvall: vi kan definitivt ta medalj - Svenska Budo &amp; Kampsportsf\u00f6rbundet","isPartOf":{"@id":"https:\/\/www.budokampsport.se\/#website"},"primaryImageOfPage":{"@id":"https:\/\/www.budokampsport.se\/2025\/07\/08\/knut-hogvall-vi-kan-definitivt-ta-medalj\/#primaryimage"},"image":{"@id":"https:\/\/www.budokampsport.se\/2025\/07\/08\/knut-hogvall-vi-kan-definitivt-ta-medalj\/#primaryimage"},"thumbnailUrl":"https:\/\/www.budokampsport.se\/wp-content\/uploads\/2024\/02\/knut_hogvall.jpg","datePublished":"2025-07-08T13:37:59+00:00","author":{"@id":"https:\/\/www.budokampsport.se\/#\/schema\/person\/5c06d81d14850e2a8ce5493386560145"},"description":"EM i kyudo stundar. P\u00e5 l\u00f6rdag drar m\u00e4sterskapet ig\u00e5ng i franska Bourges och Knut H\u00f6gvall \u00e4r redo f\u00f6r t\u00e4vlingarna.","breadcrumb":{"@id":"https:\/\/www.budokampsport.se\/2025\/07\/08\/knut-hogvall-vi-kan-definitivt-ta-medalj\/#breadcrumb"},"inLanguage":"sv-SE","potentialAction":[{"@type":"ReadAction","target":["https:\/\/www.budokampsport.se\/2025\/07\/08\/knut-hogvall-vi-kan-definitivt-ta-medalj\/"]}]},{"@type":"ImageObject","inLanguage":"sv-SE","@id":"https:\/\/www.budokampsport.se\/2025\/07\/08\/knut-hogvall-vi-kan-definitivt-ta-medalj\/#primaryimage","url":"https:\/\/www.budokampsport.se\/wp-content\/uploads\/2024\/02\/knut_hogvall.jpg","contentUrl":"https:\/\/www.budokampsport.se\/wp-content\/uploads\/2024\/02\/knut_hogvall.jpg","width":850,"height":567,"caption":"Foto: Jonathan Broberg"},{"@type":"BreadcrumbList","@id":"https:\/\/www.budokampsport.se\/2025\/07\/08\/knut-hogvall-vi-kan-definitivt-ta-medalj\/#breadcrumb","itemListElement":[{"@type":"ListItem","position":1,"name":"Hem","item":"https:\/\/www.budokampsport.se\/"},{"@type":"ListItem","position":2,"name":"Knut H\u00f6gvall: vi kan definitivt ta medalj"}]},{"@type":"WebSite","@id":"https:\/\/www.budokampsport.se\/#website","url":"https:\/\/www.budokampsport.se\/","name":"Svenska Budo &amp; Kampsportsf\u00f6rbundet","description":"T\u00e4vling, Tr\u00e4ning, Tradition","potentialAction":[{"@type":"SearchAction","target":{"@type":"EntryPoint","urlTemplate":"https:\/\/www.budokampsport.se\/?s={search_term_string}"},"query-input":{"@type":"PropertyValueSpecification","valueRequired":true,"valueName":"search_term_string"}}],"inLanguage":"sv-SE"},{"@type":"Person","@id":"https:\/\/www.budokampsport.se\/#\/schema\/person\/5c06d81d14850e2a8ce5493386560145","name":"Jonathan Broberg","image":{"@type":"ImageObject","inLanguage":"sv-SE","@id":"https:\/\/www.budokampsport.se\/#\/schema\/person\/image\/","url":"https:\/\/secure.gravatar.com\/avatar\/a58041c6cea9128bd9c40ee2f26d4136?s=96&d=blank&r=g","contentUrl":"https:\/\/secure.gravatar.com\/avatar\/a58041c6cea9128bd9c40ee2f26d4136?s=96&d=blank&r=g","caption":"Jonathan Broberg"},"sameAs":["https:\/\/www.facebook.com\/jonathan.broberg.7"],"url":"https:\/\/www.budokampsport.se\/author\/jonathan\/"}]}},"_links":{"self":[{"href":"https:\/\/www.budokampsport.se\/api\/wp\/v2\/posts\/182198","targetHints":{"allow":["GET"]}}],"collection":[{"href":"https:\/\/www.budokampsport.se\/api\/wp\/v2\/posts"}],"about":[{"href":"https:\/\/www.budokampsport.se\/api\/wp\/v2\/types\/post"}],"author":[{"embeddable":true,"href":"https:\/\/www.budokampsport.se\/api\/wp\/v2\/users\/7"}],"replies":[{"embeddable":true,"href":"https:\/\/www.budokampsport.se\/api\/wp\/v2\/comments?post=182198"}],"version-history":[{"count":0,"href":"https:\/\/www.budokampsport.se\/api\/wp\/v2\/posts\/182198\/revisions"}],"wp:featuredmedia":[{"embeddable":true,"href":"https:\/\/www.budokampsport.se\/api\/wp\/v2\/media\/165893"}],"wp:attachment":[{"href":"https:\/\/www.budokampsport.se\/api\/wp\/v2\/media?parent=182198"}],"wp:term":[{"taxonomy":"category","embeddable":true,"href":"https:\/\/www.budokampsport.se\/api\/wp\/v2\/categories?post=182198"},{"taxonomy":"post_tag","embeddable":true,"href":"https:\/\/www.budokampsport.se\/api\/wp\/v2\/tags?post=182198"}],"curies":[{"name":"wp","href":"https:\/\/api.w.org\/{rel}","templated":true}]}}