{"id":182442,"date":"2025-08-11T08:00:33","date_gmt":"2025-08-11T08:00:33","guid":{"rendered":"https:\/\/www.budokampsport.se\/?p=182442"},"modified":"2025-07-30T11:18:04","modified_gmt":"2025-07-30T11:18:04","slug":"hjarta-i-samhallet-en-del-av-idrottsklivet-fenix-budo-kampsportsforening","status":"publish","type":"post","link":"https:\/\/www.budokampsport.se\/2025\/08\/11\/hjarta-i-samhallet-en-del-av-idrottsklivet-fenix-budo-kampsportsforening\/","title":{"rendered":"Hj\u00e4rta i samh\u00e4llet, Fenix Budo &#038; Kampsportsf\u00f6rening"},"content":{"rendered":"<p>I en artikelserie under augusti kommer vi stifta lite mer bekantskap med de f\u00f6reningar som \u00e4r anslutna till Hj\u00e4rta i samh\u00e4llet \u2013 en del av Idrottsklivet. <\/p>\n<p>Artiklarna g\u00e5r \u00e4ven att hitta i v\u00e5r <a href=\"https:\/\/www.budokampsport.se\/wp-content\/uploads\/2025\/03\/SBK_Hallbarhetsrapport-2024.pdf\" target=\"_blank\" rel=\"noopener\">h\u00e5llbarhetsrappor<\/a>t fr\u00e5n f\u00f6rra \u00e5ret.<\/p>\n<p>Idag har turen kommit till Fenix Budo &amp; Kampsportsf\u00f6rening i Helsingborg.<\/p>\n<h3>\u201dWe make people shine\u201d<\/h3>\n<p>Fenix Budo &amp; Kampsportsf\u00f6rening startade sin verksamhet 2009 av ordf\u00f6rande Mike Wall och tv\u00e5 andra instrukt\u00f6rer. F\u00f6reningen har en verksamhet riktad till barn, ungdomar och vuxna och har cirka 350 medlemmar varav ungef\u00e4r 50 procent \u00e4r barn och ungdomar, 25 procent har en funktionsneds\u00e4ttning och resterande 25 procent \u00e4r vuxna. Klubblokalen ligger centralt i Olympiahallen i Helsingborg d\u00e4r \u00e4ven en m\u00e4ngd olika andra idrotter \u00e4r aktiva. P\u00e5 samma omr\u00e5de ligger fotbollsarenan Olympia, Idrottens Hus, Helsingborgs Arena och ishallen.<\/p>\n<p>Verksamheten har tv\u00e5 huvudsakliga omr\u00e5den, jujutsu och BJJ. F\u00f6reningen har \u00e4ven ett instrukt\u00f6rsr\u00e5d med \u00f6ver tjugo svartb\u00e4lten som ansvarar f\u00f6r idrottsutveckling. Huvudcoach f\u00f6r BJJ \u00e4r Daniel Stevens och f\u00f6r jujutsun Mike Wall.<\/p>\n<h3>M\u00e5lgrupp och vision<\/h3>\n<p>F\u00f6reningen har nyligen kommit ig\u00e5ng med aktiviteterna i Idrottsklivet och har tidigare l\u00e5ng erfarenhet av idrottsprojekt. F\u00f6r f\u00f6reningen \u00e4r det viktigt att forts\u00e4tta att vara stolta f\u00f6retr\u00e4dare f\u00f6r det egna varum\u00e4rket och en del av f\u00f6reningens v\u00e4rdegrund \u00e4r: \u201dWe make people shine\u201d.<\/p>\n<p>Fenix Budo &amp; Kampsportsf\u00f6rening har p\u00e5verkat tusentals unga under de femton \u00e5r som f\u00f6reningen varit verksam. H\u00e4r har man bland exemplen m\u00e5nga unga m\u00e4n som kommer fr\u00e5n utsatta omr\u00e5dena som idag verkar som positiva f\u00f6red\u00f6men. En del av dessa t\u00e4vlar nu i BJJ och vinner medaljer p\u00e5 internationella m\u00e4sterskap, vilket inspirerar m\u00e5nga. Fenix Budo &amp; Kampsportsf\u00f6renings instrukt\u00f6rer \u00e4r flerfaldigt bel\u00f6nade och har arbetat inom parasport under m\u00e5nga \u00e5r. N\u00e5gra andra goda exempel p\u00e5 hur f\u00f6reningen lyckats \u00e4r att n\u00e5gra medlemmar med funktionsneds\u00e4ttning lyckats gradera till svart b\u00e4lte i Jujitsu.<\/p>\n<p>F\u00f6reningens huvudtr\u00e4nare Mike Wall \u00e4r flerfaldigt prisbel\u00f6nad som \u00e5rets idrottsledare, har sprungit med OS-facklan f\u00f6r Sverige i Kina 2008, har 8 Dan i Jujitsu och innehar en av v\u00e4rldens h\u00f6gsta instrukt\u00f6rstitlar i form av Kyoshi.<\/p>\n<h3>Bes\u00f6k undersidan Ett hj\u00e4rta i samh\u00e4llet<\/h3>\n<p>Bes\u00f6k g\u00e4rna v\u00e5r undersida om <a href=\"https:\/\/www.budokampsport.se\/forbund\/ett-hjarta-i-samhallet\/\" target=\"_blank\" rel=\"noopener\">Ett hj\u00e4rta i samh\u00e4llet<\/a>, d\u00e4r det finns mer information om projektet.<\/p>\n<p><img loading=\"lazy\" decoding=\"async\" class=\"aligncenter size-thumbnail wp-image-180762\" src=\"https:\/\/www.budokampsport.se\/wp-content\/uploads\/2025\/04\/fenix-278x203.jpg\" alt=\"\" width=\"278\" height=\"203\" srcset=\"https:\/\/www.budokampsport.se\/wp-content\/uploads\/2025\/04\/fenix-278x203.jpg 278w, https:\/\/www.budokampsport.se\/wp-content\/uploads\/2025\/04\/fenix.jpg 397w\" sizes=\"auto, (max-width: 278px) 100vw, 278px\" \/><\/p>\n","protected":false},"excerpt":{"rendered":"<p>Artikelserie om f\u00f6reningarna inom Hj\u00e4rta i samh\u00e4llet &#8211; en del av Idrottsklivet. <\/p><br>","protected":false},"author":7,"featured_media":133147,"comment_status":"closed","ping_status":"closed","sticky":false,"template":"","format":"standard","meta":{"_acf_changed":false,"footnotes":""},"categories":[602,531],"tags":[],"class_list":["post-182442","post","type-post","status-publish","format-standard","has-post-thumbnail","hentry","category-idrottsklivet","category-sbk-2"],"acf":[],"yoast_head":"<!-- This site is optimized with the Yoast SEO plugin v26.8 - https:\/\/yoast.com\/product\/yoast-seo-wordpress\/ -->\n<title>Hj\u00e4rta i samh\u00e4llet, Fenix Budo &amp; Kampsportsf\u00f6rening - Svenska Budo &amp; Kampsportsf\u00f6rbundet<\/title>\n<meta name=\"description\" content=\"Artikelserie om f\u00f6reningarna inom Hj\u00e4rta i samh\u00e4llet - en del av Idrottsklivet.\" \/>\n<meta name=\"robots\" content=\"index, follow, max-snippet:-1, max-image-preview:large, max-video-preview:-1\" \/>\n<link rel=\"canonical\" href=\"https:\/\/www.budokampsport.se\/2025\/08\/11\/hjarta-i-samhallet-en-del-av-idrottsklivet-fenix-budo-kampsportsforening\/\" \/>\n<meta property=\"og:locale\" content=\"sv_SE\" \/>\n<meta property=\"og:type\" content=\"article\" \/>\n<meta property=\"og:title\" content=\"Hj\u00e4rta i samh\u00e4llet, Fenix Budo &amp; Kampsportsf\u00f6rening - Svenska Budo &amp; Kampsportsf\u00f6rbundet\" \/>\n<meta property=\"og:description\" content=\"Artikelserie om f\u00f6reningarna inom Hj\u00e4rta i samh\u00e4llet - en del av Idrottsklivet.\" \/>\n<meta property=\"og:url\" content=\"https:\/\/www.budokampsport.se\/2025\/08\/11\/hjarta-i-samhallet-en-del-av-idrottsklivet-fenix-budo-kampsportsforening\/\" \/>\n<meta property=\"og:site_name\" content=\"Svenska Budo &amp; Kampsportsf\u00f6rbundet\" \/>\n<meta property=\"article:author\" content=\"https:\/\/www.facebook.com\/jonathan.broberg.7\" \/>\n<meta property=\"article:published_time\" content=\"2025-08-11T08:00:33+00:00\" \/>\n<meta property=\"og:image\" content=\"https:\/\/www.budokampsport.se\/wp-content\/uploads\/2021\/12\/BB190907LT025-1200px.jpg\" \/>\n\t<meta property=\"og:image:width\" content=\"1200\" \/>\n\t<meta property=\"og:image:height\" content=\"800\" \/>\n\t<meta property=\"og:image:type\" content=\"image\/jpeg\" \/>\n<meta name=\"author\" content=\"Jonathan Broberg\" \/>\n<meta name=\"twitter:card\" content=\"summary_large_image\" \/>\n<meta name=\"twitter:label1\" content=\"Skriven av\" \/>\n\t<meta name=\"twitter:data1\" content=\"Jonathan Broberg\" \/>\n\t<meta name=\"twitter:label2\" content=\"Ber\u00e4knad l\u00e4stid\" \/>\n\t<meta name=\"twitter:data2\" content=\"3 minuter\" \/>\n<script type=\"application\/ld+json\" class=\"yoast-schema-graph\">{\"@context\":\"https:\/\/schema.org\",\"@graph\":[{\"@type\":\"Article\",\"@id\":\"https:\/\/www.budokampsport.se\/2025\/08\/11\/hjarta-i-samhallet-en-del-av-idrottsklivet-fenix-budo-kampsportsforening\/#article\",\"isPartOf\":{\"@id\":\"https:\/\/www.budokampsport.se\/2025\/08\/11\/hjarta-i-samhallet-en-del-av-idrottsklivet-fenix-budo-kampsportsforening\/\"},\"author\":{\"name\":\"Jonathan Broberg\",\"@id\":\"https:\/\/www.budokampsport.se\/#\/schema\/person\/5c06d81d14850e2a8ce5493386560145\"},\"headline\":\"Hj\u00e4rta i samh\u00e4llet, Fenix Budo &#038; Kampsportsf\u00f6rening\",\"datePublished\":\"2025-08-11T08:00:33+00:00\",\"mainEntityOfPage\":{\"@id\":\"https:\/\/www.budokampsport.se\/2025\/08\/11\/hjarta-i-samhallet-en-del-av-idrottsklivet-fenix-budo-kampsportsforening\/\"},\"wordCount\":431,\"image\":{\"@id\":\"https:\/\/www.budokampsport.se\/2025\/08\/11\/hjarta-i-samhallet-en-del-av-idrottsklivet-fenix-budo-kampsportsforening\/#primaryimage\"},\"thumbnailUrl\":\"https:\/\/www.budokampsport.se\/wp-content\/uploads\/2021\/12\/BB190907LT025-1200px.jpg\",\"articleSection\":[\"Idrottsklivet\",\"SB&amp;K\"],\"inLanguage\":\"sv-SE\"},{\"@type\":\"WebPage\",\"@id\":\"https:\/\/www.budokampsport.se\/2025\/08\/11\/hjarta-i-samhallet-en-del-av-idrottsklivet-fenix-budo-kampsportsforening\/\",\"url\":\"https:\/\/www.budokampsport.se\/2025\/08\/11\/hjarta-i-samhallet-en-del-av-idrottsklivet-fenix-budo-kampsportsforening\/\",\"name\":\"Hj\u00e4rta i samh\u00e4llet, Fenix Budo & Kampsportsf\u00f6rening - Svenska Budo &amp; Kampsportsf\u00f6rbundet\",\"isPartOf\":{\"@id\":\"https:\/\/www.budokampsport.se\/#website\"},\"primaryImageOfPage\":{\"@id\":\"https:\/\/www.budokampsport.se\/2025\/08\/11\/hjarta-i-samhallet-en-del-av-idrottsklivet-fenix-budo-kampsportsforening\/#primaryimage\"},\"image\":{\"@id\":\"https:\/\/www.budokampsport.se\/2025\/08\/11\/hjarta-i-samhallet-en-del-av-idrottsklivet-fenix-budo-kampsportsforening\/#primaryimage\"},\"thumbnailUrl\":\"https:\/\/www.budokampsport.se\/wp-content\/uploads\/2021\/12\/BB190907LT025-1200px.jpg\",\"datePublished\":\"2025-08-11T08:00:33+00:00\",\"author\":{\"@id\":\"https:\/\/www.budokampsport.se\/#\/schema\/person\/5c06d81d14850e2a8ce5493386560145\"},\"description\":\"Artikelserie om f\u00f6reningarna inom Hj\u00e4rta i samh\u00e4llet - en del av Idrottsklivet.\",\"breadcrumb\":{\"@id\":\"https:\/\/www.budokampsport.se\/2025\/08\/11\/hjarta-i-samhallet-en-del-av-idrottsklivet-fenix-budo-kampsportsforening\/#breadcrumb\"},\"inLanguage\":\"sv-SE\",\"potentialAction\":[{\"@type\":\"ReadAction\",\"target\":[\"https:\/\/www.budokampsport.se\/2025\/08\/11\/hjarta-i-samhallet-en-del-av-idrottsklivet-fenix-budo-kampsportsforening\/\"]}]},{\"@type\":\"ImageObject\",\"inLanguage\":\"sv-SE\",\"@id\":\"https:\/\/www.budokampsport.se\/2025\/08\/11\/hjarta-i-samhallet-en-del-av-idrottsklivet-fenix-budo-kampsportsforening\/#primaryimage\",\"url\":\"https:\/\/www.budokampsport.se\/wp-content\/uploads\/2021\/12\/BB190907LT025-1200px.jpg\",\"contentUrl\":\"https:\/\/www.budokampsport.se\/wp-content\/uploads\/2021\/12\/BB190907LT025-1200px.jpg\",\"width\":1200,\"height\":800,\"caption\":\"Foto: Ludvig Thunman \/ BILDBYR\u00c5N\"},{\"@type\":\"BreadcrumbList\",\"@id\":\"https:\/\/www.budokampsport.se\/2025\/08\/11\/hjarta-i-samhallet-en-del-av-idrottsklivet-fenix-budo-kampsportsforening\/#breadcrumb\",\"itemListElement\":[{\"@type\":\"ListItem\",\"position\":1,\"name\":\"Hem\",\"item\":\"https:\/\/www.budokampsport.se\/\"},{\"@type\":\"ListItem\",\"position\":2,\"name\":\"Hj\u00e4rta i samh\u00e4llet, Fenix Budo &#038; Kampsportsf\u00f6rening\"}]},{\"@type\":\"WebSite\",\"@id\":\"https:\/\/www.budokampsport.se\/#website\",\"url\":\"https:\/\/www.budokampsport.se\/\",\"name\":\"Svenska Budo &amp; Kampsportsf\u00f6rbundet\",\"description\":\"T\u00e4vling, Tr\u00e4ning, Tradition\",\"potentialAction\":[{\"@type\":\"SearchAction\",\"target\":{\"@type\":\"EntryPoint\",\"urlTemplate\":\"https:\/\/www.budokampsport.se\/?s={search_term_string}\"},\"query-input\":{\"@type\":\"PropertyValueSpecification\",\"valueRequired\":true,\"valueName\":\"search_term_string\"}}],\"inLanguage\":\"sv-SE\"},{\"@type\":\"Person\",\"@id\":\"https:\/\/www.budokampsport.se\/#\/schema\/person\/5c06d81d14850e2a8ce5493386560145\",\"name\":\"Jonathan Broberg\",\"image\":{\"@type\":\"ImageObject\",\"inLanguage\":\"sv-SE\",\"@id\":\"https:\/\/www.budokampsport.se\/#\/schema\/person\/image\/\",\"url\":\"https:\/\/secure.gravatar.com\/avatar\/a58041c6cea9128bd9c40ee2f26d4136?s=96&d=blank&r=g\",\"contentUrl\":\"https:\/\/secure.gravatar.com\/avatar\/a58041c6cea9128bd9c40ee2f26d4136?s=96&d=blank&r=g\",\"caption\":\"Jonathan Broberg\"},\"sameAs\":[\"https:\/\/www.facebook.com\/jonathan.broberg.7\"],\"url\":\"https:\/\/www.budokampsport.se\/author\/jonathan\/\"}]}<\/script>\n<!-- \/ Yoast SEO plugin. -->","yoast_head_json":{"title":"Hj\u00e4rta i samh\u00e4llet, Fenix Budo & Kampsportsf\u00f6rening - Svenska Budo &amp; Kampsportsf\u00f6rbundet","description":"Artikelserie om f\u00f6reningarna inom Hj\u00e4rta i samh\u00e4llet - en del av Idrottsklivet.","robots":{"index":"index","follow":"follow","max-snippet":"max-snippet:-1","max-image-preview":"max-image-preview:large","max-video-preview":"max-video-preview:-1"},"canonical":"https:\/\/www.budokampsport.se\/2025\/08\/11\/hjarta-i-samhallet-en-del-av-idrottsklivet-fenix-budo-kampsportsforening\/","og_locale":"sv_SE","og_type":"article","og_title":"Hj\u00e4rta i samh\u00e4llet, Fenix Budo & Kampsportsf\u00f6rening - Svenska Budo &amp; Kampsportsf\u00f6rbundet","og_description":"Artikelserie om f\u00f6reningarna inom Hj\u00e4rta i samh\u00e4llet - en del av Idrottsklivet.","og_url":"https:\/\/www.budokampsport.se\/2025\/08\/11\/hjarta-i-samhallet-en-del-av-idrottsklivet-fenix-budo-kampsportsforening\/","og_site_name":"Svenska Budo &amp; Kampsportsf\u00f6rbundet","article_author":"https:\/\/www.facebook.com\/jonathan.broberg.7","article_published_time":"2025-08-11T08:00:33+00:00","og_image":[{"width":1200,"height":800,"url":"https:\/\/www.budokampsport.se\/wp-content\/uploads\/2021\/12\/BB190907LT025-1200px.jpg","type":"image\/jpeg"}],"author":"Jonathan Broberg","twitter_card":"summary_large_image","twitter_misc":{"Skriven av":"Jonathan Broberg","Ber\u00e4knad l\u00e4stid":"3 minuter"},"schema":{"@context":"https:\/\/schema.org","@graph":[{"@type":"Article","@id":"https:\/\/www.budokampsport.se\/2025\/08\/11\/hjarta-i-samhallet-en-del-av-idrottsklivet-fenix-budo-kampsportsforening\/#article","isPartOf":{"@id":"https:\/\/www.budokampsport.se\/2025\/08\/11\/hjarta-i-samhallet-en-del-av-idrottsklivet-fenix-budo-kampsportsforening\/"},"author":{"name":"Jonathan Broberg","@id":"https:\/\/www.budokampsport.se\/#\/schema\/person\/5c06d81d14850e2a8ce5493386560145"},"headline":"Hj\u00e4rta i samh\u00e4llet, Fenix Budo &#038; Kampsportsf\u00f6rening","datePublished":"2025-08-11T08:00:33+00:00","mainEntityOfPage":{"@id":"https:\/\/www.budokampsport.se\/2025\/08\/11\/hjarta-i-samhallet-en-del-av-idrottsklivet-fenix-budo-kampsportsforening\/"},"wordCount":431,"image":{"@id":"https:\/\/www.budokampsport.se\/2025\/08\/11\/hjarta-i-samhallet-en-del-av-idrottsklivet-fenix-budo-kampsportsforening\/#primaryimage"},"thumbnailUrl":"https:\/\/www.budokampsport.se\/wp-content\/uploads\/2021\/12\/BB190907LT025-1200px.jpg","articleSection":["Idrottsklivet","SB&amp;K"],"inLanguage":"sv-SE"},{"@type":"WebPage","@id":"https:\/\/www.budokampsport.se\/2025\/08\/11\/hjarta-i-samhallet-en-del-av-idrottsklivet-fenix-budo-kampsportsforening\/","url":"https:\/\/www.budokampsport.se\/2025\/08\/11\/hjarta-i-samhallet-en-del-av-idrottsklivet-fenix-budo-kampsportsforening\/","name":"Hj\u00e4rta i samh\u00e4llet, Fenix Budo & Kampsportsf\u00f6rening - Svenska Budo &amp; Kampsportsf\u00f6rbundet","isPartOf":{"@id":"https:\/\/www.budokampsport.se\/#website"},"primaryImageOfPage":{"@id":"https:\/\/www.budokampsport.se\/2025\/08\/11\/hjarta-i-samhallet-en-del-av-idrottsklivet-fenix-budo-kampsportsforening\/#primaryimage"},"image":{"@id":"https:\/\/www.budokampsport.se\/2025\/08\/11\/hjarta-i-samhallet-en-del-av-idrottsklivet-fenix-budo-kampsportsforening\/#primaryimage"},"thumbnailUrl":"https:\/\/www.budokampsport.se\/wp-content\/uploads\/2021\/12\/BB190907LT025-1200px.jpg","datePublished":"2025-08-11T08:00:33+00:00","author":{"@id":"https:\/\/www.budokampsport.se\/#\/schema\/person\/5c06d81d14850e2a8ce5493386560145"},"description":"Artikelserie om f\u00f6reningarna inom Hj\u00e4rta i samh\u00e4llet - en del av Idrottsklivet.","breadcrumb":{"@id":"https:\/\/www.budokampsport.se\/2025\/08\/11\/hjarta-i-samhallet-en-del-av-idrottsklivet-fenix-budo-kampsportsforening\/#breadcrumb"},"inLanguage":"sv-SE","potentialAction":[{"@type":"ReadAction","target":["https:\/\/www.budokampsport.se\/2025\/08\/11\/hjarta-i-samhallet-en-del-av-idrottsklivet-fenix-budo-kampsportsforening\/"]}]},{"@type":"ImageObject","inLanguage":"sv-SE","@id":"https:\/\/www.budokampsport.se\/2025\/08\/11\/hjarta-i-samhallet-en-del-av-idrottsklivet-fenix-budo-kampsportsforening\/#primaryimage","url":"https:\/\/www.budokampsport.se\/wp-content\/uploads\/2021\/12\/BB190907LT025-1200px.jpg","contentUrl":"https:\/\/www.budokampsport.se\/wp-content\/uploads\/2021\/12\/BB190907LT025-1200px.jpg","width":1200,"height":800,"caption":"Foto: Ludvig Thunman \/ BILDBYR\u00c5N"},{"@type":"BreadcrumbList","@id":"https:\/\/www.budokampsport.se\/2025\/08\/11\/hjarta-i-samhallet-en-del-av-idrottsklivet-fenix-budo-kampsportsforening\/#breadcrumb","itemListElement":[{"@type":"ListItem","position":1,"name":"Hem","item":"https:\/\/www.budokampsport.se\/"},{"@type":"ListItem","position":2,"name":"Hj\u00e4rta i samh\u00e4llet, Fenix Budo &#038; Kampsportsf\u00f6rening"}]},{"@type":"WebSite","@id":"https:\/\/www.budokampsport.se\/#website","url":"https:\/\/www.budokampsport.se\/","name":"Svenska Budo &amp; Kampsportsf\u00f6rbundet","description":"T\u00e4vling, Tr\u00e4ning, Tradition","potentialAction":[{"@type":"SearchAction","target":{"@type":"EntryPoint","urlTemplate":"https:\/\/www.budokampsport.se\/?s={search_term_string}"},"query-input":{"@type":"PropertyValueSpecification","valueRequired":true,"valueName":"search_term_string"}}],"inLanguage":"sv-SE"},{"@type":"Person","@id":"https:\/\/www.budokampsport.se\/#\/schema\/person\/5c06d81d14850e2a8ce5493386560145","name":"Jonathan Broberg","image":{"@type":"ImageObject","inLanguage":"sv-SE","@id":"https:\/\/www.budokampsport.se\/#\/schema\/person\/image\/","url":"https:\/\/secure.gravatar.com\/avatar\/a58041c6cea9128bd9c40ee2f26d4136?s=96&d=blank&r=g","contentUrl":"https:\/\/secure.gravatar.com\/avatar\/a58041c6cea9128bd9c40ee2f26d4136?s=96&d=blank&r=g","caption":"Jonathan Broberg"},"sameAs":["https:\/\/www.facebook.com\/jonathan.broberg.7"],"url":"https:\/\/www.budokampsport.se\/author\/jonathan\/"}]}},"_links":{"self":[{"href":"https:\/\/www.budokampsport.se\/api\/wp\/v2\/posts\/182442","targetHints":{"allow":["GET"]}}],"collection":[{"href":"https:\/\/www.budokampsport.se\/api\/wp\/v2\/posts"}],"about":[{"href":"https:\/\/www.budokampsport.se\/api\/wp\/v2\/types\/post"}],"author":[{"embeddable":true,"href":"https:\/\/www.budokampsport.se\/api\/wp\/v2\/users\/7"}],"replies":[{"embeddable":true,"href":"https:\/\/www.budokampsport.se\/api\/wp\/v2\/comments?post=182442"}],"version-history":[{"count":0,"href":"https:\/\/www.budokampsport.se\/api\/wp\/v2\/posts\/182442\/revisions"}],"wp:featuredmedia":[{"embeddable":true,"href":"https:\/\/www.budokampsport.se\/api\/wp\/v2\/media\/133147"}],"wp:attachment":[{"href":"https:\/\/www.budokampsport.se\/api\/wp\/v2\/media?parent=182442"}],"wp:term":[{"taxonomy":"category","embeddable":true,"href":"https:\/\/www.budokampsport.se\/api\/wp\/v2\/categories?post=182442"},{"taxonomy":"post_tag","embeddable":true,"href":"https:\/\/www.budokampsport.se\/api\/wp\/v2\/tags?post=182442"}],"curies":[{"name":"wp","href":"https:\/\/api.w.org\/{rel}","templated":true}]}}