{"id":183690,"date":"2025-09-22T17:33:05","date_gmt":"2025-09-22T15:33:05","guid":{"rendered":"https:\/\/www.budokampsport.se\/?p=183690"},"modified":"2025-09-22T18:26:04","modified_gmt":"2025-09-22T16:26:04","slug":"anders-petterssons-historiska-svenska-7-dan","status":"publish","type":"post","link":"https:\/\/www.budokampsport.se\/2025\/09\/22\/anders-petterssons-historiska-svenska-7-dan\/","title":{"rendered":"Anders Pettersson tog historisk svensk 7 dan"},"content":{"rendered":"<p>Det var i helgen v\u00e4rml\u00e4nningen Anders Pettersson blev f\u00f6rsta bl\u00e5gul att ta 7 dan i shorinji kempo.<\/p>\n<p>Graderingen skedde hos Hombu i Japan.<\/p>\n<p>&#8211; Det \u00e4r stort och ett kvitto p\u00e5 att man har gjort n\u00e5got bra \u00f6ver tid. Det \u00e4r enbart en handfull europ\u00e9er som har 7 dan, s\u00e4ger han till budokampsport.se.<\/p>\n<p>Pettersson har tr\u00e4nat shorinji kempo i snart 42 \u00e5r.<\/p>\n<p>&#8211; F\u00f6r min egen del \u00e4r tr\u00e4ningen det viktigaste och roligaste. I praktiken spelar inte graderingen s\u00e5 stor roll. Det \u00e4r kul att f\u00e5 det erk\u00e4nnandet, sj\u00e4lvklart, men tr\u00e4ningen forts\u00e4tter som i stort sett vanligt.<\/p>\n<p><strong>Anders, hur g\u00e5r en gradering till?<\/strong><\/p>\n<p>&#8211; Graderingen rent praktiskt \u00e4r f\u00f6rst att skriva en uppsats om ett par \u00e4mnen, olika beroende p\u00e5 grad. Sedan \u00e4r det \u00e4ven skriftligt test p\u00e5 sj\u00e4lva graderingsdagen f\u00f6r 4-5 dan, f\u00f6r 6-7 dan \u00e4r det ist\u00e4llet en l\u00e4ngre intervju, d\u00e4r man dels vill ha svar p\u00e5 en del konkreta fr\u00e5gest\u00e4llningar, men \u00e4ven en hel om hur man ser p\u00e5 sin egen tr\u00e4ning. Vilken roll och vilket ansvar man b\u00f6r ta om man blir godk\u00e4nd, hur man kan hj\u00e4lpa till att sprida idrotten och s\u00e5 vidare.<\/p>\n<p>&#8211; Sedan \u00e4r det fysiskt test, 1-2 timmar brukar det ta, d\u00e4r man ska g\u00f6ra ett antal tekniker som slumpvis v\u00e4ljs ut av alla tekniker vi har. Det \u00e4r n\u00e5gra hundra namn p\u00e5 japanska att h\u00e5lla reda p\u00e5, och en hel del har liknande namn.\u00a0<\/p>\n<p>&#8211; Vid en s\u00e5n h\u00e4r gradering, som normalt h\u00e5lls fyra g\u00e5nger per \u00e5r, \u00e4r det cirka hundra personer som graderar, flest till 4 dan och lite f\u00e4rre ju h\u00f6gre upp i graderna man kommer. Vi var tio som blev godk\u00e4nda till 7 dan den h\u00e4r g\u00e5ngen.<\/p>\n<figure id=\"attachment_183691\" aria-describedby=\"caption-attachment-183691\" style=\"width: 1450px\" class=\"wp-caption alignnone\"><img loading=\"lazy\" decoding=\"async\" class=\"size-full wp-image-183691\" src=\"https:\/\/www.budokampsport.se\/wp-content\/uploads\/2025\/09\/anders-pettersson.jpg\" alt=\"\" width=\"1450\" height=\"1032\" srcset=\"https:\/\/www.budokampsport.se\/wp-content\/uploads\/2025\/09\/anders-pettersson.jpg 1450w, https:\/\/www.budokampsport.se\/wp-content\/uploads\/2025\/09\/anders-pettersson-278x198.jpg 278w, https:\/\/www.budokampsport.se\/wp-content\/uploads\/2025\/09\/anders-pettersson-600x427.jpg 600w\" sizes=\"auto, (max-width: 1450px) 100vw, 1450px\" \/><figcaption id=\"caption-attachment-183691\" class=\"wp-caption-text\">Foto: Sven Lindwall \/ BILDBYR\u00c5N<\/figcaption><\/figure>\n","protected":false},"excerpt":{"rendered":"<p>Shorinji kempo-profilen Anders Pettersson skrev i helgen in sig i historieb\u00f6ckerna som den f\u00f6rste svensk att gradera till 7 dan.<\/p><br>","protected":false},"author":7,"featured_media":183696,"comment_status":"closed","ping_status":"closed","sticky":false,"template":"","format":"standard","meta":{"_acf_changed":false,"footnotes":""},"categories":[558],"tags":[],"class_list":["post-183690","post","type-post","status-publish","format-standard","has-post-thumbnail","hentry","category-shorinji-kempo"],"acf":[],"yoast_head":"<!-- This site is optimized with the Yoast SEO plugin v26.8 - https:\/\/yoast.com\/product\/yoast-seo-wordpress\/ -->\n<title>Anders Pettersson tog historisk svensk 7 dan - Svenska Budo &amp; Kampsportsf\u00f6rbundet<\/title>\n<meta name=\"description\" content=\"Shorinji kempo-profilen Anders Pettersson skrev i helgen in sig i historieb\u00f6ckerna som den f\u00f6rste svensk att gradera till 7 dan.\" \/>\n<meta name=\"robots\" content=\"index, follow, max-snippet:-1, max-image-preview:large, max-video-preview:-1\" \/>\n<link rel=\"canonical\" href=\"https:\/\/www.budokampsport.se\/2025\/09\/22\/anders-petterssons-historiska-svenska-7-dan\/\" \/>\n<meta property=\"og:locale\" content=\"sv_SE\" \/>\n<meta property=\"og:type\" content=\"article\" \/>\n<meta property=\"og:title\" content=\"Anders Pettersson tog historisk svensk 7 dan - Svenska Budo &amp; Kampsportsf\u00f6rbundet\" \/>\n<meta property=\"og:description\" content=\"Shorinji kempo-profilen Anders Pettersson skrev i helgen in sig i historieb\u00f6ckerna som den f\u00f6rste svensk att gradera till 7 dan.\" \/>\n<meta property=\"og:url\" content=\"https:\/\/www.budokampsport.se\/2025\/09\/22\/anders-petterssons-historiska-svenska-7-dan\/\" \/>\n<meta property=\"og:site_name\" content=\"Svenska Budo &amp; Kampsportsf\u00f6rbundet\" \/>\n<meta property=\"article:author\" content=\"https:\/\/www.facebook.com\/jonathan.broberg.7\" \/>\n<meta property=\"article:published_time\" content=\"2025-09-22T15:33:05+00:00\" \/>\n<meta property=\"article:modified_time\" content=\"2025-09-22T16:26:04+00:00\" \/>\n<meta property=\"og:image\" content=\"https:\/\/www.budokampsport.se\/wp-content\/uploads\/2025\/09\/Anders-pettersson_igen.jpg\" \/>\n\t<meta property=\"og:image:width\" content=\"2048\" \/>\n\t<meta property=\"og:image:height\" content=\"1153\" \/>\n\t<meta property=\"og:image:type\" content=\"image\/jpeg\" \/>\n<meta name=\"author\" content=\"Jonathan Broberg\" \/>\n<meta name=\"twitter:card\" content=\"summary_large_image\" \/>\n<meta name=\"twitter:label1\" content=\"Skriven av\" \/>\n\t<meta name=\"twitter:data1\" content=\"Jonathan Broberg\" \/>\n\t<meta name=\"twitter:label2\" content=\"Ber\u00e4knad l\u00e4stid\" \/>\n\t<meta name=\"twitter:data2\" content=\"2 minuter\" \/>\n<script type=\"application\/ld+json\" class=\"yoast-schema-graph\">{\"@context\":\"https:\/\/schema.org\",\"@graph\":[{\"@type\":\"Article\",\"@id\":\"https:\/\/www.budokampsport.se\/2025\/09\/22\/anders-petterssons-historiska-svenska-7-dan\/#article\",\"isPartOf\":{\"@id\":\"https:\/\/www.budokampsport.se\/2025\/09\/22\/anders-petterssons-historiska-svenska-7-dan\/\"},\"author\":{\"name\":\"Jonathan Broberg\",\"@id\":\"https:\/\/www.budokampsport.se\/#\/schema\/person\/5c06d81d14850e2a8ce5493386560145\"},\"headline\":\"Anders Pettersson tog historisk svensk 7 dan\",\"datePublished\":\"2025-09-22T15:33:05+00:00\",\"dateModified\":\"2025-09-22T16:26:04+00:00\",\"mainEntityOfPage\":{\"@id\":\"https:\/\/www.budokampsport.se\/2025\/09\/22\/anders-petterssons-historiska-svenska-7-dan\/\"},\"wordCount\":335,\"image\":{\"@id\":\"https:\/\/www.budokampsport.se\/2025\/09\/22\/anders-petterssons-historiska-svenska-7-dan\/#primaryimage\"},\"thumbnailUrl\":\"https:\/\/www.budokampsport.se\/wp-content\/uploads\/2025\/09\/Anders-pettersson_igen.jpg\",\"articleSection\":[\"Shorinji kempo\"],\"inLanguage\":\"sv-SE\"},{\"@type\":\"WebPage\",\"@id\":\"https:\/\/www.budokampsport.se\/2025\/09\/22\/anders-petterssons-historiska-svenska-7-dan\/\",\"url\":\"https:\/\/www.budokampsport.se\/2025\/09\/22\/anders-petterssons-historiska-svenska-7-dan\/\",\"name\":\"Anders Pettersson tog historisk svensk 7 dan - Svenska Budo &amp; Kampsportsf\u00f6rbundet\",\"isPartOf\":{\"@id\":\"https:\/\/www.budokampsport.se\/#website\"},\"primaryImageOfPage\":{\"@id\":\"https:\/\/www.budokampsport.se\/2025\/09\/22\/anders-petterssons-historiska-svenska-7-dan\/#primaryimage\"},\"image\":{\"@id\":\"https:\/\/www.budokampsport.se\/2025\/09\/22\/anders-petterssons-historiska-svenska-7-dan\/#primaryimage\"},\"thumbnailUrl\":\"https:\/\/www.budokampsport.se\/wp-content\/uploads\/2025\/09\/Anders-pettersson_igen.jpg\",\"datePublished\":\"2025-09-22T15:33:05+00:00\",\"dateModified\":\"2025-09-22T16:26:04+00:00\",\"author\":{\"@id\":\"https:\/\/www.budokampsport.se\/#\/schema\/person\/5c06d81d14850e2a8ce5493386560145\"},\"description\":\"Shorinji kempo-profilen Anders Pettersson skrev i helgen in sig i historieb\u00f6ckerna som den f\u00f6rste svensk att gradera till 7 dan.\",\"breadcrumb\":{\"@id\":\"https:\/\/www.budokampsport.se\/2025\/09\/22\/anders-petterssons-historiska-svenska-7-dan\/#breadcrumb\"},\"inLanguage\":\"sv-SE\",\"potentialAction\":[{\"@type\":\"ReadAction\",\"target\":[\"https:\/\/www.budokampsport.se\/2025\/09\/22\/anders-petterssons-historiska-svenska-7-dan\/\"]}]},{\"@type\":\"ImageObject\",\"inLanguage\":\"sv-SE\",\"@id\":\"https:\/\/www.budokampsport.se\/2025\/09\/22\/anders-petterssons-historiska-svenska-7-dan\/#primaryimage\",\"url\":\"https:\/\/www.budokampsport.se\/wp-content\/uploads\/2025\/09\/Anders-pettersson_igen.jpg\",\"contentUrl\":\"https:\/\/www.budokampsport.se\/wp-content\/uploads\/2025\/09\/Anders-pettersson_igen.jpg\",\"width\":2048,\"height\":1153,\"caption\":\"Foto: privat\"},{\"@type\":\"BreadcrumbList\",\"@id\":\"https:\/\/www.budokampsport.se\/2025\/09\/22\/anders-petterssons-historiska-svenska-7-dan\/#breadcrumb\",\"itemListElement\":[{\"@type\":\"ListItem\",\"position\":1,\"name\":\"Hem\",\"item\":\"https:\/\/www.budokampsport.se\/\"},{\"@type\":\"ListItem\",\"position\":2,\"name\":\"Anders Pettersson tog historisk svensk 7 dan\"}]},{\"@type\":\"WebSite\",\"@id\":\"https:\/\/www.budokampsport.se\/#website\",\"url\":\"https:\/\/www.budokampsport.se\/\",\"name\":\"Svenska Budo &amp; Kampsportsf\u00f6rbundet\",\"description\":\"T\u00e4vling, Tr\u00e4ning, Tradition\",\"potentialAction\":[{\"@type\":\"SearchAction\",\"target\":{\"@type\":\"EntryPoint\",\"urlTemplate\":\"https:\/\/www.budokampsport.se\/?s={search_term_string}\"},\"query-input\":{\"@type\":\"PropertyValueSpecification\",\"valueRequired\":true,\"valueName\":\"search_term_string\"}}],\"inLanguage\":\"sv-SE\"},{\"@type\":\"Person\",\"@id\":\"https:\/\/www.budokampsport.se\/#\/schema\/person\/5c06d81d14850e2a8ce5493386560145\",\"name\":\"Jonathan Broberg\",\"image\":{\"@type\":\"ImageObject\",\"inLanguage\":\"sv-SE\",\"@id\":\"https:\/\/www.budokampsport.se\/#\/schema\/person\/image\/\",\"url\":\"https:\/\/secure.gravatar.com\/avatar\/a58041c6cea9128bd9c40ee2f26d4136?s=96&d=blank&r=g\",\"contentUrl\":\"https:\/\/secure.gravatar.com\/avatar\/a58041c6cea9128bd9c40ee2f26d4136?s=96&d=blank&r=g\",\"caption\":\"Jonathan Broberg\"},\"sameAs\":[\"https:\/\/www.facebook.com\/jonathan.broberg.7\"],\"url\":\"https:\/\/www.budokampsport.se\/author\/jonathan\/\"}]}<\/script>\n<!-- \/ Yoast SEO plugin. -->","yoast_head_json":{"title":"Anders Pettersson tog historisk svensk 7 dan - Svenska Budo &amp; Kampsportsf\u00f6rbundet","description":"Shorinji kempo-profilen Anders Pettersson skrev i helgen in sig i historieb\u00f6ckerna som den f\u00f6rste svensk att gradera till 7 dan.","robots":{"index":"index","follow":"follow","max-snippet":"max-snippet:-1","max-image-preview":"max-image-preview:large","max-video-preview":"max-video-preview:-1"},"canonical":"https:\/\/www.budokampsport.se\/2025\/09\/22\/anders-petterssons-historiska-svenska-7-dan\/","og_locale":"sv_SE","og_type":"article","og_title":"Anders Pettersson tog historisk svensk 7 dan - Svenska Budo &amp; Kampsportsf\u00f6rbundet","og_description":"Shorinji kempo-profilen Anders Pettersson skrev i helgen in sig i historieb\u00f6ckerna som den f\u00f6rste svensk att gradera till 7 dan.","og_url":"https:\/\/www.budokampsport.se\/2025\/09\/22\/anders-petterssons-historiska-svenska-7-dan\/","og_site_name":"Svenska Budo &amp; Kampsportsf\u00f6rbundet","article_author":"https:\/\/www.facebook.com\/jonathan.broberg.7","article_published_time":"2025-09-22T15:33:05+00:00","article_modified_time":"2025-09-22T16:26:04+00:00","og_image":[{"width":2048,"height":1153,"url":"https:\/\/www.budokampsport.se\/wp-content\/uploads\/2025\/09\/Anders-pettersson_igen.jpg","type":"image\/jpeg"}],"author":"Jonathan Broberg","twitter_card":"summary_large_image","twitter_misc":{"Skriven av":"Jonathan Broberg","Ber\u00e4knad l\u00e4stid":"2 minuter"},"schema":{"@context":"https:\/\/schema.org","@graph":[{"@type":"Article","@id":"https:\/\/www.budokampsport.se\/2025\/09\/22\/anders-petterssons-historiska-svenska-7-dan\/#article","isPartOf":{"@id":"https:\/\/www.budokampsport.se\/2025\/09\/22\/anders-petterssons-historiska-svenska-7-dan\/"},"author":{"name":"Jonathan Broberg","@id":"https:\/\/www.budokampsport.se\/#\/schema\/person\/5c06d81d14850e2a8ce5493386560145"},"headline":"Anders Pettersson tog historisk svensk 7 dan","datePublished":"2025-09-22T15:33:05+00:00","dateModified":"2025-09-22T16:26:04+00:00","mainEntityOfPage":{"@id":"https:\/\/www.budokampsport.se\/2025\/09\/22\/anders-petterssons-historiska-svenska-7-dan\/"},"wordCount":335,"image":{"@id":"https:\/\/www.budokampsport.se\/2025\/09\/22\/anders-petterssons-historiska-svenska-7-dan\/#primaryimage"},"thumbnailUrl":"https:\/\/www.budokampsport.se\/wp-content\/uploads\/2025\/09\/Anders-pettersson_igen.jpg","articleSection":["Shorinji kempo"],"inLanguage":"sv-SE"},{"@type":"WebPage","@id":"https:\/\/www.budokampsport.se\/2025\/09\/22\/anders-petterssons-historiska-svenska-7-dan\/","url":"https:\/\/www.budokampsport.se\/2025\/09\/22\/anders-petterssons-historiska-svenska-7-dan\/","name":"Anders Pettersson tog historisk svensk 7 dan - Svenska Budo &amp; Kampsportsf\u00f6rbundet","isPartOf":{"@id":"https:\/\/www.budokampsport.se\/#website"},"primaryImageOfPage":{"@id":"https:\/\/www.budokampsport.se\/2025\/09\/22\/anders-petterssons-historiska-svenska-7-dan\/#primaryimage"},"image":{"@id":"https:\/\/www.budokampsport.se\/2025\/09\/22\/anders-petterssons-historiska-svenska-7-dan\/#primaryimage"},"thumbnailUrl":"https:\/\/www.budokampsport.se\/wp-content\/uploads\/2025\/09\/Anders-pettersson_igen.jpg","datePublished":"2025-09-22T15:33:05+00:00","dateModified":"2025-09-22T16:26:04+00:00","author":{"@id":"https:\/\/www.budokampsport.se\/#\/schema\/person\/5c06d81d14850e2a8ce5493386560145"},"description":"Shorinji kempo-profilen Anders Pettersson skrev i helgen in sig i historieb\u00f6ckerna som den f\u00f6rste svensk att gradera till 7 dan.","breadcrumb":{"@id":"https:\/\/www.budokampsport.se\/2025\/09\/22\/anders-petterssons-historiska-svenska-7-dan\/#breadcrumb"},"inLanguage":"sv-SE","potentialAction":[{"@type":"ReadAction","target":["https:\/\/www.budokampsport.se\/2025\/09\/22\/anders-petterssons-historiska-svenska-7-dan\/"]}]},{"@type":"ImageObject","inLanguage":"sv-SE","@id":"https:\/\/www.budokampsport.se\/2025\/09\/22\/anders-petterssons-historiska-svenska-7-dan\/#primaryimage","url":"https:\/\/www.budokampsport.se\/wp-content\/uploads\/2025\/09\/Anders-pettersson_igen.jpg","contentUrl":"https:\/\/www.budokampsport.se\/wp-content\/uploads\/2025\/09\/Anders-pettersson_igen.jpg","width":2048,"height":1153,"caption":"Foto: privat"},{"@type":"BreadcrumbList","@id":"https:\/\/www.budokampsport.se\/2025\/09\/22\/anders-petterssons-historiska-svenska-7-dan\/#breadcrumb","itemListElement":[{"@type":"ListItem","position":1,"name":"Hem","item":"https:\/\/www.budokampsport.se\/"},{"@type":"ListItem","position":2,"name":"Anders Pettersson tog historisk svensk 7 dan"}]},{"@type":"WebSite","@id":"https:\/\/www.budokampsport.se\/#website","url":"https:\/\/www.budokampsport.se\/","name":"Svenska Budo &amp; Kampsportsf\u00f6rbundet","description":"T\u00e4vling, Tr\u00e4ning, Tradition","potentialAction":[{"@type":"SearchAction","target":{"@type":"EntryPoint","urlTemplate":"https:\/\/www.budokampsport.se\/?s={search_term_string}"},"query-input":{"@type":"PropertyValueSpecification","valueRequired":true,"valueName":"search_term_string"}}],"inLanguage":"sv-SE"},{"@type":"Person","@id":"https:\/\/www.budokampsport.se\/#\/schema\/person\/5c06d81d14850e2a8ce5493386560145","name":"Jonathan Broberg","image":{"@type":"ImageObject","inLanguage":"sv-SE","@id":"https:\/\/www.budokampsport.se\/#\/schema\/person\/image\/","url":"https:\/\/secure.gravatar.com\/avatar\/a58041c6cea9128bd9c40ee2f26d4136?s=96&d=blank&r=g","contentUrl":"https:\/\/secure.gravatar.com\/avatar\/a58041c6cea9128bd9c40ee2f26d4136?s=96&d=blank&r=g","caption":"Jonathan Broberg"},"sameAs":["https:\/\/www.facebook.com\/jonathan.broberg.7"],"url":"https:\/\/www.budokampsport.se\/author\/jonathan\/"}]}},"_links":{"self":[{"href":"https:\/\/www.budokampsport.se\/api\/wp\/v2\/posts\/183690","targetHints":{"allow":["GET"]}}],"collection":[{"href":"https:\/\/www.budokampsport.se\/api\/wp\/v2\/posts"}],"about":[{"href":"https:\/\/www.budokampsport.se\/api\/wp\/v2\/types\/post"}],"author":[{"embeddable":true,"href":"https:\/\/www.budokampsport.se\/api\/wp\/v2\/users\/7"}],"replies":[{"embeddable":true,"href":"https:\/\/www.budokampsport.se\/api\/wp\/v2\/comments?post=183690"}],"version-history":[{"count":0,"href":"https:\/\/www.budokampsport.se\/api\/wp\/v2\/posts\/183690\/revisions"}],"wp:featuredmedia":[{"embeddable":true,"href":"https:\/\/www.budokampsport.se\/api\/wp\/v2\/media\/183696"}],"wp:attachment":[{"href":"https:\/\/www.budokampsport.se\/api\/wp\/v2\/media?parent=183690"}],"wp:term":[{"taxonomy":"category","embeddable":true,"href":"https:\/\/www.budokampsport.se\/api\/wp\/v2\/categories?post=183690"},{"taxonomy":"post_tag","embeddable":true,"href":"https:\/\/www.budokampsport.se\/api\/wp\/v2\/tags?post=183690"}],"curies":[{"name":"wp","href":"https:\/\/api.w.org\/{rel}","templated":true}]}}