{"id":184076,"date":"2025-10-03T09:08:59","date_gmt":"2025-10-03T07:08:59","guid":{"rendered":"https:\/\/www.budokampsport.se\/?p=184076"},"modified":"2025-10-03T09:17:36","modified_gmt":"2025-10-03T07:17:36","slug":"jujutsu-em-inleds-med-silvermedalj","status":"publish","type":"post","link":"https:\/\/www.budokampsport.se\/2025\/10\/03\/jujutsu-em-inleds-med-silvermedalj\/","title":{"rendered":"Jujutsu-EM inleds med silvermedalj"},"content":{"rendered":"<p>Trots att \u00e5rets EM precis startat har Sveriges trupp kommit med glada nyheter i form av en silvermedalj.\u00a0<\/p>\n<p>Livia, som tidigare tagit EM-bronsmedalj, t\u00e4vlade under torsdagen i grenen fighting och U21 -63-klassen.\u00a0<\/p>\n<p>Motst\u00e5ndet var tufft, och i f\u00f6rsta matchen mot italienskan Giulia Maggio hamnade Livia i po\u00e4ngunderl\u00e4ge. Hon tog skickligt tillbaka ledningen och avgjorde matchen under de sista 20 sekunderna med ett s\u00e4kert grepp och perfekt kast.\u00a0<\/p>\n<p>I andra matchen dominerade Livia mot tyskan Manuu Oberle och gick segrande ur matchen med 18\u20134. D\u00e4refter s\u00e4krade hon sin finalplats genom en vinst mot grekiska motst\u00e5ndaren Eleni Karastratidou med 15\u201312.\u00a0\u00a0<\/p>\n<p>I finalen m\u00f6tte hon tyskan Julia Koehler, som ledde halva matchen. Livia fokuserade p\u00e5 att \u00e5terta kommandot och n\u00e4r slutsignalen gick skilde det endast enstaka po\u00e4ng \u2013 med f\u00f6rdel till tyskan.\u00a0<\/p>\n<p>\u2013 Det kan inte bli en b\u00e4ttre start \u00e4n s\u00e5 h\u00e4r. F\u00f6rsta matchen var nervkittlande, men n\u00e4r Livia v\u00e4l kommer ig\u00e5ng \u00e4r hon sv\u00e5rstoppad. Hon \u00e4r en fantastisk f\u00f6rebild f\u00f6r laget och har en l\u00e5ng karri\u00e4r framf\u00f6r sig. Nu har hon ocks\u00e5 visat resten av truppen var prispallen st\u00e5r, s\u00e4ger Tobias Back, f\u00f6rbundskapten f\u00f6r Svenska ju-jutsulandslaget.<\/p>\n<figure id=\"attachment_184078\" aria-describedby=\"caption-attachment-184078\" style=\"width: 1620px\" class=\"wp-caption alignnone\"><img loading=\"lazy\" decoding=\"async\" class=\"wp-image-184078 size-full\" src=\"https:\/\/www.budokampsport.se\/wp-content\/uploads\/2025\/10\/Livia-1.jpg\" alt=\"Livia H\u00f6gbom fighting jujustu EM 2025\" width=\"1620\" height=\"1080\" srcset=\"https:\/\/www.budokampsport.se\/wp-content\/uploads\/2025\/10\/Livia-1.jpg 1620w, https:\/\/www.budokampsport.se\/wp-content\/uploads\/2025\/10\/Livia-1-278x185.jpg 278w, https:\/\/www.budokampsport.se\/wp-content\/uploads\/2025\/10\/Livia-1-1536x1024.jpg 1536w, https:\/\/www.budokampsport.se\/wp-content\/uploads\/2025\/10\/Livia-1-600x400.jpg 600w\" sizes=\"auto, (max-width: 1620px) 100vw, 1620px\" \/><figcaption id=\"caption-attachment-184078\" class=\"wp-caption-text\">Foto: Tobias Back<\/figcaption><\/figure>\n","protected":false},"excerpt":{"rendered":"<p>Redan f\u00f6rsta dagen levererade Livia H\u00f6gbom ett svenskt silver efter en j\u00e4mn final mot tyskan Julia Koehler.  <\/p><br>","protected":false},"author":18910,"featured_media":184077,"comment_status":"closed","ping_status":"closed","sticky":false,"template":"","format":"standard","meta":{"_acf_changed":false,"footnotes":""},"categories":[540],"tags":[],"class_list":["post-184076","post","type-post","status-publish","format-standard","has-post-thumbnail","hentry","category-jujutsu"],"acf":[],"yoast_head":"<!-- This site is optimized with the Yoast SEO plugin v26.8 - https:\/\/yoast.com\/product\/yoast-seo-wordpress\/ -->\n<title>Jujutsu-EM inleds med silvermedalj - Svenska Budo &amp; Kampsportsf\u00f6rbundet<\/title>\n<meta name=\"description\" content=\"Redan f\u00f6rsta dagen levererade Livia H\u00f6gbom ett svenskt silver efter en j\u00e4mn final mot tyskan Julia Koehler.\" \/>\n<meta name=\"robots\" content=\"index, follow, max-snippet:-1, max-image-preview:large, max-video-preview:-1\" \/>\n<link rel=\"canonical\" href=\"https:\/\/www.budokampsport.se\/2025\/10\/03\/jujutsu-em-inleds-med-silvermedalj\/\" \/>\n<meta property=\"og:locale\" content=\"sv_SE\" \/>\n<meta property=\"og:type\" content=\"article\" \/>\n<meta property=\"og:title\" content=\"Jujutsu-EM inleds med silvermedalj - Svenska Budo &amp; Kampsportsf\u00f6rbundet\" \/>\n<meta property=\"og:description\" content=\"Redan f\u00f6rsta dagen levererade Livia H\u00f6gbom ett svenskt silver efter en j\u00e4mn final mot tyskan Julia Koehler.\" \/>\n<meta property=\"og:url\" content=\"https:\/\/www.budokampsport.se\/2025\/10\/03\/jujutsu-em-inleds-med-silvermedalj\/\" \/>\n<meta property=\"og:site_name\" content=\"Svenska Budo &amp; Kampsportsf\u00f6rbundet\" \/>\n<meta property=\"article:published_time\" content=\"2025-10-03T07:08:59+00:00\" \/>\n<meta property=\"article:modified_time\" content=\"2025-10-03T07:17:36+00:00\" \/>\n<meta property=\"og:image\" content=\"https:\/\/www.budokampsport.se\/wp-content\/uploads\/2025\/10\/Livia-2-tobiasback.jpg\" \/>\n\t<meta property=\"og:image:width\" content=\"1620\" \/>\n\t<meta property=\"og:image:height\" content=\"1080\" \/>\n\t<meta property=\"og:image:type\" content=\"image\/jpeg\" \/>\n<meta name=\"author\" content=\"Madeleine Trens\" \/>\n<meta name=\"twitter:card\" content=\"summary_large_image\" \/>\n<meta name=\"twitter:label1\" content=\"Skriven av\" \/>\n\t<meta name=\"twitter:data1\" content=\"Madeleine Trens\" \/>\n\t<meta name=\"twitter:label2\" content=\"Ber\u00e4knad l\u00e4stid\" \/>\n\t<meta name=\"twitter:data2\" content=\"2 minuter\" \/>\n<script type=\"application\/ld+json\" class=\"yoast-schema-graph\">{\"@context\":\"https:\/\/schema.org\",\"@graph\":[{\"@type\":\"Article\",\"@id\":\"https:\/\/www.budokampsport.se\/2025\/10\/03\/jujutsu-em-inleds-med-silvermedalj\/#article\",\"isPartOf\":{\"@id\":\"https:\/\/www.budokampsport.se\/2025\/10\/03\/jujutsu-em-inleds-med-silvermedalj\/\"},\"author\":{\"name\":\"Madeleine Trens\",\"@id\":\"https:\/\/www.budokampsport.se\/#\/schema\/person\/a0523d3773eb4275da215a9e6c47cbbf\"},\"headline\":\"Jujutsu-EM inleds med silvermedalj\",\"datePublished\":\"2025-10-03T07:08:59+00:00\",\"dateModified\":\"2025-10-03T07:17:36+00:00\",\"mainEntityOfPage\":{\"@id\":\"https:\/\/www.budokampsport.se\/2025\/10\/03\/jujutsu-em-inleds-med-silvermedalj\/\"},\"wordCount\":224,\"image\":{\"@id\":\"https:\/\/www.budokampsport.se\/2025\/10\/03\/jujutsu-em-inleds-med-silvermedalj\/#primaryimage\"},\"thumbnailUrl\":\"https:\/\/www.budokampsport.se\/wp-content\/uploads\/2025\/10\/Livia-2-tobiasback.jpg\",\"articleSection\":[\"Jujutsu\"],\"inLanguage\":\"sv-SE\"},{\"@type\":\"WebPage\",\"@id\":\"https:\/\/www.budokampsport.se\/2025\/10\/03\/jujutsu-em-inleds-med-silvermedalj\/\",\"url\":\"https:\/\/www.budokampsport.se\/2025\/10\/03\/jujutsu-em-inleds-med-silvermedalj\/\",\"name\":\"Jujutsu-EM inleds med silvermedalj - Svenska Budo &amp; Kampsportsf\u00f6rbundet\",\"isPartOf\":{\"@id\":\"https:\/\/www.budokampsport.se\/#website\"},\"primaryImageOfPage\":{\"@id\":\"https:\/\/www.budokampsport.se\/2025\/10\/03\/jujutsu-em-inleds-med-silvermedalj\/#primaryimage\"},\"image\":{\"@id\":\"https:\/\/www.budokampsport.se\/2025\/10\/03\/jujutsu-em-inleds-med-silvermedalj\/#primaryimage\"},\"thumbnailUrl\":\"https:\/\/www.budokampsport.se\/wp-content\/uploads\/2025\/10\/Livia-2-tobiasback.jpg\",\"datePublished\":\"2025-10-03T07:08:59+00:00\",\"dateModified\":\"2025-10-03T07:17:36+00:00\",\"author\":{\"@id\":\"https:\/\/www.budokampsport.se\/#\/schema\/person\/a0523d3773eb4275da215a9e6c47cbbf\"},\"description\":\"Redan f\u00f6rsta dagen levererade Livia H\u00f6gbom ett svenskt silver efter en j\u00e4mn final mot tyskan Julia Koehler.\",\"breadcrumb\":{\"@id\":\"https:\/\/www.budokampsport.se\/2025\/10\/03\/jujutsu-em-inleds-med-silvermedalj\/#breadcrumb\"},\"inLanguage\":\"sv-SE\",\"potentialAction\":[{\"@type\":\"ReadAction\",\"target\":[\"https:\/\/www.budokampsport.se\/2025\/10\/03\/jujutsu-em-inleds-med-silvermedalj\/\"]}]},{\"@type\":\"ImageObject\",\"inLanguage\":\"sv-SE\",\"@id\":\"https:\/\/www.budokampsport.se\/2025\/10\/03\/jujutsu-em-inleds-med-silvermedalj\/#primaryimage\",\"url\":\"https:\/\/www.budokampsport.se\/wp-content\/uploads\/2025\/10\/Livia-2-tobiasback.jpg\",\"contentUrl\":\"https:\/\/www.budokampsport.se\/wp-content\/uploads\/2025\/10\/Livia-2-tobiasback.jpg\",\"width\":1620,\"height\":1080,\"caption\":\"Foto: Tobias Back\"},{\"@type\":\"BreadcrumbList\",\"@id\":\"https:\/\/www.budokampsport.se\/2025\/10\/03\/jujutsu-em-inleds-med-silvermedalj\/#breadcrumb\",\"itemListElement\":[{\"@type\":\"ListItem\",\"position\":1,\"name\":\"Hem\",\"item\":\"https:\/\/www.budokampsport.se\/\"},{\"@type\":\"ListItem\",\"position\":2,\"name\":\"Jujutsu-EM inleds med silvermedalj\"}]},{\"@type\":\"WebSite\",\"@id\":\"https:\/\/www.budokampsport.se\/#website\",\"url\":\"https:\/\/www.budokampsport.se\/\",\"name\":\"Svenska Budo &amp; Kampsportsf\u00f6rbundet\",\"description\":\"T\u00e4vling, Tr\u00e4ning, Tradition\",\"potentialAction\":[{\"@type\":\"SearchAction\",\"target\":{\"@type\":\"EntryPoint\",\"urlTemplate\":\"https:\/\/www.budokampsport.se\/?s={search_term_string}\"},\"query-input\":{\"@type\":\"PropertyValueSpecification\",\"valueRequired\":true,\"valueName\":\"search_term_string\"}}],\"inLanguage\":\"sv-SE\"},{\"@type\":\"Person\",\"@id\":\"https:\/\/www.budokampsport.se\/#\/schema\/person\/a0523d3773eb4275da215a9e6c47cbbf\",\"name\":\"Madeleine Trens\",\"image\":{\"@type\":\"ImageObject\",\"inLanguage\":\"sv-SE\",\"@id\":\"https:\/\/www.budokampsport.se\/#\/schema\/person\/image\/\",\"url\":\"https:\/\/secure.gravatar.com\/avatar\/bc4078371646d646ad86fa88ea52c53e?s=96&d=blank&r=g\",\"contentUrl\":\"https:\/\/secure.gravatar.com\/avatar\/bc4078371646d646ad86fa88ea52c53e?s=96&d=blank&r=g\",\"caption\":\"Madeleine Trens\"},\"url\":\"https:\/\/www.budokampsport.se\/author\/madeleine-trens\/\"}]}<\/script>\n<!-- \/ Yoast SEO plugin. -->","yoast_head_json":{"title":"Jujutsu-EM inleds med silvermedalj - Svenska Budo &amp; Kampsportsf\u00f6rbundet","description":"Redan f\u00f6rsta dagen levererade Livia H\u00f6gbom ett svenskt silver efter en j\u00e4mn final mot tyskan Julia Koehler.","robots":{"index":"index","follow":"follow","max-snippet":"max-snippet:-1","max-image-preview":"max-image-preview:large","max-video-preview":"max-video-preview:-1"},"canonical":"https:\/\/www.budokampsport.se\/2025\/10\/03\/jujutsu-em-inleds-med-silvermedalj\/","og_locale":"sv_SE","og_type":"article","og_title":"Jujutsu-EM inleds med silvermedalj - Svenska Budo &amp; Kampsportsf\u00f6rbundet","og_description":"Redan f\u00f6rsta dagen levererade Livia H\u00f6gbom ett svenskt silver efter en j\u00e4mn final mot tyskan Julia Koehler.","og_url":"https:\/\/www.budokampsport.se\/2025\/10\/03\/jujutsu-em-inleds-med-silvermedalj\/","og_site_name":"Svenska Budo &amp; Kampsportsf\u00f6rbundet","article_published_time":"2025-10-03T07:08:59+00:00","article_modified_time":"2025-10-03T07:17:36+00:00","og_image":[{"width":1620,"height":1080,"url":"https:\/\/www.budokampsport.se\/wp-content\/uploads\/2025\/10\/Livia-2-tobiasback.jpg","type":"image\/jpeg"}],"author":"Madeleine Trens","twitter_card":"summary_large_image","twitter_misc":{"Skriven av":"Madeleine Trens","Ber\u00e4knad l\u00e4stid":"2 minuter"},"schema":{"@context":"https:\/\/schema.org","@graph":[{"@type":"Article","@id":"https:\/\/www.budokampsport.se\/2025\/10\/03\/jujutsu-em-inleds-med-silvermedalj\/#article","isPartOf":{"@id":"https:\/\/www.budokampsport.se\/2025\/10\/03\/jujutsu-em-inleds-med-silvermedalj\/"},"author":{"name":"Madeleine Trens","@id":"https:\/\/www.budokampsport.se\/#\/schema\/person\/a0523d3773eb4275da215a9e6c47cbbf"},"headline":"Jujutsu-EM inleds med silvermedalj","datePublished":"2025-10-03T07:08:59+00:00","dateModified":"2025-10-03T07:17:36+00:00","mainEntityOfPage":{"@id":"https:\/\/www.budokampsport.se\/2025\/10\/03\/jujutsu-em-inleds-med-silvermedalj\/"},"wordCount":224,"image":{"@id":"https:\/\/www.budokampsport.se\/2025\/10\/03\/jujutsu-em-inleds-med-silvermedalj\/#primaryimage"},"thumbnailUrl":"https:\/\/www.budokampsport.se\/wp-content\/uploads\/2025\/10\/Livia-2-tobiasback.jpg","articleSection":["Jujutsu"],"inLanguage":"sv-SE"},{"@type":"WebPage","@id":"https:\/\/www.budokampsport.se\/2025\/10\/03\/jujutsu-em-inleds-med-silvermedalj\/","url":"https:\/\/www.budokampsport.se\/2025\/10\/03\/jujutsu-em-inleds-med-silvermedalj\/","name":"Jujutsu-EM inleds med silvermedalj - Svenska Budo &amp; Kampsportsf\u00f6rbundet","isPartOf":{"@id":"https:\/\/www.budokampsport.se\/#website"},"primaryImageOfPage":{"@id":"https:\/\/www.budokampsport.se\/2025\/10\/03\/jujutsu-em-inleds-med-silvermedalj\/#primaryimage"},"image":{"@id":"https:\/\/www.budokampsport.se\/2025\/10\/03\/jujutsu-em-inleds-med-silvermedalj\/#primaryimage"},"thumbnailUrl":"https:\/\/www.budokampsport.se\/wp-content\/uploads\/2025\/10\/Livia-2-tobiasback.jpg","datePublished":"2025-10-03T07:08:59+00:00","dateModified":"2025-10-03T07:17:36+00:00","author":{"@id":"https:\/\/www.budokampsport.se\/#\/schema\/person\/a0523d3773eb4275da215a9e6c47cbbf"},"description":"Redan f\u00f6rsta dagen levererade Livia H\u00f6gbom ett svenskt silver efter en j\u00e4mn final mot tyskan Julia Koehler.","breadcrumb":{"@id":"https:\/\/www.budokampsport.se\/2025\/10\/03\/jujutsu-em-inleds-med-silvermedalj\/#breadcrumb"},"inLanguage":"sv-SE","potentialAction":[{"@type":"ReadAction","target":["https:\/\/www.budokampsport.se\/2025\/10\/03\/jujutsu-em-inleds-med-silvermedalj\/"]}]},{"@type":"ImageObject","inLanguage":"sv-SE","@id":"https:\/\/www.budokampsport.se\/2025\/10\/03\/jujutsu-em-inleds-med-silvermedalj\/#primaryimage","url":"https:\/\/www.budokampsport.se\/wp-content\/uploads\/2025\/10\/Livia-2-tobiasback.jpg","contentUrl":"https:\/\/www.budokampsport.se\/wp-content\/uploads\/2025\/10\/Livia-2-tobiasback.jpg","width":1620,"height":1080,"caption":"Foto: Tobias Back"},{"@type":"BreadcrumbList","@id":"https:\/\/www.budokampsport.se\/2025\/10\/03\/jujutsu-em-inleds-med-silvermedalj\/#breadcrumb","itemListElement":[{"@type":"ListItem","position":1,"name":"Hem","item":"https:\/\/www.budokampsport.se\/"},{"@type":"ListItem","position":2,"name":"Jujutsu-EM inleds med silvermedalj"}]},{"@type":"WebSite","@id":"https:\/\/www.budokampsport.se\/#website","url":"https:\/\/www.budokampsport.se\/","name":"Svenska Budo &amp; Kampsportsf\u00f6rbundet","description":"T\u00e4vling, Tr\u00e4ning, Tradition","potentialAction":[{"@type":"SearchAction","target":{"@type":"EntryPoint","urlTemplate":"https:\/\/www.budokampsport.se\/?s={search_term_string}"},"query-input":{"@type":"PropertyValueSpecification","valueRequired":true,"valueName":"search_term_string"}}],"inLanguage":"sv-SE"},{"@type":"Person","@id":"https:\/\/www.budokampsport.se\/#\/schema\/person\/a0523d3773eb4275da215a9e6c47cbbf","name":"Madeleine Trens","image":{"@type":"ImageObject","inLanguage":"sv-SE","@id":"https:\/\/www.budokampsport.se\/#\/schema\/person\/image\/","url":"https:\/\/secure.gravatar.com\/avatar\/bc4078371646d646ad86fa88ea52c53e?s=96&d=blank&r=g","contentUrl":"https:\/\/secure.gravatar.com\/avatar\/bc4078371646d646ad86fa88ea52c53e?s=96&d=blank&r=g","caption":"Madeleine Trens"},"url":"https:\/\/www.budokampsport.se\/author\/madeleine-trens\/"}]}},"_links":{"self":[{"href":"https:\/\/www.budokampsport.se\/api\/wp\/v2\/posts\/184076","targetHints":{"allow":["GET"]}}],"collection":[{"href":"https:\/\/www.budokampsport.se\/api\/wp\/v2\/posts"}],"about":[{"href":"https:\/\/www.budokampsport.se\/api\/wp\/v2\/types\/post"}],"author":[{"embeddable":true,"href":"https:\/\/www.budokampsport.se\/api\/wp\/v2\/users\/18910"}],"replies":[{"embeddable":true,"href":"https:\/\/www.budokampsport.se\/api\/wp\/v2\/comments?post=184076"}],"version-history":[{"count":0,"href":"https:\/\/www.budokampsport.se\/api\/wp\/v2\/posts\/184076\/revisions"}],"wp:featuredmedia":[{"embeddable":true,"href":"https:\/\/www.budokampsport.se\/api\/wp\/v2\/media\/184077"}],"wp:attachment":[{"href":"https:\/\/www.budokampsport.se\/api\/wp\/v2\/media?parent=184076"}],"wp:term":[{"taxonomy":"category","embeddable":true,"href":"https:\/\/www.budokampsport.se\/api\/wp\/v2\/categories?post=184076"},{"taxonomy":"post_tag","embeddable":true,"href":"https:\/\/www.budokampsport.se\/api\/wp\/v2\/tags?post=184076"}],"curies":[{"name":"wp","href":"https:\/\/api.w.org\/{rel}","templated":true}]}}