{"id":184869,"date":"2025-10-24T10:50:05","date_gmt":"2025-10-24T08:50:05","guid":{"rendered":"https:\/\/www.budokampsport.se\/?p=184869"},"modified":"2025-10-24T10:50:05","modified_gmt":"2025-10-24T08:50:05","slug":"philippa-odenbring-ar-laddad-infor-hemma-em-i-helgen","status":"publish","type":"post","link":"https:\/\/www.budokampsport.se\/2025\/10\/24\/philippa-odenbring-ar-laddad-infor-hemma-em-i-helgen\/","title":{"rendered":"Philippa Odenbring \u00e4r laddad inf\u00f6r hemma-EM i helgen"},"content":{"rendered":"<p>Det \u00e4r bara dagar kvar till svensk naginata skriver historia.<\/p>\n<p>Aldrig f\u00f6rr har EM arrangerats p\u00e5 svensk mark och f\u00f6r landslaget \u00e4r fokus p\u00e5 t\u00e4vlingarna nu v\u00e4ldigt p\u00e5tagligt \u2013 f\u00f6rst\u00e5s.<\/p>\n<p>Philippa Odenbring \u00e4r den nyaste i landslagstruppen och hon \u00e4r b\u00e5de sp\u00e4nd och ivrig p\u00e5 att m\u00e4sterskapet ska dra i g\u00e5ng. <\/p>\n<p>&#8211; Det k\u00e4nns v\u00e4ldigt bra inf\u00f6r kommande helg, det \u00e4r lite pirrigt. Det blir kul att ha familj och v\u00e4nner p\u00e5 plats.<\/p>\n<p>Hon hittade till naginata som elva\u00e5ring och tyckte om idrotten direkt.<\/p>\n<p>&#8211; Jag gillar att svinga pinnen, jag gillar snygga tekniker och dessutom \u00e4r naginata v\u00e4ldigt allsidigt. <\/p>\n<p><strong>Philippa, vad betyder det f\u00f6r svensk naginata, tror du, att EM kommer hit?<\/strong><\/p>\n<p>&#8211; Jag hoppas att fler f\u00e5r upp \u00f6gonen f\u00f6r idrotten och att det kanske ocks\u00e5 g\u00f6r att vi blir lite fler ut\u00f6vare. <\/p>\n<p><strong>Och vilken m\u00e5ls\u00e4ttning kommer du med till EM?<\/strong><\/p>\n<p>&#8211; Det \u00e4r att g\u00f6ra bra ifr\u00e5n mig. Jag vill f\u00f6rs\u00f6ka g\u00f6ra en prestation som jag k\u00e4nner att jag kan vara stolt \u00f6ver. S\u00e5 f\u00e5r vi se hur l\u00e5ngt det i s\u00e5 fall r\u00e4cker. Men mest ska det bli v\u00e4ldigt roligt.<\/p>\n<p>Odenbring kommer att t\u00e4vla i tre grenar under EM: shikake-oji (engi), shiai individuellt, shiai damlag.\u00a0<em><br \/>\n<\/em><\/p>\n<figure id=\"attachment_151098\" aria-describedby=\"caption-attachment-151098\" style=\"width: 842px\" class=\"wp-caption alignnone\"><img loading=\"lazy\" decoding=\"async\" class=\"size-full wp-image-151098\" src=\"https:\/\/www.budokampsport.se\/wp-content\/uploads\/2016\/05\/Naginata-copy.png\" alt=\"\" width=\"842\" height=\"595\" srcset=\"https:\/\/www.budokampsport.se\/wp-content\/uploads\/2016\/05\/Naginata-copy.png 842w, https:\/\/www.budokampsport.se\/wp-content\/uploads\/2016\/05\/Naginata-copy-600x424.png 600w, https:\/\/www.budokampsport.se\/wp-content\/uploads\/2016\/05\/Naginata-copy-376x266.png 376w, https:\/\/www.budokampsport.se\/wp-content\/uploads\/2016\/05\/Naginata-copy-278x196.png 278w, https:\/\/www.budokampsport.se\/wp-content\/uploads\/2016\/05\/Naginata-copy-572x404.png 572w\" sizes=\"auto, (max-width: 842px) 100vw, 842px\" \/><figcaption id=\"caption-attachment-151098\" class=\"wp-caption-text\">Illustration: Ida Brogren<\/figcaption><\/figure>\n","protected":false},"excerpt":{"rendered":"<p>P\u00e5 l\u00f6rdag inleds EM i naginata i Uppsala och den yngsta i den svenska truppen, Philippa Odenbring, \u00e4r kanske mest ivrig att s\u00e4tta ig\u00e5ng m\u00e4sterskapet.<\/p><br>","protected":false},"author":7,"featured_media":184870,"comment_status":"closed","ping_status":"closed","sticky":false,"template":"","format":"standard","meta":{"_acf_changed":false,"footnotes":""},"categories":[538],"tags":[],"class_list":["post-184869","post","type-post","status-publish","format-standard","has-post-thumbnail","hentry","category-naginata"],"acf":[],"yoast_head":"<!-- This site is optimized with the Yoast SEO plugin v26.8 - https:\/\/yoast.com\/product\/yoast-seo-wordpress\/ -->\n<title>Philippa Odenbring \u00e4r laddad inf\u00f6r hemma-EM i helgen - Svenska Budo &amp; Kampsportsf\u00f6rbundet<\/title>\n<meta name=\"description\" content=\"P\u00e5 l\u00f6rdag inleds EM i naginata i Uppsala och den yngsta i den svenska truppen, Philippa Odenbring, \u00e4r kanske mest ivrig att s\u00e4tta ig\u00e5ng m\u00e4sterskapet.\" \/>\n<meta name=\"robots\" content=\"index, follow, max-snippet:-1, max-image-preview:large, max-video-preview:-1\" \/>\n<link rel=\"canonical\" href=\"https:\/\/www.budokampsport.se\/2025\/10\/24\/philippa-odenbring-ar-laddad-infor-hemma-em-i-helgen\/\" \/>\n<meta property=\"og:locale\" content=\"sv_SE\" \/>\n<meta property=\"og:type\" content=\"article\" \/>\n<meta property=\"og:title\" content=\"Philippa Odenbring \u00e4r laddad inf\u00f6r hemma-EM i helgen - Svenska Budo &amp; Kampsportsf\u00f6rbundet\" \/>\n<meta property=\"og:description\" content=\"P\u00e5 l\u00f6rdag inleds EM i naginata i Uppsala och den yngsta i den svenska truppen, Philippa Odenbring, \u00e4r kanske mest ivrig att s\u00e4tta ig\u00e5ng m\u00e4sterskapet.\" \/>\n<meta property=\"og:url\" content=\"https:\/\/www.budokampsport.se\/2025\/10\/24\/philippa-odenbring-ar-laddad-infor-hemma-em-i-helgen\/\" \/>\n<meta property=\"og:site_name\" content=\"Svenska Budo &amp; Kampsportsf\u00f6rbundet\" \/>\n<meta property=\"article:author\" content=\"https:\/\/www.facebook.com\/jonathan.broberg.7\" \/>\n<meta property=\"article:published_time\" content=\"2025-10-24T08:50:05+00:00\" \/>\n<meta property=\"og:image\" content=\"https:\/\/www.budokampsport.se\/wp-content\/uploads\/2025\/10\/Phillipa-Odenbring.jpg\" \/>\n\t<meta property=\"og:image:width\" content=\"850\" \/>\n\t<meta property=\"og:image:height\" content=\"445\" \/>\n\t<meta property=\"og:image:type\" content=\"image\/jpeg\" \/>\n<meta name=\"author\" content=\"Jonathan Broberg\" \/>\n<meta name=\"twitter:card\" content=\"summary_large_image\" \/>\n<meta name=\"twitter:label1\" content=\"Skriven av\" \/>\n\t<meta name=\"twitter:data1\" content=\"Jonathan Broberg\" \/>\n\t<meta name=\"twitter:label2\" content=\"Ber\u00e4knad l\u00e4stid\" \/>\n\t<meta name=\"twitter:data2\" content=\"2 minuter\" \/>\n<script type=\"application\/ld+json\" class=\"yoast-schema-graph\">{\"@context\":\"https:\/\/schema.org\",\"@graph\":[{\"@type\":\"Article\",\"@id\":\"https:\/\/www.budokampsport.se\/2025\/10\/24\/philippa-odenbring-ar-laddad-infor-hemma-em-i-helgen\/#article\",\"isPartOf\":{\"@id\":\"https:\/\/www.budokampsport.se\/2025\/10\/24\/philippa-odenbring-ar-laddad-infor-hemma-em-i-helgen\/\"},\"author\":{\"name\":\"Jonathan Broberg\",\"@id\":\"https:\/\/www.budokampsport.se\/#\/schema\/person\/5c06d81d14850e2a8ce5493386560145\"},\"headline\":\"Philippa Odenbring \u00e4r laddad inf\u00f6r hemma-EM i helgen\",\"datePublished\":\"2025-10-24T08:50:05+00:00\",\"mainEntityOfPage\":{\"@id\":\"https:\/\/www.budokampsport.se\/2025\/10\/24\/philippa-odenbring-ar-laddad-infor-hemma-em-i-helgen\/\"},\"wordCount\":252,\"image\":{\"@id\":\"https:\/\/www.budokampsport.se\/2025\/10\/24\/philippa-odenbring-ar-laddad-infor-hemma-em-i-helgen\/#primaryimage\"},\"thumbnailUrl\":\"https:\/\/www.budokampsport.se\/wp-content\/uploads\/2025\/10\/Phillipa-Odenbring.jpg\",\"articleSection\":[\"Naginata\"],\"inLanguage\":\"sv-SE\"},{\"@type\":\"WebPage\",\"@id\":\"https:\/\/www.budokampsport.se\/2025\/10\/24\/philippa-odenbring-ar-laddad-infor-hemma-em-i-helgen\/\",\"url\":\"https:\/\/www.budokampsport.se\/2025\/10\/24\/philippa-odenbring-ar-laddad-infor-hemma-em-i-helgen\/\",\"name\":\"Philippa Odenbring \u00e4r laddad inf\u00f6r hemma-EM i helgen - Svenska Budo &amp; Kampsportsf\u00f6rbundet\",\"isPartOf\":{\"@id\":\"https:\/\/www.budokampsport.se\/#website\"},\"primaryImageOfPage\":{\"@id\":\"https:\/\/www.budokampsport.se\/2025\/10\/24\/philippa-odenbring-ar-laddad-infor-hemma-em-i-helgen\/#primaryimage\"},\"image\":{\"@id\":\"https:\/\/www.budokampsport.se\/2025\/10\/24\/philippa-odenbring-ar-laddad-infor-hemma-em-i-helgen\/#primaryimage\"},\"thumbnailUrl\":\"https:\/\/www.budokampsport.se\/wp-content\/uploads\/2025\/10\/Phillipa-Odenbring.jpg\",\"datePublished\":\"2025-10-24T08:50:05+00:00\",\"author\":{\"@id\":\"https:\/\/www.budokampsport.se\/#\/schema\/person\/5c06d81d14850e2a8ce5493386560145\"},\"description\":\"P\u00e5 l\u00f6rdag inleds EM i naginata i Uppsala och den yngsta i den svenska truppen, Philippa Odenbring, \u00e4r kanske mest ivrig att s\u00e4tta ig\u00e5ng m\u00e4sterskapet.\",\"breadcrumb\":{\"@id\":\"https:\/\/www.budokampsport.se\/2025\/10\/24\/philippa-odenbring-ar-laddad-infor-hemma-em-i-helgen\/#breadcrumb\"},\"inLanguage\":\"sv-SE\",\"potentialAction\":[{\"@type\":\"ReadAction\",\"target\":[\"https:\/\/www.budokampsport.se\/2025\/10\/24\/philippa-odenbring-ar-laddad-infor-hemma-em-i-helgen\/\"]}]},{\"@type\":\"ImageObject\",\"inLanguage\":\"sv-SE\",\"@id\":\"https:\/\/www.budokampsport.se\/2025\/10\/24\/philippa-odenbring-ar-laddad-infor-hemma-em-i-helgen\/#primaryimage\",\"url\":\"https:\/\/www.budokampsport.se\/wp-content\/uploads\/2025\/10\/Phillipa-Odenbring.jpg\",\"contentUrl\":\"https:\/\/www.budokampsport.se\/wp-content\/uploads\/2025\/10\/Phillipa-Odenbring.jpg\",\"width\":850,\"height\":445,\"caption\":\"Foto: Svenska Kendof\u00f6rbundet\"},{\"@type\":\"BreadcrumbList\",\"@id\":\"https:\/\/www.budokampsport.se\/2025\/10\/24\/philippa-odenbring-ar-laddad-infor-hemma-em-i-helgen\/#breadcrumb\",\"itemListElement\":[{\"@type\":\"ListItem\",\"position\":1,\"name\":\"Hem\",\"item\":\"https:\/\/www.budokampsport.se\/\"},{\"@type\":\"ListItem\",\"position\":2,\"name\":\"Philippa Odenbring \u00e4r laddad inf\u00f6r hemma-EM i helgen\"}]},{\"@type\":\"WebSite\",\"@id\":\"https:\/\/www.budokampsport.se\/#website\",\"url\":\"https:\/\/www.budokampsport.se\/\",\"name\":\"Svenska Budo &amp; Kampsportsf\u00f6rbundet\",\"description\":\"T\u00e4vling, Tr\u00e4ning, Tradition\",\"potentialAction\":[{\"@type\":\"SearchAction\",\"target\":{\"@type\":\"EntryPoint\",\"urlTemplate\":\"https:\/\/www.budokampsport.se\/?s={search_term_string}\"},\"query-input\":{\"@type\":\"PropertyValueSpecification\",\"valueRequired\":true,\"valueName\":\"search_term_string\"}}],\"inLanguage\":\"sv-SE\"},{\"@type\":\"Person\",\"@id\":\"https:\/\/www.budokampsport.se\/#\/schema\/person\/5c06d81d14850e2a8ce5493386560145\",\"name\":\"Jonathan Broberg\",\"image\":{\"@type\":\"ImageObject\",\"inLanguage\":\"sv-SE\",\"@id\":\"https:\/\/www.budokampsport.se\/#\/schema\/person\/image\/\",\"url\":\"https:\/\/secure.gravatar.com\/avatar\/a58041c6cea9128bd9c40ee2f26d4136?s=96&d=blank&r=g\",\"contentUrl\":\"https:\/\/secure.gravatar.com\/avatar\/a58041c6cea9128bd9c40ee2f26d4136?s=96&d=blank&r=g\",\"caption\":\"Jonathan Broberg\"},\"sameAs\":[\"https:\/\/www.facebook.com\/jonathan.broberg.7\"],\"url\":\"https:\/\/www.budokampsport.se\/author\/jonathan\/\"}]}<\/script>\n<!-- \/ Yoast SEO plugin. -->","yoast_head_json":{"title":"Philippa Odenbring \u00e4r laddad inf\u00f6r hemma-EM i helgen - Svenska Budo &amp; Kampsportsf\u00f6rbundet","description":"P\u00e5 l\u00f6rdag inleds EM i naginata i Uppsala och den yngsta i den svenska truppen, Philippa Odenbring, \u00e4r kanske mest ivrig att s\u00e4tta ig\u00e5ng m\u00e4sterskapet.","robots":{"index":"index","follow":"follow","max-snippet":"max-snippet:-1","max-image-preview":"max-image-preview:large","max-video-preview":"max-video-preview:-1"},"canonical":"https:\/\/www.budokampsport.se\/2025\/10\/24\/philippa-odenbring-ar-laddad-infor-hemma-em-i-helgen\/","og_locale":"sv_SE","og_type":"article","og_title":"Philippa Odenbring \u00e4r laddad inf\u00f6r hemma-EM i helgen - Svenska Budo &amp; Kampsportsf\u00f6rbundet","og_description":"P\u00e5 l\u00f6rdag inleds EM i naginata i Uppsala och den yngsta i den svenska truppen, Philippa Odenbring, \u00e4r kanske mest ivrig att s\u00e4tta ig\u00e5ng m\u00e4sterskapet.","og_url":"https:\/\/www.budokampsport.se\/2025\/10\/24\/philippa-odenbring-ar-laddad-infor-hemma-em-i-helgen\/","og_site_name":"Svenska Budo &amp; Kampsportsf\u00f6rbundet","article_author":"https:\/\/www.facebook.com\/jonathan.broberg.7","article_published_time":"2025-10-24T08:50:05+00:00","og_image":[{"width":850,"height":445,"url":"https:\/\/www.budokampsport.se\/wp-content\/uploads\/2025\/10\/Phillipa-Odenbring.jpg","type":"image\/jpeg"}],"author":"Jonathan Broberg","twitter_card":"summary_large_image","twitter_misc":{"Skriven av":"Jonathan Broberg","Ber\u00e4knad l\u00e4stid":"2 minuter"},"schema":{"@context":"https:\/\/schema.org","@graph":[{"@type":"Article","@id":"https:\/\/www.budokampsport.se\/2025\/10\/24\/philippa-odenbring-ar-laddad-infor-hemma-em-i-helgen\/#article","isPartOf":{"@id":"https:\/\/www.budokampsport.se\/2025\/10\/24\/philippa-odenbring-ar-laddad-infor-hemma-em-i-helgen\/"},"author":{"name":"Jonathan Broberg","@id":"https:\/\/www.budokampsport.se\/#\/schema\/person\/5c06d81d14850e2a8ce5493386560145"},"headline":"Philippa Odenbring \u00e4r laddad inf\u00f6r hemma-EM i helgen","datePublished":"2025-10-24T08:50:05+00:00","mainEntityOfPage":{"@id":"https:\/\/www.budokampsport.se\/2025\/10\/24\/philippa-odenbring-ar-laddad-infor-hemma-em-i-helgen\/"},"wordCount":252,"image":{"@id":"https:\/\/www.budokampsport.se\/2025\/10\/24\/philippa-odenbring-ar-laddad-infor-hemma-em-i-helgen\/#primaryimage"},"thumbnailUrl":"https:\/\/www.budokampsport.se\/wp-content\/uploads\/2025\/10\/Phillipa-Odenbring.jpg","articleSection":["Naginata"],"inLanguage":"sv-SE"},{"@type":"WebPage","@id":"https:\/\/www.budokampsport.se\/2025\/10\/24\/philippa-odenbring-ar-laddad-infor-hemma-em-i-helgen\/","url":"https:\/\/www.budokampsport.se\/2025\/10\/24\/philippa-odenbring-ar-laddad-infor-hemma-em-i-helgen\/","name":"Philippa Odenbring \u00e4r laddad inf\u00f6r hemma-EM i helgen - Svenska Budo &amp; Kampsportsf\u00f6rbundet","isPartOf":{"@id":"https:\/\/www.budokampsport.se\/#website"},"primaryImageOfPage":{"@id":"https:\/\/www.budokampsport.se\/2025\/10\/24\/philippa-odenbring-ar-laddad-infor-hemma-em-i-helgen\/#primaryimage"},"image":{"@id":"https:\/\/www.budokampsport.se\/2025\/10\/24\/philippa-odenbring-ar-laddad-infor-hemma-em-i-helgen\/#primaryimage"},"thumbnailUrl":"https:\/\/www.budokampsport.se\/wp-content\/uploads\/2025\/10\/Phillipa-Odenbring.jpg","datePublished":"2025-10-24T08:50:05+00:00","author":{"@id":"https:\/\/www.budokampsport.se\/#\/schema\/person\/5c06d81d14850e2a8ce5493386560145"},"description":"P\u00e5 l\u00f6rdag inleds EM i naginata i Uppsala och den yngsta i den svenska truppen, Philippa Odenbring, \u00e4r kanske mest ivrig att s\u00e4tta ig\u00e5ng m\u00e4sterskapet.","breadcrumb":{"@id":"https:\/\/www.budokampsport.se\/2025\/10\/24\/philippa-odenbring-ar-laddad-infor-hemma-em-i-helgen\/#breadcrumb"},"inLanguage":"sv-SE","potentialAction":[{"@type":"ReadAction","target":["https:\/\/www.budokampsport.se\/2025\/10\/24\/philippa-odenbring-ar-laddad-infor-hemma-em-i-helgen\/"]}]},{"@type":"ImageObject","inLanguage":"sv-SE","@id":"https:\/\/www.budokampsport.se\/2025\/10\/24\/philippa-odenbring-ar-laddad-infor-hemma-em-i-helgen\/#primaryimage","url":"https:\/\/www.budokampsport.se\/wp-content\/uploads\/2025\/10\/Phillipa-Odenbring.jpg","contentUrl":"https:\/\/www.budokampsport.se\/wp-content\/uploads\/2025\/10\/Phillipa-Odenbring.jpg","width":850,"height":445,"caption":"Foto: Svenska Kendof\u00f6rbundet"},{"@type":"BreadcrumbList","@id":"https:\/\/www.budokampsport.se\/2025\/10\/24\/philippa-odenbring-ar-laddad-infor-hemma-em-i-helgen\/#breadcrumb","itemListElement":[{"@type":"ListItem","position":1,"name":"Hem","item":"https:\/\/www.budokampsport.se\/"},{"@type":"ListItem","position":2,"name":"Philippa Odenbring \u00e4r laddad inf\u00f6r hemma-EM i helgen"}]},{"@type":"WebSite","@id":"https:\/\/www.budokampsport.se\/#website","url":"https:\/\/www.budokampsport.se\/","name":"Svenska Budo &amp; Kampsportsf\u00f6rbundet","description":"T\u00e4vling, Tr\u00e4ning, Tradition","potentialAction":[{"@type":"SearchAction","target":{"@type":"EntryPoint","urlTemplate":"https:\/\/www.budokampsport.se\/?s={search_term_string}"},"query-input":{"@type":"PropertyValueSpecification","valueRequired":true,"valueName":"search_term_string"}}],"inLanguage":"sv-SE"},{"@type":"Person","@id":"https:\/\/www.budokampsport.se\/#\/schema\/person\/5c06d81d14850e2a8ce5493386560145","name":"Jonathan Broberg","image":{"@type":"ImageObject","inLanguage":"sv-SE","@id":"https:\/\/www.budokampsport.se\/#\/schema\/person\/image\/","url":"https:\/\/secure.gravatar.com\/avatar\/a58041c6cea9128bd9c40ee2f26d4136?s=96&d=blank&r=g","contentUrl":"https:\/\/secure.gravatar.com\/avatar\/a58041c6cea9128bd9c40ee2f26d4136?s=96&d=blank&r=g","caption":"Jonathan Broberg"},"sameAs":["https:\/\/www.facebook.com\/jonathan.broberg.7"],"url":"https:\/\/www.budokampsport.se\/author\/jonathan\/"}]}},"_links":{"self":[{"href":"https:\/\/www.budokampsport.se\/api\/wp\/v2\/posts\/184869","targetHints":{"allow":["GET"]}}],"collection":[{"href":"https:\/\/www.budokampsport.se\/api\/wp\/v2\/posts"}],"about":[{"href":"https:\/\/www.budokampsport.se\/api\/wp\/v2\/types\/post"}],"author":[{"embeddable":true,"href":"https:\/\/www.budokampsport.se\/api\/wp\/v2\/users\/7"}],"replies":[{"embeddable":true,"href":"https:\/\/www.budokampsport.se\/api\/wp\/v2\/comments?post=184869"}],"version-history":[{"count":0,"href":"https:\/\/www.budokampsport.se\/api\/wp\/v2\/posts\/184869\/revisions"}],"wp:featuredmedia":[{"embeddable":true,"href":"https:\/\/www.budokampsport.se\/api\/wp\/v2\/media\/184870"}],"wp:attachment":[{"href":"https:\/\/www.budokampsport.se\/api\/wp\/v2\/media?parent=184869"}],"wp:term":[{"taxonomy":"category","embeddable":true,"href":"https:\/\/www.budokampsport.se\/api\/wp\/v2\/categories?post=184869"},{"taxonomy":"post_tag","embeddable":true,"href":"https:\/\/www.budokampsport.se\/api\/wp\/v2\/tags?post=184869"}],"curies":[{"name":"wp","href":"https:\/\/api.w.org\/{rel}","templated":true}]}}