{"id":185262,"date":"2025-11-07T13:59:11","date_gmt":"2025-11-07T11:59:11","guid":{"rendered":"https:\/\/www.budokampsport.se\/?p=185262"},"modified":"2025-11-07T13:59:11","modified_gmt":"2025-11-07T11:59:11","slug":"sbk-startar-nyhetsbrev-for-foreningar","status":"publish","type":"post","link":"https:\/\/www.budokampsport.se\/2025\/11\/07\/sbk-startar-nyhetsbrev-for-foreningar\/","title":{"rendered":"SB&#038;K startar nyhetsbrev f\u00f6r f\u00f6reningar"},"content":{"rendered":"<p>Fr\u00e5n och med november 2025 startas ett nyhetsbrev riktat till alla f\u00f6rbundets f\u00f6reningar med namnet Budo &amp; Kampsportsnytt. Utskicket kommer varje kvartal, med extra nummer i samband med viktiga datum och h\u00e4ndelser. Syftet \u00e4r att st\u00e4rka kommunikationen kring initiativ, projekt och information som ber\u00f6r den lokala verksamheten.<\/p>\n<p>De lokala klubbarna och deras ledare utg\u00f6r en central del av f\u00f6rbundets arbete.\u00a0<\/p>\n<p>F\u00f6r att underl\u00e4tta tillg\u00e5ngen till ekonomiskt st\u00f6d, projekt och andra satsningar har behovet av en samlad informationskanal identifierats. I dag finns m\u00e5nga v\u00e4gar till information, men ingen gemensam plats d\u00e4r allt finns samlat. Budo &amp; Kampsportsnytt kommer ge f\u00f6reningar en tydlig \u00f6versikt och enkel tillg\u00e5ng till det som r\u00f6r deras verksamhet.<\/p>\n<p>\u2013 Det \u00e4r av st\u00f6rsta vikt att vi f\u00f6rser v\u00e5ra f\u00f6reningar med relevant information och visar vart de kan v\u00e4nda sig i fr\u00e5gor som r\u00f6r b\u00e5de f\u00f6rbundet och den egna verksamheten, s\u00e4ger Madeleine Trens, kommunikat\u00f6r p\u00e5 SB&amp;K.<\/p>\n<p>Ordf\u00f6randen och kontaktpersoner som \u00e4r registrerade hos f\u00f6rbundet kommer automatiskt att f\u00e5 nyhetsbrevet i sin inkorg fr\u00e5n november. Det \u00e4r d\u00e4remot viktigt att mottagarna delar vidare inneh\u00e5llet till dem som ber\u00f6rs i verksamheten.<\/p>\n<p>Fr\u00e5gor kan mailas till <a href=\"mailto:trens@budo.se\">trens@budo.se.<\/a><\/p>\n","protected":false},"excerpt":{"rendered":"<p>F\u00f6reningsbrevet Budo &#038; Kampsportsnytt startas upp &#8211; f\u00f6rsta brevet kommer inom v\u00e4ldigt snar framtid.<\/p><br>","protected":false},"author":7,"featured_media":185264,"comment_status":"closed","ping_status":"closed","sticky":false,"template":"","format":"standard","meta":{"_acf_changed":false,"footnotes":""},"categories":[531],"tags":[],"class_list":["post-185262","post","type-post","status-publish","format-standard","has-post-thumbnail","hentry","category-sbk-2"],"acf":[],"yoast_head":"<!-- This site is optimized with the Yoast SEO plugin v26.8 - https:\/\/yoast.com\/product\/yoast-seo-wordpress\/ -->\n<title>SB&amp;K startar nyhetsbrev f\u00f6r f\u00f6reningar - Svenska Budo &amp; Kampsportsf\u00f6rbundet<\/title>\n<meta name=\"description\" content=\"F\u00f6reningsbrevet Budo &amp; Kampsportsnytt startas upp - f\u00f6rsta brevet kommer inom v\u00e4ldigt snar framtid.\" \/>\n<meta name=\"robots\" content=\"index, follow, max-snippet:-1, max-image-preview:large, max-video-preview:-1\" \/>\n<link rel=\"canonical\" href=\"https:\/\/www.budokampsport.se\/2025\/11\/07\/sbk-startar-nyhetsbrev-for-foreningar\/\" \/>\n<meta property=\"og:locale\" content=\"sv_SE\" \/>\n<meta property=\"og:type\" content=\"article\" \/>\n<meta property=\"og:title\" content=\"SB&amp;K startar nyhetsbrev f\u00f6r f\u00f6reningar - Svenska Budo &amp; Kampsportsf\u00f6rbundet\" \/>\n<meta property=\"og:description\" content=\"F\u00f6reningsbrevet Budo &amp; Kampsportsnytt startas upp - f\u00f6rsta brevet kommer inom v\u00e4ldigt snar framtid.\" \/>\n<meta property=\"og:url\" content=\"https:\/\/www.budokampsport.se\/2025\/11\/07\/sbk-startar-nyhetsbrev-for-foreningar\/\" \/>\n<meta property=\"og:site_name\" content=\"Svenska Budo &amp; Kampsportsf\u00f6rbundet\" \/>\n<meta property=\"article:author\" content=\"https:\/\/www.facebook.com\/jonathan.broberg.7\" \/>\n<meta property=\"article:published_time\" content=\"2025-11-07T11:59:11+00:00\" \/>\n<meta property=\"og:image\" content=\"https:\/\/www.budokampsport.se\/wp-content\/uploads\/2025\/11\/Budokampnytt-banner-2025.png\" \/>\n\t<meta property=\"og:image:width\" content=\"1480\" \/>\n\t<meta property=\"og:image:height\" content=\"736\" \/>\n\t<meta property=\"og:image:type\" content=\"image\/png\" \/>\n<meta name=\"author\" content=\"Jonathan Broberg\" \/>\n<meta name=\"twitter:card\" content=\"summary_large_image\" \/>\n<meta name=\"twitter:label1\" content=\"Skriven av\" \/>\n\t<meta name=\"twitter:data1\" content=\"Jonathan Broberg\" \/>\n\t<meta name=\"twitter:label2\" content=\"Ber\u00e4knad l\u00e4stid\" \/>\n\t<meta name=\"twitter:data2\" content=\"2 minuter\" \/>\n<script type=\"application\/ld+json\" class=\"yoast-schema-graph\">{\"@context\":\"https:\/\/schema.org\",\"@graph\":[{\"@type\":\"Article\",\"@id\":\"https:\/\/www.budokampsport.se\/2025\/11\/07\/sbk-startar-nyhetsbrev-for-foreningar\/#article\",\"isPartOf\":{\"@id\":\"https:\/\/www.budokampsport.se\/2025\/11\/07\/sbk-startar-nyhetsbrev-for-foreningar\/\"},\"author\":{\"name\":\"Jonathan Broberg\",\"@id\":\"https:\/\/www.budokampsport.se\/#\/schema\/person\/5c06d81d14850e2a8ce5493386560145\"},\"headline\":\"SB&#038;K startar nyhetsbrev f\u00f6r f\u00f6reningar\",\"datePublished\":\"2025-11-07T11:59:11+00:00\",\"mainEntityOfPage\":{\"@id\":\"https:\/\/www.budokampsport.se\/2025\/11\/07\/sbk-startar-nyhetsbrev-for-foreningar\/\"},\"wordCount\":232,\"image\":{\"@id\":\"https:\/\/www.budokampsport.se\/2025\/11\/07\/sbk-startar-nyhetsbrev-for-foreningar\/#primaryimage\"},\"thumbnailUrl\":\"https:\/\/www.budokampsport.se\/wp-content\/uploads\/2025\/11\/Budokampnytt-banner-2025.png\",\"articleSection\":[\"SB&amp;K\"],\"inLanguage\":\"sv-SE\"},{\"@type\":\"WebPage\",\"@id\":\"https:\/\/www.budokampsport.se\/2025\/11\/07\/sbk-startar-nyhetsbrev-for-foreningar\/\",\"url\":\"https:\/\/www.budokampsport.se\/2025\/11\/07\/sbk-startar-nyhetsbrev-for-foreningar\/\",\"name\":\"SB&K startar nyhetsbrev f\u00f6r f\u00f6reningar - Svenska Budo &amp; Kampsportsf\u00f6rbundet\",\"isPartOf\":{\"@id\":\"https:\/\/www.budokampsport.se\/#website\"},\"primaryImageOfPage\":{\"@id\":\"https:\/\/www.budokampsport.se\/2025\/11\/07\/sbk-startar-nyhetsbrev-for-foreningar\/#primaryimage\"},\"image\":{\"@id\":\"https:\/\/www.budokampsport.se\/2025\/11\/07\/sbk-startar-nyhetsbrev-for-foreningar\/#primaryimage\"},\"thumbnailUrl\":\"https:\/\/www.budokampsport.se\/wp-content\/uploads\/2025\/11\/Budokampnytt-banner-2025.png\",\"datePublished\":\"2025-11-07T11:59:11+00:00\",\"author\":{\"@id\":\"https:\/\/www.budokampsport.se\/#\/schema\/person\/5c06d81d14850e2a8ce5493386560145\"},\"description\":\"F\u00f6reningsbrevet Budo & Kampsportsnytt startas upp - f\u00f6rsta brevet kommer inom v\u00e4ldigt snar framtid.\",\"breadcrumb\":{\"@id\":\"https:\/\/www.budokampsport.se\/2025\/11\/07\/sbk-startar-nyhetsbrev-for-foreningar\/#breadcrumb\"},\"inLanguage\":\"sv-SE\",\"potentialAction\":[{\"@type\":\"ReadAction\",\"target\":[\"https:\/\/www.budokampsport.se\/2025\/11\/07\/sbk-startar-nyhetsbrev-for-foreningar\/\"]}]},{\"@type\":\"ImageObject\",\"inLanguage\":\"sv-SE\",\"@id\":\"https:\/\/www.budokampsport.se\/2025\/11\/07\/sbk-startar-nyhetsbrev-for-foreningar\/#primaryimage\",\"url\":\"https:\/\/www.budokampsport.se\/wp-content\/uploads\/2025\/11\/Budokampnytt-banner-2025.png\",\"contentUrl\":\"https:\/\/www.budokampsport.se\/wp-content\/uploads\/2025\/11\/Budokampnytt-banner-2025.png\",\"width\":1480,\"height\":736,\"caption\":\"Illustration: Ida Brogren\"},{\"@type\":\"BreadcrumbList\",\"@id\":\"https:\/\/www.budokampsport.se\/2025\/11\/07\/sbk-startar-nyhetsbrev-for-foreningar\/#breadcrumb\",\"itemListElement\":[{\"@type\":\"ListItem\",\"position\":1,\"name\":\"Hem\",\"item\":\"https:\/\/www.budokampsport.se\/\"},{\"@type\":\"ListItem\",\"position\":2,\"name\":\"SB&#038;K startar nyhetsbrev f\u00f6r f\u00f6reningar\"}]},{\"@type\":\"WebSite\",\"@id\":\"https:\/\/www.budokampsport.se\/#website\",\"url\":\"https:\/\/www.budokampsport.se\/\",\"name\":\"Svenska Budo &amp; Kampsportsf\u00f6rbundet\",\"description\":\"T\u00e4vling, Tr\u00e4ning, Tradition\",\"potentialAction\":[{\"@type\":\"SearchAction\",\"target\":{\"@type\":\"EntryPoint\",\"urlTemplate\":\"https:\/\/www.budokampsport.se\/?s={search_term_string}\"},\"query-input\":{\"@type\":\"PropertyValueSpecification\",\"valueRequired\":true,\"valueName\":\"search_term_string\"}}],\"inLanguage\":\"sv-SE\"},{\"@type\":\"Person\",\"@id\":\"https:\/\/www.budokampsport.se\/#\/schema\/person\/5c06d81d14850e2a8ce5493386560145\",\"name\":\"Jonathan Broberg\",\"image\":{\"@type\":\"ImageObject\",\"inLanguage\":\"sv-SE\",\"@id\":\"https:\/\/www.budokampsport.se\/#\/schema\/person\/image\/\",\"url\":\"https:\/\/secure.gravatar.com\/avatar\/a58041c6cea9128bd9c40ee2f26d4136?s=96&d=blank&r=g\",\"contentUrl\":\"https:\/\/secure.gravatar.com\/avatar\/a58041c6cea9128bd9c40ee2f26d4136?s=96&d=blank&r=g\",\"caption\":\"Jonathan Broberg\"},\"sameAs\":[\"https:\/\/www.facebook.com\/jonathan.broberg.7\"],\"url\":\"https:\/\/www.budokampsport.se\/author\/jonathan\/\"}]}<\/script>\n<!-- \/ Yoast SEO plugin. -->","yoast_head_json":{"title":"SB&K startar nyhetsbrev f\u00f6r f\u00f6reningar - Svenska Budo &amp; Kampsportsf\u00f6rbundet","description":"F\u00f6reningsbrevet Budo & Kampsportsnytt startas upp - f\u00f6rsta brevet kommer inom v\u00e4ldigt snar framtid.","robots":{"index":"index","follow":"follow","max-snippet":"max-snippet:-1","max-image-preview":"max-image-preview:large","max-video-preview":"max-video-preview:-1"},"canonical":"https:\/\/www.budokampsport.se\/2025\/11\/07\/sbk-startar-nyhetsbrev-for-foreningar\/","og_locale":"sv_SE","og_type":"article","og_title":"SB&K startar nyhetsbrev f\u00f6r f\u00f6reningar - Svenska Budo &amp; Kampsportsf\u00f6rbundet","og_description":"F\u00f6reningsbrevet Budo & Kampsportsnytt startas upp - f\u00f6rsta brevet kommer inom v\u00e4ldigt snar framtid.","og_url":"https:\/\/www.budokampsport.se\/2025\/11\/07\/sbk-startar-nyhetsbrev-for-foreningar\/","og_site_name":"Svenska Budo &amp; Kampsportsf\u00f6rbundet","article_author":"https:\/\/www.facebook.com\/jonathan.broberg.7","article_published_time":"2025-11-07T11:59:11+00:00","og_image":[{"width":1480,"height":736,"url":"https:\/\/www.budokampsport.se\/wp-content\/uploads\/2025\/11\/Budokampnytt-banner-2025.png","type":"image\/png"}],"author":"Jonathan Broberg","twitter_card":"summary_large_image","twitter_misc":{"Skriven av":"Jonathan Broberg","Ber\u00e4knad l\u00e4stid":"2 minuter"},"schema":{"@context":"https:\/\/schema.org","@graph":[{"@type":"Article","@id":"https:\/\/www.budokampsport.se\/2025\/11\/07\/sbk-startar-nyhetsbrev-for-foreningar\/#article","isPartOf":{"@id":"https:\/\/www.budokampsport.se\/2025\/11\/07\/sbk-startar-nyhetsbrev-for-foreningar\/"},"author":{"name":"Jonathan Broberg","@id":"https:\/\/www.budokampsport.se\/#\/schema\/person\/5c06d81d14850e2a8ce5493386560145"},"headline":"SB&#038;K startar nyhetsbrev f\u00f6r f\u00f6reningar","datePublished":"2025-11-07T11:59:11+00:00","mainEntityOfPage":{"@id":"https:\/\/www.budokampsport.se\/2025\/11\/07\/sbk-startar-nyhetsbrev-for-foreningar\/"},"wordCount":232,"image":{"@id":"https:\/\/www.budokampsport.se\/2025\/11\/07\/sbk-startar-nyhetsbrev-for-foreningar\/#primaryimage"},"thumbnailUrl":"https:\/\/www.budokampsport.se\/wp-content\/uploads\/2025\/11\/Budokampnytt-banner-2025.png","articleSection":["SB&amp;K"],"inLanguage":"sv-SE"},{"@type":"WebPage","@id":"https:\/\/www.budokampsport.se\/2025\/11\/07\/sbk-startar-nyhetsbrev-for-foreningar\/","url":"https:\/\/www.budokampsport.se\/2025\/11\/07\/sbk-startar-nyhetsbrev-for-foreningar\/","name":"SB&K startar nyhetsbrev f\u00f6r f\u00f6reningar - Svenska Budo &amp; Kampsportsf\u00f6rbundet","isPartOf":{"@id":"https:\/\/www.budokampsport.se\/#website"},"primaryImageOfPage":{"@id":"https:\/\/www.budokampsport.se\/2025\/11\/07\/sbk-startar-nyhetsbrev-for-foreningar\/#primaryimage"},"image":{"@id":"https:\/\/www.budokampsport.se\/2025\/11\/07\/sbk-startar-nyhetsbrev-for-foreningar\/#primaryimage"},"thumbnailUrl":"https:\/\/www.budokampsport.se\/wp-content\/uploads\/2025\/11\/Budokampnytt-banner-2025.png","datePublished":"2025-11-07T11:59:11+00:00","author":{"@id":"https:\/\/www.budokampsport.se\/#\/schema\/person\/5c06d81d14850e2a8ce5493386560145"},"description":"F\u00f6reningsbrevet Budo & Kampsportsnytt startas upp - f\u00f6rsta brevet kommer inom v\u00e4ldigt snar framtid.","breadcrumb":{"@id":"https:\/\/www.budokampsport.se\/2025\/11\/07\/sbk-startar-nyhetsbrev-for-foreningar\/#breadcrumb"},"inLanguage":"sv-SE","potentialAction":[{"@type":"ReadAction","target":["https:\/\/www.budokampsport.se\/2025\/11\/07\/sbk-startar-nyhetsbrev-for-foreningar\/"]}]},{"@type":"ImageObject","inLanguage":"sv-SE","@id":"https:\/\/www.budokampsport.se\/2025\/11\/07\/sbk-startar-nyhetsbrev-for-foreningar\/#primaryimage","url":"https:\/\/www.budokampsport.se\/wp-content\/uploads\/2025\/11\/Budokampnytt-banner-2025.png","contentUrl":"https:\/\/www.budokampsport.se\/wp-content\/uploads\/2025\/11\/Budokampnytt-banner-2025.png","width":1480,"height":736,"caption":"Illustration: Ida Brogren"},{"@type":"BreadcrumbList","@id":"https:\/\/www.budokampsport.se\/2025\/11\/07\/sbk-startar-nyhetsbrev-for-foreningar\/#breadcrumb","itemListElement":[{"@type":"ListItem","position":1,"name":"Hem","item":"https:\/\/www.budokampsport.se\/"},{"@type":"ListItem","position":2,"name":"SB&#038;K startar nyhetsbrev f\u00f6r f\u00f6reningar"}]},{"@type":"WebSite","@id":"https:\/\/www.budokampsport.se\/#website","url":"https:\/\/www.budokampsport.se\/","name":"Svenska Budo &amp; Kampsportsf\u00f6rbundet","description":"T\u00e4vling, Tr\u00e4ning, Tradition","potentialAction":[{"@type":"SearchAction","target":{"@type":"EntryPoint","urlTemplate":"https:\/\/www.budokampsport.se\/?s={search_term_string}"},"query-input":{"@type":"PropertyValueSpecification","valueRequired":true,"valueName":"search_term_string"}}],"inLanguage":"sv-SE"},{"@type":"Person","@id":"https:\/\/www.budokampsport.se\/#\/schema\/person\/5c06d81d14850e2a8ce5493386560145","name":"Jonathan Broberg","image":{"@type":"ImageObject","inLanguage":"sv-SE","@id":"https:\/\/www.budokampsport.se\/#\/schema\/person\/image\/","url":"https:\/\/secure.gravatar.com\/avatar\/a58041c6cea9128bd9c40ee2f26d4136?s=96&d=blank&r=g","contentUrl":"https:\/\/secure.gravatar.com\/avatar\/a58041c6cea9128bd9c40ee2f26d4136?s=96&d=blank&r=g","caption":"Jonathan Broberg"},"sameAs":["https:\/\/www.facebook.com\/jonathan.broberg.7"],"url":"https:\/\/www.budokampsport.se\/author\/jonathan\/"}]}},"_links":{"self":[{"href":"https:\/\/www.budokampsport.se\/api\/wp\/v2\/posts\/185262","targetHints":{"allow":["GET"]}}],"collection":[{"href":"https:\/\/www.budokampsport.se\/api\/wp\/v2\/posts"}],"about":[{"href":"https:\/\/www.budokampsport.se\/api\/wp\/v2\/types\/post"}],"author":[{"embeddable":true,"href":"https:\/\/www.budokampsport.se\/api\/wp\/v2\/users\/7"}],"replies":[{"embeddable":true,"href":"https:\/\/www.budokampsport.se\/api\/wp\/v2\/comments?post=185262"}],"version-history":[{"count":0,"href":"https:\/\/www.budokampsport.se\/api\/wp\/v2\/posts\/185262\/revisions"}],"wp:featuredmedia":[{"embeddable":true,"href":"https:\/\/www.budokampsport.se\/api\/wp\/v2\/media\/185264"}],"wp:attachment":[{"href":"https:\/\/www.budokampsport.se\/api\/wp\/v2\/media?parent=185262"}],"wp:term":[{"taxonomy":"category","embeddable":true,"href":"https:\/\/www.budokampsport.se\/api\/wp\/v2\/categories?post=185262"},{"taxonomy":"post_tag","embeddable":true,"href":"https:\/\/www.budokampsport.se\/api\/wp\/v2\/tags?post=185262"}],"curies":[{"name":"wp","href":"https:\/\/api.w.org\/{rel}","templated":true}]}}