{"id":185532,"date":"2025-11-17T16:05:32","date_gmt":"2025-11-17T14:05:32","guid":{"rendered":"https:\/\/www.budokampsport.se\/?p=185532"},"modified":"2025-11-17T16:05:32","modified_gmt":"2025-11-17T14:05:32","slug":"ordforandena-nojda-med-dawodys-nominering","status":"publish","type":"post","link":"https:\/\/www.budokampsport.se\/2025\/11\/17\/ordforandena-nojda-med-dawodys-nominering\/","title":{"rendered":"Ordf\u00f6randena n\u00f6jda med Dawodys nominering"},"content":{"rendered":"<p>Thaiboxningen fick en nominerad till Idrottsgalan, d\u00e5 Dalian Dawody tidigare idag blev nominerad till \u00c5rets Manlige Idrottare.<\/p>\n<p>Svenska Muaythai-f\u00f6rbundets ordf\u00f6rande Fredrik \u201dR:son\u201d Johnson gladde sig \u00e5t nyheten.<\/p>\n<p>&#8211; Det \u00e4r ju stort, Dalian l\u00e4gger verkligen manken till och \u00e4r den i v\u00e5r idrott som varit b\u00e4st under \u00e5ret, enligt min mening. Det \u00e4r en v\u00e4lf\u00f6rtj\u00e4nt nominering. Det \u00e4r ocks\u00e5 kul, tycker jag, att han kommer fr\u00e5n Karlstad. Det visar att man inte beh\u00f6ver komma fr\u00e5n n\u00e5gon storstad som Stockholm, G\u00f6teborg och Malm\u00f6, f\u00f6r att lyckas inom v\u00e5r sport.<\/p>\n<p>\u00c4ven Svenska Budo &amp; Kampsportsf\u00f6rbundets ordf\u00f6rande Fredrik Gundmark \u00e4r glad \u00e5t Dalian Dawodys nominering.<\/p>\n<p>&#8211; Det \u00e4r oerh\u00f6rt stort f\u00f6r oss. Vi \u00e4r naturligtvis j\u00e4ttestolta och glada \u00f6ver det h\u00e4r. Det \u00e4r fantastiskt f\u00f6r v\u00e5rt f\u00f6rbund, men \u00e4nnu mer \u00e4r jag f\u00f6rst\u00e5s glad f\u00f6r Dalians skull.<\/p>\n<figure id=\"attachment_180901\" aria-describedby=\"caption-attachment-180901\" style=\"width: 850px\" class=\"wp-caption alignnone\"><img loading=\"lazy\" decoding=\"async\" class=\"size-full wp-image-180901\" src=\"https:\/\/www.budokampsport.se\/wp-content\/uploads\/2025\/04\/fredrik-gundmark_kampsportsgalan.jpg\" alt=\"Fredrik Gundmark p\u00e5 Kampsportsgalan 2024\" width=\"850\" height=\"581\" srcset=\"https:\/\/www.budokampsport.se\/wp-content\/uploads\/2025\/04\/fredrik-gundmark_kampsportsgalan.jpg 850w, https:\/\/www.budokampsport.se\/wp-content\/uploads\/2025\/04\/fredrik-gundmark_kampsportsgalan-278x190.jpg 278w, https:\/\/www.budokampsport.se\/wp-content\/uploads\/2025\/04\/fredrik-gundmark_kampsportsgalan-600x410.jpg 600w\" sizes=\"auto, (max-width: 850px) 100vw, 850px\" \/><figcaption id=\"caption-attachment-180901\" class=\"wp-caption-text\">Foto: Michael Campanella\/BILDBYR\u00c5N<\/figcaption><\/figure>\n","protected":false},"excerpt":{"rendered":"<p>SB&#038;K:s Fredrik Gundmark och Svenska Muaythaif\u00f6rbundets ordf\u00f6randen uttrycker gl\u00e4dje \u00f6ver Dalian Dawodys nominering till Idrottsgalan.<\/p><br>","protected":false},"author":7,"featured_media":185537,"comment_status":"closed","ping_status":"closed","sticky":false,"template":"","format":"standard","meta":{"_acf_changed":false,"footnotes":""},"categories":[536,531,271],"tags":[],"class_list":["post-185532","post","type-post","status-publish","format-standard","has-post-thumbnail","hentry","category-muaythai","category-sbk-2","category-thaiboxning"],"acf":[],"yoast_head":"<!-- This site is optimized with the Yoast SEO plugin v26.8 - https:\/\/yoast.com\/product\/yoast-seo-wordpress\/ -->\n<title>Ordf\u00f6randena n\u00f6jda med Dawodys nominering - Svenska Budo &amp; Kampsportsf\u00f6rbundet<\/title>\n<meta name=\"description\" content=\"SB&amp;K:s Fredrik Gundmark och Svenska Muaythaif\u00f6rbundets ordf\u00f6randen uttrycker gl\u00e4dje \u00f6ver Dalian Dawodys nominering till Idrottsgalan.\" \/>\n<meta name=\"robots\" content=\"index, follow, max-snippet:-1, max-image-preview:large, max-video-preview:-1\" \/>\n<link rel=\"canonical\" href=\"https:\/\/www.budokampsport.se\/2025\/11\/17\/ordforandena-nojda-med-dawodys-nominering\/\" \/>\n<meta property=\"og:locale\" content=\"sv_SE\" \/>\n<meta property=\"og:type\" content=\"article\" \/>\n<meta property=\"og:title\" content=\"Ordf\u00f6randena n\u00f6jda med Dawodys nominering - Svenska Budo &amp; Kampsportsf\u00f6rbundet\" \/>\n<meta property=\"og:description\" content=\"SB&amp;K:s Fredrik Gundmark och Svenska Muaythaif\u00f6rbundets ordf\u00f6randen uttrycker gl\u00e4dje \u00f6ver Dalian Dawodys nominering till Idrottsgalan.\" \/>\n<meta property=\"og:url\" content=\"https:\/\/www.budokampsport.se\/2025\/11\/17\/ordforandena-nojda-med-dawodys-nominering\/\" \/>\n<meta property=\"og:site_name\" content=\"Svenska Budo &amp; Kampsportsf\u00f6rbundet\" \/>\n<meta property=\"article:author\" content=\"https:\/\/www.facebook.com\/jonathan.broberg.7\" \/>\n<meta property=\"article:published_time\" content=\"2025-11-17T14:05:32+00:00\" \/>\n<meta property=\"og:image\" content=\"https:\/\/www.budokampsport.se\/wp-content\/uploads\/2025\/11\/Dalian_Fredrik.jpg\" \/>\n\t<meta property=\"og:image:width\" content=\"850\" \/>\n\t<meta property=\"og:image:height\" content=\"567\" \/>\n\t<meta property=\"og:image:type\" content=\"image\/jpeg\" \/>\n<meta name=\"author\" content=\"Jonathan Broberg\" \/>\n<meta name=\"twitter:card\" content=\"summary_large_image\" \/>\n<meta name=\"twitter:label1\" content=\"Skriven av\" \/>\n\t<meta name=\"twitter:data1\" content=\"Jonathan Broberg\" \/>\n\t<meta name=\"twitter:label2\" content=\"Ber\u00e4knad l\u00e4stid\" \/>\n\t<meta name=\"twitter:data2\" content=\"2 minuter\" \/>\n<script type=\"application\/ld+json\" class=\"yoast-schema-graph\">{\"@context\":\"https:\/\/schema.org\",\"@graph\":[{\"@type\":\"Article\",\"@id\":\"https:\/\/www.budokampsport.se\/2025\/11\/17\/ordforandena-nojda-med-dawodys-nominering\/#article\",\"isPartOf\":{\"@id\":\"https:\/\/www.budokampsport.se\/2025\/11\/17\/ordforandena-nojda-med-dawodys-nominering\/\"},\"author\":{\"name\":\"Jonathan Broberg\",\"@id\":\"https:\/\/www.budokampsport.se\/#\/schema\/person\/5c06d81d14850e2a8ce5493386560145\"},\"headline\":\"Ordf\u00f6randena n\u00f6jda med Dawodys nominering\",\"datePublished\":\"2025-11-17T14:05:32+00:00\",\"mainEntityOfPage\":{\"@id\":\"https:\/\/www.budokampsport.se\/2025\/11\/17\/ordforandena-nojda-med-dawodys-nominering\/\"},\"wordCount\":181,\"image\":{\"@id\":\"https:\/\/www.budokampsport.se\/2025\/11\/17\/ordforandena-nojda-med-dawodys-nominering\/#primaryimage\"},\"thumbnailUrl\":\"https:\/\/www.budokampsport.se\/wp-content\/uploads\/2025\/11\/Dalian_Fredrik.jpg\",\"articleSection\":[\"Muaythai\",\"SB&amp;K\",\"Thaiboxning\"],\"inLanguage\":\"sv-SE\"},{\"@type\":\"WebPage\",\"@id\":\"https:\/\/www.budokampsport.se\/2025\/11\/17\/ordforandena-nojda-med-dawodys-nominering\/\",\"url\":\"https:\/\/www.budokampsport.se\/2025\/11\/17\/ordforandena-nojda-med-dawodys-nominering\/\",\"name\":\"Ordf\u00f6randena n\u00f6jda med Dawodys nominering - Svenska Budo &amp; Kampsportsf\u00f6rbundet\",\"isPartOf\":{\"@id\":\"https:\/\/www.budokampsport.se\/#website\"},\"primaryImageOfPage\":{\"@id\":\"https:\/\/www.budokampsport.se\/2025\/11\/17\/ordforandena-nojda-med-dawodys-nominering\/#primaryimage\"},\"image\":{\"@id\":\"https:\/\/www.budokampsport.se\/2025\/11\/17\/ordforandena-nojda-med-dawodys-nominering\/#primaryimage\"},\"thumbnailUrl\":\"https:\/\/www.budokampsport.se\/wp-content\/uploads\/2025\/11\/Dalian_Fredrik.jpg\",\"datePublished\":\"2025-11-17T14:05:32+00:00\",\"author\":{\"@id\":\"https:\/\/www.budokampsport.se\/#\/schema\/person\/5c06d81d14850e2a8ce5493386560145\"},\"description\":\"SB&K:s Fredrik Gundmark och Svenska Muaythaif\u00f6rbundets ordf\u00f6randen uttrycker gl\u00e4dje \u00f6ver Dalian Dawodys nominering till Idrottsgalan.\",\"breadcrumb\":{\"@id\":\"https:\/\/www.budokampsport.se\/2025\/11\/17\/ordforandena-nojda-med-dawodys-nominering\/#breadcrumb\"},\"inLanguage\":\"sv-SE\",\"potentialAction\":[{\"@type\":\"ReadAction\",\"target\":[\"https:\/\/www.budokampsport.se\/2025\/11\/17\/ordforandena-nojda-med-dawodys-nominering\/\"]}]},{\"@type\":\"ImageObject\",\"inLanguage\":\"sv-SE\",\"@id\":\"https:\/\/www.budokampsport.se\/2025\/11\/17\/ordforandena-nojda-med-dawodys-nominering\/#primaryimage\",\"url\":\"https:\/\/www.budokampsport.se\/wp-content\/uploads\/2025\/11\/Dalian_Fredrik.jpg\",\"contentUrl\":\"https:\/\/www.budokampsport.se\/wp-content\/uploads\/2025\/11\/Dalian_Fredrik.jpg\",\"width\":850,\"height\":567,\"caption\":\"Foto: Nicole Kaiser\/Jonathan Broberg\"},{\"@type\":\"BreadcrumbList\",\"@id\":\"https:\/\/www.budokampsport.se\/2025\/11\/17\/ordforandena-nojda-med-dawodys-nominering\/#breadcrumb\",\"itemListElement\":[{\"@type\":\"ListItem\",\"position\":1,\"name\":\"Hem\",\"item\":\"https:\/\/www.budokampsport.se\/\"},{\"@type\":\"ListItem\",\"position\":2,\"name\":\"Ordf\u00f6randena n\u00f6jda med Dawodys nominering\"}]},{\"@type\":\"WebSite\",\"@id\":\"https:\/\/www.budokampsport.se\/#website\",\"url\":\"https:\/\/www.budokampsport.se\/\",\"name\":\"Svenska Budo &amp; Kampsportsf\u00f6rbundet\",\"description\":\"T\u00e4vling, Tr\u00e4ning, Tradition\",\"potentialAction\":[{\"@type\":\"SearchAction\",\"target\":{\"@type\":\"EntryPoint\",\"urlTemplate\":\"https:\/\/www.budokampsport.se\/?s={search_term_string}\"},\"query-input\":{\"@type\":\"PropertyValueSpecification\",\"valueRequired\":true,\"valueName\":\"search_term_string\"}}],\"inLanguage\":\"sv-SE\"},{\"@type\":\"Person\",\"@id\":\"https:\/\/www.budokampsport.se\/#\/schema\/person\/5c06d81d14850e2a8ce5493386560145\",\"name\":\"Jonathan Broberg\",\"image\":{\"@type\":\"ImageObject\",\"inLanguage\":\"sv-SE\",\"@id\":\"https:\/\/www.budokampsport.se\/#\/schema\/person\/image\/\",\"url\":\"https:\/\/secure.gravatar.com\/avatar\/a58041c6cea9128bd9c40ee2f26d4136?s=96&d=blank&r=g\",\"contentUrl\":\"https:\/\/secure.gravatar.com\/avatar\/a58041c6cea9128bd9c40ee2f26d4136?s=96&d=blank&r=g\",\"caption\":\"Jonathan Broberg\"},\"sameAs\":[\"https:\/\/www.facebook.com\/jonathan.broberg.7\"],\"url\":\"https:\/\/www.budokampsport.se\/author\/jonathan\/\"}]}<\/script>\n<!-- \/ Yoast SEO plugin. -->","yoast_head_json":{"title":"Ordf\u00f6randena n\u00f6jda med Dawodys nominering - Svenska Budo &amp; Kampsportsf\u00f6rbundet","description":"SB&K:s Fredrik Gundmark och Svenska Muaythaif\u00f6rbundets ordf\u00f6randen uttrycker gl\u00e4dje \u00f6ver Dalian Dawodys nominering till Idrottsgalan.","robots":{"index":"index","follow":"follow","max-snippet":"max-snippet:-1","max-image-preview":"max-image-preview:large","max-video-preview":"max-video-preview:-1"},"canonical":"https:\/\/www.budokampsport.se\/2025\/11\/17\/ordforandena-nojda-med-dawodys-nominering\/","og_locale":"sv_SE","og_type":"article","og_title":"Ordf\u00f6randena n\u00f6jda med Dawodys nominering - Svenska Budo &amp; Kampsportsf\u00f6rbundet","og_description":"SB&K:s Fredrik Gundmark och Svenska Muaythaif\u00f6rbundets ordf\u00f6randen uttrycker gl\u00e4dje \u00f6ver Dalian Dawodys nominering till Idrottsgalan.","og_url":"https:\/\/www.budokampsport.se\/2025\/11\/17\/ordforandena-nojda-med-dawodys-nominering\/","og_site_name":"Svenska Budo &amp; Kampsportsf\u00f6rbundet","article_author":"https:\/\/www.facebook.com\/jonathan.broberg.7","article_published_time":"2025-11-17T14:05:32+00:00","og_image":[{"width":850,"height":567,"url":"https:\/\/www.budokampsport.se\/wp-content\/uploads\/2025\/11\/Dalian_Fredrik.jpg","type":"image\/jpeg"}],"author":"Jonathan Broberg","twitter_card":"summary_large_image","twitter_misc":{"Skriven av":"Jonathan Broberg","Ber\u00e4knad l\u00e4stid":"2 minuter"},"schema":{"@context":"https:\/\/schema.org","@graph":[{"@type":"Article","@id":"https:\/\/www.budokampsport.se\/2025\/11\/17\/ordforandena-nojda-med-dawodys-nominering\/#article","isPartOf":{"@id":"https:\/\/www.budokampsport.se\/2025\/11\/17\/ordforandena-nojda-med-dawodys-nominering\/"},"author":{"name":"Jonathan Broberg","@id":"https:\/\/www.budokampsport.se\/#\/schema\/person\/5c06d81d14850e2a8ce5493386560145"},"headline":"Ordf\u00f6randena n\u00f6jda med Dawodys nominering","datePublished":"2025-11-17T14:05:32+00:00","mainEntityOfPage":{"@id":"https:\/\/www.budokampsport.se\/2025\/11\/17\/ordforandena-nojda-med-dawodys-nominering\/"},"wordCount":181,"image":{"@id":"https:\/\/www.budokampsport.se\/2025\/11\/17\/ordforandena-nojda-med-dawodys-nominering\/#primaryimage"},"thumbnailUrl":"https:\/\/www.budokampsport.se\/wp-content\/uploads\/2025\/11\/Dalian_Fredrik.jpg","articleSection":["Muaythai","SB&amp;K","Thaiboxning"],"inLanguage":"sv-SE"},{"@type":"WebPage","@id":"https:\/\/www.budokampsport.se\/2025\/11\/17\/ordforandena-nojda-med-dawodys-nominering\/","url":"https:\/\/www.budokampsport.se\/2025\/11\/17\/ordforandena-nojda-med-dawodys-nominering\/","name":"Ordf\u00f6randena n\u00f6jda med Dawodys nominering - Svenska Budo &amp; Kampsportsf\u00f6rbundet","isPartOf":{"@id":"https:\/\/www.budokampsport.se\/#website"},"primaryImageOfPage":{"@id":"https:\/\/www.budokampsport.se\/2025\/11\/17\/ordforandena-nojda-med-dawodys-nominering\/#primaryimage"},"image":{"@id":"https:\/\/www.budokampsport.se\/2025\/11\/17\/ordforandena-nojda-med-dawodys-nominering\/#primaryimage"},"thumbnailUrl":"https:\/\/www.budokampsport.se\/wp-content\/uploads\/2025\/11\/Dalian_Fredrik.jpg","datePublished":"2025-11-17T14:05:32+00:00","author":{"@id":"https:\/\/www.budokampsport.se\/#\/schema\/person\/5c06d81d14850e2a8ce5493386560145"},"description":"SB&K:s Fredrik Gundmark och Svenska Muaythaif\u00f6rbundets ordf\u00f6randen uttrycker gl\u00e4dje \u00f6ver Dalian Dawodys nominering till Idrottsgalan.","breadcrumb":{"@id":"https:\/\/www.budokampsport.se\/2025\/11\/17\/ordforandena-nojda-med-dawodys-nominering\/#breadcrumb"},"inLanguage":"sv-SE","potentialAction":[{"@type":"ReadAction","target":["https:\/\/www.budokampsport.se\/2025\/11\/17\/ordforandena-nojda-med-dawodys-nominering\/"]}]},{"@type":"ImageObject","inLanguage":"sv-SE","@id":"https:\/\/www.budokampsport.se\/2025\/11\/17\/ordforandena-nojda-med-dawodys-nominering\/#primaryimage","url":"https:\/\/www.budokampsport.se\/wp-content\/uploads\/2025\/11\/Dalian_Fredrik.jpg","contentUrl":"https:\/\/www.budokampsport.se\/wp-content\/uploads\/2025\/11\/Dalian_Fredrik.jpg","width":850,"height":567,"caption":"Foto: Nicole Kaiser\/Jonathan Broberg"},{"@type":"BreadcrumbList","@id":"https:\/\/www.budokampsport.se\/2025\/11\/17\/ordforandena-nojda-med-dawodys-nominering\/#breadcrumb","itemListElement":[{"@type":"ListItem","position":1,"name":"Hem","item":"https:\/\/www.budokampsport.se\/"},{"@type":"ListItem","position":2,"name":"Ordf\u00f6randena n\u00f6jda med Dawodys nominering"}]},{"@type":"WebSite","@id":"https:\/\/www.budokampsport.se\/#website","url":"https:\/\/www.budokampsport.se\/","name":"Svenska Budo &amp; Kampsportsf\u00f6rbundet","description":"T\u00e4vling, Tr\u00e4ning, Tradition","potentialAction":[{"@type":"SearchAction","target":{"@type":"EntryPoint","urlTemplate":"https:\/\/www.budokampsport.se\/?s={search_term_string}"},"query-input":{"@type":"PropertyValueSpecification","valueRequired":true,"valueName":"search_term_string"}}],"inLanguage":"sv-SE"},{"@type":"Person","@id":"https:\/\/www.budokampsport.se\/#\/schema\/person\/5c06d81d14850e2a8ce5493386560145","name":"Jonathan Broberg","image":{"@type":"ImageObject","inLanguage":"sv-SE","@id":"https:\/\/www.budokampsport.se\/#\/schema\/person\/image\/","url":"https:\/\/secure.gravatar.com\/avatar\/a58041c6cea9128bd9c40ee2f26d4136?s=96&d=blank&r=g","contentUrl":"https:\/\/secure.gravatar.com\/avatar\/a58041c6cea9128bd9c40ee2f26d4136?s=96&d=blank&r=g","caption":"Jonathan Broberg"},"sameAs":["https:\/\/www.facebook.com\/jonathan.broberg.7"],"url":"https:\/\/www.budokampsport.se\/author\/jonathan\/"}]}},"_links":{"self":[{"href":"https:\/\/www.budokampsport.se\/api\/wp\/v2\/posts\/185532","targetHints":{"allow":["GET"]}}],"collection":[{"href":"https:\/\/www.budokampsport.se\/api\/wp\/v2\/posts"}],"about":[{"href":"https:\/\/www.budokampsport.se\/api\/wp\/v2\/types\/post"}],"author":[{"embeddable":true,"href":"https:\/\/www.budokampsport.se\/api\/wp\/v2\/users\/7"}],"replies":[{"embeddable":true,"href":"https:\/\/www.budokampsport.se\/api\/wp\/v2\/comments?post=185532"}],"version-history":[{"count":0,"href":"https:\/\/www.budokampsport.se\/api\/wp\/v2\/posts\/185532\/revisions"}],"wp:featuredmedia":[{"embeddable":true,"href":"https:\/\/www.budokampsport.se\/api\/wp\/v2\/media\/185537"}],"wp:attachment":[{"href":"https:\/\/www.budokampsport.se\/api\/wp\/v2\/media?parent=185532"}],"wp:term":[{"taxonomy":"category","embeddable":true,"href":"https:\/\/www.budokampsport.se\/api\/wp\/v2\/categories?post=185532"},{"taxonomy":"post_tag","embeddable":true,"href":"https:\/\/www.budokampsport.se\/api\/wp\/v2\/tags?post=185532"}],"curies":[{"name":"wp","href":"https:\/\/api.w.org\/{rel}","templated":true}]}}