{"id":185689,"date":"2025-12-01T08:00:32","date_gmt":"2025-12-01T06:00:32","guid":{"rendered":"https:\/\/www.budokampsport.se\/?p=185689"},"modified":"2025-12-01T08:52:19","modified_gmt":"2025-12-01T06:52:19","slug":"julkalendern-lucka-1","status":"publish","type":"post","link":"https:\/\/www.budokampsport.se\/2025\/12\/01\/julkalendern-lucka-1\/","title":{"rendered":"Julkalendern: lucka 1"},"content":{"rendered":"<p>F\u00f6rr var julkalender p\u00e5 sajten en h\u00f6gtid.<\/p>\n<p>En m\u00f6jlighet att belysa goda ting inom v\u00e5r sf\u00e4r som kanske inte precis \u00e4r nyhetsstoff, men \u00e4nd\u00e5 placerar sig h\u00f6gst upp bland nyheter.<\/p>\n<p>Ifjol gjorde julkalendern en comeback \u2013 och blev rikligt uppm\u00e4rksammad i positiva ordalag. Det vill vi f\u00f6rst\u00e5s komma tillbaka till i \u00e5r.<\/p>\n<p>Julkalendern i \u00e5r kommer att handla om eldsj\u00e4lar \u2013 v\u00e5ra eldsj\u00e4lar, som sliter mer \u00e4n n\u00e5gon egentligen kan beg\u00e4ra, och ofta i det lite f\u00f6rdolda l\u00e5ngt fr\u00e5n rampljusens str\u00e5lkastare. Vi kommer givetvis \u00f6ppna ett namn, en lucka, \u00e5t g\u00e5ngen och vi kan redan nu avsl\u00f6ja att morgondagens lucka kommer att handla om BJJ \u2013 och att julaftonslucka blir lite annorlunda j\u00e4mf\u00f6rt med resten. Som sig b\u00f6r, egentligen.<\/p>\n<p>Julkalendern \u00e4r till f\u00f6r er. V\u00e5ra medlemmar, ni som \u00e4r sj\u00e4lva k\u00e4rnan i f\u00f6rbundet. <\/p>\n<p>Tack f\u00f6r att ni tar er tid.<\/p>\n","protected":false},"excerpt":{"rendered":"<p>I den f\u00f6rsta luckan f\u00f6r \u00e5rets julkalender g\u00f6mmer sig sj\u00e4lva definitionen av varf\u00f6r vi g\u00f6r kalendern. <\/p><br>","protected":false},"author":7,"featured_media":174918,"comment_status":"closed","ping_status":"closed","sticky":false,"template":"","format":"standard","meta":{"_acf_changed":false,"footnotes":""},"categories":[596],"tags":[],"class_list":["post-185689","post","type-post","status-publish","format-standard","has-post-thumbnail","hentry","category-julkalender"],"acf":[],"yoast_head":"<!-- This site is optimized with the Yoast SEO plugin v26.8 - https:\/\/yoast.com\/product\/yoast-seo-wordpress\/ -->\n<title>Julkalendern: lucka 1 - Svenska Budo &amp; Kampsportsf\u00f6rbundet<\/title>\n<meta name=\"description\" content=\"I den f\u00f6rsta luckan f\u00f6r \u00e5rets julkalender g\u00f6mmer sig sj\u00e4lva definitionen av varf\u00f6r vi g\u00f6r kalendern.\" \/>\n<meta name=\"robots\" content=\"index, follow, max-snippet:-1, max-image-preview:large, max-video-preview:-1\" \/>\n<link rel=\"canonical\" href=\"https:\/\/www.budokampsport.se\/2025\/12\/01\/julkalendern-lucka-1\/\" \/>\n<meta property=\"og:locale\" content=\"sv_SE\" \/>\n<meta property=\"og:type\" content=\"article\" \/>\n<meta property=\"og:title\" content=\"Julkalendern: lucka 1 - Svenska Budo &amp; Kampsportsf\u00f6rbundet\" \/>\n<meta property=\"og:description\" content=\"I den f\u00f6rsta luckan f\u00f6r \u00e5rets julkalender g\u00f6mmer sig sj\u00e4lva definitionen av varf\u00f6r vi g\u00f6r kalendern.\" \/>\n<meta property=\"og:url\" content=\"https:\/\/www.budokampsport.se\/2025\/12\/01\/julkalendern-lucka-1\/\" \/>\n<meta property=\"og:site_name\" content=\"Svenska Budo &amp; Kampsportsf\u00f6rbundet\" \/>\n<meta property=\"article:author\" content=\"https:\/\/www.facebook.com\/jonathan.broberg.7\" \/>\n<meta property=\"article:published_time\" content=\"2025-12-01T06:00:32+00:00\" \/>\n<meta property=\"article:modified_time\" content=\"2025-12-01T06:52:19+00:00\" \/>\n<meta property=\"og:image\" content=\"https:\/\/www.budokampsport.se\/wp-content\/uploads\/2024\/12\/julkalender_ett.jpg\" \/>\n\t<meta property=\"og:image:width\" content=\"850\" \/>\n\t<meta property=\"og:image:height\" content=\"532\" \/>\n\t<meta property=\"og:image:type\" content=\"image\/jpeg\" \/>\n<meta name=\"author\" content=\"Jonathan Broberg\" \/>\n<meta name=\"twitter:card\" content=\"summary_large_image\" \/>\n<meta name=\"twitter:label1\" content=\"Skriven av\" \/>\n\t<meta name=\"twitter:data1\" content=\"Jonathan Broberg\" \/>\n\t<meta name=\"twitter:label2\" content=\"Ber\u00e4knad l\u00e4stid\" \/>\n\t<meta name=\"twitter:data2\" content=\"1 minut\" \/>\n<script type=\"application\/ld+json\" class=\"yoast-schema-graph\">{\"@context\":\"https:\/\/schema.org\",\"@graph\":[{\"@type\":\"Article\",\"@id\":\"https:\/\/www.budokampsport.se\/2025\/12\/01\/julkalendern-lucka-1\/#article\",\"isPartOf\":{\"@id\":\"https:\/\/www.budokampsport.se\/2025\/12\/01\/julkalendern-lucka-1\/\"},\"author\":{\"name\":\"Jonathan Broberg\",\"@id\":\"https:\/\/www.budokampsport.se\/#\/schema\/person\/5c06d81d14850e2a8ce5493386560145\"},\"headline\":\"Julkalendern: lucka 1\",\"datePublished\":\"2025-12-01T06:00:32+00:00\",\"dateModified\":\"2025-12-01T06:52:19+00:00\",\"mainEntityOfPage\":{\"@id\":\"https:\/\/www.budokampsport.se\/2025\/12\/01\/julkalendern-lucka-1\/\"},\"wordCount\":168,\"image\":{\"@id\":\"https:\/\/www.budokampsport.se\/2025\/12\/01\/julkalendern-lucka-1\/#primaryimage\"},\"thumbnailUrl\":\"https:\/\/www.budokampsport.se\/wp-content\/uploads\/2024\/12\/julkalender_ett.jpg\",\"articleSection\":[\"Julkalender\"],\"inLanguage\":\"sv-SE\"},{\"@type\":\"WebPage\",\"@id\":\"https:\/\/www.budokampsport.se\/2025\/12\/01\/julkalendern-lucka-1\/\",\"url\":\"https:\/\/www.budokampsport.se\/2025\/12\/01\/julkalendern-lucka-1\/\",\"name\":\"Julkalendern: lucka 1 - Svenska Budo &amp; Kampsportsf\u00f6rbundet\",\"isPartOf\":{\"@id\":\"https:\/\/www.budokampsport.se\/#website\"},\"primaryImageOfPage\":{\"@id\":\"https:\/\/www.budokampsport.se\/2025\/12\/01\/julkalendern-lucka-1\/#primaryimage\"},\"image\":{\"@id\":\"https:\/\/www.budokampsport.se\/2025\/12\/01\/julkalendern-lucka-1\/#primaryimage\"},\"thumbnailUrl\":\"https:\/\/www.budokampsport.se\/wp-content\/uploads\/2024\/12\/julkalender_ett.jpg\",\"datePublished\":\"2025-12-01T06:00:32+00:00\",\"dateModified\":\"2025-12-01T06:52:19+00:00\",\"author\":{\"@id\":\"https:\/\/www.budokampsport.se\/#\/schema\/person\/5c06d81d14850e2a8ce5493386560145\"},\"description\":\"I den f\u00f6rsta luckan f\u00f6r \u00e5rets julkalender g\u00f6mmer sig sj\u00e4lva definitionen av varf\u00f6r vi g\u00f6r kalendern.\",\"breadcrumb\":{\"@id\":\"https:\/\/www.budokampsport.se\/2025\/12\/01\/julkalendern-lucka-1\/#breadcrumb\"},\"inLanguage\":\"sv-SE\",\"potentialAction\":[{\"@type\":\"ReadAction\",\"target\":[\"https:\/\/www.budokampsport.se\/2025\/12\/01\/julkalendern-lucka-1\/\"]}]},{\"@type\":\"ImageObject\",\"inLanguage\":\"sv-SE\",\"@id\":\"https:\/\/www.budokampsport.se\/2025\/12\/01\/julkalendern-lucka-1\/#primaryimage\",\"url\":\"https:\/\/www.budokampsport.se\/wp-content\/uploads\/2024\/12\/julkalender_ett.jpg\",\"contentUrl\":\"https:\/\/www.budokampsport.se\/wp-content\/uploads\/2024\/12\/julkalender_ett.jpg\",\"width\":850,\"height\":532,\"caption\":\"Illustration: Ida Brogren\"},{\"@type\":\"BreadcrumbList\",\"@id\":\"https:\/\/www.budokampsport.se\/2025\/12\/01\/julkalendern-lucka-1\/#breadcrumb\",\"itemListElement\":[{\"@type\":\"ListItem\",\"position\":1,\"name\":\"Hem\",\"item\":\"https:\/\/www.budokampsport.se\/\"},{\"@type\":\"ListItem\",\"position\":2,\"name\":\"Julkalendern: lucka 1\"}]},{\"@type\":\"WebSite\",\"@id\":\"https:\/\/www.budokampsport.se\/#website\",\"url\":\"https:\/\/www.budokampsport.se\/\",\"name\":\"Svenska Budo &amp; Kampsportsf\u00f6rbundet\",\"description\":\"T\u00e4vling, Tr\u00e4ning, Tradition\",\"potentialAction\":[{\"@type\":\"SearchAction\",\"target\":{\"@type\":\"EntryPoint\",\"urlTemplate\":\"https:\/\/www.budokampsport.se\/?s={search_term_string}\"},\"query-input\":{\"@type\":\"PropertyValueSpecification\",\"valueRequired\":true,\"valueName\":\"search_term_string\"}}],\"inLanguage\":\"sv-SE\"},{\"@type\":\"Person\",\"@id\":\"https:\/\/www.budokampsport.se\/#\/schema\/person\/5c06d81d14850e2a8ce5493386560145\",\"name\":\"Jonathan Broberg\",\"image\":{\"@type\":\"ImageObject\",\"inLanguage\":\"sv-SE\",\"@id\":\"https:\/\/www.budokampsport.se\/#\/schema\/person\/image\/\",\"url\":\"https:\/\/secure.gravatar.com\/avatar\/a58041c6cea9128bd9c40ee2f26d4136?s=96&d=blank&r=g\",\"contentUrl\":\"https:\/\/secure.gravatar.com\/avatar\/a58041c6cea9128bd9c40ee2f26d4136?s=96&d=blank&r=g\",\"caption\":\"Jonathan Broberg\"},\"sameAs\":[\"https:\/\/www.facebook.com\/jonathan.broberg.7\"],\"url\":\"https:\/\/www.budokampsport.se\/author\/jonathan\/\"}]}<\/script>\n<!-- \/ Yoast SEO plugin. -->","yoast_head_json":{"title":"Julkalendern: lucka 1 - Svenska Budo &amp; Kampsportsf\u00f6rbundet","description":"I den f\u00f6rsta luckan f\u00f6r \u00e5rets julkalender g\u00f6mmer sig sj\u00e4lva definitionen av varf\u00f6r vi g\u00f6r kalendern.","robots":{"index":"index","follow":"follow","max-snippet":"max-snippet:-1","max-image-preview":"max-image-preview:large","max-video-preview":"max-video-preview:-1"},"canonical":"https:\/\/www.budokampsport.se\/2025\/12\/01\/julkalendern-lucka-1\/","og_locale":"sv_SE","og_type":"article","og_title":"Julkalendern: lucka 1 - Svenska Budo &amp; Kampsportsf\u00f6rbundet","og_description":"I den f\u00f6rsta luckan f\u00f6r \u00e5rets julkalender g\u00f6mmer sig sj\u00e4lva definitionen av varf\u00f6r vi g\u00f6r kalendern.","og_url":"https:\/\/www.budokampsport.se\/2025\/12\/01\/julkalendern-lucka-1\/","og_site_name":"Svenska Budo &amp; Kampsportsf\u00f6rbundet","article_author":"https:\/\/www.facebook.com\/jonathan.broberg.7","article_published_time":"2025-12-01T06:00:32+00:00","article_modified_time":"2025-12-01T06:52:19+00:00","og_image":[{"width":850,"height":532,"url":"https:\/\/www.budokampsport.se\/wp-content\/uploads\/2024\/12\/julkalender_ett.jpg","type":"image\/jpeg"}],"author":"Jonathan Broberg","twitter_card":"summary_large_image","twitter_misc":{"Skriven av":"Jonathan Broberg","Ber\u00e4knad l\u00e4stid":"1 minut"},"schema":{"@context":"https:\/\/schema.org","@graph":[{"@type":"Article","@id":"https:\/\/www.budokampsport.se\/2025\/12\/01\/julkalendern-lucka-1\/#article","isPartOf":{"@id":"https:\/\/www.budokampsport.se\/2025\/12\/01\/julkalendern-lucka-1\/"},"author":{"name":"Jonathan Broberg","@id":"https:\/\/www.budokampsport.se\/#\/schema\/person\/5c06d81d14850e2a8ce5493386560145"},"headline":"Julkalendern: lucka 1","datePublished":"2025-12-01T06:00:32+00:00","dateModified":"2025-12-01T06:52:19+00:00","mainEntityOfPage":{"@id":"https:\/\/www.budokampsport.se\/2025\/12\/01\/julkalendern-lucka-1\/"},"wordCount":168,"image":{"@id":"https:\/\/www.budokampsport.se\/2025\/12\/01\/julkalendern-lucka-1\/#primaryimage"},"thumbnailUrl":"https:\/\/www.budokampsport.se\/wp-content\/uploads\/2024\/12\/julkalender_ett.jpg","articleSection":["Julkalender"],"inLanguage":"sv-SE"},{"@type":"WebPage","@id":"https:\/\/www.budokampsport.se\/2025\/12\/01\/julkalendern-lucka-1\/","url":"https:\/\/www.budokampsport.se\/2025\/12\/01\/julkalendern-lucka-1\/","name":"Julkalendern: lucka 1 - Svenska Budo &amp; Kampsportsf\u00f6rbundet","isPartOf":{"@id":"https:\/\/www.budokampsport.se\/#website"},"primaryImageOfPage":{"@id":"https:\/\/www.budokampsport.se\/2025\/12\/01\/julkalendern-lucka-1\/#primaryimage"},"image":{"@id":"https:\/\/www.budokampsport.se\/2025\/12\/01\/julkalendern-lucka-1\/#primaryimage"},"thumbnailUrl":"https:\/\/www.budokampsport.se\/wp-content\/uploads\/2024\/12\/julkalender_ett.jpg","datePublished":"2025-12-01T06:00:32+00:00","dateModified":"2025-12-01T06:52:19+00:00","author":{"@id":"https:\/\/www.budokampsport.se\/#\/schema\/person\/5c06d81d14850e2a8ce5493386560145"},"description":"I den f\u00f6rsta luckan f\u00f6r \u00e5rets julkalender g\u00f6mmer sig sj\u00e4lva definitionen av varf\u00f6r vi g\u00f6r kalendern.","breadcrumb":{"@id":"https:\/\/www.budokampsport.se\/2025\/12\/01\/julkalendern-lucka-1\/#breadcrumb"},"inLanguage":"sv-SE","potentialAction":[{"@type":"ReadAction","target":["https:\/\/www.budokampsport.se\/2025\/12\/01\/julkalendern-lucka-1\/"]}]},{"@type":"ImageObject","inLanguage":"sv-SE","@id":"https:\/\/www.budokampsport.se\/2025\/12\/01\/julkalendern-lucka-1\/#primaryimage","url":"https:\/\/www.budokampsport.se\/wp-content\/uploads\/2024\/12\/julkalender_ett.jpg","contentUrl":"https:\/\/www.budokampsport.se\/wp-content\/uploads\/2024\/12\/julkalender_ett.jpg","width":850,"height":532,"caption":"Illustration: Ida Brogren"},{"@type":"BreadcrumbList","@id":"https:\/\/www.budokampsport.se\/2025\/12\/01\/julkalendern-lucka-1\/#breadcrumb","itemListElement":[{"@type":"ListItem","position":1,"name":"Hem","item":"https:\/\/www.budokampsport.se\/"},{"@type":"ListItem","position":2,"name":"Julkalendern: lucka 1"}]},{"@type":"WebSite","@id":"https:\/\/www.budokampsport.se\/#website","url":"https:\/\/www.budokampsport.se\/","name":"Svenska Budo &amp; Kampsportsf\u00f6rbundet","description":"T\u00e4vling, Tr\u00e4ning, Tradition","potentialAction":[{"@type":"SearchAction","target":{"@type":"EntryPoint","urlTemplate":"https:\/\/www.budokampsport.se\/?s={search_term_string}"},"query-input":{"@type":"PropertyValueSpecification","valueRequired":true,"valueName":"search_term_string"}}],"inLanguage":"sv-SE"},{"@type":"Person","@id":"https:\/\/www.budokampsport.se\/#\/schema\/person\/5c06d81d14850e2a8ce5493386560145","name":"Jonathan Broberg","image":{"@type":"ImageObject","inLanguage":"sv-SE","@id":"https:\/\/www.budokampsport.se\/#\/schema\/person\/image\/","url":"https:\/\/secure.gravatar.com\/avatar\/a58041c6cea9128bd9c40ee2f26d4136?s=96&d=blank&r=g","contentUrl":"https:\/\/secure.gravatar.com\/avatar\/a58041c6cea9128bd9c40ee2f26d4136?s=96&d=blank&r=g","caption":"Jonathan Broberg"},"sameAs":["https:\/\/www.facebook.com\/jonathan.broberg.7"],"url":"https:\/\/www.budokampsport.se\/author\/jonathan\/"}]}},"_links":{"self":[{"href":"https:\/\/www.budokampsport.se\/api\/wp\/v2\/posts\/185689","targetHints":{"allow":["GET"]}}],"collection":[{"href":"https:\/\/www.budokampsport.se\/api\/wp\/v2\/posts"}],"about":[{"href":"https:\/\/www.budokampsport.se\/api\/wp\/v2\/types\/post"}],"author":[{"embeddable":true,"href":"https:\/\/www.budokampsport.se\/api\/wp\/v2\/users\/7"}],"replies":[{"embeddable":true,"href":"https:\/\/www.budokampsport.se\/api\/wp\/v2\/comments?post=185689"}],"version-history":[{"count":0,"href":"https:\/\/www.budokampsport.se\/api\/wp\/v2\/posts\/185689\/revisions"}],"wp:featuredmedia":[{"embeddable":true,"href":"https:\/\/www.budokampsport.se\/api\/wp\/v2\/media\/174918"}],"wp:attachment":[{"href":"https:\/\/www.budokampsport.se\/api\/wp\/v2\/media?parent=185689"}],"wp:term":[{"taxonomy":"category","embeddable":true,"href":"https:\/\/www.budokampsport.se\/api\/wp\/v2\/categories?post=185689"},{"taxonomy":"post_tag","embeddable":true,"href":"https:\/\/www.budokampsport.se\/api\/wp\/v2\/tags?post=185689"}],"curies":[{"name":"wp","href":"https:\/\/api.w.org\/{rel}","templated":true}]}}