{"id":186007,"date":"2025-12-24T08:00:18","date_gmt":"2025-12-24T06:00:18","guid":{"rendered":"https:\/\/www.budokampsport.se\/?p=186007"},"modified":"2025-12-23T14:10:57","modified_gmt":"2025-12-23T12:10:57","slug":"julkalendern-lucka-24","status":"publish","type":"post","link":"https:\/\/www.budokampsport.se\/2025\/12\/24\/julkalendern-lucka-24\/","title":{"rendered":"Julkalendern: lucka 24"},"content":{"rendered":"<p>V\u00e4lkommen till kanslikuppen.\u00a0\u00a0<\/p>\n<p>Kupp kanske l\u00e5ter lite dramatiskt, men det h\u00f6r inte till vanligheterna vad jag f\u00f6rst\u00e5r, att prata mer ing\u00e5ende om kansliets personal. De vet inte om de \u00e4r med i julkalendern och skulle sj\u00e4lva s\u00e4llan stoltsera med att de \u00e4r eldsj\u00e4lar \u2013 vilket g\u00f6r det extra angel\u00e4get f\u00f6r mig att f\u00e5 lyfta dem i dagens lucka.\u00a0\u00a0\u00a0<\/p>\n<p><strong>Mona<\/strong>, SB&amp;K:s generalsekreterare, \u00e4r v\u00e5r allas varma energi som mer \u00e4n g\u00e4rna lyssnar, diskuterar, k\u00e4mpar och st\u00f6ttar. Efter m\u00e5nga \u00e5r som aktiv inom SB&amp;K st\u00e5r hon f\u00f6r en stor del i kampsport-Sveriges utveckling. Med varma leenden och skarpa samtal agerar hennes n\u00e4rvaro som den lysande fyren p\u00e5 land, s\u00e5 att skutan hittar r\u00e4tt i ett stundtals bullrigt hav.\u00a0<\/p>\n<p><strong>Magnus<\/strong>, SB&amp;K:s bitr\u00e4dande generalsekreterare, innehar en betydande vilja och gl\u00f6d f\u00f6r att driva varum\u00e4rket kring budo och kampsport. Detta g\u00f6r han med stadig st\u00e4mma, tydliga m\u00e5l och ljus i blicken. Magnus lyssnar alltid noga och ser till att dela med sig av sin st\u00f6ttande och ink\u00e4nnande personlighet f\u00f6r att b\u00e5de utveckla sig sj\u00e4lv och sin omgivning.<\/p>\n<p><strong>Jonathan<\/strong>, SB&amp;K:s kommunikationsansvarige, \u00e4r en kreativt brinnande l\u00e5ga som ih\u00e4rdigt och outtr\u00f6ttligt driver v\u00e5ra budo och kampsporter f\u00f6rbi medias allt som oftast tjocka v\u00e4ggar av exkludering. Hans omtanke syns i de skrivna orden och han ser alltid till att lyfta s\u00e5 m\u00e5nga som m\u00f6jligt av f\u00f6rbundets idrottare. Som om inte det vore nog \u00e4r han som ett vandrande uppslagsverk om historiska prestationer och m\u00e4nniskor som han f\u00f6ljt genom \u00e5ren, och den kunskapen delar han mer \u00e4n g\u00e4rna med oss andra.\u00a0<\/p>\n<p><strong>Sofia<\/strong>, SB&amp;K:s idrottskonsulent, \u00e4r v\u00e5r allas glada och strukturerade pelare i arbetet med f\u00f6rbundets administrativa, operativa och strategiska insatser. Hon har smarta processer och oftast svar p\u00e5 vem, var och hur i det dagliga arbetet. Hennes erfarenhet och trygga personlighet agerar verkligen som ett ankare i f\u00f6rbundet. Tillsammans med hennes trygga ordning finns en stor portion humor och omtanke, vilket hon mer \u00e4n g\u00e4rna delar med sig av.\u00a0\u00a0<\/p>\n<p><strong>Matilda<\/strong>, SB&amp;K:s f\u00f6rbundskoordinator, \u00e4r spindeln i n\u00e4tet, limmet i det dagliga, ja, hennes roll kan beskrivas p\u00e5 m\u00e5nga olika s\u00e4tt. F\u00f6r utan henne hade m\u00e5nga delar f\u00f6rfallit ganska omg\u00e5ende, och f\u00f6rutom att hon h\u00e5ller ihop det operativa som superlim \u00e4r hon ocks\u00e5 en gl\u00e4djespridare av rang. Matilda har n\u00e4ra till skratt, \u00e4r omt\u00e4nksam och g\u00f6r sannolikt avtryck p\u00e5 alla hon m\u00f6ter.\u00a0<\/p>\n<p><strong>Pilo<\/strong>, SB&amp;K:s idrottskonsulent, driver med stor passion projekt och fr\u00e5gor kring barn och ungas idrottande. Han har allt som oftast gl\u00f6d i blicken n\u00e4r han talar om barn och ungdomar, vilket ocks\u00e5 m\u00e4rks i de projekt han driver. Pilo \u00e4r en stark r\u00f6st med mycket omt\u00e4nksamhet, vilket inte g\u00e5r n\u00e5gon han m\u00f6ter obem\u00e4rkt f\u00f6rbi.\u00a0\u00a0<\/p>\n<p><strong>Sebastian<\/strong>, SB&amp;K:s projektledare, \u00e4r v\u00e4rme och skratt personifierat, vilket han alltid delar med sig av. Oavsett om det \u00e4r med kollegor, f\u00f6reningar eller samarbetspartners, s\u00e5 st\u00e5r Sebastian stabilt och driver sina projekt och fr\u00e5gor med st\u00f6rsta fokus. Sebastian \u00e4r alltid tillg\u00e4nglig f\u00f6r fr\u00e5gor och sl\u00e5r mig som en person som alltid vill utvecklas, och med det ocks\u00e5 bidrar till att utveckla oss andra.\u00a0<\/p>\n<p><strong>Mathias<\/strong>, SB&amp;K:s administrat\u00f6r, har ett starkt engagemang f\u00f6r f\u00f6reningsdemokrati och utbildning. Han ger en stadig r\u00f6st till Idrottens utbildningsplattform och demokrativeckan som tidigare publicerats h\u00e4r p\u00e5 budokampsport.se. Hans varma personlighet och engagemang i de projekt han arbetar med g\u00f6r sannolikt ett stort intryck p\u00e5 alla han m\u00f6ter.<\/p>\n<p><strong>Gabriella<\/strong>, SB&amp;K:s idrottskonsulent, har ett h\u00e4rligt driv och \u00e4r en varm personlighet. Jag har inte haft n\u00f6jet att l\u00e4ra k\u00e4nna henne personligen \u00e4nnu, men Jonathan, som fick ge sitt perspektiv, ber\u00e4ttar att han hade \u00e4ran att p\u00e5 relativt n\u00e4ra h\u00e5ll f\u00f6lja hennes v\u00e4g till VM-guld i MMA. Han till\u00e4gger ocks\u00e5 att hennes int\u00e5g p\u00e5 kansliet ger honom b\u00e5de nostalgiska men framf\u00f6rallt inspirerande tankar. Hon \u00e4r ocks\u00e5 ov\u00e4rderlig i arbetet med anpassad kampsport och kampsport f\u00f6r \u00e4ldre.<\/p>\n<p><strong>Annie<\/strong>, SB&amp;K:s kommunikat\u00f6r, som f\u00f6r n\u00e4rvarande \u00e4r f\u00f6r\u00e4ldraledig, har jobbat p\u00e5 SB&amp;K i flera \u00e5r. Hon har med tr\u00e4ffs\u00e4kerhet och engagemang sett till att fr\u00e4mja Sveriges budo och kampsport genom sina bevakningar och nyhetsbrev. Tack vare henne har det ocks\u00e5 alltid g\u00e5tt att ta del av viktig f\u00f6rbundsspecifik kommunikation som resten av organisationen beh\u00f6ver. Utan Annie hade det t.ex. inte blivit n\u00e5gra sammanfattningar av \u00e5rsm\u00f6ten eller n\u00e5gon \u00e5rlig antidopingvecka.\u00a0 \u00a0<\/p>\n<p>Det finns sj\u00e4lvklart en hel del andra personer som jobbar f\u00f6r svensk budo och kampsport som ocks\u00e5 f\u00f6rtj\u00e4nar att lyftas p\u00e5 detta vis, vilket kanske blir fallet i framtiden.\u00a0\u00a0<\/p>\n<p>Tills dess och avslutningsvis vill jag \u00f6nska en riktigt god jul och gott nytt \u00e5r! Vi ses 2026.\u00a0 \u00a0<\/p>\n<p>\/Madeleine Trens.\u00a0<\/p>\n","protected":false},"excerpt":{"rendered":"<p>MADELEINE TRENS: \u00c5rets sista lucka i julkalendern till\u00e4gnas personer som oftast befinner sig bakom SB&#038;K:s kulisser. <\/p><br>","protected":false},"author":18910,"featured_media":174905,"comment_status":"closed","ping_status":"closed","sticky":false,"template":"","format":"standard","meta":{"_acf_changed":false,"footnotes":""},"categories":[531],"tags":[],"class_list":["post-186007","post","type-post","status-publish","format-standard","has-post-thumbnail","hentry","category-sbk-2"],"acf":[],"yoast_head":"<!-- This site is optimized with the Yoast SEO plugin v26.8 - https:\/\/yoast.com\/product\/yoast-seo-wordpress\/ -->\n<title>Julkalendern: lucka 24 - Svenska Budo &amp; Kampsportsf\u00f6rbundet<\/title>\n<meta name=\"description\" content=\"MADELEINE TRENS: \u00c5rets sista lucka i julkalendern till\u00e4gnas personer som oftast befinner sig bakom SB&amp;K:s kulisser.\" \/>\n<meta name=\"robots\" content=\"index, follow, max-snippet:-1, max-image-preview:large, max-video-preview:-1\" \/>\n<link rel=\"canonical\" href=\"https:\/\/www.budokampsport.se\/2025\/12\/24\/julkalendern-lucka-24\/\" \/>\n<meta property=\"og:locale\" content=\"sv_SE\" \/>\n<meta property=\"og:type\" content=\"article\" \/>\n<meta property=\"og:title\" content=\"Julkalendern: lucka 24 - Svenska Budo &amp; Kampsportsf\u00f6rbundet\" \/>\n<meta property=\"og:description\" content=\"MADELEINE TRENS: \u00c5rets sista lucka i julkalendern till\u00e4gnas personer som oftast befinner sig bakom SB&amp;K:s kulisser.\" \/>\n<meta property=\"og:url\" content=\"https:\/\/www.budokampsport.se\/2025\/12\/24\/julkalendern-lucka-24\/\" \/>\n<meta property=\"og:site_name\" content=\"Svenska Budo &amp; Kampsportsf\u00f6rbundet\" \/>\n<meta property=\"article:published_time\" content=\"2025-12-24T06:00:18+00:00\" \/>\n<meta property=\"og:image\" content=\"https:\/\/www.budokampsport.se\/wp-content\/uploads\/2024\/12\/julkalender-_24.jpg\" \/>\n\t<meta property=\"og:image:width\" content=\"850\" \/>\n\t<meta property=\"og:image:height\" content=\"532\" \/>\n\t<meta property=\"og:image:type\" content=\"image\/jpeg\" \/>\n<meta name=\"author\" content=\"Madeleine Trens\" \/>\n<meta name=\"twitter:card\" content=\"summary_large_image\" \/>\n<meta name=\"twitter:label1\" content=\"Skriven av\" \/>\n\t<meta name=\"twitter:data1\" content=\"Madeleine Trens\" \/>\n\t<meta name=\"twitter:label2\" content=\"Ber\u00e4knad l\u00e4stid\" \/>\n\t<meta name=\"twitter:data2\" content=\"4 minuter\" \/>\n<script type=\"application\/ld+json\" class=\"yoast-schema-graph\">{\"@context\":\"https:\/\/schema.org\",\"@graph\":[{\"@type\":\"Article\",\"@id\":\"https:\/\/www.budokampsport.se\/2025\/12\/24\/julkalendern-lucka-24\/#article\",\"isPartOf\":{\"@id\":\"https:\/\/www.budokampsport.se\/2025\/12\/24\/julkalendern-lucka-24\/\"},\"author\":{\"name\":\"Madeleine Trens\",\"@id\":\"https:\/\/www.budokampsport.se\/#\/schema\/person\/a0523d3773eb4275da215a9e6c47cbbf\"},\"headline\":\"Julkalendern: lucka 24\",\"datePublished\":\"2025-12-24T06:00:18+00:00\",\"mainEntityOfPage\":{\"@id\":\"https:\/\/www.budokampsport.se\/2025\/12\/24\/julkalendern-lucka-24\/\"},\"wordCount\":899,\"image\":{\"@id\":\"https:\/\/www.budokampsport.se\/2025\/12\/24\/julkalendern-lucka-24\/#primaryimage\"},\"thumbnailUrl\":\"https:\/\/www.budokampsport.se\/wp-content\/uploads\/2024\/12\/julkalender-_24.jpg\",\"articleSection\":[\"SB&amp;K\"],\"inLanguage\":\"sv-SE\"},{\"@type\":\"WebPage\",\"@id\":\"https:\/\/www.budokampsport.se\/2025\/12\/24\/julkalendern-lucka-24\/\",\"url\":\"https:\/\/www.budokampsport.se\/2025\/12\/24\/julkalendern-lucka-24\/\",\"name\":\"Julkalendern: lucka 24 - Svenska Budo &amp; Kampsportsf\u00f6rbundet\",\"isPartOf\":{\"@id\":\"https:\/\/www.budokampsport.se\/#website\"},\"primaryImageOfPage\":{\"@id\":\"https:\/\/www.budokampsport.se\/2025\/12\/24\/julkalendern-lucka-24\/#primaryimage\"},\"image\":{\"@id\":\"https:\/\/www.budokampsport.se\/2025\/12\/24\/julkalendern-lucka-24\/#primaryimage\"},\"thumbnailUrl\":\"https:\/\/www.budokampsport.se\/wp-content\/uploads\/2024\/12\/julkalender-_24.jpg\",\"datePublished\":\"2025-12-24T06:00:18+00:00\",\"author\":{\"@id\":\"https:\/\/www.budokampsport.se\/#\/schema\/person\/a0523d3773eb4275da215a9e6c47cbbf\"},\"description\":\"MADELEINE TRENS: \u00c5rets sista lucka i julkalendern till\u00e4gnas personer som oftast befinner sig bakom SB&K:s kulisser.\",\"breadcrumb\":{\"@id\":\"https:\/\/www.budokampsport.se\/2025\/12\/24\/julkalendern-lucka-24\/#breadcrumb\"},\"inLanguage\":\"sv-SE\",\"potentialAction\":[{\"@type\":\"ReadAction\",\"target\":[\"https:\/\/www.budokampsport.se\/2025\/12\/24\/julkalendern-lucka-24\/\"]}]},{\"@type\":\"ImageObject\",\"inLanguage\":\"sv-SE\",\"@id\":\"https:\/\/www.budokampsport.se\/2025\/12\/24\/julkalendern-lucka-24\/#primaryimage\",\"url\":\"https:\/\/www.budokampsport.se\/wp-content\/uploads\/2024\/12\/julkalender-_24.jpg\",\"contentUrl\":\"https:\/\/www.budokampsport.se\/wp-content\/uploads\/2024\/12\/julkalender-_24.jpg\",\"width\":850,\"height\":532,\"caption\":\"Illustration: Ida Brogren\"},{\"@type\":\"BreadcrumbList\",\"@id\":\"https:\/\/www.budokampsport.se\/2025\/12\/24\/julkalendern-lucka-24\/#breadcrumb\",\"itemListElement\":[{\"@type\":\"ListItem\",\"position\":1,\"name\":\"Hem\",\"item\":\"https:\/\/www.budokampsport.se\/\"},{\"@type\":\"ListItem\",\"position\":2,\"name\":\"Julkalendern: lucka 24\"}]},{\"@type\":\"WebSite\",\"@id\":\"https:\/\/www.budokampsport.se\/#website\",\"url\":\"https:\/\/www.budokampsport.se\/\",\"name\":\"Svenska Budo &amp; Kampsportsf\u00f6rbundet\",\"description\":\"T\u00e4vling, Tr\u00e4ning, Tradition\",\"potentialAction\":[{\"@type\":\"SearchAction\",\"target\":{\"@type\":\"EntryPoint\",\"urlTemplate\":\"https:\/\/www.budokampsport.se\/?s={search_term_string}\"},\"query-input\":{\"@type\":\"PropertyValueSpecification\",\"valueRequired\":true,\"valueName\":\"search_term_string\"}}],\"inLanguage\":\"sv-SE\"},{\"@type\":\"Person\",\"@id\":\"https:\/\/www.budokampsport.se\/#\/schema\/person\/a0523d3773eb4275da215a9e6c47cbbf\",\"name\":\"Madeleine Trens\",\"image\":{\"@type\":\"ImageObject\",\"inLanguage\":\"sv-SE\",\"@id\":\"https:\/\/www.budokampsport.se\/#\/schema\/person\/image\/\",\"url\":\"https:\/\/secure.gravatar.com\/avatar\/bc4078371646d646ad86fa88ea52c53e?s=96&d=blank&r=g\",\"contentUrl\":\"https:\/\/secure.gravatar.com\/avatar\/bc4078371646d646ad86fa88ea52c53e?s=96&d=blank&r=g\",\"caption\":\"Madeleine Trens\"},\"url\":\"https:\/\/www.budokampsport.se\/author\/madeleine-trens\/\"}]}<\/script>\n<!-- \/ Yoast SEO plugin. -->","yoast_head_json":{"title":"Julkalendern: lucka 24 - Svenska Budo &amp; Kampsportsf\u00f6rbundet","description":"MADELEINE TRENS: \u00c5rets sista lucka i julkalendern till\u00e4gnas personer som oftast befinner sig bakom SB&K:s kulisser.","robots":{"index":"index","follow":"follow","max-snippet":"max-snippet:-1","max-image-preview":"max-image-preview:large","max-video-preview":"max-video-preview:-1"},"canonical":"https:\/\/www.budokampsport.se\/2025\/12\/24\/julkalendern-lucka-24\/","og_locale":"sv_SE","og_type":"article","og_title":"Julkalendern: lucka 24 - Svenska Budo &amp; Kampsportsf\u00f6rbundet","og_description":"MADELEINE TRENS: \u00c5rets sista lucka i julkalendern till\u00e4gnas personer som oftast befinner sig bakom SB&K:s kulisser.","og_url":"https:\/\/www.budokampsport.se\/2025\/12\/24\/julkalendern-lucka-24\/","og_site_name":"Svenska Budo &amp; Kampsportsf\u00f6rbundet","article_published_time":"2025-12-24T06:00:18+00:00","og_image":[{"width":850,"height":532,"url":"https:\/\/www.budokampsport.se\/wp-content\/uploads\/2024\/12\/julkalender-_24.jpg","type":"image\/jpeg"}],"author":"Madeleine Trens","twitter_card":"summary_large_image","twitter_misc":{"Skriven av":"Madeleine Trens","Ber\u00e4knad l\u00e4stid":"4 minuter"},"schema":{"@context":"https:\/\/schema.org","@graph":[{"@type":"Article","@id":"https:\/\/www.budokampsport.se\/2025\/12\/24\/julkalendern-lucka-24\/#article","isPartOf":{"@id":"https:\/\/www.budokampsport.se\/2025\/12\/24\/julkalendern-lucka-24\/"},"author":{"name":"Madeleine Trens","@id":"https:\/\/www.budokampsport.se\/#\/schema\/person\/a0523d3773eb4275da215a9e6c47cbbf"},"headline":"Julkalendern: lucka 24","datePublished":"2025-12-24T06:00:18+00:00","mainEntityOfPage":{"@id":"https:\/\/www.budokampsport.se\/2025\/12\/24\/julkalendern-lucka-24\/"},"wordCount":899,"image":{"@id":"https:\/\/www.budokampsport.se\/2025\/12\/24\/julkalendern-lucka-24\/#primaryimage"},"thumbnailUrl":"https:\/\/www.budokampsport.se\/wp-content\/uploads\/2024\/12\/julkalender-_24.jpg","articleSection":["SB&amp;K"],"inLanguage":"sv-SE"},{"@type":"WebPage","@id":"https:\/\/www.budokampsport.se\/2025\/12\/24\/julkalendern-lucka-24\/","url":"https:\/\/www.budokampsport.se\/2025\/12\/24\/julkalendern-lucka-24\/","name":"Julkalendern: lucka 24 - Svenska Budo &amp; Kampsportsf\u00f6rbundet","isPartOf":{"@id":"https:\/\/www.budokampsport.se\/#website"},"primaryImageOfPage":{"@id":"https:\/\/www.budokampsport.se\/2025\/12\/24\/julkalendern-lucka-24\/#primaryimage"},"image":{"@id":"https:\/\/www.budokampsport.se\/2025\/12\/24\/julkalendern-lucka-24\/#primaryimage"},"thumbnailUrl":"https:\/\/www.budokampsport.se\/wp-content\/uploads\/2024\/12\/julkalender-_24.jpg","datePublished":"2025-12-24T06:00:18+00:00","author":{"@id":"https:\/\/www.budokampsport.se\/#\/schema\/person\/a0523d3773eb4275da215a9e6c47cbbf"},"description":"MADELEINE TRENS: \u00c5rets sista lucka i julkalendern till\u00e4gnas personer som oftast befinner sig bakom SB&K:s kulisser.","breadcrumb":{"@id":"https:\/\/www.budokampsport.se\/2025\/12\/24\/julkalendern-lucka-24\/#breadcrumb"},"inLanguage":"sv-SE","potentialAction":[{"@type":"ReadAction","target":["https:\/\/www.budokampsport.se\/2025\/12\/24\/julkalendern-lucka-24\/"]}]},{"@type":"ImageObject","inLanguage":"sv-SE","@id":"https:\/\/www.budokampsport.se\/2025\/12\/24\/julkalendern-lucka-24\/#primaryimage","url":"https:\/\/www.budokampsport.se\/wp-content\/uploads\/2024\/12\/julkalender-_24.jpg","contentUrl":"https:\/\/www.budokampsport.se\/wp-content\/uploads\/2024\/12\/julkalender-_24.jpg","width":850,"height":532,"caption":"Illustration: Ida Brogren"},{"@type":"BreadcrumbList","@id":"https:\/\/www.budokampsport.se\/2025\/12\/24\/julkalendern-lucka-24\/#breadcrumb","itemListElement":[{"@type":"ListItem","position":1,"name":"Hem","item":"https:\/\/www.budokampsport.se\/"},{"@type":"ListItem","position":2,"name":"Julkalendern: lucka 24"}]},{"@type":"WebSite","@id":"https:\/\/www.budokampsport.se\/#website","url":"https:\/\/www.budokampsport.se\/","name":"Svenska Budo &amp; Kampsportsf\u00f6rbundet","description":"T\u00e4vling, Tr\u00e4ning, Tradition","potentialAction":[{"@type":"SearchAction","target":{"@type":"EntryPoint","urlTemplate":"https:\/\/www.budokampsport.se\/?s={search_term_string}"},"query-input":{"@type":"PropertyValueSpecification","valueRequired":true,"valueName":"search_term_string"}}],"inLanguage":"sv-SE"},{"@type":"Person","@id":"https:\/\/www.budokampsport.se\/#\/schema\/person\/a0523d3773eb4275da215a9e6c47cbbf","name":"Madeleine Trens","image":{"@type":"ImageObject","inLanguage":"sv-SE","@id":"https:\/\/www.budokampsport.se\/#\/schema\/person\/image\/","url":"https:\/\/secure.gravatar.com\/avatar\/bc4078371646d646ad86fa88ea52c53e?s=96&d=blank&r=g","contentUrl":"https:\/\/secure.gravatar.com\/avatar\/bc4078371646d646ad86fa88ea52c53e?s=96&d=blank&r=g","caption":"Madeleine Trens"},"url":"https:\/\/www.budokampsport.se\/author\/madeleine-trens\/"}]}},"_links":{"self":[{"href":"https:\/\/www.budokampsport.se\/api\/wp\/v2\/posts\/186007","targetHints":{"allow":["GET"]}}],"collection":[{"href":"https:\/\/www.budokampsport.se\/api\/wp\/v2\/posts"}],"about":[{"href":"https:\/\/www.budokampsport.se\/api\/wp\/v2\/types\/post"}],"author":[{"embeddable":true,"href":"https:\/\/www.budokampsport.se\/api\/wp\/v2\/users\/18910"}],"replies":[{"embeddable":true,"href":"https:\/\/www.budokampsport.se\/api\/wp\/v2\/comments?post=186007"}],"version-history":[{"count":0,"href":"https:\/\/www.budokampsport.se\/api\/wp\/v2\/posts\/186007\/revisions"}],"wp:featuredmedia":[{"embeddable":true,"href":"https:\/\/www.budokampsport.se\/api\/wp\/v2\/media\/174905"}],"wp:attachment":[{"href":"https:\/\/www.budokampsport.se\/api\/wp\/v2\/media?parent=186007"}],"wp:term":[{"taxonomy":"category","embeddable":true,"href":"https:\/\/www.budokampsport.se\/api\/wp\/v2\/categories?post=186007"},{"taxonomy":"post_tag","embeddable":true,"href":"https:\/\/www.budokampsport.se\/api\/wp\/v2\/tags?post=186007"}],"curies":[{"name":"wp","href":"https:\/\/api.w.org\/{rel}","templated":true}]}}