{"id":186028,"date":"2025-12-15T08:00:31","date_gmt":"2025-12-15T06:00:31","guid":{"rendered":"https:\/\/www.budokampsport.se\/?p=186028"},"modified":"2025-12-10T12:12:01","modified_gmt":"2025-12-10T10:12:01","slug":"julkalendern-lucka-15","status":"publish","type":"post","link":"https:\/\/www.budokampsport.se\/2025\/12\/15\/julkalendern-lucka-15\/","title":{"rendered":"Julkalendern: lucka 15"},"content":{"rendered":"<p>Sida Yin \u00e4r en av v\u00e5rt f\u00f6rbunds st\u00f6rsta medaljmaskiner de senare \u00e5ren. Han har varit extremt framg\u00e5ngsrik i b\u00e5de jodo och iaido. <\/p>\n<p>Yin \u00e4r ocks\u00e5 en ledare med varmt hj\u00e4rta som under l\u00e5ng tid nu varit involverad i b\u00e5de landslag, f\u00f6rbund och klubb.<\/p>\n<p>Han v\u00e4rnar om budons traditionella delar och vi \u00e4r v\u00e4ldigt inspirerade och stolta \u00f6ver hans framfart.<\/p>\n<figure id=\"attachment_141276\" aria-describedby=\"caption-attachment-141276\" style=\"width: 1114px\" class=\"wp-caption alignnone\"><img loading=\"lazy\" decoding=\"async\" class=\"size-full wp-image-141276\" src=\"https:\/\/www.budokampsport.se\/wp-content\/uploads\/2022\/08\/sida.jpg\" alt=\"\" width=\"1114\" height=\"852\" srcset=\"https:\/\/www.budokampsport.se\/wp-content\/uploads\/2022\/08\/sida.jpg 1114w, https:\/\/www.budokampsport.se\/wp-content\/uploads\/2022\/08\/sida-600x459.jpg 600w, https:\/\/www.budokampsport.se\/wp-content\/uploads\/2022\/08\/sida-376x288.jpg 376w, https:\/\/www.budokampsport.se\/wp-content\/uploads\/2022\/08\/sida-847x648.jpg 847w, https:\/\/www.budokampsport.se\/wp-content\/uploads\/2022\/08\/sida-278x213.jpg 278w, https:\/\/www.budokampsport.se\/wp-content\/uploads\/2022\/08\/sida-572x437.jpg 572w\" sizes=\"auto, (max-width: 1114px) 100vw, 1114px\" \/><figcaption id=\"caption-attachment-141276\" class=\"wp-caption-text\">Foto: Adrian Kunce<\/figcaption><\/figure>\n","protected":false},"excerpt":{"rendered":"<p>Dagens lucka handlar om jodo- och iaidoprofilen Sida Yin.<\/p><br>","protected":false},"author":7,"featured_media":174908,"comment_status":"closed","ping_status":"closed","sticky":false,"template":"","format":"standard","meta":{"_acf_changed":false,"footnotes":""},"categories":[596],"tags":[],"class_list":["post-186028","post","type-post","status-publish","format-standard","has-post-thumbnail","hentry","category-julkalender"],"acf":[],"yoast_head":"<!-- This site is optimized with the Yoast SEO plugin v26.8 - https:\/\/yoast.com\/product\/yoast-seo-wordpress\/ -->\n<title>Julkalendern: lucka 15 - Svenska Budo &amp; Kampsportsf\u00f6rbundet<\/title>\n<meta name=\"description\" content=\"Dagens lucka handlar om jodo- och iaidoprofilen Sida Yin.\" \/>\n<meta name=\"robots\" content=\"index, follow, max-snippet:-1, max-image-preview:large, max-video-preview:-1\" \/>\n<link rel=\"canonical\" href=\"https:\/\/www.budokampsport.se\/2025\/12\/15\/julkalendern-lucka-15\/\" \/>\n<meta property=\"og:locale\" content=\"sv_SE\" \/>\n<meta property=\"og:type\" content=\"article\" \/>\n<meta property=\"og:title\" content=\"Julkalendern: lucka 15 - Svenska Budo &amp; Kampsportsf\u00f6rbundet\" \/>\n<meta property=\"og:description\" content=\"Dagens lucka handlar om jodo- och iaidoprofilen Sida Yin.\" \/>\n<meta property=\"og:url\" content=\"https:\/\/www.budokampsport.se\/2025\/12\/15\/julkalendern-lucka-15\/\" \/>\n<meta property=\"og:site_name\" content=\"Svenska Budo &amp; Kampsportsf\u00f6rbundet\" \/>\n<meta property=\"article:author\" content=\"https:\/\/www.facebook.com\/jonathan.broberg.7\" \/>\n<meta property=\"article:published_time\" content=\"2025-12-15T06:00:31+00:00\" \/>\n<meta property=\"og:image\" content=\"https:\/\/www.budokampsport.se\/wp-content\/uploads\/2024\/12\/julkalender_15.jpg\" \/>\n\t<meta property=\"og:image:width\" content=\"850\" \/>\n\t<meta property=\"og:image:height\" content=\"532\" \/>\n\t<meta property=\"og:image:type\" content=\"image\/jpeg\" \/>\n<meta name=\"author\" content=\"Jonathan Broberg\" \/>\n<meta name=\"twitter:card\" content=\"summary_large_image\" \/>\n<meta name=\"twitter:label1\" content=\"Skriven av\" \/>\n\t<meta name=\"twitter:data1\" content=\"Jonathan Broberg\" \/>\n\t<meta name=\"twitter:label2\" content=\"Ber\u00e4knad l\u00e4stid\" \/>\n\t<meta name=\"twitter:data2\" content=\"1 minut\" \/>\n<script type=\"application\/ld+json\" class=\"yoast-schema-graph\">{\"@context\":\"https:\/\/schema.org\",\"@graph\":[{\"@type\":\"Article\",\"@id\":\"https:\/\/www.budokampsport.se\/2025\/12\/15\/julkalendern-lucka-15\/#article\",\"isPartOf\":{\"@id\":\"https:\/\/www.budokampsport.se\/2025\/12\/15\/julkalendern-lucka-15\/\"},\"author\":{\"name\":\"Jonathan Broberg\",\"@id\":\"https:\/\/www.budokampsport.se\/#\/schema\/person\/5c06d81d14850e2a8ce5493386560145\"},\"headline\":\"Julkalendern: lucka 15\",\"datePublished\":\"2025-12-15T06:00:31+00:00\",\"mainEntityOfPage\":{\"@id\":\"https:\/\/www.budokampsport.se\/2025\/12\/15\/julkalendern-lucka-15\/\"},\"wordCount\":82,\"image\":{\"@id\":\"https:\/\/www.budokampsport.se\/2025\/12\/15\/julkalendern-lucka-15\/#primaryimage\"},\"thumbnailUrl\":\"https:\/\/www.budokampsport.se\/wp-content\/uploads\/2024\/12\/julkalender_15.jpg\",\"articleSection\":[\"Julkalender\"],\"inLanguage\":\"sv-SE\"},{\"@type\":\"WebPage\",\"@id\":\"https:\/\/www.budokampsport.se\/2025\/12\/15\/julkalendern-lucka-15\/\",\"url\":\"https:\/\/www.budokampsport.se\/2025\/12\/15\/julkalendern-lucka-15\/\",\"name\":\"Julkalendern: lucka 15 - Svenska Budo &amp; Kampsportsf\u00f6rbundet\",\"isPartOf\":{\"@id\":\"https:\/\/www.budokampsport.se\/#website\"},\"primaryImageOfPage\":{\"@id\":\"https:\/\/www.budokampsport.se\/2025\/12\/15\/julkalendern-lucka-15\/#primaryimage\"},\"image\":{\"@id\":\"https:\/\/www.budokampsport.se\/2025\/12\/15\/julkalendern-lucka-15\/#primaryimage\"},\"thumbnailUrl\":\"https:\/\/www.budokampsport.se\/wp-content\/uploads\/2024\/12\/julkalender_15.jpg\",\"datePublished\":\"2025-12-15T06:00:31+00:00\",\"author\":{\"@id\":\"https:\/\/www.budokampsport.se\/#\/schema\/person\/5c06d81d14850e2a8ce5493386560145\"},\"description\":\"Dagens lucka handlar om jodo- och iaidoprofilen Sida Yin.\",\"breadcrumb\":{\"@id\":\"https:\/\/www.budokampsport.se\/2025\/12\/15\/julkalendern-lucka-15\/#breadcrumb\"},\"inLanguage\":\"sv-SE\",\"potentialAction\":[{\"@type\":\"ReadAction\",\"target\":[\"https:\/\/www.budokampsport.se\/2025\/12\/15\/julkalendern-lucka-15\/\"]}]},{\"@type\":\"ImageObject\",\"inLanguage\":\"sv-SE\",\"@id\":\"https:\/\/www.budokampsport.se\/2025\/12\/15\/julkalendern-lucka-15\/#primaryimage\",\"url\":\"https:\/\/www.budokampsport.se\/wp-content\/uploads\/2024\/12\/julkalender_15.jpg\",\"contentUrl\":\"https:\/\/www.budokampsport.se\/wp-content\/uploads\/2024\/12\/julkalender_15.jpg\",\"width\":850,\"height\":532,\"caption\":\"Illustration: Ida Brogren\"},{\"@type\":\"BreadcrumbList\",\"@id\":\"https:\/\/www.budokampsport.se\/2025\/12\/15\/julkalendern-lucka-15\/#breadcrumb\",\"itemListElement\":[{\"@type\":\"ListItem\",\"position\":1,\"name\":\"Hem\",\"item\":\"https:\/\/www.budokampsport.se\/\"},{\"@type\":\"ListItem\",\"position\":2,\"name\":\"Julkalendern: lucka 15\"}]},{\"@type\":\"WebSite\",\"@id\":\"https:\/\/www.budokampsport.se\/#website\",\"url\":\"https:\/\/www.budokampsport.se\/\",\"name\":\"Svenska Budo &amp; Kampsportsf\u00f6rbundet\",\"description\":\"T\u00e4vling, Tr\u00e4ning, Tradition\",\"potentialAction\":[{\"@type\":\"SearchAction\",\"target\":{\"@type\":\"EntryPoint\",\"urlTemplate\":\"https:\/\/www.budokampsport.se\/?s={search_term_string}\"},\"query-input\":{\"@type\":\"PropertyValueSpecification\",\"valueRequired\":true,\"valueName\":\"search_term_string\"}}],\"inLanguage\":\"sv-SE\"},{\"@type\":\"Person\",\"@id\":\"https:\/\/www.budokampsport.se\/#\/schema\/person\/5c06d81d14850e2a8ce5493386560145\",\"name\":\"Jonathan Broberg\",\"image\":{\"@type\":\"ImageObject\",\"inLanguage\":\"sv-SE\",\"@id\":\"https:\/\/www.budokampsport.se\/#\/schema\/person\/image\/\",\"url\":\"https:\/\/secure.gravatar.com\/avatar\/a58041c6cea9128bd9c40ee2f26d4136?s=96&d=blank&r=g\",\"contentUrl\":\"https:\/\/secure.gravatar.com\/avatar\/a58041c6cea9128bd9c40ee2f26d4136?s=96&d=blank&r=g\",\"caption\":\"Jonathan Broberg\"},\"sameAs\":[\"https:\/\/www.facebook.com\/jonathan.broberg.7\"],\"url\":\"https:\/\/www.budokampsport.se\/author\/jonathan\/\"}]}<\/script>\n<!-- \/ Yoast SEO plugin. -->","yoast_head_json":{"title":"Julkalendern: lucka 15 - Svenska Budo &amp; Kampsportsf\u00f6rbundet","description":"Dagens lucka handlar om jodo- och iaidoprofilen Sida Yin.","robots":{"index":"index","follow":"follow","max-snippet":"max-snippet:-1","max-image-preview":"max-image-preview:large","max-video-preview":"max-video-preview:-1"},"canonical":"https:\/\/www.budokampsport.se\/2025\/12\/15\/julkalendern-lucka-15\/","og_locale":"sv_SE","og_type":"article","og_title":"Julkalendern: lucka 15 - Svenska Budo &amp; Kampsportsf\u00f6rbundet","og_description":"Dagens lucka handlar om jodo- och iaidoprofilen Sida Yin.","og_url":"https:\/\/www.budokampsport.se\/2025\/12\/15\/julkalendern-lucka-15\/","og_site_name":"Svenska Budo &amp; Kampsportsf\u00f6rbundet","article_author":"https:\/\/www.facebook.com\/jonathan.broberg.7","article_published_time":"2025-12-15T06:00:31+00:00","og_image":[{"width":850,"height":532,"url":"https:\/\/www.budokampsport.se\/wp-content\/uploads\/2024\/12\/julkalender_15.jpg","type":"image\/jpeg"}],"author":"Jonathan Broberg","twitter_card":"summary_large_image","twitter_misc":{"Skriven av":"Jonathan Broberg","Ber\u00e4knad l\u00e4stid":"1 minut"},"schema":{"@context":"https:\/\/schema.org","@graph":[{"@type":"Article","@id":"https:\/\/www.budokampsport.se\/2025\/12\/15\/julkalendern-lucka-15\/#article","isPartOf":{"@id":"https:\/\/www.budokampsport.se\/2025\/12\/15\/julkalendern-lucka-15\/"},"author":{"name":"Jonathan Broberg","@id":"https:\/\/www.budokampsport.se\/#\/schema\/person\/5c06d81d14850e2a8ce5493386560145"},"headline":"Julkalendern: lucka 15","datePublished":"2025-12-15T06:00:31+00:00","mainEntityOfPage":{"@id":"https:\/\/www.budokampsport.se\/2025\/12\/15\/julkalendern-lucka-15\/"},"wordCount":82,"image":{"@id":"https:\/\/www.budokampsport.se\/2025\/12\/15\/julkalendern-lucka-15\/#primaryimage"},"thumbnailUrl":"https:\/\/www.budokampsport.se\/wp-content\/uploads\/2024\/12\/julkalender_15.jpg","articleSection":["Julkalender"],"inLanguage":"sv-SE"},{"@type":"WebPage","@id":"https:\/\/www.budokampsport.se\/2025\/12\/15\/julkalendern-lucka-15\/","url":"https:\/\/www.budokampsport.se\/2025\/12\/15\/julkalendern-lucka-15\/","name":"Julkalendern: lucka 15 - Svenska Budo &amp; Kampsportsf\u00f6rbundet","isPartOf":{"@id":"https:\/\/www.budokampsport.se\/#website"},"primaryImageOfPage":{"@id":"https:\/\/www.budokampsport.se\/2025\/12\/15\/julkalendern-lucka-15\/#primaryimage"},"image":{"@id":"https:\/\/www.budokampsport.se\/2025\/12\/15\/julkalendern-lucka-15\/#primaryimage"},"thumbnailUrl":"https:\/\/www.budokampsport.se\/wp-content\/uploads\/2024\/12\/julkalender_15.jpg","datePublished":"2025-12-15T06:00:31+00:00","author":{"@id":"https:\/\/www.budokampsport.se\/#\/schema\/person\/5c06d81d14850e2a8ce5493386560145"},"description":"Dagens lucka handlar om jodo- och iaidoprofilen Sida Yin.","breadcrumb":{"@id":"https:\/\/www.budokampsport.se\/2025\/12\/15\/julkalendern-lucka-15\/#breadcrumb"},"inLanguage":"sv-SE","potentialAction":[{"@type":"ReadAction","target":["https:\/\/www.budokampsport.se\/2025\/12\/15\/julkalendern-lucka-15\/"]}]},{"@type":"ImageObject","inLanguage":"sv-SE","@id":"https:\/\/www.budokampsport.se\/2025\/12\/15\/julkalendern-lucka-15\/#primaryimage","url":"https:\/\/www.budokampsport.se\/wp-content\/uploads\/2024\/12\/julkalender_15.jpg","contentUrl":"https:\/\/www.budokampsport.se\/wp-content\/uploads\/2024\/12\/julkalender_15.jpg","width":850,"height":532,"caption":"Illustration: Ida Brogren"},{"@type":"BreadcrumbList","@id":"https:\/\/www.budokampsport.se\/2025\/12\/15\/julkalendern-lucka-15\/#breadcrumb","itemListElement":[{"@type":"ListItem","position":1,"name":"Hem","item":"https:\/\/www.budokampsport.se\/"},{"@type":"ListItem","position":2,"name":"Julkalendern: lucka 15"}]},{"@type":"WebSite","@id":"https:\/\/www.budokampsport.se\/#website","url":"https:\/\/www.budokampsport.se\/","name":"Svenska Budo &amp; Kampsportsf\u00f6rbundet","description":"T\u00e4vling, Tr\u00e4ning, Tradition","potentialAction":[{"@type":"SearchAction","target":{"@type":"EntryPoint","urlTemplate":"https:\/\/www.budokampsport.se\/?s={search_term_string}"},"query-input":{"@type":"PropertyValueSpecification","valueRequired":true,"valueName":"search_term_string"}}],"inLanguage":"sv-SE"},{"@type":"Person","@id":"https:\/\/www.budokampsport.se\/#\/schema\/person\/5c06d81d14850e2a8ce5493386560145","name":"Jonathan Broberg","image":{"@type":"ImageObject","inLanguage":"sv-SE","@id":"https:\/\/www.budokampsport.se\/#\/schema\/person\/image\/","url":"https:\/\/secure.gravatar.com\/avatar\/a58041c6cea9128bd9c40ee2f26d4136?s=96&d=blank&r=g","contentUrl":"https:\/\/secure.gravatar.com\/avatar\/a58041c6cea9128bd9c40ee2f26d4136?s=96&d=blank&r=g","caption":"Jonathan Broberg"},"sameAs":["https:\/\/www.facebook.com\/jonathan.broberg.7"],"url":"https:\/\/www.budokampsport.se\/author\/jonathan\/"}]}},"_links":{"self":[{"href":"https:\/\/www.budokampsport.se\/api\/wp\/v2\/posts\/186028","targetHints":{"allow":["GET"]}}],"collection":[{"href":"https:\/\/www.budokampsport.se\/api\/wp\/v2\/posts"}],"about":[{"href":"https:\/\/www.budokampsport.se\/api\/wp\/v2\/types\/post"}],"author":[{"embeddable":true,"href":"https:\/\/www.budokampsport.se\/api\/wp\/v2\/users\/7"}],"replies":[{"embeddable":true,"href":"https:\/\/www.budokampsport.se\/api\/wp\/v2\/comments?post=186028"}],"version-history":[{"count":0,"href":"https:\/\/www.budokampsport.se\/api\/wp\/v2\/posts\/186028\/revisions"}],"wp:featuredmedia":[{"embeddable":true,"href":"https:\/\/www.budokampsport.se\/api\/wp\/v2\/media\/174908"}],"wp:attachment":[{"href":"https:\/\/www.budokampsport.se\/api\/wp\/v2\/media?parent=186028"}],"wp:term":[{"taxonomy":"category","embeddable":true,"href":"https:\/\/www.budokampsport.se\/api\/wp\/v2\/categories?post=186028"},{"taxonomy":"post_tag","embeddable":true,"href":"https:\/\/www.budokampsport.se\/api\/wp\/v2\/tags?post=186028"}],"curies":[{"name":"wp","href":"https:\/\/api.w.org\/{rel}","templated":true}]}}