{"id":187077,"date":"2025-12-15T16:21:11","date_gmt":"2025-12-15T14:21:11","guid":{"rendered":"https:\/\/www.budokampsport.se\/?p=187077"},"modified":"2025-12-15T16:21:11","modified_gmt":"2025-12-15T14:21:11","slug":"kampsportsfestivalen-forgyllde-luciahelgen","status":"publish","type":"post","link":"https:\/\/www.budokampsport.se\/2025\/12\/15\/kampsportsfestivalen-forgyllde-luciahelgen\/","title":{"rendered":"Kampsportsfestivalen f\u00f6rgyllde luciahelgen"},"content":{"rendered":"<p>F\u00f6r sj\u00e4tte g\u00e5ngen arrangerades Kampsportsfestivalen, men det var f\u00f6rsta g\u00e5ngen den stod p\u00e5 egna ben och f\u00f6rsta g\u00e5ngen i Solnahallen.<\/p>\n<p>Helgen pr\u00e4glades av t\u00e4vlingar, tr\u00e4ningar, prova-p\u00e5-aktiviteter och \u2013 massa leenden.<\/p>\n<p>&#8211; Vi \u00e4r n\u00f6jda, det blev en v\u00e4ldigt fin och h\u00e4ndelserik helg. Det blev en annorlunda karakt\u00e4r i och med flytten till Solnahallen. Det blev kampsport all in, och de flesta verkar gilla det, s\u00e4ger projektledaren Peder Finnsi\u00f6 till budokampsport.se.<\/p>\n<p>H\u00e4r nedan ett litet bildcollage fr\u00e5n helgen signerat Bildbyr\u00e5ns fotograf Caisa Rasmussen.<\/p>\n<p><figure id=\"attachment_187084\" aria-describedby=\"caption-attachment-187084\" style=\"width: 850px\" class=\"wp-caption alignnone\"><img loading=\"lazy\" decoding=\"async\" class=\"wp-image-187084 size-full\" src=\"https:\/\/www.budokampsport.se\/wp-content\/uploads\/2025\/12\/Kampsportsfestivalen_sju.jpg\" alt=\"Kampsportsfestivalen 2025\" width=\"850\" height=\"567\" srcset=\"https:\/\/www.budokampsport.se\/wp-content\/uploads\/2025\/12\/Kampsportsfestivalen_sju.jpg 850w, https:\/\/www.budokampsport.se\/wp-content\/uploads\/2025\/12\/Kampsportsfestivalen_sju-278x185.jpg 278w, https:\/\/www.budokampsport.se\/wp-content\/uploads\/2025\/12\/Kampsportsfestivalen_sju-600x400.jpg 600w\" sizes=\"auto, (max-width: 850px) 100vw, 850px\" \/><figcaption id=\"caption-attachment-187084\" class=\"wp-caption-text\">Deltagare i armbrytning under Kampsportsfestivalen<br \/>\nFoto: Caisa Rasmussen\/BILDBYR\u00c5N<\/figcaption><\/figure> <figure id=\"attachment_187083\" aria-describedby=\"caption-attachment-187083\" style=\"width: 850px\" class=\"wp-caption alignnone\"><img loading=\"lazy\" decoding=\"async\" class=\"wp-image-187083 size-full\" src=\"https:\/\/www.budokampsport.se\/wp-content\/uploads\/2025\/12\/Kampsportsfestivalen_fyra.jpg\" alt=\"Kampsportsfestivalen 2025\" width=\"850\" height=\"567\" srcset=\"https:\/\/www.budokampsport.se\/wp-content\/uploads\/2025\/12\/Kampsportsfestivalen_fyra.jpg 850w, https:\/\/www.budokampsport.se\/wp-content\/uploads\/2025\/12\/Kampsportsfestivalen_fyra-278x185.jpg 278w, https:\/\/www.budokampsport.se\/wp-content\/uploads\/2025\/12\/Kampsportsfestivalen_fyra-600x400.jpg 600w\" sizes=\"auto, (max-width: 850px) 100vw, 850px\" \/><figcaption id=\"caption-attachment-187083\" class=\"wp-caption-text\">Deltagare i Wushu Taolu med sina redskap, under Kampsportsfestivalen.<br \/>\nFoto: Caisa Rasmussen\/BILDBYR\u00c5N\u00a0<\/figcaption><\/figure> <figure id=\"attachment_187082\" aria-describedby=\"caption-attachment-187082\" style=\"width: 850px\" class=\"wp-caption alignnone\"><img loading=\"lazy\" decoding=\"async\" class=\"wp-image-187082 size-full\" src=\"https:\/\/www.budokampsport.se\/wp-content\/uploads\/2025\/12\/Kampsportsfestivalen_fem.jpg\" alt=\"Kampsportsfestivalen 2025\" width=\"850\" height=\"567\" srcset=\"https:\/\/www.budokampsport.se\/wp-content\/uploads\/2025\/12\/Kampsportsfestivalen_fem.jpg 850w, https:\/\/www.budokampsport.se\/wp-content\/uploads\/2025\/12\/Kampsportsfestivalen_fem-278x185.jpg 278w, https:\/\/www.budokampsport.se\/wp-content\/uploads\/2025\/12\/Kampsportsfestivalen_fem-600x400.jpg 600w\" sizes=\"auto, (max-width: 850px) 100vw, 850px\" \/><figcaption id=\"caption-attachment-187082\" class=\"wp-caption-text\">Sophia Norden\u00f6 vinnare i Submission wrestling SM, under Kampsportsfestivalen.<br \/>\nFoto: Caisa Rasmussen\/BILDBYR\u00c5N\u00a0<\/figcaption><\/figure> <figure id=\"attachment_187081\" aria-describedby=\"caption-attachment-187081\" style=\"width: 850px\" class=\"wp-caption alignnone\"><img loading=\"lazy\" decoding=\"async\" class=\"wp-image-187081 size-full\" src=\"https:\/\/www.budokampsport.se\/wp-content\/uploads\/2025\/12\/Kampsportsfestivalen_ett.jpg\" alt=\"Kampsportsfestivalen 2025\" width=\"850\" height=\"567\" srcset=\"https:\/\/www.budokampsport.se\/wp-content\/uploads\/2025\/12\/Kampsportsfestivalen_ett.jpg 850w, https:\/\/www.budokampsport.se\/wp-content\/uploads\/2025\/12\/Kampsportsfestivalen_ett-278x185.jpg 278w, https:\/\/www.budokampsport.se\/wp-content\/uploads\/2025\/12\/Kampsportsfestivalen_ett-600x400.jpg 600w\" sizes=\"auto, (max-width: 850px) 100vw, 850px\" \/><figcaption id=\"caption-attachment-187081\" class=\"wp-caption-text\">Noak Alami och Nils Widlund i Allstyle under Kampsportsfestivalen.<br \/>\nFoto: Caisa Rasmussen\/BILDBYR\u00c5N<\/figcaption><\/figure> <figure id=\"attachment_187079\" aria-describedby=\"caption-attachment-187079\" style=\"width: 850px\" class=\"wp-caption alignnone\"><img loading=\"lazy\" decoding=\"async\" class=\"wp-image-187079 size-full\" src=\"https:\/\/www.budokampsport.se\/wp-content\/uploads\/2025\/12\/Kampsportsfestivalen-sex.jpg\" alt=\"Kampsportsfestivalen 2025\" width=\"850\" height=\"567\" srcset=\"https:\/\/www.budokampsport.se\/wp-content\/uploads\/2025\/12\/Kampsportsfestivalen-sex.jpg 850w, https:\/\/www.budokampsport.se\/wp-content\/uploads\/2025\/12\/Kampsportsfestivalen-sex-278x185.jpg 278w, https:\/\/www.budokampsport.se\/wp-content\/uploads\/2025\/12\/Kampsportsfestivalen-sex-600x400.jpg 600w\" sizes=\"auto, (max-width: 850px) 100vw, 850px\" \/><figcaption id=\"caption-attachment-187079\" class=\"wp-caption-text\">Deltagare i Wushu Sanda, under Kampsportsfestivalen.<br \/>\nFoto: Caisa Rasmussen\/BILDBYR\u00c5N<\/figcaption><\/figure> <figure id=\"attachment_187085\" aria-describedby=\"caption-attachment-187085\" style=\"width: 850px\" class=\"wp-caption alignnone\"><img loading=\"lazy\" decoding=\"async\" class=\"wp-image-187085 size-full\" src=\"https:\/\/www.budokampsport.se\/wp-content\/uploads\/2025\/12\/Kampsportsfestivalen_tre.jpg\" alt=\"Kampsportsfestivalen 2025\" width=\"850\" height=\"567\" srcset=\"https:\/\/www.budokampsport.se\/wp-content\/uploads\/2025\/12\/Kampsportsfestivalen_tre.jpg 850w, https:\/\/www.budokampsport.se\/wp-content\/uploads\/2025\/12\/Kampsportsfestivalen_tre-278x185.jpg 278w, https:\/\/www.budokampsport.se\/wp-content\/uploads\/2025\/12\/Kampsportsfestivalen_tre-600x400.jpg 600w\" sizes=\"auto, (max-width: 850px) 100vw, 850px\" \/><figcaption id=\"caption-attachment-187085\" class=\"wp-caption-text\">Deltagare i Brasiliansk jiu-jitsu under Kampsportsfestivalen.<br \/>\nFoto: Caisa Rasmussen\/BILDBYR\u00c5N\u00a0<\/figcaption><\/figure> <figure id=\"attachment_187080\" aria-describedby=\"caption-attachment-187080\" style=\"width: 850px\" class=\"wp-caption alignnone\"><img loading=\"lazy\" decoding=\"async\" class=\"wp-image-187080 size-full\" src=\"https:\/\/www.budokampsport.se\/wp-content\/uploads\/2025\/12\/Kampsportsfestivalen-atta.jpg\" alt=\"Kampsportsfestivalen 2025\" width=\"850\" height=\"567\" srcset=\"https:\/\/www.budokampsport.se\/wp-content\/uploads\/2025\/12\/Kampsportsfestivalen-atta.jpg 850w, https:\/\/www.budokampsport.se\/wp-content\/uploads\/2025\/12\/Kampsportsfestivalen-atta-278x185.jpg 278w, https:\/\/www.budokampsport.se\/wp-content\/uploads\/2025\/12\/Kampsportsfestivalen-atta-600x400.jpg 600w\" sizes=\"auto, (max-width: 850px) 100vw, 850px\" \/><figcaption id=\"caption-attachment-187080\" class=\"wp-caption-text\">Ivan Salgaro och Charlie Hanserkers i Wushu Sanda, under Kampsportsfestivalen.<br \/>\nFoto: Caisa Rasmussen\/BILDBYR\u00c5N<\/figcaption><\/figure><\/p>\n","protected":false},"excerpt":{"rendered":"<p>Det blev en str\u00e5lande kampsportshelg i Solnahallen n\u00e4r Kampsportsfestivalen \u00e5terkom, f\u00f6r sj\u00e4tte g\u00e5ngen.<\/p><br>","protected":false},"author":7,"featured_media":187086,"comment_status":"closed","ping_status":"closed","sticky":false,"template":"","format":"standard","meta":{"_acf_changed":false,"footnotes":""},"categories":[531],"tags":[],"class_list":["post-187077","post","type-post","status-publish","format-standard","has-post-thumbnail","hentry","category-sbk-2"],"acf":[],"yoast_head":"<!-- This site is optimized with the Yoast SEO plugin v26.8 - https:\/\/yoast.com\/product\/yoast-seo-wordpress\/ -->\n<title>Kampsportsfestivalen f\u00f6rgyllde luciahelgen - Svenska Budo &amp; Kampsportsf\u00f6rbundet<\/title>\n<meta name=\"description\" content=\"Det blev en str\u00e5lande kampsportshelg i Solnahallen n\u00e4r Kampsportsfestivalen \u00e5terkom, f\u00f6r sj\u00e4tte g\u00e5ngen.\" \/>\n<meta name=\"robots\" content=\"index, follow, max-snippet:-1, max-image-preview:large, max-video-preview:-1\" \/>\n<link rel=\"canonical\" href=\"https:\/\/www.budokampsport.se\/2025\/12\/15\/kampsportsfestivalen-forgyllde-luciahelgen\/\" \/>\n<meta property=\"og:locale\" content=\"sv_SE\" \/>\n<meta property=\"og:type\" content=\"article\" \/>\n<meta property=\"og:title\" content=\"Kampsportsfestivalen f\u00f6rgyllde luciahelgen - Svenska Budo &amp; Kampsportsf\u00f6rbundet\" \/>\n<meta property=\"og:description\" content=\"Det blev en str\u00e5lande kampsportshelg i Solnahallen n\u00e4r Kampsportsfestivalen \u00e5terkom, f\u00f6r sj\u00e4tte g\u00e5ngen.\" \/>\n<meta property=\"og:url\" content=\"https:\/\/www.budokampsport.se\/2025\/12\/15\/kampsportsfestivalen-forgyllde-luciahelgen\/\" \/>\n<meta property=\"og:site_name\" content=\"Svenska Budo &amp; Kampsportsf\u00f6rbundet\" \/>\n<meta property=\"article:author\" content=\"https:\/\/www.facebook.com\/jonathan.broberg.7\" \/>\n<meta property=\"article:published_time\" content=\"2025-12-15T14:21:11+00:00\" \/>\n<meta property=\"og:image\" content=\"https:\/\/www.budokampsport.se\/wp-content\/uploads\/2025\/12\/Kampsportsfestivalen_tva.jpg\" \/>\n\t<meta property=\"og:image:width\" content=\"850\" \/>\n\t<meta property=\"og:image:height\" content=\"567\" \/>\n\t<meta property=\"og:image:type\" content=\"image\/jpeg\" \/>\n<meta name=\"author\" content=\"Jonathan Broberg\" \/>\n<meta name=\"twitter:card\" content=\"summary_large_image\" \/>\n<meta name=\"twitter:label1\" content=\"Skriven av\" \/>\n\t<meta name=\"twitter:data1\" content=\"Jonathan Broberg\" \/>\n\t<meta name=\"twitter:label2\" content=\"Ber\u00e4knad l\u00e4stid\" \/>\n\t<meta name=\"twitter:data2\" content=\"3 minuter\" \/>\n<script type=\"application\/ld+json\" class=\"yoast-schema-graph\">{\"@context\":\"https:\/\/schema.org\",\"@graph\":[{\"@type\":\"Article\",\"@id\":\"https:\/\/www.budokampsport.se\/2025\/12\/15\/kampsportsfestivalen-forgyllde-luciahelgen\/#article\",\"isPartOf\":{\"@id\":\"https:\/\/www.budokampsport.se\/2025\/12\/15\/kampsportsfestivalen-forgyllde-luciahelgen\/\"},\"author\":{\"name\":\"Jonathan Broberg\",\"@id\":\"https:\/\/www.budokampsport.se\/#\/schema\/person\/5c06d81d14850e2a8ce5493386560145\"},\"headline\":\"Kampsportsfestivalen f\u00f6rgyllde luciahelgen\",\"datePublished\":\"2025-12-15T14:21:11+00:00\",\"mainEntityOfPage\":{\"@id\":\"https:\/\/www.budokampsport.se\/2025\/12\/15\/kampsportsfestivalen-forgyllde-luciahelgen\/\"},\"wordCount\":243,\"image\":{\"@id\":\"https:\/\/www.budokampsport.se\/2025\/12\/15\/kampsportsfestivalen-forgyllde-luciahelgen\/#primaryimage\"},\"thumbnailUrl\":\"https:\/\/www.budokampsport.se\/wp-content\/uploads\/2025\/12\/Kampsportsfestivalen_tva.jpg\",\"articleSection\":[\"SB&amp;K\"],\"inLanguage\":\"sv-SE\"},{\"@type\":\"WebPage\",\"@id\":\"https:\/\/www.budokampsport.se\/2025\/12\/15\/kampsportsfestivalen-forgyllde-luciahelgen\/\",\"url\":\"https:\/\/www.budokampsport.se\/2025\/12\/15\/kampsportsfestivalen-forgyllde-luciahelgen\/\",\"name\":\"Kampsportsfestivalen f\u00f6rgyllde luciahelgen - Svenska Budo &amp; Kampsportsf\u00f6rbundet\",\"isPartOf\":{\"@id\":\"https:\/\/www.budokampsport.se\/#website\"},\"primaryImageOfPage\":{\"@id\":\"https:\/\/www.budokampsport.se\/2025\/12\/15\/kampsportsfestivalen-forgyllde-luciahelgen\/#primaryimage\"},\"image\":{\"@id\":\"https:\/\/www.budokampsport.se\/2025\/12\/15\/kampsportsfestivalen-forgyllde-luciahelgen\/#primaryimage\"},\"thumbnailUrl\":\"https:\/\/www.budokampsport.se\/wp-content\/uploads\/2025\/12\/Kampsportsfestivalen_tva.jpg\",\"datePublished\":\"2025-12-15T14:21:11+00:00\",\"author\":{\"@id\":\"https:\/\/www.budokampsport.se\/#\/schema\/person\/5c06d81d14850e2a8ce5493386560145\"},\"description\":\"Det blev en str\u00e5lande kampsportshelg i Solnahallen n\u00e4r Kampsportsfestivalen \u00e5terkom, f\u00f6r sj\u00e4tte g\u00e5ngen.\",\"breadcrumb\":{\"@id\":\"https:\/\/www.budokampsport.se\/2025\/12\/15\/kampsportsfestivalen-forgyllde-luciahelgen\/#breadcrumb\"},\"inLanguage\":\"sv-SE\",\"potentialAction\":[{\"@type\":\"ReadAction\",\"target\":[\"https:\/\/www.budokampsport.se\/2025\/12\/15\/kampsportsfestivalen-forgyllde-luciahelgen\/\"]}]},{\"@type\":\"ImageObject\",\"inLanguage\":\"sv-SE\",\"@id\":\"https:\/\/www.budokampsport.se\/2025\/12\/15\/kampsportsfestivalen-forgyllde-luciahelgen\/#primaryimage\",\"url\":\"https:\/\/www.budokampsport.se\/wp-content\/uploads\/2025\/12\/Kampsportsfestivalen_tva.jpg\",\"contentUrl\":\"https:\/\/www.budokampsport.se\/wp-content\/uploads\/2025\/12\/Kampsportsfestivalen_tva.jpg\",\"width\":850,\"height\":567,\"caption\":\"Foto: Caisa Rasmussen\/Bildbyr\u00e5n\"},{\"@type\":\"BreadcrumbList\",\"@id\":\"https:\/\/www.budokampsport.se\/2025\/12\/15\/kampsportsfestivalen-forgyllde-luciahelgen\/#breadcrumb\",\"itemListElement\":[{\"@type\":\"ListItem\",\"position\":1,\"name\":\"Hem\",\"item\":\"https:\/\/www.budokampsport.se\/\"},{\"@type\":\"ListItem\",\"position\":2,\"name\":\"Kampsportsfestivalen f\u00f6rgyllde luciahelgen\"}]},{\"@type\":\"WebSite\",\"@id\":\"https:\/\/www.budokampsport.se\/#website\",\"url\":\"https:\/\/www.budokampsport.se\/\",\"name\":\"Svenska Budo &amp; Kampsportsf\u00f6rbundet\",\"description\":\"T\u00e4vling, Tr\u00e4ning, Tradition\",\"potentialAction\":[{\"@type\":\"SearchAction\",\"target\":{\"@type\":\"EntryPoint\",\"urlTemplate\":\"https:\/\/www.budokampsport.se\/?s={search_term_string}\"},\"query-input\":{\"@type\":\"PropertyValueSpecification\",\"valueRequired\":true,\"valueName\":\"search_term_string\"}}],\"inLanguage\":\"sv-SE\"},{\"@type\":\"Person\",\"@id\":\"https:\/\/www.budokampsport.se\/#\/schema\/person\/5c06d81d14850e2a8ce5493386560145\",\"name\":\"Jonathan Broberg\",\"image\":{\"@type\":\"ImageObject\",\"inLanguage\":\"sv-SE\",\"@id\":\"https:\/\/www.budokampsport.se\/#\/schema\/person\/image\/\",\"url\":\"https:\/\/secure.gravatar.com\/avatar\/a58041c6cea9128bd9c40ee2f26d4136?s=96&d=blank&r=g\",\"contentUrl\":\"https:\/\/secure.gravatar.com\/avatar\/a58041c6cea9128bd9c40ee2f26d4136?s=96&d=blank&r=g\",\"caption\":\"Jonathan Broberg\"},\"sameAs\":[\"https:\/\/www.facebook.com\/jonathan.broberg.7\"],\"url\":\"https:\/\/www.budokampsport.se\/author\/jonathan\/\"}]}<\/script>\n<!-- \/ Yoast SEO plugin. -->","yoast_head_json":{"title":"Kampsportsfestivalen f\u00f6rgyllde luciahelgen - Svenska Budo &amp; Kampsportsf\u00f6rbundet","description":"Det blev en str\u00e5lande kampsportshelg i Solnahallen n\u00e4r Kampsportsfestivalen \u00e5terkom, f\u00f6r sj\u00e4tte g\u00e5ngen.","robots":{"index":"index","follow":"follow","max-snippet":"max-snippet:-1","max-image-preview":"max-image-preview:large","max-video-preview":"max-video-preview:-1"},"canonical":"https:\/\/www.budokampsport.se\/2025\/12\/15\/kampsportsfestivalen-forgyllde-luciahelgen\/","og_locale":"sv_SE","og_type":"article","og_title":"Kampsportsfestivalen f\u00f6rgyllde luciahelgen - Svenska Budo &amp; Kampsportsf\u00f6rbundet","og_description":"Det blev en str\u00e5lande kampsportshelg i Solnahallen n\u00e4r Kampsportsfestivalen \u00e5terkom, f\u00f6r sj\u00e4tte g\u00e5ngen.","og_url":"https:\/\/www.budokampsport.se\/2025\/12\/15\/kampsportsfestivalen-forgyllde-luciahelgen\/","og_site_name":"Svenska Budo &amp; Kampsportsf\u00f6rbundet","article_author":"https:\/\/www.facebook.com\/jonathan.broberg.7","article_published_time":"2025-12-15T14:21:11+00:00","og_image":[{"width":850,"height":567,"url":"https:\/\/www.budokampsport.se\/wp-content\/uploads\/2025\/12\/Kampsportsfestivalen_tva.jpg","type":"image\/jpeg"}],"author":"Jonathan Broberg","twitter_card":"summary_large_image","twitter_misc":{"Skriven av":"Jonathan Broberg","Ber\u00e4knad l\u00e4stid":"3 minuter"},"schema":{"@context":"https:\/\/schema.org","@graph":[{"@type":"Article","@id":"https:\/\/www.budokampsport.se\/2025\/12\/15\/kampsportsfestivalen-forgyllde-luciahelgen\/#article","isPartOf":{"@id":"https:\/\/www.budokampsport.se\/2025\/12\/15\/kampsportsfestivalen-forgyllde-luciahelgen\/"},"author":{"name":"Jonathan Broberg","@id":"https:\/\/www.budokampsport.se\/#\/schema\/person\/5c06d81d14850e2a8ce5493386560145"},"headline":"Kampsportsfestivalen f\u00f6rgyllde luciahelgen","datePublished":"2025-12-15T14:21:11+00:00","mainEntityOfPage":{"@id":"https:\/\/www.budokampsport.se\/2025\/12\/15\/kampsportsfestivalen-forgyllde-luciahelgen\/"},"wordCount":243,"image":{"@id":"https:\/\/www.budokampsport.se\/2025\/12\/15\/kampsportsfestivalen-forgyllde-luciahelgen\/#primaryimage"},"thumbnailUrl":"https:\/\/www.budokampsport.se\/wp-content\/uploads\/2025\/12\/Kampsportsfestivalen_tva.jpg","articleSection":["SB&amp;K"],"inLanguage":"sv-SE"},{"@type":"WebPage","@id":"https:\/\/www.budokampsport.se\/2025\/12\/15\/kampsportsfestivalen-forgyllde-luciahelgen\/","url":"https:\/\/www.budokampsport.se\/2025\/12\/15\/kampsportsfestivalen-forgyllde-luciahelgen\/","name":"Kampsportsfestivalen f\u00f6rgyllde luciahelgen - Svenska Budo &amp; Kampsportsf\u00f6rbundet","isPartOf":{"@id":"https:\/\/www.budokampsport.se\/#website"},"primaryImageOfPage":{"@id":"https:\/\/www.budokampsport.se\/2025\/12\/15\/kampsportsfestivalen-forgyllde-luciahelgen\/#primaryimage"},"image":{"@id":"https:\/\/www.budokampsport.se\/2025\/12\/15\/kampsportsfestivalen-forgyllde-luciahelgen\/#primaryimage"},"thumbnailUrl":"https:\/\/www.budokampsport.se\/wp-content\/uploads\/2025\/12\/Kampsportsfestivalen_tva.jpg","datePublished":"2025-12-15T14:21:11+00:00","author":{"@id":"https:\/\/www.budokampsport.se\/#\/schema\/person\/5c06d81d14850e2a8ce5493386560145"},"description":"Det blev en str\u00e5lande kampsportshelg i Solnahallen n\u00e4r Kampsportsfestivalen \u00e5terkom, f\u00f6r sj\u00e4tte g\u00e5ngen.","breadcrumb":{"@id":"https:\/\/www.budokampsport.se\/2025\/12\/15\/kampsportsfestivalen-forgyllde-luciahelgen\/#breadcrumb"},"inLanguage":"sv-SE","potentialAction":[{"@type":"ReadAction","target":["https:\/\/www.budokampsport.se\/2025\/12\/15\/kampsportsfestivalen-forgyllde-luciahelgen\/"]}]},{"@type":"ImageObject","inLanguage":"sv-SE","@id":"https:\/\/www.budokampsport.se\/2025\/12\/15\/kampsportsfestivalen-forgyllde-luciahelgen\/#primaryimage","url":"https:\/\/www.budokampsport.se\/wp-content\/uploads\/2025\/12\/Kampsportsfestivalen_tva.jpg","contentUrl":"https:\/\/www.budokampsport.se\/wp-content\/uploads\/2025\/12\/Kampsportsfestivalen_tva.jpg","width":850,"height":567,"caption":"Foto: Caisa Rasmussen\/Bildbyr\u00e5n"},{"@type":"BreadcrumbList","@id":"https:\/\/www.budokampsport.se\/2025\/12\/15\/kampsportsfestivalen-forgyllde-luciahelgen\/#breadcrumb","itemListElement":[{"@type":"ListItem","position":1,"name":"Hem","item":"https:\/\/www.budokampsport.se\/"},{"@type":"ListItem","position":2,"name":"Kampsportsfestivalen f\u00f6rgyllde luciahelgen"}]},{"@type":"WebSite","@id":"https:\/\/www.budokampsport.se\/#website","url":"https:\/\/www.budokampsport.se\/","name":"Svenska Budo &amp; Kampsportsf\u00f6rbundet","description":"T\u00e4vling, Tr\u00e4ning, Tradition","potentialAction":[{"@type":"SearchAction","target":{"@type":"EntryPoint","urlTemplate":"https:\/\/www.budokampsport.se\/?s={search_term_string}"},"query-input":{"@type":"PropertyValueSpecification","valueRequired":true,"valueName":"search_term_string"}}],"inLanguage":"sv-SE"},{"@type":"Person","@id":"https:\/\/www.budokampsport.se\/#\/schema\/person\/5c06d81d14850e2a8ce5493386560145","name":"Jonathan Broberg","image":{"@type":"ImageObject","inLanguage":"sv-SE","@id":"https:\/\/www.budokampsport.se\/#\/schema\/person\/image\/","url":"https:\/\/secure.gravatar.com\/avatar\/a58041c6cea9128bd9c40ee2f26d4136?s=96&d=blank&r=g","contentUrl":"https:\/\/secure.gravatar.com\/avatar\/a58041c6cea9128bd9c40ee2f26d4136?s=96&d=blank&r=g","caption":"Jonathan Broberg"},"sameAs":["https:\/\/www.facebook.com\/jonathan.broberg.7"],"url":"https:\/\/www.budokampsport.se\/author\/jonathan\/"}]}},"_links":{"self":[{"href":"https:\/\/www.budokampsport.se\/api\/wp\/v2\/posts\/187077","targetHints":{"allow":["GET"]}}],"collection":[{"href":"https:\/\/www.budokampsport.se\/api\/wp\/v2\/posts"}],"about":[{"href":"https:\/\/www.budokampsport.se\/api\/wp\/v2\/types\/post"}],"author":[{"embeddable":true,"href":"https:\/\/www.budokampsport.se\/api\/wp\/v2\/users\/7"}],"replies":[{"embeddable":true,"href":"https:\/\/www.budokampsport.se\/api\/wp\/v2\/comments?post=187077"}],"version-history":[{"count":0,"href":"https:\/\/www.budokampsport.se\/api\/wp\/v2\/posts\/187077\/revisions"}],"wp:featuredmedia":[{"embeddable":true,"href":"https:\/\/www.budokampsport.se\/api\/wp\/v2\/media\/187086"}],"wp:attachment":[{"href":"https:\/\/www.budokampsport.se\/api\/wp\/v2\/media?parent=187077"}],"wp:term":[{"taxonomy":"category","embeddable":true,"href":"https:\/\/www.budokampsport.se\/api\/wp\/v2\/categories?post=187077"},{"taxonomy":"post_tag","embeddable":true,"href":"https:\/\/www.budokampsport.se\/api\/wp\/v2\/tags?post=187077"}],"curies":[{"name":"wp","href":"https:\/\/api.w.org\/{rel}","templated":true}]}}