{"id":191724,"date":"2026-04-27T09:07:14","date_gmt":"2026-04-27T07:07:14","guid":{"rendered":"https:\/\/www.budokampsport.se\/?p=191724"},"modified":"2026-04-27T09:07:14","modified_gmt":"2026-04-27T07:07:14","slug":"mangder-med-svenska-kempomedaljer-nar-vm-avslutades","status":"publish","type":"post","link":"https:\/\/www.budokampsport.se\/2026\/04\/27\/mangder-med-svenska-kempomedaljer-nar-vm-avslutades\/","title":{"rendered":"M\u00e4ngder med svenska kempomedaljer n\u00e4r VM avslutades"},"content":{"rendered":"<p>Det blev en fin svensk VM-resa i kempo, n\u00e4r m\u00e4sterskapet h\u00f6lls i turkiska Kemer utanf\u00f6r Antalya under helgen.<\/p>\n<p>Det t\u00e4vlades i senior-, junior, veteran- och paraklasser. Sammantaget landande landslagets medaljsk\u00f6rd p\u00e5 tre guld, tre silver och tio brons. <\/p>\n<p>Gulden vanns av Bo Rocatis, som vann i veteranklass f\u00f6r para i b\u00e5de kata och semikontakt, och av Hannes Bergkvist i submission f\u00f6r U21.<\/p>\n<p>Tv\u00e5 andra medaljmaskiner under m\u00e4sterskapet var German Fischer och Igor Timofejevs, som vann tre medaljer vardera.<\/p>\n<p>H\u00e4r \u00e4r samtliga bl\u00e5gula medaljer under VM.<\/p>\n<table style=\"border-collapse: collapse; width: 100%; height: 75px;\">\n<tbody>\n<tr style=\"height: 24px;\">\n<td style=\"width: 100%; height: 24px;\">SVENSKA VM-MEDALJER<\/td>\n<\/tr>\n<tr style=\"height: 51px;\">\n<td style=\"width: 100%; height: 51px; text-align: left;\">\n<p>Para<br \/>\n<img loading=\"lazy\" decoding=\"async\" class=\"wp-image-139585 alignnone\" src=\"https:\/\/www.budokampsport.se\/wp-content\/uploads\/2022\/05\/medal_gold_nospace.png\" alt=\"Guldmedalj\" width=\"14\" height=\"21\" srcset=\"https:\/\/www.budokampsport.se\/wp-content\/uploads\/2022\/05\/medal_gold_nospace.png 150w, https:\/\/www.budokampsport.se\/wp-content\/uploads\/2022\/05\/medal_gold_nospace-95x137.png 95w\" sizes=\"auto, (max-width: 14px) 100vw, 14px\" \/> <strong>Bo Rocatis<\/strong>, <span style=\"font-size: 10pt;\">kata (veteran 40-65-\u00e5rsklass)<\/span><br \/>\n<strong>Bo Rocatis<\/strong>, <span style=\"font-size: 10pt;\">semikontakt (veteran 41-65-\u00e5rsklass)<\/span><\/p>\n<p>Junior<br \/>\n<img loading=\"lazy\" decoding=\"async\" class=\"wp-image-139585 alignnone\" src=\"https:\/\/www.budokampsport.se\/wp-content\/uploads\/2022\/05\/medal_gold_nospace.png\" alt=\"Guldmedalj\" width=\"14\" height=\"21\" srcset=\"https:\/\/www.budokampsport.se\/wp-content\/uploads\/2022\/05\/medal_gold_nospace.png 150w, https:\/\/www.budokampsport.se\/wp-content\/uploads\/2022\/05\/medal_gold_nospace-95x137.png 95w\" sizes=\"auto, (max-width: 14px) 100vw, 14px\" \/> <strong>Hannes Bergkvist<\/strong>, <span style=\"font-size: 10pt;\">submission (U21, -75 kg)<br \/>\n<\/span><img loading=\"lazy\" decoding=\"async\" class=\" wp-image-139583 alignnone\" src=\"https:\/\/www.budokampsport.se\/wp-content\/uploads\/2022\/05\/medal_bronze_nospace.png\" alt=\"Bronsmedalj\" width=\"14\" height=\"21\" srcset=\"https:\/\/www.budokampsport.se\/wp-content\/uploads\/2022\/05\/medal_bronze_nospace.png 150w, https:\/\/www.budokampsport.se\/wp-content\/uploads\/2022\/05\/medal_bronze_nospace-95x137.png 95w\" sizes=\"auto, (max-width: 14px) 100vw, 14px\" \/> <strong>Tobias Kragberg<\/strong>, <span style=\"font-size: 10pt;\">submission (U21, -80 kg)<br \/>\n<\/span><strong>Ronja Nordberg,<\/strong> <span style=\"font-size: 10pt;\">submission (U21, -65 kg)<\/span><\/p>\n<p>Veteran<br \/>\n<img loading=\"lazy\" decoding=\"async\" class=\" wp-image-139584 alignnone\" src=\"https:\/\/www.budokampsport.se\/wp-content\/uploads\/2022\/05\/medal_silver_nospace.png\" alt=\"Silvermedalj\" width=\"14\" height=\"21\" srcset=\"https:\/\/www.budokampsport.se\/wp-content\/uploads\/2022\/05\/medal_silver_nospace.png 150w, https:\/\/www.budokampsport.se\/wp-content\/uploads\/2022\/05\/medal_silver_nospace-95x137.png 95w\" sizes=\"auto, (max-width: 14px) 100vw, 14px\" \/> <strong>German Fischer<\/strong>,<span style=\"font-size: 10pt;\"> semikontakt (-70 kg)<br \/>\n<img loading=\"lazy\" decoding=\"async\" class=\" wp-image-139583 alignnone\" src=\"https:\/\/www.budokampsport.se\/wp-content\/uploads\/2022\/05\/medal_bronze_nospace.png\" alt=\"Bronsmedalj\" width=\"14\" height=\"21\" srcset=\"https:\/\/www.budokampsport.se\/wp-content\/uploads\/2022\/05\/medal_bronze_nospace.png 150w, https:\/\/www.budokampsport.se\/wp-content\/uploads\/2022\/05\/medal_bronze_nospace-95x137.png 95w\" sizes=\"auto, (max-width: 14px) 100vw, 14px\" \/> <strong><span style=\"font-size: 12pt;\">German Fischer<\/span><\/strong>, submission (-70 kg)<br \/>\n<\/span><\/p>\n<p>Senior<br \/>\n<img loading=\"lazy\" decoding=\"async\" class=\" wp-image-139584 alignnone\" src=\"https:\/\/www.budokampsport.se\/wp-content\/uploads\/2022\/05\/medal_silver_nospace.png\" alt=\"Silvermedalj\" width=\"14\" height=\"21\" srcset=\"https:\/\/www.budokampsport.se\/wp-content\/uploads\/2022\/05\/medal_silver_nospace.png 150w, https:\/\/www.budokampsport.se\/wp-content\/uploads\/2022\/05\/medal_silver_nospace-95x137.png 95w\" sizes=\"auto, (max-width: 14px) 100vw, 14px\" \/> <strong>Igor Timofejevs<\/strong>, <span style=\"font-size: 10pt;\">knockdown (-90 kg)<br \/>\n<strong><span style=\"font-size: 12pt;\">Tobias Kragberg<\/span><\/strong>, knockdown (-80 kg)<br \/>\n<\/span><span style=\"font-size: 10pt;\"><img loading=\"lazy\" decoding=\"async\" class=\" wp-image-139583 alignnone\" src=\"https:\/\/www.budokampsport.se\/wp-content\/uploads\/2022\/05\/medal_bronze_nospace.png\" alt=\"Bronsmedalj\" width=\"14\" height=\"21\" srcset=\"https:\/\/www.budokampsport.se\/wp-content\/uploads\/2022\/05\/medal_bronze_nospace.png 150w, https:\/\/www.budokampsport.se\/wp-content\/uploads\/2022\/05\/medal_bronze_nospace-95x137.png 95w\" sizes=\"auto, (max-width: 14px) 100vw, 14px\" \/> <strong><span style=\"font-size: 12pt;\">Hannes Bergkvist<\/span><\/strong>, knockdown (-75 kg)<br \/>\n<\/span><strong>Igor Timofejevs<\/strong>,<span style=\"font-size: 10pt;\"> semikontakt (-90 kg)<\/span><br \/>\n<strong>Igor Timofejevs<\/strong>, <span style=\"font-size: 10pt;\">sj\u00e4lvf\u00f6rsvar (-90 kg)<br \/>\n<\/span><strong>Ronja Nordberg<\/strong>, <span style=\"font-size: 10pt;\">knockdown (-65 kg)<br \/>\n<span style=\"font-size: 12pt;\"><strong>Fredrik Str\u00f6m,<\/strong><\/span> knockdown (+90 kg)<br \/>\n<strong><span style=\"font-size: 12pt;\">Fredrik Str\u00f6m<\/span><\/strong>, fullkontakt (+90 kg)<br \/>\n<strong><span style=\"font-size: 12pt;\">German Fischer<\/span><\/strong>, sj\u00e4lvf\u00f6rsvar (-70 kg)<\/span><\/p>\n<p>&nbsp;<\/p>\n<\/td>\n<\/tr>\n<\/tbody>\n<\/table>\n","protected":false},"excerpt":{"rendered":"<p>VM i kempo i Kemer utanf\u00f6r Antalya p\u00e5gick under helgen och n\u00e4r VM summerades blev det en hel dr\u00f6s bl\u00e5gula medaljer. P\u00e5 juniorsidan blev Sverige ocks\u00e5 tredje b\u00e4sta nation, rent medaljm\u00e4ssigt.<\/p><br>","protected":false},"author":7,"featured_media":191726,"comment_status":"closed","ping_status":"closed","sticky":false,"template":"","format":"standard","meta":{"_acf_changed":false,"footnotes":""},"categories":[579],"tags":[],"class_list":["post-191724","post","type-post","status-publish","format-standard","has-post-thumbnail","hentry","category-kempo"],"acf":[],"yoast_head":"<!-- This site is optimized with the Yoast SEO plugin v26.8 - https:\/\/yoast.com\/product\/yoast-seo-wordpress\/ -->\n<title>M\u00e4ngder med svenska kempomedaljer n\u00e4r VM avslutades - Svenska Budo &amp; Kampsportsf\u00f6rbundet<\/title>\n<meta name=\"description\" content=\"VM i kempo i Kemer utanf\u00f6r Antalya p\u00e5gick under helgen och n\u00e4r VM summerades blev det en hel dr\u00f6s bl\u00e5gula medaljer. P\u00e5 juniorsidan blev Sverige ocks\u00e5 tredje b\u00e4sta nation, rent medaljm\u00e4ssigt.\" \/>\n<meta name=\"robots\" content=\"index, follow, max-snippet:-1, max-image-preview:large, max-video-preview:-1\" \/>\n<link rel=\"canonical\" href=\"https:\/\/www.budokampsport.se\/2026\/04\/27\/mangder-med-svenska-kempomedaljer-nar-vm-avslutades\/\" \/>\n<meta property=\"og:locale\" content=\"sv_SE\" \/>\n<meta property=\"og:type\" content=\"article\" \/>\n<meta property=\"og:title\" content=\"M\u00e4ngder med svenska kempomedaljer n\u00e4r VM avslutades - Svenska Budo &amp; Kampsportsf\u00f6rbundet\" \/>\n<meta property=\"og:description\" content=\"VM i kempo i Kemer utanf\u00f6r Antalya p\u00e5gick under helgen och n\u00e4r VM summerades blev det en hel dr\u00f6s bl\u00e5gula medaljer. P\u00e5 juniorsidan blev Sverige ocks\u00e5 tredje b\u00e4sta nation, rent medaljm\u00e4ssigt.\" \/>\n<meta property=\"og:url\" content=\"https:\/\/www.budokampsport.se\/2026\/04\/27\/mangder-med-svenska-kempomedaljer-nar-vm-avslutades\/\" \/>\n<meta property=\"og:site_name\" content=\"Svenska Budo &amp; Kampsportsf\u00f6rbundet\" \/>\n<meta property=\"article:author\" content=\"https:\/\/www.facebook.com\/jonathan.broberg.7\" \/>\n<meta property=\"article:published_time\" content=\"2026-04-27T07:07:14+00:00\" \/>\n<meta property=\"og:image\" content=\"https:\/\/www.budokampsport.se\/wp-content\/uploads\/2026\/04\/kempolandslaget-2026.jpg\" \/>\n\t<meta property=\"og:image:width\" content=\"850\" \/>\n\t<meta property=\"og:image:height\" content=\"412\" \/>\n\t<meta property=\"og:image:type\" content=\"image\/jpeg\" \/>\n<meta name=\"author\" content=\"Jonathan Broberg\" \/>\n<meta name=\"twitter:card\" content=\"summary_large_image\" \/>\n<meta name=\"twitter:label1\" content=\"Skriven av\" \/>\n\t<meta name=\"twitter:data1\" content=\"Jonathan Broberg\" \/>\n\t<meta name=\"twitter:label2\" content=\"Ber\u00e4knad l\u00e4stid\" \/>\n\t<meta name=\"twitter:data2\" content=\"3 minuter\" \/>\n<script type=\"application\/ld+json\" class=\"yoast-schema-graph\">{\"@context\":\"https:\/\/schema.org\",\"@graph\":[{\"@type\":\"Article\",\"@id\":\"https:\/\/www.budokampsport.se\/2026\/04\/27\/mangder-med-svenska-kempomedaljer-nar-vm-avslutades\/#article\",\"isPartOf\":{\"@id\":\"https:\/\/www.budokampsport.se\/2026\/04\/27\/mangder-med-svenska-kempomedaljer-nar-vm-avslutades\/\"},\"author\":{\"name\":\"Jonathan Broberg\",\"@id\":\"https:\/\/www.budokampsport.se\/#\/schema\/person\/5c06d81d14850e2a8ce5493386560145\"},\"headline\":\"M\u00e4ngder med svenska kempomedaljer n\u00e4r VM avslutades\",\"datePublished\":\"2026-04-27T07:07:14+00:00\",\"mainEntityOfPage\":{\"@id\":\"https:\/\/www.budokampsport.se\/2026\/04\/27\/mangder-med-svenska-kempomedaljer-nar-vm-avslutades\/\"},\"wordCount\":204,\"image\":{\"@id\":\"https:\/\/www.budokampsport.se\/2026\/04\/27\/mangder-med-svenska-kempomedaljer-nar-vm-avslutades\/#primaryimage\"},\"thumbnailUrl\":\"https:\/\/www.budokampsport.se\/wp-content\/uploads\/2026\/04\/kempolandslaget-2026.jpg\",\"articleSection\":[\"Kempo\"],\"inLanguage\":\"sv-SE\"},{\"@type\":\"WebPage\",\"@id\":\"https:\/\/www.budokampsport.se\/2026\/04\/27\/mangder-med-svenska-kempomedaljer-nar-vm-avslutades\/\",\"url\":\"https:\/\/www.budokampsport.se\/2026\/04\/27\/mangder-med-svenska-kempomedaljer-nar-vm-avslutades\/\",\"name\":\"M\u00e4ngder med svenska kempomedaljer n\u00e4r VM avslutades - Svenska Budo &amp; Kampsportsf\u00f6rbundet\",\"isPartOf\":{\"@id\":\"https:\/\/www.budokampsport.se\/#website\"},\"primaryImageOfPage\":{\"@id\":\"https:\/\/www.budokampsport.se\/2026\/04\/27\/mangder-med-svenska-kempomedaljer-nar-vm-avslutades\/#primaryimage\"},\"image\":{\"@id\":\"https:\/\/www.budokampsport.se\/2026\/04\/27\/mangder-med-svenska-kempomedaljer-nar-vm-avslutades\/#primaryimage\"},\"thumbnailUrl\":\"https:\/\/www.budokampsport.se\/wp-content\/uploads\/2026\/04\/kempolandslaget-2026.jpg\",\"datePublished\":\"2026-04-27T07:07:14+00:00\",\"author\":{\"@id\":\"https:\/\/www.budokampsport.se\/#\/schema\/person\/5c06d81d14850e2a8ce5493386560145\"},\"description\":\"VM i kempo i Kemer utanf\u00f6r Antalya p\u00e5gick under helgen och n\u00e4r VM summerades blev det en hel dr\u00f6s bl\u00e5gula medaljer. P\u00e5 juniorsidan blev Sverige ocks\u00e5 tredje b\u00e4sta nation, rent medaljm\u00e4ssigt.\",\"breadcrumb\":{\"@id\":\"https:\/\/www.budokampsport.se\/2026\/04\/27\/mangder-med-svenska-kempomedaljer-nar-vm-avslutades\/#breadcrumb\"},\"inLanguage\":\"sv-SE\",\"potentialAction\":[{\"@type\":\"ReadAction\",\"target\":[\"https:\/\/www.budokampsport.se\/2026\/04\/27\/mangder-med-svenska-kempomedaljer-nar-vm-avslutades\/\"]}]},{\"@type\":\"ImageObject\",\"inLanguage\":\"sv-SE\",\"@id\":\"https:\/\/www.budokampsport.se\/2026\/04\/27\/mangder-med-svenska-kempomedaljer-nar-vm-avslutades\/#primaryimage\",\"url\":\"https:\/\/www.budokampsport.se\/wp-content\/uploads\/2026\/04\/kempolandslaget-2026.jpg\",\"contentUrl\":\"https:\/\/www.budokampsport.se\/wp-content\/uploads\/2026\/04\/kempolandslaget-2026.jpg\",\"width\":850,\"height\":412,\"caption\":\"Foto: Svenska Kempof\u00f6rbundet\"},{\"@type\":\"BreadcrumbList\",\"@id\":\"https:\/\/www.budokampsport.se\/2026\/04\/27\/mangder-med-svenska-kempomedaljer-nar-vm-avslutades\/#breadcrumb\",\"itemListElement\":[{\"@type\":\"ListItem\",\"position\":1,\"name\":\"Hem\",\"item\":\"https:\/\/www.budokampsport.se\/\"},{\"@type\":\"ListItem\",\"position\":2,\"name\":\"M\u00e4ngder med svenska kempomedaljer n\u00e4r VM avslutades\"}]},{\"@type\":\"WebSite\",\"@id\":\"https:\/\/www.budokampsport.se\/#website\",\"url\":\"https:\/\/www.budokampsport.se\/\",\"name\":\"Svenska Budo &amp; Kampsportsf\u00f6rbundet\",\"description\":\"T\u00e4vling, Tr\u00e4ning, Tradition\",\"potentialAction\":[{\"@type\":\"SearchAction\",\"target\":{\"@type\":\"EntryPoint\",\"urlTemplate\":\"https:\/\/www.budokampsport.se\/?s={search_term_string}\"},\"query-input\":{\"@type\":\"PropertyValueSpecification\",\"valueRequired\":true,\"valueName\":\"search_term_string\"}}],\"inLanguage\":\"sv-SE\"},{\"@type\":\"Person\",\"@id\":\"https:\/\/www.budokampsport.se\/#\/schema\/person\/5c06d81d14850e2a8ce5493386560145\",\"name\":\"Jonathan Broberg\",\"image\":{\"@type\":\"ImageObject\",\"inLanguage\":\"sv-SE\",\"@id\":\"https:\/\/www.budokampsport.se\/#\/schema\/person\/image\/\",\"url\":\"https:\/\/secure.gravatar.com\/avatar\/a58041c6cea9128bd9c40ee2f26d4136?s=96&d=blank&r=g\",\"contentUrl\":\"https:\/\/secure.gravatar.com\/avatar\/a58041c6cea9128bd9c40ee2f26d4136?s=96&d=blank&r=g\",\"caption\":\"Jonathan Broberg\"},\"sameAs\":[\"https:\/\/www.facebook.com\/jonathan.broberg.7\"],\"url\":\"https:\/\/www.budokampsport.se\/author\/jonathan\/\"}]}<\/script>\n<!-- \/ Yoast SEO plugin. -->","yoast_head_json":{"title":"M\u00e4ngder med svenska kempomedaljer n\u00e4r VM avslutades - Svenska Budo &amp; Kampsportsf\u00f6rbundet","description":"VM i kempo i Kemer utanf\u00f6r Antalya p\u00e5gick under helgen och n\u00e4r VM summerades blev det en hel dr\u00f6s bl\u00e5gula medaljer. P\u00e5 juniorsidan blev Sverige ocks\u00e5 tredje b\u00e4sta nation, rent medaljm\u00e4ssigt.","robots":{"index":"index","follow":"follow","max-snippet":"max-snippet:-1","max-image-preview":"max-image-preview:large","max-video-preview":"max-video-preview:-1"},"canonical":"https:\/\/www.budokampsport.se\/2026\/04\/27\/mangder-med-svenska-kempomedaljer-nar-vm-avslutades\/","og_locale":"sv_SE","og_type":"article","og_title":"M\u00e4ngder med svenska kempomedaljer n\u00e4r VM avslutades - Svenska Budo &amp; Kampsportsf\u00f6rbundet","og_description":"VM i kempo i Kemer utanf\u00f6r Antalya p\u00e5gick under helgen och n\u00e4r VM summerades blev det en hel dr\u00f6s bl\u00e5gula medaljer. P\u00e5 juniorsidan blev Sverige ocks\u00e5 tredje b\u00e4sta nation, rent medaljm\u00e4ssigt.","og_url":"https:\/\/www.budokampsport.se\/2026\/04\/27\/mangder-med-svenska-kempomedaljer-nar-vm-avslutades\/","og_site_name":"Svenska Budo &amp; Kampsportsf\u00f6rbundet","article_author":"https:\/\/www.facebook.com\/jonathan.broberg.7","article_published_time":"2026-04-27T07:07:14+00:00","og_image":[{"width":850,"height":412,"url":"https:\/\/www.budokampsport.se\/wp-content\/uploads\/2026\/04\/kempolandslaget-2026.jpg","type":"image\/jpeg"}],"author":"Jonathan Broberg","twitter_card":"summary_large_image","twitter_misc":{"Skriven av":"Jonathan Broberg","Ber\u00e4knad l\u00e4stid":"3 minuter"},"schema":{"@context":"https:\/\/schema.org","@graph":[{"@type":"Article","@id":"https:\/\/www.budokampsport.se\/2026\/04\/27\/mangder-med-svenska-kempomedaljer-nar-vm-avslutades\/#article","isPartOf":{"@id":"https:\/\/www.budokampsport.se\/2026\/04\/27\/mangder-med-svenska-kempomedaljer-nar-vm-avslutades\/"},"author":{"name":"Jonathan Broberg","@id":"https:\/\/www.budokampsport.se\/#\/schema\/person\/5c06d81d14850e2a8ce5493386560145"},"headline":"M\u00e4ngder med svenska kempomedaljer n\u00e4r VM avslutades","datePublished":"2026-04-27T07:07:14+00:00","mainEntityOfPage":{"@id":"https:\/\/www.budokampsport.se\/2026\/04\/27\/mangder-med-svenska-kempomedaljer-nar-vm-avslutades\/"},"wordCount":204,"image":{"@id":"https:\/\/www.budokampsport.se\/2026\/04\/27\/mangder-med-svenska-kempomedaljer-nar-vm-avslutades\/#primaryimage"},"thumbnailUrl":"https:\/\/www.budokampsport.se\/wp-content\/uploads\/2026\/04\/kempolandslaget-2026.jpg","articleSection":["Kempo"],"inLanguage":"sv-SE"},{"@type":"WebPage","@id":"https:\/\/www.budokampsport.se\/2026\/04\/27\/mangder-med-svenska-kempomedaljer-nar-vm-avslutades\/","url":"https:\/\/www.budokampsport.se\/2026\/04\/27\/mangder-med-svenska-kempomedaljer-nar-vm-avslutades\/","name":"M\u00e4ngder med svenska kempomedaljer n\u00e4r VM avslutades - Svenska Budo &amp; Kampsportsf\u00f6rbundet","isPartOf":{"@id":"https:\/\/www.budokampsport.se\/#website"},"primaryImageOfPage":{"@id":"https:\/\/www.budokampsport.se\/2026\/04\/27\/mangder-med-svenska-kempomedaljer-nar-vm-avslutades\/#primaryimage"},"image":{"@id":"https:\/\/www.budokampsport.se\/2026\/04\/27\/mangder-med-svenska-kempomedaljer-nar-vm-avslutades\/#primaryimage"},"thumbnailUrl":"https:\/\/www.budokampsport.se\/wp-content\/uploads\/2026\/04\/kempolandslaget-2026.jpg","datePublished":"2026-04-27T07:07:14+00:00","author":{"@id":"https:\/\/www.budokampsport.se\/#\/schema\/person\/5c06d81d14850e2a8ce5493386560145"},"description":"VM i kempo i Kemer utanf\u00f6r Antalya p\u00e5gick under helgen och n\u00e4r VM summerades blev det en hel dr\u00f6s bl\u00e5gula medaljer. P\u00e5 juniorsidan blev Sverige ocks\u00e5 tredje b\u00e4sta nation, rent medaljm\u00e4ssigt.","breadcrumb":{"@id":"https:\/\/www.budokampsport.se\/2026\/04\/27\/mangder-med-svenska-kempomedaljer-nar-vm-avslutades\/#breadcrumb"},"inLanguage":"sv-SE","potentialAction":[{"@type":"ReadAction","target":["https:\/\/www.budokampsport.se\/2026\/04\/27\/mangder-med-svenska-kempomedaljer-nar-vm-avslutades\/"]}]},{"@type":"ImageObject","inLanguage":"sv-SE","@id":"https:\/\/www.budokampsport.se\/2026\/04\/27\/mangder-med-svenska-kempomedaljer-nar-vm-avslutades\/#primaryimage","url":"https:\/\/www.budokampsport.se\/wp-content\/uploads\/2026\/04\/kempolandslaget-2026.jpg","contentUrl":"https:\/\/www.budokampsport.se\/wp-content\/uploads\/2026\/04\/kempolandslaget-2026.jpg","width":850,"height":412,"caption":"Foto: Svenska Kempof\u00f6rbundet"},{"@type":"BreadcrumbList","@id":"https:\/\/www.budokampsport.se\/2026\/04\/27\/mangder-med-svenska-kempomedaljer-nar-vm-avslutades\/#breadcrumb","itemListElement":[{"@type":"ListItem","position":1,"name":"Hem","item":"https:\/\/www.budokampsport.se\/"},{"@type":"ListItem","position":2,"name":"M\u00e4ngder med svenska kempomedaljer n\u00e4r VM avslutades"}]},{"@type":"WebSite","@id":"https:\/\/www.budokampsport.se\/#website","url":"https:\/\/www.budokampsport.se\/","name":"Svenska Budo &amp; Kampsportsf\u00f6rbundet","description":"T\u00e4vling, Tr\u00e4ning, Tradition","potentialAction":[{"@type":"SearchAction","target":{"@type":"EntryPoint","urlTemplate":"https:\/\/www.budokampsport.se\/?s={search_term_string}"},"query-input":{"@type":"PropertyValueSpecification","valueRequired":true,"valueName":"search_term_string"}}],"inLanguage":"sv-SE"},{"@type":"Person","@id":"https:\/\/www.budokampsport.se\/#\/schema\/person\/5c06d81d14850e2a8ce5493386560145","name":"Jonathan Broberg","image":{"@type":"ImageObject","inLanguage":"sv-SE","@id":"https:\/\/www.budokampsport.se\/#\/schema\/person\/image\/","url":"https:\/\/secure.gravatar.com\/avatar\/a58041c6cea9128bd9c40ee2f26d4136?s=96&d=blank&r=g","contentUrl":"https:\/\/secure.gravatar.com\/avatar\/a58041c6cea9128bd9c40ee2f26d4136?s=96&d=blank&r=g","caption":"Jonathan Broberg"},"sameAs":["https:\/\/www.facebook.com\/jonathan.broberg.7"],"url":"https:\/\/www.budokampsport.se\/author\/jonathan\/"}]}},"_links":{"self":[{"href":"https:\/\/www.budokampsport.se\/api\/wp\/v2\/posts\/191724","targetHints":{"allow":["GET"]}}],"collection":[{"href":"https:\/\/www.budokampsport.se\/api\/wp\/v2\/posts"}],"about":[{"href":"https:\/\/www.budokampsport.se\/api\/wp\/v2\/types\/post"}],"author":[{"embeddable":true,"href":"https:\/\/www.budokampsport.se\/api\/wp\/v2\/users\/7"}],"replies":[{"embeddable":true,"href":"https:\/\/www.budokampsport.se\/api\/wp\/v2\/comments?post=191724"}],"version-history":[{"count":0,"href":"https:\/\/www.budokampsport.se\/api\/wp\/v2\/posts\/191724\/revisions"}],"wp:featuredmedia":[{"embeddable":true,"href":"https:\/\/www.budokampsport.se\/api\/wp\/v2\/media\/191726"}],"wp:attachment":[{"href":"https:\/\/www.budokampsport.se\/api\/wp\/v2\/media?parent=191724"}],"wp:term":[{"taxonomy":"category","embeddable":true,"href":"https:\/\/www.budokampsport.se\/api\/wp\/v2\/categories?post=191724"},{"taxonomy":"post_tag","embeddable":true,"href":"https:\/\/www.budokampsport.se\/api\/wp\/v2\/tags?post=191724"}],"curies":[{"name":"wp","href":"https:\/\/api.w.org\/{rel}","templated":true}]}}