{"id":193881,"date":"2026-09-03T13:31:12","date_gmt":"2026-09-03T11:31:12","guid":{"rendered":"https:\/\/www.budokampsport.se\/?p=193881"},"modified":"2026-09-03T13:45:14","modified_gmt":"2026-09-03T11:45:14","slug":"historisk-aikidohelg-stundar","status":"publish","type":"post","link":"https:\/\/www.budokampsport.se\/2026\/09\/03\/historisk-aikidohelg-stundar\/","title":{"rendered":"Historisk aikidohelg stundar"},"content":{"rendered":"<p>Svensk aikido st\u00e5r inf\u00f6r en historisk helg.<\/p>\n<p>Ibland \u00e4r det lite sv\u00e5rt att f\u00f6rst\u00e5 hur l\u00e5ng tid 65 \u00e5r \u00e4r \u2013 de flesta av oss har ju halkat in senare i tidslinjen.<\/p>\n<p>Men n\u00e5gra som fanns d\u00e5, f\u00f6r 65 \u00e5r sedan, kommer fira \u00e4ven i helgen. Det \u00e4r inget annat \u00e4n djupt respektingivande.<\/p>\n<p>Jag har under mina 17 \u00e5r p\u00e5 f\u00f6rbundet intervjuat m\u00e5nga aikidopersonligheter, jag har varit runt p\u00e5 en hel del f\u00f6reningar, kikat p\u00e5 r\u00e4tt m\u00e5nga pass. Jag har sett aikido i Kungstr\u00e4dg\u00e5rden, i Almedalen, i Tokyo.<\/p>\n<p><em><strong>Det lilla jag har f\u00f6rst\u00e5tt av aikido \u00e4r att jag inte f\u00f6rst\u00e5r speciellt mycket av det. Men, jag trakteras av att titta p\u00e5 det. Jag blir h\u00e4nf\u00f6rd och medryckt p\u00e5 ett s\u00e4reget s\u00e4tt. Det \u00e4r vackert, n\u00e4stan lite \u00e5t det poetiskt varma h\u00e5llet. Aikido \u00e4r som att l\u00e4sa en bok d\u00e4r spr\u00e5ket, och inte handlingen, \u00e4r i fokus.<\/strong><\/em><\/p>\n<p>En h\u00e4ftig och stor detalj i firandet \u00e4r att Mitsuteru Ueshiba kommer. Den japanska v\u00e4rldsinstrukt\u00f6ren. Det ger helgen en ytterligare dimension. Det \u00e4r \u00f6ver elva \u00e5r sedan jag bes\u00f6kte Hombu Dojo och fick en intervju med hans far, <a href=\"https:\/\/www.budokampsport.se\/wp-admin\/post.php?post=5430&amp;action=edit\" target=\"_blank\" rel=\"noopener\">Doshu<\/a>. Det \u00e4r en stund i livet, ett \u00f6gonblick, jag aldrig kommer att gl\u00f6mma. <\/p>\n<p>Jag minns f\u00f6r \u00f6vrigt starkt n\u00e4r aikidon i Sverige firade 55 \u00e5r. D\u00e5 ocks\u00e5 i Eriksdalshallen. Det var en uppvisning som ringade in firandet med m\u00e5nga prominenta aikidokas, d\u00e4ribland Jan Hermansson som numera \u00e4r i v\u00e5ra minnen.<\/p>\n<p>Som stund var den uppvisningen d\u00e5 fin att f\u00e5 &#8211; lekfull javisst, men fin.<\/p>\n<p>Svensk aikido har l\u00e4nge nu berikat idrottsr\u00f6relsen med sin s\u00e4regna pr\u00e4gel d\u00e4r t\u00e4vling inte finns. F\u00f6r min del \u00e4r aikido en frisk fl\u00e4kt i all medaljhets idrotten numera dras med. <\/p>\n<p><em><strong>Det \u00e4r som Thomas von Gegerfelt, 60 \u00e5r p\u00e5 tr\u00e4ningsmattan i \u00e5r, sade till mig tidigare i \u00e5r: &#8220;Aikidon \u00e4r p\u00e5 n\u00e5got s\u00e4tt upprepningens konstform. Ju mer en teknik eller r\u00f6relse upprepas desto mer blir det en del av en sj\u00e4lv, s\u00e5 att s\u00e4ga.&#8221;<\/strong><\/em><\/p>\n<p>Det torde ocks\u00e5 g\u00e4lla f\u00f6r den som \u00e4ven betraktar aikidon utifr\u00e5n, f\u00f6r det \u00e4r verkligen s\u00e5 jag sj\u00e4lv k\u00e4nner. Ju mer jag ser p\u00e5 aikido desto mer tillh\u00f6r det jag ser mig, liksom.<\/p>\n<p>Stort grattis, alla aikidov\u00e4nner. <br \/>\nHoppas nu firandet blir som det anst\u00e5r historiska vingslag av den h\u00e4r digniteten.<\/p>\n","protected":false},"excerpt":{"rendered":"<p>JONATHAN BROBERG. Svensk aikido st\u00e5r inf\u00f6r n\u00e5gra historiska dagar n\u00e4r 65 \u00e5rs verksamhet ska firas.<\/p><br>","protected":false},"author":7,"featured_media":186905,"comment_status":"closed","ping_status":"closed","sticky":false,"template":"","format":"standard","meta":{"_acf_changed":false,"footnotes":""},"categories":[562,179],"tags":[],"class_list":["post-193881","post","type-post","status-publish","format-standard","has-post-thumbnail","hentry","category-aikido","category-kronika"],"acf":[],"yoast_head":"<!-- This site is optimized with the Yoast SEO plugin v28.3 - https:\/\/yoast.com\/product\/yoast-seo-wordpress\/ -->\n<title>Historisk aikidohelg stundar - Svenska Budo &amp; Kampsportsf\u00f6rbundet<\/title>\n<meta name=\"description\" content=\"JONATHAN BROBERG. Svensk aikido st\u00e5r inf\u00f6r n\u00e5gra historiska dagar n\u00e4r 65 \u00e5rs verksamhet ska firas.\" \/>\n<meta name=\"robots\" content=\"index, follow, max-snippet:-1, max-image-preview:large, max-video-preview:-1\" \/>\n<link rel=\"canonical\" href=\"https:\/\/www.budokampsport.se\/2026\/09\/03\/historisk-aikidohelg-stundar\/\" \/>\n<meta property=\"og:locale\" content=\"sv_SE\" \/>\n<meta property=\"og:type\" content=\"article\" \/>\n<meta property=\"og:title\" content=\"Historisk aikidohelg stundar - Svenska Budo &amp; Kampsportsf\u00f6rbundet\" \/>\n<meta property=\"og:description\" content=\"JONATHAN BROBERG. Svensk aikido st\u00e5r inf\u00f6r n\u00e5gra historiska dagar n\u00e4r 65 \u00e5rs verksamhet ska firas.\" \/>\n<meta property=\"og:url\" content=\"https:\/\/www.budokampsport.se\/2026\/09\/03\/historisk-aikidohelg-stundar\/\" \/>\n<meta property=\"og:site_name\" content=\"Svenska Budo &amp; Kampsportsf\u00f6rbundet\" \/>\n<meta property=\"article:author\" content=\"https:\/\/www.facebook.com\/jonathan.broberg.7\" \/>\n<meta property=\"article:published_time\" content=\"2026-09-03T11:31:12+00:00\" \/>\n<meta property=\"article:modified_time\" content=\"2026-09-03T11:45:14+00:00\" \/>\n<meta property=\"og:image\" content=\"https:\/\/www.budokampsport.se\/wp-content\/uploads\/2025\/12\/Jonathan_Broberg_kronika.jpg\" \/>\n\t<meta property=\"og:image:width\" content=\"850\" \/>\n\t<meta property=\"og:image:height\" content=\"514\" \/>\n\t<meta property=\"og:image:type\" content=\"image\/jpeg\" \/>\n<meta name=\"author\" content=\"Jonathan Broberg\" \/>\n<meta name=\"twitter:card\" content=\"summary_large_image\" \/>\n<meta name=\"twitter:label1\" content=\"Skriven av\" \/>\n\t<meta name=\"twitter:data1\" content=\"Jonathan Broberg\" \/>\n\t<meta name=\"twitter:label2\" content=\"Ber\u00e4knad l\u00e4stid\" \/>\n\t<meta name=\"twitter:data2\" content=\"3 minuter\" \/>\n<script type=\"application\/ld+json\" class=\"yoast-schema-graph\">{\"@context\":\"https:\\\/\\\/schema.org\",\"@graph\":[{\"@type\":\"Article\",\"@id\":\"https:\\\/\\\/www.budokampsport.se\\\/2026\\\/09\\\/03\\\/historisk-aikidohelg-stundar\\\/#article\",\"isPartOf\":{\"@id\":\"https:\\\/\\\/www.budokampsport.se\\\/2026\\\/09\\\/03\\\/historisk-aikidohelg-stundar\\\/\"},\"author\":{\"name\":\"Jonathan Broberg\",\"@id\":\"https:\\\/\\\/www.budokampsport.se\\\/#\\\/schema\\\/person\\\/5c06d81d14850e2a8ce5493386560145\"},\"headline\":\"Historisk aikidohelg stundar\",\"datePublished\":\"2026-09-03T11:31:12+00:00\",\"dateModified\":\"2026-09-03T11:45:14+00:00\",\"mainEntityOfPage\":{\"@id\":\"https:\\\/\\\/www.budokampsport.se\\\/2026\\\/09\\\/03\\\/historisk-aikidohelg-stundar\\\/\"},\"wordCount\":431,\"image\":{\"@id\":\"https:\\\/\\\/www.budokampsport.se\\\/2026\\\/09\\\/03\\\/historisk-aikidohelg-stundar\\\/#primaryimage\"},\"thumbnailUrl\":\"https:\\\/\\\/www.budokampsport.se\\\/wp-content\\\/uploads\\\/2025\\\/12\\\/Jonathan_Broberg_kronika.jpg\",\"articleSection\":[\"Aikido\",\"Kr\u00f6nika\"],\"inLanguage\":\"sv-SE\"},{\"@type\":\"WebPage\",\"@id\":\"https:\\\/\\\/www.budokampsport.se\\\/2026\\\/09\\\/03\\\/historisk-aikidohelg-stundar\\\/\",\"url\":\"https:\\\/\\\/www.budokampsport.se\\\/2026\\\/09\\\/03\\\/historisk-aikidohelg-stundar\\\/\",\"name\":\"Historisk aikidohelg stundar - Svenska Budo &amp; Kampsportsf\u00f6rbundet\",\"isPartOf\":{\"@id\":\"https:\\\/\\\/www.budokampsport.se\\\/#website\"},\"primaryImageOfPage\":{\"@id\":\"https:\\\/\\\/www.budokampsport.se\\\/2026\\\/09\\\/03\\\/historisk-aikidohelg-stundar\\\/#primaryimage\"},\"image\":{\"@id\":\"https:\\\/\\\/www.budokampsport.se\\\/2026\\\/09\\\/03\\\/historisk-aikidohelg-stundar\\\/#primaryimage\"},\"thumbnailUrl\":\"https:\\\/\\\/www.budokampsport.se\\\/wp-content\\\/uploads\\\/2025\\\/12\\\/Jonathan_Broberg_kronika.jpg\",\"datePublished\":\"2026-09-03T11:31:12+00:00\",\"dateModified\":\"2026-09-03T11:45:14+00:00\",\"author\":{\"@id\":\"https:\\\/\\\/www.budokampsport.se\\\/#\\\/schema\\\/person\\\/5c06d81d14850e2a8ce5493386560145\"},\"description\":\"JONATHAN BROBERG. Svensk aikido st\u00e5r inf\u00f6r n\u00e5gra historiska dagar n\u00e4r 65 \u00e5rs verksamhet ska firas.\",\"breadcrumb\":{\"@id\":\"https:\\\/\\\/www.budokampsport.se\\\/2026\\\/09\\\/03\\\/historisk-aikidohelg-stundar\\\/#breadcrumb\"},\"inLanguage\":\"sv-SE\",\"potentialAction\":[{\"@type\":\"ReadAction\",\"target\":[\"https:\\\/\\\/www.budokampsport.se\\\/2026\\\/09\\\/03\\\/historisk-aikidohelg-stundar\\\/\"]}]},{\"@type\":\"ImageObject\",\"inLanguage\":\"sv-SE\",\"@id\":\"https:\\\/\\\/www.budokampsport.se\\\/2026\\\/09\\\/03\\\/historisk-aikidohelg-stundar\\\/#primaryimage\",\"url\":\"https:\\\/\\\/www.budokampsport.se\\\/wp-content\\\/uploads\\\/2025\\\/12\\\/Jonathan_Broberg_kronika.jpg\",\"contentUrl\":\"https:\\\/\\\/www.budokampsport.se\\\/wp-content\\\/uploads\\\/2025\\\/12\\\/Jonathan_Broberg_kronika.jpg\",\"width\":850,\"height\":514,\"caption\":\"Foto: Matilda Ritz\u00e9n\"},{\"@type\":\"BreadcrumbList\",\"@id\":\"https:\\\/\\\/www.budokampsport.se\\\/2026\\\/09\\\/03\\\/historisk-aikidohelg-stundar\\\/#breadcrumb\",\"itemListElement\":[{\"@type\":\"ListItem\",\"position\":1,\"name\":\"Hem\",\"item\":\"https:\\\/\\\/www.budokampsport.se\\\/\"},{\"@type\":\"ListItem\",\"position\":2,\"name\":\"Historisk aikidohelg stundar\"}]},{\"@type\":\"WebSite\",\"@id\":\"https:\\\/\\\/www.budokampsport.se\\\/#website\",\"url\":\"https:\\\/\\\/www.budokampsport.se\\\/\",\"name\":\"Svenska Budo &amp; Kampsportsf\u00f6rbundet\",\"description\":\"T\u00e4vling, Tr\u00e4ning, Tradition\",\"potentialAction\":[{\"@type\":\"SearchAction\",\"target\":{\"@type\":\"EntryPoint\",\"urlTemplate\":\"https:\\\/\\\/www.budokampsport.se\\\/?s={search_term_string}\"},\"query-input\":{\"@type\":\"PropertyValueSpecification\",\"valueRequired\":true,\"valueName\":\"search_term_string\"}}],\"inLanguage\":\"sv-SE\"},{\"@type\":\"Person\",\"@id\":\"https:\\\/\\\/www.budokampsport.se\\\/#\\\/schema\\\/person\\\/5c06d81d14850e2a8ce5493386560145\",\"name\":\"Jonathan Broberg\",\"image\":{\"@type\":\"ImageObject\",\"inLanguage\":\"sv-SE\",\"@id\":\"https:\\\/\\\/secure.gravatar.com\\\/avatar\\\/0c9dd17fbea136f3aa7cf064bb950bb999d2063d5fe2b4c45753edb2aa4aea3e?s=96&d=blank&r=g\",\"url\":\"https:\\\/\\\/secure.gravatar.com\\\/avatar\\\/0c9dd17fbea136f3aa7cf064bb950bb999d2063d5fe2b4c45753edb2aa4aea3e?s=96&d=blank&r=g\",\"contentUrl\":\"https:\\\/\\\/secure.gravatar.com\\\/avatar\\\/0c9dd17fbea136f3aa7cf064bb950bb999d2063d5fe2b4c45753edb2aa4aea3e?s=96&d=blank&r=g\",\"caption\":\"Jonathan Broberg\"},\"sameAs\":[\"https:\\\/\\\/www.facebook.com\\\/jonathan.broberg.7\"],\"url\":\"https:\\\/\\\/www.budokampsport.se\\\/author\\\/jonathan\\\/\"}]}<\/script>\n<!-- \/ Yoast SEO plugin. -->","yoast_head_json":{"title":"Historisk aikidohelg stundar - Svenska Budo &amp; Kampsportsf\u00f6rbundet","description":"JONATHAN BROBERG. Svensk aikido st\u00e5r inf\u00f6r n\u00e5gra historiska dagar n\u00e4r 65 \u00e5rs verksamhet ska firas.","robots":{"index":"index","follow":"follow","max-snippet":"max-snippet:-1","max-image-preview":"max-image-preview:large","max-video-preview":"max-video-preview:-1"},"canonical":"https:\/\/www.budokampsport.se\/2026\/09\/03\/historisk-aikidohelg-stundar\/","og_locale":"sv_SE","og_type":"article","og_title":"Historisk aikidohelg stundar - Svenska Budo &amp; Kampsportsf\u00f6rbundet","og_description":"JONATHAN BROBERG. Svensk aikido st\u00e5r inf\u00f6r n\u00e5gra historiska dagar n\u00e4r 65 \u00e5rs verksamhet ska firas.","og_url":"https:\/\/www.budokampsport.se\/2026\/09\/03\/historisk-aikidohelg-stundar\/","og_site_name":"Svenska Budo &amp; Kampsportsf\u00f6rbundet","article_author":"https:\/\/www.facebook.com\/jonathan.broberg.7","article_published_time":"2026-09-03T11:31:12+00:00","article_modified_time":"2026-09-03T11:45:14+00:00","og_image":[{"width":850,"height":514,"url":"https:\/\/www.budokampsport.se\/wp-content\/uploads\/2025\/12\/Jonathan_Broberg_kronika.jpg","type":"image\/jpeg"}],"author":"Jonathan Broberg","twitter_card":"summary_large_image","twitter_misc":{"Skriven av":"Jonathan Broberg","Ber\u00e4knad l\u00e4stid":"3 minuter"},"schema":{"@context":"https:\/\/schema.org","@graph":[{"@type":"Article","@id":"https:\/\/www.budokampsport.se\/2026\/09\/03\/historisk-aikidohelg-stundar\/#article","isPartOf":{"@id":"https:\/\/www.budokampsport.se\/2026\/09\/03\/historisk-aikidohelg-stundar\/"},"author":{"name":"Jonathan Broberg","@id":"https:\/\/www.budokampsport.se\/#\/schema\/person\/5c06d81d14850e2a8ce5493386560145"},"headline":"Historisk aikidohelg stundar","datePublished":"2026-09-03T11:31:12+00:00","dateModified":"2026-09-03T11:45:14+00:00","mainEntityOfPage":{"@id":"https:\/\/www.budokampsport.se\/2026\/09\/03\/historisk-aikidohelg-stundar\/"},"wordCount":431,"image":{"@id":"https:\/\/www.budokampsport.se\/2026\/09\/03\/historisk-aikidohelg-stundar\/#primaryimage"},"thumbnailUrl":"https:\/\/www.budokampsport.se\/wp-content\/uploads\/2025\/12\/Jonathan_Broberg_kronika.jpg","articleSection":["Aikido","Kr\u00f6nika"],"inLanguage":"sv-SE"},{"@type":"WebPage","@id":"https:\/\/www.budokampsport.se\/2026\/09\/03\/historisk-aikidohelg-stundar\/","url":"https:\/\/www.budokampsport.se\/2026\/09\/03\/historisk-aikidohelg-stundar\/","name":"Historisk aikidohelg stundar - Svenska Budo &amp; Kampsportsf\u00f6rbundet","isPartOf":{"@id":"https:\/\/www.budokampsport.se\/#website"},"primaryImageOfPage":{"@id":"https:\/\/www.budokampsport.se\/2026\/09\/03\/historisk-aikidohelg-stundar\/#primaryimage"},"image":{"@id":"https:\/\/www.budokampsport.se\/2026\/09\/03\/historisk-aikidohelg-stundar\/#primaryimage"},"thumbnailUrl":"https:\/\/www.budokampsport.se\/wp-content\/uploads\/2025\/12\/Jonathan_Broberg_kronika.jpg","datePublished":"2026-09-03T11:31:12+00:00","dateModified":"2026-09-03T11:45:14+00:00","author":{"@id":"https:\/\/www.budokampsport.se\/#\/schema\/person\/5c06d81d14850e2a8ce5493386560145"},"description":"JONATHAN BROBERG. Svensk aikido st\u00e5r inf\u00f6r n\u00e5gra historiska dagar n\u00e4r 65 \u00e5rs verksamhet ska firas.","breadcrumb":{"@id":"https:\/\/www.budokampsport.se\/2026\/09\/03\/historisk-aikidohelg-stundar\/#breadcrumb"},"inLanguage":"sv-SE","potentialAction":[{"@type":"ReadAction","target":["https:\/\/www.budokampsport.se\/2026\/09\/03\/historisk-aikidohelg-stundar\/"]}]},{"@type":"ImageObject","inLanguage":"sv-SE","@id":"https:\/\/www.budokampsport.se\/2026\/09\/03\/historisk-aikidohelg-stundar\/#primaryimage","url":"https:\/\/www.budokampsport.se\/wp-content\/uploads\/2025\/12\/Jonathan_Broberg_kronika.jpg","contentUrl":"https:\/\/www.budokampsport.se\/wp-content\/uploads\/2025\/12\/Jonathan_Broberg_kronika.jpg","width":850,"height":514,"caption":"Foto: Matilda Ritz\u00e9n"},{"@type":"BreadcrumbList","@id":"https:\/\/www.budokampsport.se\/2026\/09\/03\/historisk-aikidohelg-stundar\/#breadcrumb","itemListElement":[{"@type":"ListItem","position":1,"name":"Hem","item":"https:\/\/www.budokampsport.se\/"},{"@type":"ListItem","position":2,"name":"Historisk aikidohelg stundar"}]},{"@type":"WebSite","@id":"https:\/\/www.budokampsport.se\/#website","url":"https:\/\/www.budokampsport.se\/","name":"Svenska Budo &amp; Kampsportsf\u00f6rbundet","description":"T\u00e4vling, Tr\u00e4ning, Tradition","potentialAction":[{"@type":"SearchAction","target":{"@type":"EntryPoint","urlTemplate":"https:\/\/www.budokampsport.se\/?s={search_term_string}"},"query-input":{"@type":"PropertyValueSpecification","valueRequired":true,"valueName":"search_term_string"}}],"inLanguage":"sv-SE"},{"@type":"Person","@id":"https:\/\/www.budokampsport.se\/#\/schema\/person\/5c06d81d14850e2a8ce5493386560145","name":"Jonathan Broberg","image":{"@type":"ImageObject","inLanguage":"sv-SE","@id":"https:\/\/secure.gravatar.com\/avatar\/0c9dd17fbea136f3aa7cf064bb950bb999d2063d5fe2b4c45753edb2aa4aea3e?s=96&d=blank&r=g","url":"https:\/\/secure.gravatar.com\/avatar\/0c9dd17fbea136f3aa7cf064bb950bb999d2063d5fe2b4c45753edb2aa4aea3e?s=96&d=blank&r=g","contentUrl":"https:\/\/secure.gravatar.com\/avatar\/0c9dd17fbea136f3aa7cf064bb950bb999d2063d5fe2b4c45753edb2aa4aea3e?s=96&d=blank&r=g","caption":"Jonathan Broberg"},"sameAs":["https:\/\/www.facebook.com\/jonathan.broberg.7"],"url":"https:\/\/www.budokampsport.se\/author\/jonathan\/"}]}},"_links":{"self":[{"href":"https:\/\/www.budokampsport.se\/api\/wp\/v2\/posts\/193881","targetHints":{"allow":["GET"]}}],"collection":[{"href":"https:\/\/www.budokampsport.se\/api\/wp\/v2\/posts"}],"about":[{"href":"https:\/\/www.budokampsport.se\/api\/wp\/v2\/types\/post"}],"author":[{"embeddable":true,"href":"https:\/\/www.budokampsport.se\/api\/wp\/v2\/users\/7"}],"replies":[{"embeddable":true,"href":"https:\/\/www.budokampsport.se\/api\/wp\/v2\/comments?post=193881"}],"version-history":[{"count":0,"href":"https:\/\/www.budokampsport.se\/api\/wp\/v2\/posts\/193881\/revisions"}],"wp:featuredmedia":[{"embeddable":true,"href":"https:\/\/www.budokampsport.se\/api\/wp\/v2\/media\/186905"}],"wp:attachment":[{"href":"https:\/\/www.budokampsport.se\/api\/wp\/v2\/media?parent=193881"}],"wp:term":[{"taxonomy":"category","embeddable":true,"href":"https:\/\/www.budokampsport.se\/api\/wp\/v2\/categories?post=193881"},{"taxonomy":"post_tag","embeddable":true,"href":"https:\/\/www.budokampsport.se\/api\/wp\/v2\/tags?post=193881"}],"curies":[{"name":"wp","href":"https:\/\/api.w.org\/{rel}","templated":true}]}}