{"id":2921,"date":"2010-01-26T15:00:42","date_gmt":"2010-01-26T14:00:42","guid":{"rendered":"http:\/\/budo.wordpress.dev\/2010\/01\/26\/george-scott-klar-for-kampsportsgalan\/"},"modified":"2016-12-06T22:34:08","modified_gmt":"2016-12-06T21:34:08","slug":"george-scott-klar-for-kampsportsgalan","status":"publish","type":"post","link":"https:\/\/www.budokampsport.se\/2010\/01\/26\/george-scott-klar-for-kampsportsgalan\/","title":{"rendered":"George Scott klar f\u00f6r Kampsportsgalan"},"content":{"rendered":"<p><strong><img loading=\"lazy\" decoding=\"async\" src=\"\/sites\/default\/files\/georgescott.jpg\" alt=\"\" width=\"430\" align=\"middle\" height=\"287\"><br \/>En levande legend kommer till Kampsportsgalan den 20:e mars. Den forne v\u00e4rldsm\u00e4staren i boxning George Scott kommer att dela ut ett av priserna p\u00e5 galan.<br \/>\u00a0\u00a0 &#8211; Det \u00e4r ett fantastiskt initiativ. Kampsport har levt i det dolda alldeles f\u00f6r l\u00e4nge, s\u00e4ger han.<br \/><\/strong><!--break--><br \/>Den 20:e mars h\u00e5lls f\u00f6r f\u00f6rsta g\u00e5ngen Kampsportsgalan. En gala d\u00e4r \u00e5rets b\u00e4sta prestationer inom budo och kampsport ska prisas. Galan, som ocks\u00e5 \u00e4r en del i att Svenska Budo &#038; Kampsportsf\u00f6rbundet firar 50 \u00e5r, kommer att h\u00e5llas p\u00e5 Clarion Hotel Sign vid Norra Bantorget.<\/p>\n<p>Det \u00e4r nu klart att den forne v\u00e4rldsm\u00e4staren i boxning George Scott blir en del av galan. George kommer att vara prisutdelare av kategorin \u201d\u00e5rets kampsportare\u201d.<br \/>\u00a0\u00a0\u00a0 &#8211; Galan fyller i mina \u00f6gon en j\u00e4tteviktig funktion. N\u00e4r jag fick pris som \u00e5rets boxare, jag menar, det var det som br\u00f6t isen f\u00f6r mig. Det var det som fick mig att k\u00e4nna mig sedd och uppskattad.<\/p>\n<p><strong>&#8220;Kampsportarnas s\u00e4tt synas&#8221;<\/strong><br \/>Kampsportsgalan arrangeras av Svenska Budo &#038; Kampsportsf\u00f6rbundet, Nyheter24 och Fighter Magazine. Vad galan har f\u00f6r betydelse p\u00e5 sikt f\u00f6r kampsport har George klart f\u00f6r sig.<br \/>\u00a0\u00a0 &#8211; Som idrottare \u00e4r det alltid viktigt att man f\u00e5r bekr\u00e4ftelse. Jag upplever att kampsport ofta f\u00e5r st\u00e5 tillbaka f\u00f6r andra idrotter. Den h\u00e4r galan blir kampsportarnas s\u00e4tt att synas och f\u00e5 uppskattning f\u00f6r allt slit som lett fram till framg\u00e5ngar.<\/p>\n<p>F\u00f6r George Scott var det aldrig n\u00e5gon tvekan om varf\u00f6r han vill st\u00e4lla upp och dela ut pris p\u00e5 Kampsportsgalan.<br \/>\u00a0\u00a0 &#8211; Jag \u00e4r ju sj\u00e4lv kampsportare. Jag vet vad det inneb\u00e4r att f\u00e5 en positiv push. Det \u00e4r dessutom ett bra s\u00e4tt att st\u00e4rka banden inom denna v\u00e4rld. Det h\u00e4r \u00e4r ett s\u00e4tt f\u00f6r mig att ge tillbaka n\u00e5got till det som betytt kanske mest av allt.<\/p>\n<p>Svenska Budo &#038; Kampsportsf\u00f6rbundets ordf\u00f6rande Stefan Stenudd \u00e4r naturligtvis n\u00f6jd \u00f6ver att George Scott valt att vara en prisutdelare p\u00e5 galan.<br \/>\u00a0\u00a0 &#8211; Jag \u00e4r v\u00e4ldigt glad \u00f6ver att George valt att vara med p\u00e5 galan. Han \u00e4r en framst\u00e5ende idrottare och en mycket god representant f\u00f6r kampsportsfamiljen.<br \/>\u00a0<\/p>\n<p><a href=\"http:\/\/www.kampsportsgalan2010.se\/\">Allt om Kampsportsgalan.<\/a><\/p>\n<p>Text och foto: Jonathan Broberg<\/p>\n","protected":false},"excerpt":{"rendered":"<p><strong><img loading=\"lazy\" decoding=\"async\" src=\"\/sites\/default\/files\/georgescott.jpg\" alt=\"\" width=\"430\" align=\"middle\" height=\"287\"><br \/>En levande legend kommer till Kampsportsgalan den 20:e mars. Den forne v\u00e4rldsm\u00e4staren i boxning George Scott kommer att dela ut ett av priserna p\u00e5 galan.<br \/>\u00a0\u00a0 &#8211; Det \u00e4r ett fantastiskt initiativ. Kampsport har levt i det dolda alldeles f\u00f6r l\u00e4nge, s\u00e4ger han.<br \/><\/strong><\/p><br>","protected":false},"author":7,"featured_media":0,"comment_status":"closed","ping_status":"closed","sticky":false,"template":"","format":"standard","meta":{"_acf_changed":false,"footnotes":""},"categories":[1],"tags":[],"class_list":["post-2921","post","type-post","status-publish","format-standard","hentry","category-okategoriserade"],"acf":[],"yoast_head":"<!-- This site is optimized with the Yoast SEO plugin v26.8 - https:\/\/yoast.com\/product\/yoast-seo-wordpress\/ -->\n<title>George Scott klar f\u00f6r Kampsportsgalan - Svenska Budo &amp; Kampsportsf\u00f6rbundet<\/title>\n<meta name=\"description\" content=\"En levande legend kommer till Kampsportsgalan den 20:e mars. Den forne v\u00e4rldsm\u00e4staren i boxning George Scott kommer att dela ut ett av priserna p\u00e5 galan.\u00a0\u00a0 - Det \u00e4r ett fantastiskt initiativ. Kampsport har levt i det dolda alldeles f\u00f6r l\u00e4nge, s\u00e4ger han.\" \/>\n<meta name=\"robots\" content=\"index, follow, max-snippet:-1, max-image-preview:large, max-video-preview:-1\" \/>\n<link rel=\"canonical\" href=\"https:\/\/www.budokampsport.se\/2010\/01\/26\/george-scott-klar-for-kampsportsgalan\/\" \/>\n<meta property=\"og:locale\" content=\"sv_SE\" \/>\n<meta property=\"og:type\" content=\"article\" \/>\n<meta property=\"og:title\" content=\"George Scott klar f\u00f6r Kampsportsgalan - Svenska Budo &amp; Kampsportsf\u00f6rbundet\" \/>\n<meta property=\"og:description\" content=\"En levande legend kommer till Kampsportsgalan den 20:e mars. Den forne v\u00e4rldsm\u00e4staren i boxning George Scott kommer att dela ut ett av priserna p\u00e5 galan.\u00a0\u00a0 - Det \u00e4r ett fantastiskt initiativ. Kampsport har levt i det dolda alldeles f\u00f6r l\u00e4nge, s\u00e4ger han.\" \/>\n<meta property=\"og:url\" content=\"https:\/\/www.budokampsport.se\/2010\/01\/26\/george-scott-klar-for-kampsportsgalan\/\" \/>\n<meta property=\"og:site_name\" content=\"Svenska Budo &amp; Kampsportsf\u00f6rbundet\" \/>\n<meta property=\"article:author\" content=\"https:\/\/www.facebook.com\/jonathan.broberg.7\" \/>\n<meta property=\"article:published_time\" content=\"2010-01-26T14:00:42+00:00\" \/>\n<meta property=\"article:modified_time\" content=\"2016-12-06T21:34:08+00:00\" \/>\n<meta name=\"author\" content=\"Jonathan Broberg\" \/>\n<meta name=\"twitter:card\" content=\"summary_large_image\" \/>\n<meta name=\"twitter:label1\" content=\"Skriven av\" \/>\n\t<meta name=\"twitter:data1\" content=\"Jonathan Broberg\" \/>\n\t<meta name=\"twitter:label2\" content=\"Ber\u00e4knad l\u00e4stid\" \/>\n\t<meta name=\"twitter:data2\" content=\"2 minuter\" \/>\n<script type=\"application\/ld+json\" class=\"yoast-schema-graph\">{\"@context\":\"https:\/\/schema.org\",\"@graph\":[{\"@type\":\"Article\",\"@id\":\"https:\/\/www.budokampsport.se\/2010\/01\/26\/george-scott-klar-for-kampsportsgalan\/#article\",\"isPartOf\":{\"@id\":\"https:\/\/www.budokampsport.se\/2010\/01\/26\/george-scott-klar-for-kampsportsgalan\/\"},\"author\":{\"name\":\"Jonathan Broberg\",\"@id\":\"https:\/\/www.budokampsport.se\/#\/schema\/person\/5c06d81d14850e2a8ce5493386560145\"},\"headline\":\"George Scott klar f\u00f6r Kampsportsgalan\",\"datePublished\":\"2010-01-26T14:00:42+00:00\",\"dateModified\":\"2016-12-06T21:34:08+00:00\",\"mainEntityOfPage\":{\"@id\":\"https:\/\/www.budokampsport.se\/2010\/01\/26\/george-scott-klar-for-kampsportsgalan\/\"},\"wordCount\":396,\"inLanguage\":\"sv-SE\"},{\"@type\":\"WebPage\",\"@id\":\"https:\/\/www.budokampsport.se\/2010\/01\/26\/george-scott-klar-for-kampsportsgalan\/\",\"url\":\"https:\/\/www.budokampsport.se\/2010\/01\/26\/george-scott-klar-for-kampsportsgalan\/\",\"name\":\"George Scott klar f\u00f6r Kampsportsgalan - Svenska Budo &amp; Kampsportsf\u00f6rbundet\",\"isPartOf\":{\"@id\":\"https:\/\/www.budokampsport.se\/#website\"},\"datePublished\":\"2010-01-26T14:00:42+00:00\",\"dateModified\":\"2016-12-06T21:34:08+00:00\",\"author\":{\"@id\":\"https:\/\/www.budokampsport.se\/#\/schema\/person\/5c06d81d14850e2a8ce5493386560145\"},\"description\":\"En levande legend kommer till Kampsportsgalan den 20:e mars. Den forne v\u00e4rldsm\u00e4staren i boxning George Scott kommer att dela ut ett av priserna p\u00e5 galan.\u00a0\u00a0 - Det \u00e4r ett fantastiskt initiativ. Kampsport har levt i det dolda alldeles f\u00f6r l\u00e4nge, s\u00e4ger han.\",\"breadcrumb\":{\"@id\":\"https:\/\/www.budokampsport.se\/2010\/01\/26\/george-scott-klar-for-kampsportsgalan\/#breadcrumb\"},\"inLanguage\":\"sv-SE\",\"potentialAction\":[{\"@type\":\"ReadAction\",\"target\":[\"https:\/\/www.budokampsport.se\/2010\/01\/26\/george-scott-klar-for-kampsportsgalan\/\"]}]},{\"@type\":\"BreadcrumbList\",\"@id\":\"https:\/\/www.budokampsport.se\/2010\/01\/26\/george-scott-klar-for-kampsportsgalan\/#breadcrumb\",\"itemListElement\":[{\"@type\":\"ListItem\",\"position\":1,\"name\":\"Hem\",\"item\":\"https:\/\/www.budokampsport.se\/\"},{\"@type\":\"ListItem\",\"position\":2,\"name\":\"George Scott klar f\u00f6r Kampsportsgalan\"}]},{\"@type\":\"WebSite\",\"@id\":\"https:\/\/www.budokampsport.se\/#website\",\"url\":\"https:\/\/www.budokampsport.se\/\",\"name\":\"Svenska Budo &amp; Kampsportsf\u00f6rbundet\",\"description\":\"T\u00e4vling, Tr\u00e4ning, Tradition\",\"potentialAction\":[{\"@type\":\"SearchAction\",\"target\":{\"@type\":\"EntryPoint\",\"urlTemplate\":\"https:\/\/www.budokampsport.se\/?s={search_term_string}\"},\"query-input\":{\"@type\":\"PropertyValueSpecification\",\"valueRequired\":true,\"valueName\":\"search_term_string\"}}],\"inLanguage\":\"sv-SE\"},{\"@type\":\"Person\",\"@id\":\"https:\/\/www.budokampsport.se\/#\/schema\/person\/5c06d81d14850e2a8ce5493386560145\",\"name\":\"Jonathan Broberg\",\"image\":{\"@type\":\"ImageObject\",\"inLanguage\":\"sv-SE\",\"@id\":\"https:\/\/www.budokampsport.se\/#\/schema\/person\/image\/\",\"url\":\"https:\/\/secure.gravatar.com\/avatar\/a58041c6cea9128bd9c40ee2f26d4136?s=96&d=blank&r=g\",\"contentUrl\":\"https:\/\/secure.gravatar.com\/avatar\/a58041c6cea9128bd9c40ee2f26d4136?s=96&d=blank&r=g\",\"caption\":\"Jonathan Broberg\"},\"sameAs\":[\"https:\/\/www.facebook.com\/jonathan.broberg.7\"],\"url\":\"https:\/\/www.budokampsport.se\/author\/jonathan\/\"}]}<\/script>\n<!-- \/ Yoast SEO plugin. -->","yoast_head_json":{"title":"George Scott klar f\u00f6r Kampsportsgalan - Svenska Budo &amp; Kampsportsf\u00f6rbundet","description":"En levande legend kommer till Kampsportsgalan den 20:e mars. Den forne v\u00e4rldsm\u00e4staren i boxning George Scott kommer att dela ut ett av priserna p\u00e5 galan.\u00a0\u00a0 - Det \u00e4r ett fantastiskt initiativ. Kampsport har levt i det dolda alldeles f\u00f6r l\u00e4nge, s\u00e4ger han.","robots":{"index":"index","follow":"follow","max-snippet":"max-snippet:-1","max-image-preview":"max-image-preview:large","max-video-preview":"max-video-preview:-1"},"canonical":"https:\/\/www.budokampsport.se\/2010\/01\/26\/george-scott-klar-for-kampsportsgalan\/","og_locale":"sv_SE","og_type":"article","og_title":"George Scott klar f\u00f6r Kampsportsgalan - Svenska Budo &amp; Kampsportsf\u00f6rbundet","og_description":"En levande legend kommer till Kampsportsgalan den 20:e mars. Den forne v\u00e4rldsm\u00e4staren i boxning George Scott kommer att dela ut ett av priserna p\u00e5 galan.\u00a0\u00a0 - Det \u00e4r ett fantastiskt initiativ. Kampsport har levt i det dolda alldeles f\u00f6r l\u00e4nge, s\u00e4ger han.","og_url":"https:\/\/www.budokampsport.se\/2010\/01\/26\/george-scott-klar-for-kampsportsgalan\/","og_site_name":"Svenska Budo &amp; Kampsportsf\u00f6rbundet","article_author":"https:\/\/www.facebook.com\/jonathan.broberg.7","article_published_time":"2010-01-26T14:00:42+00:00","article_modified_time":"2016-12-06T21:34:08+00:00","author":"Jonathan Broberg","twitter_card":"summary_large_image","twitter_misc":{"Skriven av":"Jonathan Broberg","Ber\u00e4knad l\u00e4stid":"2 minuter"},"schema":{"@context":"https:\/\/schema.org","@graph":[{"@type":"Article","@id":"https:\/\/www.budokampsport.se\/2010\/01\/26\/george-scott-klar-for-kampsportsgalan\/#article","isPartOf":{"@id":"https:\/\/www.budokampsport.se\/2010\/01\/26\/george-scott-klar-for-kampsportsgalan\/"},"author":{"name":"Jonathan Broberg","@id":"https:\/\/www.budokampsport.se\/#\/schema\/person\/5c06d81d14850e2a8ce5493386560145"},"headline":"George Scott klar f\u00f6r Kampsportsgalan","datePublished":"2010-01-26T14:00:42+00:00","dateModified":"2016-12-06T21:34:08+00:00","mainEntityOfPage":{"@id":"https:\/\/www.budokampsport.se\/2010\/01\/26\/george-scott-klar-for-kampsportsgalan\/"},"wordCount":396,"inLanguage":"sv-SE"},{"@type":"WebPage","@id":"https:\/\/www.budokampsport.se\/2010\/01\/26\/george-scott-klar-for-kampsportsgalan\/","url":"https:\/\/www.budokampsport.se\/2010\/01\/26\/george-scott-klar-for-kampsportsgalan\/","name":"George Scott klar f\u00f6r Kampsportsgalan - Svenska Budo &amp; Kampsportsf\u00f6rbundet","isPartOf":{"@id":"https:\/\/www.budokampsport.se\/#website"},"datePublished":"2010-01-26T14:00:42+00:00","dateModified":"2016-12-06T21:34:08+00:00","author":{"@id":"https:\/\/www.budokampsport.se\/#\/schema\/person\/5c06d81d14850e2a8ce5493386560145"},"description":"En levande legend kommer till Kampsportsgalan den 20:e mars. Den forne v\u00e4rldsm\u00e4staren i boxning George Scott kommer att dela ut ett av priserna p\u00e5 galan.\u00a0\u00a0 - Det \u00e4r ett fantastiskt initiativ. Kampsport har levt i det dolda alldeles f\u00f6r l\u00e4nge, s\u00e4ger han.","breadcrumb":{"@id":"https:\/\/www.budokampsport.se\/2010\/01\/26\/george-scott-klar-for-kampsportsgalan\/#breadcrumb"},"inLanguage":"sv-SE","potentialAction":[{"@type":"ReadAction","target":["https:\/\/www.budokampsport.se\/2010\/01\/26\/george-scott-klar-for-kampsportsgalan\/"]}]},{"@type":"BreadcrumbList","@id":"https:\/\/www.budokampsport.se\/2010\/01\/26\/george-scott-klar-for-kampsportsgalan\/#breadcrumb","itemListElement":[{"@type":"ListItem","position":1,"name":"Hem","item":"https:\/\/www.budokampsport.se\/"},{"@type":"ListItem","position":2,"name":"George Scott klar f\u00f6r Kampsportsgalan"}]},{"@type":"WebSite","@id":"https:\/\/www.budokampsport.se\/#website","url":"https:\/\/www.budokampsport.se\/","name":"Svenska Budo &amp; Kampsportsf\u00f6rbundet","description":"T\u00e4vling, Tr\u00e4ning, Tradition","potentialAction":[{"@type":"SearchAction","target":{"@type":"EntryPoint","urlTemplate":"https:\/\/www.budokampsport.se\/?s={search_term_string}"},"query-input":{"@type":"PropertyValueSpecification","valueRequired":true,"valueName":"search_term_string"}}],"inLanguage":"sv-SE"},{"@type":"Person","@id":"https:\/\/www.budokampsport.se\/#\/schema\/person\/5c06d81d14850e2a8ce5493386560145","name":"Jonathan Broberg","image":{"@type":"ImageObject","inLanguage":"sv-SE","@id":"https:\/\/www.budokampsport.se\/#\/schema\/person\/image\/","url":"https:\/\/secure.gravatar.com\/avatar\/a58041c6cea9128bd9c40ee2f26d4136?s=96&d=blank&r=g","contentUrl":"https:\/\/secure.gravatar.com\/avatar\/a58041c6cea9128bd9c40ee2f26d4136?s=96&d=blank&r=g","caption":"Jonathan Broberg"},"sameAs":["https:\/\/www.facebook.com\/jonathan.broberg.7"],"url":"https:\/\/www.budokampsport.se\/author\/jonathan\/"}]}},"_links":{"self":[{"href":"https:\/\/www.budokampsport.se\/api\/wp\/v2\/posts\/2921","targetHints":{"allow":["GET"]}}],"collection":[{"href":"https:\/\/www.budokampsport.se\/api\/wp\/v2\/posts"}],"about":[{"href":"https:\/\/www.budokampsport.se\/api\/wp\/v2\/types\/post"}],"author":[{"embeddable":true,"href":"https:\/\/www.budokampsport.se\/api\/wp\/v2\/users\/7"}],"replies":[{"embeddable":true,"href":"https:\/\/www.budokampsport.se\/api\/wp\/v2\/comments?post=2921"}],"version-history":[{"count":0,"href":"https:\/\/www.budokampsport.se\/api\/wp\/v2\/posts\/2921\/revisions"}],"wp:attachment":[{"href":"https:\/\/www.budokampsport.se\/api\/wp\/v2\/media?parent=2921"}],"wp:term":[{"taxonomy":"category","embeddable":true,"href":"https:\/\/www.budokampsport.se\/api\/wp\/v2\/categories?post=2921"},{"taxonomy":"post_tag","embeddable":true,"href":"https:\/\/www.budokampsport.se\/api\/wp\/v2\/tags?post=2921"}],"curies":[{"name":"wp","href":"https:\/\/api.w.org\/{rel}","templated":true}]}}