{"id":2946,"date":"2009-05-19T08:00:00","date_gmt":"2009-05-19T06:00:00","guid":{"rendered":"http:\/\/budo.wordpress.dev\/2009\/05\/19\/vi-vill-dra-upp-kickboxningen-ur-kallaren\/"},"modified":"2016-12-02T07:26:33","modified_gmt":"2016-12-02T06:26:33","slug":"vi-vill-dra-upp-kickboxningen-ur-kallaren","status":"publish","type":"post","link":"https:\/\/www.budokampsport.se\/2009\/05\/19\/vi-vill-dra-upp-kickboxningen-ur-kallaren\/","title":{"rendered":"&#8220;Vi vill dra upp kickboxningen ur k\u00e4llaren\u201d"},"content":{"rendered":"<p><strong><span class=\"ingress\">En enda ring, nersl\u00e4ckt ljus och inmarsch till musik \u00e4r viktiga best\u00e5ndsdelar i en kampsportsgala. Det tar arrang\u00f6rerna av SM i kickboxning fasta p\u00e5 n\u00e4r t\u00e4vlingen brakar loss p\u00e5 l\u00f6rdag. Och f\u00f6rhoppningen \u00e4r att lyfta fram idrotten och fylla hallen. <\/span><\/strong><\/p>\n<p> <span class=\"brodtext\">V\u00e5rens intensiva t\u00e4vlingss\u00e4song forts\u00e4tter. Till helgen \u00e4r det dags f\u00f6r kickboxnings-sveriges elit att drabba samman i Idrottshusets st\u00f6rsta hall i J\u00f6nk\u00f6ping. <br \/> \u00a0\u00a0\u00a0\u00a0&#8211; Det blir mer fullkontakt i \u00e5r, speciellt low kicks, ber\u00e4ttar Michael Bergh som \u00e4r en av arrang\u00f6rena. Det beror nog p\u00e5 att det har blivit fler fullkontaktscuper i Sverige den senaste tiden. <br \/> \u00a0\u00a0\u00a0\u00a0I oktober och november \u00e4r det VM i kickboxningens olika grenar och de sista arbetet med uttagningarna till den svenska VM-truppen g\u00f6rs i samband med SM. Det borde kunna motivera en och annan av SM-deltagarna att g\u00f6ra sitt yttersta och ge en t\u00e4vling med nerv och gl\u00f6d. <br \/> \u00a0\u00a0\u00a0\u00a0Arrang\u00f6rerna har ocks\u00e5 andra planer f\u00f6r att g\u00f6ra SM till en attraktiv t\u00e4vling.<br \/> \u00a0\u00a0\u00a0\u00a0&#8211; Finalerna kommer att g\u00e5 som galor eftersom det \u00e4r det som lockar folk, s\u00e4ger Michael Bergh. Vi f\u00f6rs\u00f6ker pusha f\u00f6r idrotten och dra upp den ur k\u00e4llaren.<br \/> \u00a0\u00a0\u00a0\u00a0Ungef\u00e4r kl. 15 blir det lightcontaktsfinaler och d\u00e5 efterstr\u00e4var arrang\u00f6rerna mer galak\u00e4nsla. Kl 17 \u00e4r det t\u00e4nkt att fullkontaktsfinalerna ska g\u00e5 och d\u00e5 blir det \u00e4nnu mer gala med en enda ring, nersl\u00e4ckt ljus och inmarsch till musik. F\u00f6rhoppningen \u00e4r att visa upp kickboxningen &#8211; och helst fylla hallen.<\/span><\/p>\n<p>Foto: Michaela Thun Lindenblad<\/p>\n","protected":false},"excerpt":{"rendered":"<p>En enda ring, nersl\u00e4ckt ljus och inmarsch till musik \u00e4r [&#8230;]<\/p><br>","protected":false},"author":1,"featured_media":0,"comment_status":"closed","ping_status":"closed","sticky":false,"template":"","format":"standard","meta":{"_acf_changed":false,"footnotes":""},"categories":[1],"tags":[],"class_list":["post-2946","post","type-post","status-publish","format-standard","hentry","category-okategoriserade"],"acf":[],"yoast_head":"<!-- This site is optimized with the Yoast SEO plugin v26.8 - https:\/\/yoast.com\/product\/yoast-seo-wordpress\/ -->\n<title>&quot;Vi vill dra upp kickboxningen ur k\u00e4llaren\u201d - Svenska Budo &amp; Kampsportsf\u00f6rbundet<\/title>\n<meta name=\"description\" content=\"En enda ring, nersl\u00e4ckt ljus och inmarsch till musik \u00e4r viktiga best\u00e5ndsdelar i en kampsportsgala. Det tar arrang\u00f6rerna av SM i kickboxning fasta p\u00e5 n\u00e4r\" \/>\n<meta name=\"robots\" content=\"index, follow, max-snippet:-1, max-image-preview:large, max-video-preview:-1\" \/>\n<link rel=\"canonical\" href=\"https:\/\/www.budokampsport.se\/2009\/05\/19\/vi-vill-dra-upp-kickboxningen-ur-kallaren\/\" \/>\n<meta property=\"og:locale\" content=\"sv_SE\" \/>\n<meta property=\"og:type\" content=\"article\" \/>\n<meta property=\"og:title\" content=\"&quot;Vi vill dra upp kickboxningen ur k\u00e4llaren\u201d - Svenska Budo &amp; Kampsportsf\u00f6rbundet\" \/>\n<meta property=\"og:description\" content=\"En enda ring, nersl\u00e4ckt ljus och inmarsch till musik \u00e4r viktiga best\u00e5ndsdelar i en kampsportsgala. Det tar arrang\u00f6rerna av SM i kickboxning fasta p\u00e5 n\u00e4r\" \/>\n<meta property=\"og:url\" content=\"https:\/\/www.budokampsport.se\/2009\/05\/19\/vi-vill-dra-upp-kickboxningen-ur-kallaren\/\" \/>\n<meta property=\"og:site_name\" content=\"Svenska Budo &amp; Kampsportsf\u00f6rbundet\" \/>\n<meta property=\"article:published_time\" content=\"2009-05-19T06:00:00+00:00\" \/>\n<meta property=\"article:modified_time\" content=\"2016-12-02T06:26:33+00:00\" \/>\n<meta name=\"author\" content=\"Tony Svensson\" \/>\n<meta name=\"twitter:card\" content=\"summary_large_image\" \/>\n<meta name=\"twitter:label1\" content=\"Skriven av\" \/>\n\t<meta name=\"twitter:data1\" content=\"Tony Svensson\" \/>\n\t<meta name=\"twitter:label2\" content=\"Ber\u00e4knad l\u00e4stid\" \/>\n\t<meta name=\"twitter:data2\" content=\"1 minut\" \/>\n<script type=\"application\/ld+json\" class=\"yoast-schema-graph\">{\"@context\":\"https:\/\/schema.org\",\"@graph\":[{\"@type\":\"Article\",\"@id\":\"https:\/\/www.budokampsport.se\/2009\/05\/19\/vi-vill-dra-upp-kickboxningen-ur-kallaren\/#article\",\"isPartOf\":{\"@id\":\"https:\/\/www.budokampsport.se\/2009\/05\/19\/vi-vill-dra-upp-kickboxningen-ur-kallaren\/\"},\"author\":{\"name\":\"Tony Svensson\",\"@id\":\"https:\/\/www.budokampsport.se\/#\/schema\/person\/fa63fbbb0d79141e613a4ec1e6866e5e\"},\"headline\":\"&#8220;Vi vill dra upp kickboxningen ur k\u00e4llaren\u201d\",\"datePublished\":\"2009-05-19T06:00:00+00:00\",\"dateModified\":\"2016-12-02T06:26:33+00:00\",\"mainEntityOfPage\":{\"@id\":\"https:\/\/www.budokampsport.se\/2009\/05\/19\/vi-vill-dra-upp-kickboxningen-ur-kallaren\/\"},\"wordCount\":278,\"inLanguage\":\"sv-SE\"},{\"@type\":\"WebPage\",\"@id\":\"https:\/\/www.budokampsport.se\/2009\/05\/19\/vi-vill-dra-upp-kickboxningen-ur-kallaren\/\",\"url\":\"https:\/\/www.budokampsport.se\/2009\/05\/19\/vi-vill-dra-upp-kickboxningen-ur-kallaren\/\",\"name\":\"\\\"Vi vill dra upp kickboxningen ur k\u00e4llaren\u201d - Svenska Budo &amp; Kampsportsf\u00f6rbundet\",\"isPartOf\":{\"@id\":\"https:\/\/www.budokampsport.se\/#website\"},\"datePublished\":\"2009-05-19T06:00:00+00:00\",\"dateModified\":\"2016-12-02T06:26:33+00:00\",\"author\":{\"@id\":\"https:\/\/www.budokampsport.se\/#\/schema\/person\/fa63fbbb0d79141e613a4ec1e6866e5e\"},\"description\":\"En enda ring, nersl\u00e4ckt ljus och inmarsch till musik \u00e4r viktiga best\u00e5ndsdelar i en kampsportsgala. Det tar arrang\u00f6rerna av SM i kickboxning fasta p\u00e5 n\u00e4r\",\"breadcrumb\":{\"@id\":\"https:\/\/www.budokampsport.se\/2009\/05\/19\/vi-vill-dra-upp-kickboxningen-ur-kallaren\/#breadcrumb\"},\"inLanguage\":\"sv-SE\",\"potentialAction\":[{\"@type\":\"ReadAction\",\"target\":[\"https:\/\/www.budokampsport.se\/2009\/05\/19\/vi-vill-dra-upp-kickboxningen-ur-kallaren\/\"]}]},{\"@type\":\"BreadcrumbList\",\"@id\":\"https:\/\/www.budokampsport.se\/2009\/05\/19\/vi-vill-dra-upp-kickboxningen-ur-kallaren\/#breadcrumb\",\"itemListElement\":[{\"@type\":\"ListItem\",\"position\":1,\"name\":\"Hem\",\"item\":\"https:\/\/www.budokampsport.se\/\"},{\"@type\":\"ListItem\",\"position\":2,\"name\":\"&#8220;Vi vill dra upp kickboxningen ur k\u00e4llaren\u201d\"}]},{\"@type\":\"WebSite\",\"@id\":\"https:\/\/www.budokampsport.se\/#website\",\"url\":\"https:\/\/www.budokampsport.se\/\",\"name\":\"Svenska Budo &amp; Kampsportsf\u00f6rbundet\",\"description\":\"T\u00e4vling, Tr\u00e4ning, Tradition\",\"potentialAction\":[{\"@type\":\"SearchAction\",\"target\":{\"@type\":\"EntryPoint\",\"urlTemplate\":\"https:\/\/www.budokampsport.se\/?s={search_term_string}\"},\"query-input\":{\"@type\":\"PropertyValueSpecification\",\"valueRequired\":true,\"valueName\":\"search_term_string\"}}],\"inLanguage\":\"sv-SE\"},{\"@type\":\"Person\",\"@id\":\"https:\/\/www.budokampsport.se\/#\/schema\/person\/fa63fbbb0d79141e613a4ec1e6866e5e\",\"name\":\"Tony Svensson\",\"image\":{\"@type\":\"ImageObject\",\"inLanguage\":\"sv-SE\",\"@id\":\"https:\/\/www.budokampsport.se\/#\/schema\/person\/image\/\",\"url\":\"https:\/\/secure.gravatar.com\/avatar\/7bc374e22b288be285d5a3938a1e7522?s=96&d=blank&r=g\",\"contentUrl\":\"https:\/\/secure.gravatar.com\/avatar\/7bc374e22b288be285d5a3938a1e7522?s=96&d=blank&r=g\",\"caption\":\"Tony Svensson\"},\"url\":\"https:\/\/www.budokampsport.se\/author\/sbk\/\"}]}<\/script>\n<!-- \/ Yoast SEO plugin. -->","yoast_head_json":{"title":"\"Vi vill dra upp kickboxningen ur k\u00e4llaren\u201d - Svenska Budo &amp; Kampsportsf\u00f6rbundet","description":"En enda ring, nersl\u00e4ckt ljus och inmarsch till musik \u00e4r viktiga best\u00e5ndsdelar i en kampsportsgala. Det tar arrang\u00f6rerna av SM i kickboxning fasta p\u00e5 n\u00e4r","robots":{"index":"index","follow":"follow","max-snippet":"max-snippet:-1","max-image-preview":"max-image-preview:large","max-video-preview":"max-video-preview:-1"},"canonical":"https:\/\/www.budokampsport.se\/2009\/05\/19\/vi-vill-dra-upp-kickboxningen-ur-kallaren\/","og_locale":"sv_SE","og_type":"article","og_title":"\"Vi vill dra upp kickboxningen ur k\u00e4llaren\u201d - Svenska Budo &amp; Kampsportsf\u00f6rbundet","og_description":"En enda ring, nersl\u00e4ckt ljus och inmarsch till musik \u00e4r viktiga best\u00e5ndsdelar i en kampsportsgala. Det tar arrang\u00f6rerna av SM i kickboxning fasta p\u00e5 n\u00e4r","og_url":"https:\/\/www.budokampsport.se\/2009\/05\/19\/vi-vill-dra-upp-kickboxningen-ur-kallaren\/","og_site_name":"Svenska Budo &amp; Kampsportsf\u00f6rbundet","article_published_time":"2009-05-19T06:00:00+00:00","article_modified_time":"2016-12-02T06:26:33+00:00","author":"Tony Svensson","twitter_card":"summary_large_image","twitter_misc":{"Skriven av":"Tony Svensson","Ber\u00e4knad l\u00e4stid":"1 minut"},"schema":{"@context":"https:\/\/schema.org","@graph":[{"@type":"Article","@id":"https:\/\/www.budokampsport.se\/2009\/05\/19\/vi-vill-dra-upp-kickboxningen-ur-kallaren\/#article","isPartOf":{"@id":"https:\/\/www.budokampsport.se\/2009\/05\/19\/vi-vill-dra-upp-kickboxningen-ur-kallaren\/"},"author":{"name":"Tony Svensson","@id":"https:\/\/www.budokampsport.se\/#\/schema\/person\/fa63fbbb0d79141e613a4ec1e6866e5e"},"headline":"&#8220;Vi vill dra upp kickboxningen ur k\u00e4llaren\u201d","datePublished":"2009-05-19T06:00:00+00:00","dateModified":"2016-12-02T06:26:33+00:00","mainEntityOfPage":{"@id":"https:\/\/www.budokampsport.se\/2009\/05\/19\/vi-vill-dra-upp-kickboxningen-ur-kallaren\/"},"wordCount":278,"inLanguage":"sv-SE"},{"@type":"WebPage","@id":"https:\/\/www.budokampsport.se\/2009\/05\/19\/vi-vill-dra-upp-kickboxningen-ur-kallaren\/","url":"https:\/\/www.budokampsport.se\/2009\/05\/19\/vi-vill-dra-upp-kickboxningen-ur-kallaren\/","name":"\"Vi vill dra upp kickboxningen ur k\u00e4llaren\u201d - Svenska Budo &amp; Kampsportsf\u00f6rbundet","isPartOf":{"@id":"https:\/\/www.budokampsport.se\/#website"},"datePublished":"2009-05-19T06:00:00+00:00","dateModified":"2016-12-02T06:26:33+00:00","author":{"@id":"https:\/\/www.budokampsport.se\/#\/schema\/person\/fa63fbbb0d79141e613a4ec1e6866e5e"},"description":"En enda ring, nersl\u00e4ckt ljus och inmarsch till musik \u00e4r viktiga best\u00e5ndsdelar i en kampsportsgala. Det tar arrang\u00f6rerna av SM i kickboxning fasta p\u00e5 n\u00e4r","breadcrumb":{"@id":"https:\/\/www.budokampsport.se\/2009\/05\/19\/vi-vill-dra-upp-kickboxningen-ur-kallaren\/#breadcrumb"},"inLanguage":"sv-SE","potentialAction":[{"@type":"ReadAction","target":["https:\/\/www.budokampsport.se\/2009\/05\/19\/vi-vill-dra-upp-kickboxningen-ur-kallaren\/"]}]},{"@type":"BreadcrumbList","@id":"https:\/\/www.budokampsport.se\/2009\/05\/19\/vi-vill-dra-upp-kickboxningen-ur-kallaren\/#breadcrumb","itemListElement":[{"@type":"ListItem","position":1,"name":"Hem","item":"https:\/\/www.budokampsport.se\/"},{"@type":"ListItem","position":2,"name":"&#8220;Vi vill dra upp kickboxningen ur k\u00e4llaren\u201d"}]},{"@type":"WebSite","@id":"https:\/\/www.budokampsport.se\/#website","url":"https:\/\/www.budokampsport.se\/","name":"Svenska Budo &amp; Kampsportsf\u00f6rbundet","description":"T\u00e4vling, Tr\u00e4ning, Tradition","potentialAction":[{"@type":"SearchAction","target":{"@type":"EntryPoint","urlTemplate":"https:\/\/www.budokampsport.se\/?s={search_term_string}"},"query-input":{"@type":"PropertyValueSpecification","valueRequired":true,"valueName":"search_term_string"}}],"inLanguage":"sv-SE"},{"@type":"Person","@id":"https:\/\/www.budokampsport.se\/#\/schema\/person\/fa63fbbb0d79141e613a4ec1e6866e5e","name":"Tony Svensson","image":{"@type":"ImageObject","inLanguage":"sv-SE","@id":"https:\/\/www.budokampsport.se\/#\/schema\/person\/image\/","url":"https:\/\/secure.gravatar.com\/avatar\/7bc374e22b288be285d5a3938a1e7522?s=96&d=blank&r=g","contentUrl":"https:\/\/secure.gravatar.com\/avatar\/7bc374e22b288be285d5a3938a1e7522?s=96&d=blank&r=g","caption":"Tony Svensson"},"url":"https:\/\/www.budokampsport.se\/author\/sbk\/"}]}},"_links":{"self":[{"href":"https:\/\/www.budokampsport.se\/api\/wp\/v2\/posts\/2946","targetHints":{"allow":["GET"]}}],"collection":[{"href":"https:\/\/www.budokampsport.se\/api\/wp\/v2\/posts"}],"about":[{"href":"https:\/\/www.budokampsport.se\/api\/wp\/v2\/types\/post"}],"author":[{"embeddable":true,"href":"https:\/\/www.budokampsport.se\/api\/wp\/v2\/users\/1"}],"replies":[{"embeddable":true,"href":"https:\/\/www.budokampsport.se\/api\/wp\/v2\/comments?post=2946"}],"version-history":[{"count":0,"href":"https:\/\/www.budokampsport.se\/api\/wp\/v2\/posts\/2946\/revisions"}],"wp:attachment":[{"href":"https:\/\/www.budokampsport.se\/api\/wp\/v2\/media?parent=2946"}],"wp:term":[{"taxonomy":"category","embeddable":true,"href":"https:\/\/www.budokampsport.se\/api\/wp\/v2\/categories?post=2946"},{"taxonomy":"post_tag","embeddable":true,"href":"https:\/\/www.budokampsport.se\/api\/wp\/v2\/tags?post=2946"}],"curies":[{"name":"wp","href":"https:\/\/api.w.org\/{rel}","templated":true}]}}