{"id":2949,"date":"2009-06-08T08:00:00","date_gmt":"2009-06-08T06:00:00","guid":{"rendered":"http:\/\/budo.wordpress.dev\/2009\/06\/08\/det-har-varit-jattekul-att-ga-pa-budogymnasiet\/"},"modified":"2016-12-06T22:30:01","modified_gmt":"2016-12-06T21:30:01","slug":"det-har-varit-jattekul-att-ga-pa-budogymnasiet","status":"publish","type":"post","link":"https:\/\/www.budokampsport.se\/2009\/06\/08\/det-har-varit-jattekul-att-ga-pa-budogymnasiet\/","title":{"rendered":"\u201dDet har varit j\u00e4ttekul att g\u00e5 p\u00e5 budogymnasiet\u201d"},"content":{"rendered":"<p><strong><span class=\"ingress\">N\u00e4r han b\u00f6rjade budogymnasiet f\u00f6r tre \u00e5r sedan var de tre karateelever bara i hans klass. I fredags var Anton Matsborg den ende som tog studenten efter att ha g\u00e5tt hela v\u00e4gen ut. Nu v\u00e4ntar lite v\u00e4lf\u00f6rtj\u00e4nt vila. <\/span> <\/strong><\/p>\n<p> &#8211; Det \u00e4r lite tr\u00e5kigt att st\u00e5 h\u00e4r sj\u00e4lv i dag men det k\u00e4nns \u00e4nd\u00e5 skitbra, s\u00e4ger Anton Matsborg. Det \u00e4r en dag av lycka. <br \/> \u00a0\u00a0\u00a0\u00a0Mycket har h\u00e4nt sedan han som 16-\u00e5ring l\u00e4mnade f\u00f6r\u00e4ldrahemmet i \u00d6rebro f\u00f6r                        att flytta in p\u00e5 elevhemmet i Haninge s\u00f6der om Stockholm.<\/p>\n<p> <!--break--> <\/p>\n<p>\u00a0\u00a0\u00a0 &#8211; Jag har utvecklats mycket som person och l\u00e4rt mig otroligt mycket p\u00e5 budogymnasiet, s\u00e4ger han. Mycket hur jag kommer att \u00e4ta, tr\u00e4na och agera har jag med mig h\u00e4rifr\u00e5n. <br \/> \u00a0\u00a0\u00a0\u00a0Efter studentfirandet v\u00e4ntar tv\u00e5 veckors dyksemester i Thailand och efter det ett sabbats\u00e5r innan en civilingenj\u00f6rsexamen fr\u00e5n Chalmers h\u00e4grar. Och engagemanget i karaten kommer att forts\u00e4tta &#8211; p\u00e5 flera plan. Dels kommer han att ta plats som styrelseledamot i f\u00f6rbundets utbildningskommitt\u00e9 och forts\u00e4tta tr\u00e4na och t\u00e4vla.<br \/> \u00a0\u00a0\u00a0\u00a0&#8211; Jag kommer att forts\u00e4tta satsa, s\u00e4ger han.                         Som b\u00e4sta har jag kommit trea i senior-SM s\u00e5 mitt m\u00e5l \u00e4r att ta guld.<\/p>\n","protected":false},"excerpt":{"rendered":"<p><strong><span class=\"ingress\">N\u00e4r han b\u00f6rjade budogymnasiet f\u00f6r tre \u00e5r sedan var de tre karateelever bara i hans klass. I fredags var Anton Matsborg den ende som tog studenten efter att ha g\u00e5tt hela v\u00e4gen ut. Nu v\u00e4ntar lite v\u00e4lf\u00f6rtj\u00e4nt vila. <\/span> <\/strong><\/p><br><p>&#8211; Det \u00e4r lite tr\u00e5kigt att st\u00e5 h\u00e4r sj\u00e4lv i dag men det k\u00e4nns \u00e4nd\u00e5 skitbra, s\u00e4ger Anton Matsborg. Det \u00e4r en dag av lycka. <br \/><br>\u00a0\u00a0\u00a0\u00a0Mycket har h\u00e4nt sedan han som 16-\u00e5ring l\u00e4mnade f\u00f6r\u00e4ldrahemmet i \u00d6rebro f\u00f6r                        att flytta in p\u00e5 elevhemmet i Haninge s\u00f6der om Stockholm.<\/p><br>","protected":false},"author":1,"featured_media":0,"comment_status":"closed","ping_status":"closed","sticky":false,"template":"","format":"standard","meta":{"_acf_changed":false,"footnotes":""},"categories":[1],"tags":[],"class_list":["post-2949","post","type-post","status-publish","format-standard","hentry","category-okategoriserade"],"acf":[],"yoast_head":"<!-- This site is optimized with the Yoast SEO plugin v26.8 - https:\/\/yoast.com\/product\/yoast-seo-wordpress\/ -->\n<title>\u201dDet har varit j\u00e4ttekul att g\u00e5 p\u00e5 budogymnasiet\u201d - Svenska Budo &amp; Kampsportsf\u00f6rbundet<\/title>\n<meta name=\"description\" content=\"N\u00e4r han b\u00f6rjade budogymnasiet f\u00f6r tre \u00e5r sedan var de tre karateelever bara i hans klass. I fredags var Anton Matsborg den ende som tog studenten efter att ha g\u00e5tt hela v\u00e4gen ut. Nu v\u00e4ntar lite v\u00e4lf\u00f6rtj\u00e4nt vila.  - Det \u00e4r lite tr\u00e5kigt att st\u00e5 h\u00e4r sj\u00e4lv i dag men det k\u00e4nns \u00e4nd\u00e5 skitbra, s\u00e4ger Anton Matsborg. Det \u00e4r en dag av lycka. \u00a0\u00a0\u00a0\u00a0Mycket har h\u00e4nt sedan han som 16-\u00e5ring l\u00e4mnade f\u00f6r\u00e4ldrahemmet i \u00d6rebro f\u00f6r            att flytta in p\u00e5 elevhemmet i Haninge s\u00f6der om Stockholm.\" \/>\n<meta name=\"robots\" content=\"index, follow, max-snippet:-1, max-image-preview:large, max-video-preview:-1\" \/>\n<link rel=\"canonical\" href=\"https:\/\/www.budokampsport.se\/2009\/06\/08\/det-har-varit-jattekul-att-ga-pa-budogymnasiet\/\" \/>\n<meta property=\"og:locale\" content=\"sv_SE\" \/>\n<meta property=\"og:type\" content=\"article\" \/>\n<meta property=\"og:title\" content=\"\u201dDet har varit j\u00e4ttekul att g\u00e5 p\u00e5 budogymnasiet\u201d - Svenska Budo &amp; Kampsportsf\u00f6rbundet\" \/>\n<meta property=\"og:description\" content=\"N\u00e4r han b\u00f6rjade budogymnasiet f\u00f6r tre \u00e5r sedan var de tre karateelever bara i hans klass. I fredags var Anton Matsborg den ende som tog studenten efter att ha g\u00e5tt hela v\u00e4gen ut. Nu v\u00e4ntar lite v\u00e4lf\u00f6rtj\u00e4nt vila.  - Det \u00e4r lite tr\u00e5kigt att st\u00e5 h\u00e4r sj\u00e4lv i dag men det k\u00e4nns \u00e4nd\u00e5 skitbra, s\u00e4ger Anton Matsborg. Det \u00e4r en dag av lycka. \u00a0\u00a0\u00a0\u00a0Mycket har h\u00e4nt sedan han som 16-\u00e5ring l\u00e4mnade f\u00f6r\u00e4ldrahemmet i \u00d6rebro f\u00f6r            att flytta in p\u00e5 elevhemmet i Haninge s\u00f6der om Stockholm.\" \/>\n<meta property=\"og:url\" content=\"https:\/\/www.budokampsport.se\/2009\/06\/08\/det-har-varit-jattekul-att-ga-pa-budogymnasiet\/\" \/>\n<meta property=\"og:site_name\" content=\"Svenska Budo &amp; Kampsportsf\u00f6rbundet\" \/>\n<meta property=\"article:published_time\" content=\"2009-06-08T06:00:00+00:00\" \/>\n<meta property=\"article:modified_time\" content=\"2016-12-06T21:30:01+00:00\" \/>\n<meta name=\"author\" content=\"Tony Svensson\" \/>\n<meta name=\"twitter:card\" content=\"summary_large_image\" \/>\n<meta name=\"twitter:label1\" content=\"Skriven av\" \/>\n\t<meta name=\"twitter:data1\" content=\"Tony Svensson\" \/>\n\t<meta name=\"twitter:label2\" content=\"Ber\u00e4knad l\u00e4stid\" \/>\n\t<meta name=\"twitter:data2\" content=\"1 minut\" \/>\n<script type=\"application\/ld+json\" class=\"yoast-schema-graph\">{\"@context\":\"https:\/\/schema.org\",\"@graph\":[{\"@type\":\"Article\",\"@id\":\"https:\/\/www.budokampsport.se\/2009\/06\/08\/det-har-varit-jattekul-att-ga-pa-budogymnasiet\/#article\",\"isPartOf\":{\"@id\":\"https:\/\/www.budokampsport.se\/2009\/06\/08\/det-har-varit-jattekul-att-ga-pa-budogymnasiet\/\"},\"author\":{\"name\":\"Tony Svensson\",\"@id\":\"https:\/\/www.budokampsport.se\/#\/schema\/person\/fa63fbbb0d79141e613a4ec1e6866e5e\"},\"headline\":\"\u201dDet har varit j\u00e4ttekul att g\u00e5 p\u00e5 budogymnasiet\u201d\",\"datePublished\":\"2009-06-08T06:00:00+00:00\",\"dateModified\":\"2016-12-06T21:30:01+00:00\",\"mainEntityOfPage\":{\"@id\":\"https:\/\/www.budokampsport.se\/2009\/06\/08\/det-har-varit-jattekul-att-ga-pa-budogymnasiet\/\"},\"wordCount\":233,\"inLanguage\":\"sv-SE\"},{\"@type\":\"WebPage\",\"@id\":\"https:\/\/www.budokampsport.se\/2009\/06\/08\/det-har-varit-jattekul-att-ga-pa-budogymnasiet\/\",\"url\":\"https:\/\/www.budokampsport.se\/2009\/06\/08\/det-har-varit-jattekul-att-ga-pa-budogymnasiet\/\",\"name\":\"\u201dDet har varit j\u00e4ttekul att g\u00e5 p\u00e5 budogymnasiet\u201d - Svenska Budo &amp; Kampsportsf\u00f6rbundet\",\"isPartOf\":{\"@id\":\"https:\/\/www.budokampsport.se\/#website\"},\"datePublished\":\"2009-06-08T06:00:00+00:00\",\"dateModified\":\"2016-12-06T21:30:01+00:00\",\"author\":{\"@id\":\"https:\/\/www.budokampsport.se\/#\/schema\/person\/fa63fbbb0d79141e613a4ec1e6866e5e\"},\"description\":\"N\u00e4r han b\u00f6rjade budogymnasiet f\u00f6r tre \u00e5r sedan var de tre karateelever bara i hans klass. I fredags var Anton Matsborg den ende som tog studenten efter att ha g\u00e5tt hela v\u00e4gen ut. Nu v\u00e4ntar lite v\u00e4lf\u00f6rtj\u00e4nt vila. - Det \u00e4r lite tr\u00e5kigt att st\u00e5 h\u00e4r sj\u00e4lv i dag men det k\u00e4nns \u00e4nd\u00e5 skitbra, s\u00e4ger Anton Matsborg. Det \u00e4r en dag av lycka. \u00a0\u00a0\u00a0\u00a0Mycket har h\u00e4nt sedan han som 16-\u00e5ring l\u00e4mnade f\u00f6r\u00e4ldrahemmet i \u00d6rebro f\u00f6r att flytta in p\u00e5 elevhemmet i Haninge s\u00f6der om Stockholm.\",\"breadcrumb\":{\"@id\":\"https:\/\/www.budokampsport.se\/2009\/06\/08\/det-har-varit-jattekul-att-ga-pa-budogymnasiet\/#breadcrumb\"},\"inLanguage\":\"sv-SE\",\"potentialAction\":[{\"@type\":\"ReadAction\",\"target\":[\"https:\/\/www.budokampsport.se\/2009\/06\/08\/det-har-varit-jattekul-att-ga-pa-budogymnasiet\/\"]}]},{\"@type\":\"BreadcrumbList\",\"@id\":\"https:\/\/www.budokampsport.se\/2009\/06\/08\/det-har-varit-jattekul-att-ga-pa-budogymnasiet\/#breadcrumb\",\"itemListElement\":[{\"@type\":\"ListItem\",\"position\":1,\"name\":\"Hem\",\"item\":\"https:\/\/www.budokampsport.se\/\"},{\"@type\":\"ListItem\",\"position\":2,\"name\":\"\u201dDet har varit j\u00e4ttekul att g\u00e5 p\u00e5 budogymnasiet\u201d\"}]},{\"@type\":\"WebSite\",\"@id\":\"https:\/\/www.budokampsport.se\/#website\",\"url\":\"https:\/\/www.budokampsport.se\/\",\"name\":\"Svenska Budo &amp; Kampsportsf\u00f6rbundet\",\"description\":\"T\u00e4vling, Tr\u00e4ning, Tradition\",\"potentialAction\":[{\"@type\":\"SearchAction\",\"target\":{\"@type\":\"EntryPoint\",\"urlTemplate\":\"https:\/\/www.budokampsport.se\/?s={search_term_string}\"},\"query-input\":{\"@type\":\"PropertyValueSpecification\",\"valueRequired\":true,\"valueName\":\"search_term_string\"}}],\"inLanguage\":\"sv-SE\"},{\"@type\":\"Person\",\"@id\":\"https:\/\/www.budokampsport.se\/#\/schema\/person\/fa63fbbb0d79141e613a4ec1e6866e5e\",\"name\":\"Tony Svensson\",\"image\":{\"@type\":\"ImageObject\",\"inLanguage\":\"sv-SE\",\"@id\":\"https:\/\/www.budokampsport.se\/#\/schema\/person\/image\/\",\"url\":\"https:\/\/secure.gravatar.com\/avatar\/7bc374e22b288be285d5a3938a1e7522?s=96&d=blank&r=g\",\"contentUrl\":\"https:\/\/secure.gravatar.com\/avatar\/7bc374e22b288be285d5a3938a1e7522?s=96&d=blank&r=g\",\"caption\":\"Tony Svensson\"},\"url\":\"https:\/\/www.budokampsport.se\/author\/sbk\/\"}]}<\/script>\n<!-- \/ Yoast SEO plugin. -->","yoast_head_json":{"title":"\u201dDet har varit j\u00e4ttekul att g\u00e5 p\u00e5 budogymnasiet\u201d - Svenska Budo &amp; Kampsportsf\u00f6rbundet","description":"N\u00e4r han b\u00f6rjade budogymnasiet f\u00f6r tre \u00e5r sedan var de tre karateelever bara i hans klass. I fredags var Anton Matsborg den ende som tog studenten efter att ha g\u00e5tt hela v\u00e4gen ut. Nu v\u00e4ntar lite v\u00e4lf\u00f6rtj\u00e4nt vila.  - Det \u00e4r lite tr\u00e5kigt att st\u00e5 h\u00e4r sj\u00e4lv i dag men det k\u00e4nns \u00e4nd\u00e5 skitbra, s\u00e4ger Anton Matsborg. Det \u00e4r en dag av lycka. \u00a0\u00a0\u00a0\u00a0Mycket har h\u00e4nt sedan han som 16-\u00e5ring l\u00e4mnade f\u00f6r\u00e4ldrahemmet i \u00d6rebro f\u00f6r            att flytta in p\u00e5 elevhemmet i Haninge s\u00f6der om Stockholm.","robots":{"index":"index","follow":"follow","max-snippet":"max-snippet:-1","max-image-preview":"max-image-preview:large","max-video-preview":"max-video-preview:-1"},"canonical":"https:\/\/www.budokampsport.se\/2009\/06\/08\/det-har-varit-jattekul-att-ga-pa-budogymnasiet\/","og_locale":"sv_SE","og_type":"article","og_title":"\u201dDet har varit j\u00e4ttekul att g\u00e5 p\u00e5 budogymnasiet\u201d - Svenska Budo &amp; Kampsportsf\u00f6rbundet","og_description":"N\u00e4r han b\u00f6rjade budogymnasiet f\u00f6r tre \u00e5r sedan var de tre karateelever bara i hans klass. I fredags var Anton Matsborg den ende som tog studenten efter att ha g\u00e5tt hela v\u00e4gen ut. Nu v\u00e4ntar lite v\u00e4lf\u00f6rtj\u00e4nt vila.  - Det \u00e4r lite tr\u00e5kigt att st\u00e5 h\u00e4r sj\u00e4lv i dag men det k\u00e4nns \u00e4nd\u00e5 skitbra, s\u00e4ger Anton Matsborg. Det \u00e4r en dag av lycka. \u00a0\u00a0\u00a0\u00a0Mycket har h\u00e4nt sedan han som 16-\u00e5ring l\u00e4mnade f\u00f6r\u00e4ldrahemmet i \u00d6rebro f\u00f6r            att flytta in p\u00e5 elevhemmet i Haninge s\u00f6der om Stockholm.","og_url":"https:\/\/www.budokampsport.se\/2009\/06\/08\/det-har-varit-jattekul-att-ga-pa-budogymnasiet\/","og_site_name":"Svenska Budo &amp; Kampsportsf\u00f6rbundet","article_published_time":"2009-06-08T06:00:00+00:00","article_modified_time":"2016-12-06T21:30:01+00:00","author":"Tony Svensson","twitter_card":"summary_large_image","twitter_misc":{"Skriven av":"Tony Svensson","Ber\u00e4knad l\u00e4stid":"1 minut"},"schema":{"@context":"https:\/\/schema.org","@graph":[{"@type":"Article","@id":"https:\/\/www.budokampsport.se\/2009\/06\/08\/det-har-varit-jattekul-att-ga-pa-budogymnasiet\/#article","isPartOf":{"@id":"https:\/\/www.budokampsport.se\/2009\/06\/08\/det-har-varit-jattekul-att-ga-pa-budogymnasiet\/"},"author":{"name":"Tony Svensson","@id":"https:\/\/www.budokampsport.se\/#\/schema\/person\/fa63fbbb0d79141e613a4ec1e6866e5e"},"headline":"\u201dDet har varit j\u00e4ttekul att g\u00e5 p\u00e5 budogymnasiet\u201d","datePublished":"2009-06-08T06:00:00+00:00","dateModified":"2016-12-06T21:30:01+00:00","mainEntityOfPage":{"@id":"https:\/\/www.budokampsport.se\/2009\/06\/08\/det-har-varit-jattekul-att-ga-pa-budogymnasiet\/"},"wordCount":233,"inLanguage":"sv-SE"},{"@type":"WebPage","@id":"https:\/\/www.budokampsport.se\/2009\/06\/08\/det-har-varit-jattekul-att-ga-pa-budogymnasiet\/","url":"https:\/\/www.budokampsport.se\/2009\/06\/08\/det-har-varit-jattekul-att-ga-pa-budogymnasiet\/","name":"\u201dDet har varit j\u00e4ttekul att g\u00e5 p\u00e5 budogymnasiet\u201d - Svenska Budo &amp; Kampsportsf\u00f6rbundet","isPartOf":{"@id":"https:\/\/www.budokampsport.se\/#website"},"datePublished":"2009-06-08T06:00:00+00:00","dateModified":"2016-12-06T21:30:01+00:00","author":{"@id":"https:\/\/www.budokampsport.se\/#\/schema\/person\/fa63fbbb0d79141e613a4ec1e6866e5e"},"description":"N\u00e4r han b\u00f6rjade budogymnasiet f\u00f6r tre \u00e5r sedan var de tre karateelever bara i hans klass. I fredags var Anton Matsborg den ende som tog studenten efter att ha g\u00e5tt hela v\u00e4gen ut. Nu v\u00e4ntar lite v\u00e4lf\u00f6rtj\u00e4nt vila. - Det \u00e4r lite tr\u00e5kigt att st\u00e5 h\u00e4r sj\u00e4lv i dag men det k\u00e4nns \u00e4nd\u00e5 skitbra, s\u00e4ger Anton Matsborg. Det \u00e4r en dag av lycka. \u00a0\u00a0\u00a0\u00a0Mycket har h\u00e4nt sedan han som 16-\u00e5ring l\u00e4mnade f\u00f6r\u00e4ldrahemmet i \u00d6rebro f\u00f6r att flytta in p\u00e5 elevhemmet i Haninge s\u00f6der om Stockholm.","breadcrumb":{"@id":"https:\/\/www.budokampsport.se\/2009\/06\/08\/det-har-varit-jattekul-att-ga-pa-budogymnasiet\/#breadcrumb"},"inLanguage":"sv-SE","potentialAction":[{"@type":"ReadAction","target":["https:\/\/www.budokampsport.se\/2009\/06\/08\/det-har-varit-jattekul-att-ga-pa-budogymnasiet\/"]}]},{"@type":"BreadcrumbList","@id":"https:\/\/www.budokampsport.se\/2009\/06\/08\/det-har-varit-jattekul-att-ga-pa-budogymnasiet\/#breadcrumb","itemListElement":[{"@type":"ListItem","position":1,"name":"Hem","item":"https:\/\/www.budokampsport.se\/"},{"@type":"ListItem","position":2,"name":"\u201dDet har varit j\u00e4ttekul att g\u00e5 p\u00e5 budogymnasiet\u201d"}]},{"@type":"WebSite","@id":"https:\/\/www.budokampsport.se\/#website","url":"https:\/\/www.budokampsport.se\/","name":"Svenska Budo &amp; Kampsportsf\u00f6rbundet","description":"T\u00e4vling, Tr\u00e4ning, Tradition","potentialAction":[{"@type":"SearchAction","target":{"@type":"EntryPoint","urlTemplate":"https:\/\/www.budokampsport.se\/?s={search_term_string}"},"query-input":{"@type":"PropertyValueSpecification","valueRequired":true,"valueName":"search_term_string"}}],"inLanguage":"sv-SE"},{"@type":"Person","@id":"https:\/\/www.budokampsport.se\/#\/schema\/person\/fa63fbbb0d79141e613a4ec1e6866e5e","name":"Tony Svensson","image":{"@type":"ImageObject","inLanguage":"sv-SE","@id":"https:\/\/www.budokampsport.se\/#\/schema\/person\/image\/","url":"https:\/\/secure.gravatar.com\/avatar\/7bc374e22b288be285d5a3938a1e7522?s=96&d=blank&r=g","contentUrl":"https:\/\/secure.gravatar.com\/avatar\/7bc374e22b288be285d5a3938a1e7522?s=96&d=blank&r=g","caption":"Tony Svensson"},"url":"https:\/\/www.budokampsport.se\/author\/sbk\/"}]}},"_links":{"self":[{"href":"https:\/\/www.budokampsport.se\/api\/wp\/v2\/posts\/2949","targetHints":{"allow":["GET"]}}],"collection":[{"href":"https:\/\/www.budokampsport.se\/api\/wp\/v2\/posts"}],"about":[{"href":"https:\/\/www.budokampsport.se\/api\/wp\/v2\/types\/post"}],"author":[{"embeddable":true,"href":"https:\/\/www.budokampsport.se\/api\/wp\/v2\/users\/1"}],"replies":[{"embeddable":true,"href":"https:\/\/www.budokampsport.se\/api\/wp\/v2\/comments?post=2949"}],"version-history":[{"count":0,"href":"https:\/\/www.budokampsport.se\/api\/wp\/v2\/posts\/2949\/revisions"}],"wp:attachment":[{"href":"https:\/\/www.budokampsport.se\/api\/wp\/v2\/media?parent=2949"}],"wp:term":[{"taxonomy":"category","embeddable":true,"href":"https:\/\/www.budokampsport.se\/api\/wp\/v2\/categories?post=2949"},{"taxonomy":"post_tag","embeddable":true,"href":"https:\/\/www.budokampsport.se\/api\/wp\/v2\/tags?post=2949"}],"curies":[{"name":"wp","href":"https:\/\/api.w.org\/{rel}","templated":true}]}}