{"id":2953,"date":"2009-03-01T15:18:48","date_gmt":"2009-03-01T14:18:48","guid":{"rendered":"http:\/\/budo.wordpress.dev\/2009\/03\/01\/infor-forbundsstamman-den-21-mars\/"},"modified":"2016-12-06T22:30:02","modified_gmt":"2016-12-06T21:30:02","slug":"infor-forbundsstamman-den-21-mars","status":"publish","type":"post","link":"https:\/\/www.budokampsport.se\/2009\/03\/01\/infor-forbundsstamman-den-21-mars\/","title":{"rendered":"Inf\u00f6r f\u00f6rbundsst\u00e4mman den 21 Mars"},"content":{"rendered":"<p><strong>Det \u00e4r p\u00e5 f\u00f6rbundsst\u00e4mman som medlemmarna i Svenska Budo &#038; Kampsportsf\u00f6rbundet har chansen att s\u00e4ga sitt. D\u00e4r stakas framtiden ut och de viktiga diskussionerna om vad vi vill och vart vi \u00e4r p\u00e5 v\u00e4g har sin plats. I \u00e5r som s\u00e5 m\u00e5nga g\u00e5nger f\u00f6rr \u00e4r det p\u00e5 Sheraton Hotell n\u00e4ra centralstationen i Stockholm. F\u00f6rmiddagen \u00e4r det sektionernas \u00e5rsm\u00f6ten och efter lunch f\u00f6rbundsst\u00e4mma. Det blir ocks\u00e5 uppvisningar och utst\u00e4llningar.<\/strong><\/p>\n<h2>Kallelse till f\u00f6rbundsst\u00e4mman<\/h2>\n<ul>\n<li><a href=\"\/node\/2288\">Kallelse f\u00f6rbundet 2009<\/a><\/li>\n<\/ul>\n<h2>Dagordningar<\/h2>\n<p class=\"ingress\"><strong>H\u00e4r kan du f\u00f6rbereda dig inf\u00f6r de beslut som ska fattas p\u00e5 sektionernas och f\u00f6rbundets \u00e5rsm\u00f6te: <\/strong><\/p>\n<ul>\n<li><a href=\"\/node\/2280\">Dagordning f\u00f6rbundet 2009<\/a><\/li>\n<li><a href=\"\/node\/2281\">Dagordning aikido 2009<\/a><\/li>\n<li><a href=\"\/node\/2282\" target=\"_blank\">Dagordning ju-jutsu 2009<\/a><\/li>\n<li><a href=\"\/node\/2283\">Dagordning kampsport 2009<\/a><\/li>\n<li><a href=\"\/node\/2284\">Dagordning karate 2009<\/a><\/li>\n<li><a href=\"\/node\/2285\">Dagordning kendo 2009<\/a><\/li>\n<li><a href=\"\/node\/2286\">Dagordning shorinji-kempo 2009<\/a><\/li>\n<li><a href=\"\/node\/2287\">Dagordning wushu 2009<\/a><\/li>\n<\/ul>\n<h2>Verksamhetsber\u00e4ttelsen<\/h2>\n<ul>\n<li><a href=\"http:\/\/www.budo.se\/forbundet\/pdf\/stamman2009\/VB.pdf\">H\u00e4r kan du l\u00e4sa om n\u00e5gra av de viktigaste sakerna som h\u00e4nde i f\u00f6rbundet under 2008<\/a><\/li>\n<\/ul>\n<h2>R\u00f6stl\u00e4ngd<\/h2>\n<ul>\n<li><a href=\"\/node\/2289\">H\u00e4r hittar du listan<\/a> p\u00e5 alla f\u00f6rbundets f\u00f6reningar som b\u00e5de betalat och rapporterat sina medlemmar senast den 31 december 2008 och d\u00e4rmed har r\u00f6str\u00e4tt. De f\u00f6reningar som inte finns med p\u00e5 listan har antingen betalat och\/eller rapporterat sina medlemmar f\u00f6r sent eller inte alls<\/li>\n<\/ul>\n<h2>Propositioner<\/h2>\n<p class=\"brodtextfet\"><strong>H\u00e4r hittar du f\u00f6rbundsstyrelsens f\u00f6rslag p\u00e5 beslut: <\/strong><\/p>\n<ul>\n<li><a href=\"\/node\/2290\">2009:1 Att sluta skicka ut f\u00f6rbundsst\u00e4mmehandlingarna p\u00e5 papper och ist\u00e4llet ha dem p\u00e5 f\u00f6rbundets hemsida<\/a><\/li>\n<li><a href=\"\/node\/2291\">2009:2 Att anta ett omorganisationsf\u00f6rslag som inneb\u00e4r att alla idrotter som vill kan bilda underf\u00f6rbund<\/a><\/li>\n<li><a href=\"\/node\/2292\">2009:3 Att extra anslag ska f\u00f6rdelas mellan idrotterna baserat p\u00e5 medlemsantal<\/a><\/li>\n<li><a href=\"\/node\/2293\">2009:4 Att kansliets resurser ska f\u00f6rdelas mellan idrotterna baserat p\u00e5 medlemsantal<\/a><\/li>\n<li><a href=\"\/node\/2294\">F\u00f6rslag till nya stadgar till SB&#038;K<\/a><\/li>\n<li><a href=\"\/node\/2295\">F\u00f6rslag till stadgar till underf\u00f6rbund<\/a><\/li>\n<\/ul>\n<h2>Motioner<\/h2>\n<p class=\"brodtextfet\"><strong>Motioner till f\u00f6rbundsst\u00e4mman fr\u00e5n f\u00f6reningar och f\u00f6rtroendevalda:<\/strong><\/p>\n<ul>\n<li><a href=\"\/node\/2296\">2009:1 Att s\u00e4ga upp medlemskapet i Aikikai<\/a><\/li>\n<li><a href=\"\/node\/2297\">2009:2 Att f\u00f6rbundsst\u00e4mman st\u00e4ller sig bakom karatesektionens ans\u00f6kan att bilda eget specialidrottsf\u00f6rbund<\/a><\/li>\n<li><a href=\"\/node\/2298\">2009:3 Att extra anslag f\u00f6rdelas mellan idrotterna baserat p\u00e5 idrotternas storlek<\/a><\/li>\n<li><a href=\"\/node\/2299\">2009:4 Att fastst\u00e4lla en f\u00f6rdelningsprincip f\u00f6r hur idrotterna utnyttjar kansliets resurser<\/a><\/li>\n<li><a href=\"\/node\/2300\">2009:5 Om f\u00f6rdelning av kansli och resurser i h\u00e4ndelse av att karaten bildar eget f\u00f6rbund<\/a><\/li>\n<li><a href=\"\/node\/2301\">2009:6 Att f\u00f6rbundsstyrelsen inte med n\u00f6dv\u00e4ndighet m\u00e5ste str\u00e4va efter en spridning mellan idrotterna<\/a><\/li>\n<li><a href=\"\/node\/2302\">2009:7 Att idrotten karate ska bedrivas inom karatesektionen<\/a><\/li>\n<li><a href=\"\/node\/2303\">2009:8 Att en ny idrott m\u00e5ste f\u00f6rena ut\u00f6vare inom f\u00f6rbundet<\/a><\/li>\n<li><a href=\"\/node\/2304\">2009:9 Att kyokushin definieras som en idrott inom f\u00f6rbundet<\/a><\/li>\n<li>2009:10  att brasiliansk ju-jitsu definieras som egen idrott inom f\u00f6rbundet<\/li>\n<li><a href=\"\/node\/2305\">2009:11 Att brasiliansk ju-jitsu kan bilda eget underf\u00f6rbund om omorganisationsf\u00f6rslaget g\u00e5r igenom<\/a><\/li>\n<li><a href=\"\/node\/2306\">2009:12 Att v\u00e4lja in Muay Thai (thaiboxning) som en ny idrott i f\u00f6rbundet<\/a><\/li>\n<li><a href=\"\/node\/2307\">2009:13 Att Kyokushin kan bilda eget underf\u00f6rbund om omorganisationsf\u00f6rslaget g\u00e5r igenom<\/a><\/li>\n<li>2009:14 att bifalla ett alternativt f\u00f6rslag p\u00e5 omorganisation<\/li>\n<li>2009:15 att minska antalet ledam\u00f6ter i f\u00f6rbundsstyrelsen, v\u00e4lja ledam\u00f6terna direkt p\u00e5 st\u00e4mman samt att f\u00f6rbundet ska ha samma bed\u00f6mning av de t\u00e4vlandes s\u00e4kerthet som myndigheten<\/li>\n<\/ul>\n<p><a href=\"\/node\/2309\"><strong>F\u00f6rbundsstyrelsens yrkanden p\u00e5 samtliga motioner<\/strong><\/a><\/p>\n<p><strong>Motioner till sektionernas \u00e5rsm\u00f6ten: <\/strong><\/p>\n<ul>\n<li><a href=\"\/node\/2310\">Till aikidosektionen om s\u00e4nkt medlemsavgift<\/a><\/li>\n<li><a href=\"\/node\/2311\">Till karatesektionen om att karatesektionen inte ska ans\u00f6ka om att bli eget specialidrottsf\u00f6rbund<\/a><\/li>\n<\/ul>\n<h2>Fullmakter<\/h2>\n<p class=\"ingress\"><strong>De f\u00f6reningar som har betalat och rapporterat senast den 31 december 2008 har r\u00f6str\u00e4tt p\u00e5 f\u00f6rbundsst\u00e4mman och sektionernas \u00e5rsm\u00f6ten. F\u00f6r att kunna h\u00e4mta ut r\u00f6stkort och delta i besluten ska man ha en p\u00e5skriven fullmakt med sig. Skriv ut en h\u00e4r. Granskningen sker mellan 9.00 och 13.30. OBS! Ombud kan representera max tv\u00e5 f\u00f6reningar.<\/strong><\/p>\n<ul>\n<li><a href=\"\/node\/2312\">Fullmakt f\u00f6r f\u00f6rbundet<\/a><\/li>\n<li><a href=\"\/node\/2313\">Fullmakt f\u00f6r aikidosektionen<\/a><\/li>\n<li><a href=\"\/node\/2314\">Fullmakt f\u00f6r ju-jutsusektionen<\/a><\/li>\n<li><a href=\"\/node\/2315\">Fullmakt f\u00f6r kampsportssektionen<\/a><\/li>\n<li><a href=\"\/node\/2316\">Fullmakt f\u00f6r karatesektionen<\/a><\/li>\n<li><a href=\"\/node\/2317\">Fullmakt f\u00f6r kendosektionen<\/a><\/li>\n<li><a href=\"\/node\/2318\">Fullmakt f\u00f6r shorinjikemposektionen<\/a><\/li>\n<li><a href=\"\/node\/2319\">Fullmakt f\u00f6r wushusektionen<\/a><\/li>\n<\/ul>\n<h2>Betala i tid och slipp f\u00f6rseningsavgift<\/h2>\n<p class=\"brodtext\">F\u00f6r ett par veckor sedan skickades r\u00e4kningen p\u00e5 medlemsavgiften ut till f\u00f6reningarna och det b\u00f6rjar s\u00e5 sakteliga droppa in betalningar. F\u00f6reningarna har fram till den <span class=\"brodtextfet\">31 december <\/span>p\u00e5 sig att betala, efter det tillkommer en ny f\u00f6rseningsavgift p\u00e5 250 kronor som f\u00f6rbundsstyrelsen beslutat inf\u00f6ra. De som betalar i tid har ocks\u00e5 r\u00f6str\u00e4tt och kan vara med och p\u00e5verka f\u00f6rbundets framtid och utveckling p\u00e5 f\u00f6rbundsst\u00e4mman den 21 mars.<\/p>\n<h2><span class=\"rubrikMELLAN\">Vem imponerade p\u00e5 dig 2008?<\/span><\/h2>\n<p>Nu \u00e4r det dags att nominera framg\u00e5ngsrika ut\u00f6vare till \u00c5rets idrottsprestation och fantastiska ledare till \u00c5rets ledare. Varje f\u00f6rbundsst\u00e4mma delas f\u00f6rbundets b\u00e5da utm\u00e4rkelser ut och vinnarna f\u00e5r f\u00f6rutom \u00e4ran 10.000 kronor var. F\u00f6rra \u00e5ret var det ju-jutsukan Jessica Tanzilli Jansson som fick \u00c5rets idrottsprestation medan budogymnasiets l\u00e4rare Omar Ahmedin utn\u00e4mndes till \u00c5rets ledare. Nomineringarna ska vara inne hos kansliet senast den <span class=\"brodtextfet\">31 december<\/span>.<\/p>\n<ul>\n<li><a href=\"\/node\/2272\">Nomineringsblanketter<\/a><\/li>\n<\/ul>\n<h2>Dags att skicka in motioner<\/h2>\n<p>L\u00f6rdagen den 21 mars 2009 m\u00f6ts f\u00f6rbundet i Stockholm f\u00f6r att staka ut framtiden och organisera sig. Denna g\u00e5ng finns ett nytt f\u00f6rslag p\u00e5 omorganisation av f\u00f6rbundet att ta st\u00e4llning till men det finns m\u00e5nga andra fr\u00e5gor att lyfta. F\u00f6r dig som har en speciell hj\u00e4rtefr\u00e5ga g\u00e4ller att skicka in motionen till f\u00f6rbundsstyrelsen <strong>senast den <span class=\"brodtextfet\">15 januari<\/span><\/strong>.<\/p>\n","protected":false},"excerpt":{"rendered":"<p><strong>Det \u00e4r p\u00e5 f\u00f6rbundsst\u00e4mman som medlemmarna i Svenska Budo &#038; Kampsportsf\u00f6rbundet har chansen att s\u00e4ga sitt. D\u00e4r stakas framtiden ut och de viktiga diskussionerna om vad vi vill och vart vi \u00e4r p\u00e5 v\u00e4g har sin plats. I \u00e5r som s\u00e5 m\u00e5nga g\u00e5nger f\u00f6rr \u00e4r det p\u00e5 Sheraton Hotell n\u00e4ra centralstationen i Stockholm. F\u00f6rmiddagen \u00e4r det sektionernas \u00e5rsm\u00f6ten och efter lunch f\u00f6rbundsst\u00e4mma. Det blir ocks\u00e5 uppvisningar och utst\u00e4llningar.<\/strong><\/p><br>","protected":false},"author":1,"featured_media":0,"comment_status":"closed","ping_status":"closed","sticky":false,"template":"","format":"standard","meta":{"_acf_changed":false,"footnotes":""},"categories":[1],"tags":[],"class_list":["post-2953","post","type-post","status-publish","format-standard","hentry","category-okategoriserade"],"acf":[],"yoast_head":"<!-- This site is optimized with the Yoast SEO plugin v26.8 - https:\/\/yoast.com\/product\/yoast-seo-wordpress\/ -->\n<title>Inf\u00f6r f\u00f6rbundsst\u00e4mman den 21 Mars - Svenska Budo &amp; Kampsportsf\u00f6rbundet<\/title>\n<meta name=\"description\" content=\"Det \u00e4r p\u00e5 f\u00f6rbundsst\u00e4mman som medlemmarna i Svenska Budo &amp; Kampsportsf\u00f6rbundet har chansen att s\u00e4ga sitt. D\u00e4r stakas framtiden ut och de viktiga diskussionerna om vad vi vill och vart vi \u00e4r p\u00e5 v\u00e4g har sin plats. I \u00e5r som s\u00e5 m\u00e5nga g\u00e5nger f\u00f6rr \u00e4r det p\u00e5 Sheraton Hotell n\u00e4ra centralstationen i Stockholm. F\u00f6rmiddagen \u00e4r det sektionernas \u00e5rsm\u00f6ten och efter lunch f\u00f6rbundsst\u00e4mma. Det blir ocks\u00e5 uppvisningar och utst\u00e4llningar.\" \/>\n<meta name=\"robots\" content=\"index, follow, max-snippet:-1, max-image-preview:large, max-video-preview:-1\" \/>\n<link rel=\"canonical\" href=\"https:\/\/www.budokampsport.se\/2009\/03\/01\/infor-forbundsstamman-den-21-mars\/\" \/>\n<meta property=\"og:locale\" content=\"sv_SE\" \/>\n<meta property=\"og:type\" content=\"article\" \/>\n<meta property=\"og:title\" content=\"Inf\u00f6r f\u00f6rbundsst\u00e4mman den 21 Mars - Svenska Budo &amp; Kampsportsf\u00f6rbundet\" \/>\n<meta property=\"og:description\" content=\"Det \u00e4r p\u00e5 f\u00f6rbundsst\u00e4mman som medlemmarna i Svenska Budo &amp; Kampsportsf\u00f6rbundet har chansen att s\u00e4ga sitt. D\u00e4r stakas framtiden ut och de viktiga diskussionerna om vad vi vill och vart vi \u00e4r p\u00e5 v\u00e4g har sin plats. I \u00e5r som s\u00e5 m\u00e5nga g\u00e5nger f\u00f6rr \u00e4r det p\u00e5 Sheraton Hotell n\u00e4ra centralstationen i Stockholm. F\u00f6rmiddagen \u00e4r det sektionernas \u00e5rsm\u00f6ten och efter lunch f\u00f6rbundsst\u00e4mma. Det blir ocks\u00e5 uppvisningar och utst\u00e4llningar.\" \/>\n<meta property=\"og:url\" content=\"https:\/\/www.budokampsport.se\/2009\/03\/01\/infor-forbundsstamman-den-21-mars\/\" \/>\n<meta property=\"og:site_name\" content=\"Svenska Budo &amp; Kampsportsf\u00f6rbundet\" \/>\n<meta property=\"article:published_time\" content=\"2009-03-01T14:18:48+00:00\" \/>\n<meta property=\"article:modified_time\" content=\"2016-12-06T21:30:02+00:00\" \/>\n<meta name=\"author\" content=\"Tony Svensson\" \/>\n<meta name=\"twitter:card\" content=\"summary_large_image\" \/>\n<meta name=\"twitter:label1\" content=\"Skriven av\" \/>\n\t<meta name=\"twitter:data1\" content=\"Tony Svensson\" \/>\n\t<meta name=\"twitter:label2\" content=\"Ber\u00e4knad l\u00e4stid\" \/>\n\t<meta name=\"twitter:data2\" content=\"4 minuter\" \/>\n<script type=\"application\/ld+json\" class=\"yoast-schema-graph\">{\"@context\":\"https:\/\/schema.org\",\"@graph\":[{\"@type\":\"Article\",\"@id\":\"https:\/\/www.budokampsport.se\/2009\/03\/01\/infor-forbundsstamman-den-21-mars\/#article\",\"isPartOf\":{\"@id\":\"https:\/\/www.budokampsport.se\/2009\/03\/01\/infor-forbundsstamman-den-21-mars\/\"},\"author\":{\"name\":\"Tony Svensson\",\"@id\":\"https:\/\/www.budokampsport.se\/#\/schema\/person\/fa63fbbb0d79141e613a4ec1e6866e5e\"},\"headline\":\"Inf\u00f6r f\u00f6rbundsst\u00e4mman den 21 Mars\",\"datePublished\":\"2009-03-01T14:18:48+00:00\",\"dateModified\":\"2016-12-06T21:30:02+00:00\",\"mainEntityOfPage\":{\"@id\":\"https:\/\/www.budokampsport.se\/2009\/03\/01\/infor-forbundsstamman-den-21-mars\/\"},\"wordCount\":876,\"inLanguage\":\"sv-SE\"},{\"@type\":\"WebPage\",\"@id\":\"https:\/\/www.budokampsport.se\/2009\/03\/01\/infor-forbundsstamman-den-21-mars\/\",\"url\":\"https:\/\/www.budokampsport.se\/2009\/03\/01\/infor-forbundsstamman-den-21-mars\/\",\"name\":\"Inf\u00f6r f\u00f6rbundsst\u00e4mman den 21 Mars - Svenska Budo &amp; Kampsportsf\u00f6rbundet\",\"isPartOf\":{\"@id\":\"https:\/\/www.budokampsport.se\/#website\"},\"datePublished\":\"2009-03-01T14:18:48+00:00\",\"dateModified\":\"2016-12-06T21:30:02+00:00\",\"author\":{\"@id\":\"https:\/\/www.budokampsport.se\/#\/schema\/person\/fa63fbbb0d79141e613a4ec1e6866e5e\"},\"description\":\"Det \u00e4r p\u00e5 f\u00f6rbundsst\u00e4mman som medlemmarna i Svenska Budo & Kampsportsf\u00f6rbundet har chansen att s\u00e4ga sitt. D\u00e4r stakas framtiden ut och de viktiga diskussionerna om vad vi vill och vart vi \u00e4r p\u00e5 v\u00e4g har sin plats. I \u00e5r som s\u00e5 m\u00e5nga g\u00e5nger f\u00f6rr \u00e4r det p\u00e5 Sheraton Hotell n\u00e4ra centralstationen i Stockholm. F\u00f6rmiddagen \u00e4r det sektionernas \u00e5rsm\u00f6ten och efter lunch f\u00f6rbundsst\u00e4mma. Det blir ocks\u00e5 uppvisningar och utst\u00e4llningar.\",\"breadcrumb\":{\"@id\":\"https:\/\/www.budokampsport.se\/2009\/03\/01\/infor-forbundsstamman-den-21-mars\/#breadcrumb\"},\"inLanguage\":\"sv-SE\",\"potentialAction\":[{\"@type\":\"ReadAction\",\"target\":[\"https:\/\/www.budokampsport.se\/2009\/03\/01\/infor-forbundsstamman-den-21-mars\/\"]}]},{\"@type\":\"BreadcrumbList\",\"@id\":\"https:\/\/www.budokampsport.se\/2009\/03\/01\/infor-forbundsstamman-den-21-mars\/#breadcrumb\",\"itemListElement\":[{\"@type\":\"ListItem\",\"position\":1,\"name\":\"Hem\",\"item\":\"https:\/\/www.budokampsport.se\/\"},{\"@type\":\"ListItem\",\"position\":2,\"name\":\"Inf\u00f6r f\u00f6rbundsst\u00e4mman den 21 Mars\"}]},{\"@type\":\"WebSite\",\"@id\":\"https:\/\/www.budokampsport.se\/#website\",\"url\":\"https:\/\/www.budokampsport.se\/\",\"name\":\"Svenska Budo &amp; Kampsportsf\u00f6rbundet\",\"description\":\"T\u00e4vling, Tr\u00e4ning, Tradition\",\"potentialAction\":[{\"@type\":\"SearchAction\",\"target\":{\"@type\":\"EntryPoint\",\"urlTemplate\":\"https:\/\/www.budokampsport.se\/?s={search_term_string}\"},\"query-input\":{\"@type\":\"PropertyValueSpecification\",\"valueRequired\":true,\"valueName\":\"search_term_string\"}}],\"inLanguage\":\"sv-SE\"},{\"@type\":\"Person\",\"@id\":\"https:\/\/www.budokampsport.se\/#\/schema\/person\/fa63fbbb0d79141e613a4ec1e6866e5e\",\"name\":\"Tony Svensson\",\"image\":{\"@type\":\"ImageObject\",\"inLanguage\":\"sv-SE\",\"@id\":\"https:\/\/www.budokampsport.se\/#\/schema\/person\/image\/\",\"url\":\"https:\/\/secure.gravatar.com\/avatar\/7bc374e22b288be285d5a3938a1e7522?s=96&d=blank&r=g\",\"contentUrl\":\"https:\/\/secure.gravatar.com\/avatar\/7bc374e22b288be285d5a3938a1e7522?s=96&d=blank&r=g\",\"caption\":\"Tony Svensson\"},\"url\":\"https:\/\/www.budokampsport.se\/author\/sbk\/\"}]}<\/script>\n<!-- \/ Yoast SEO plugin. -->","yoast_head_json":{"title":"Inf\u00f6r f\u00f6rbundsst\u00e4mman den 21 Mars - Svenska Budo &amp; Kampsportsf\u00f6rbundet","description":"Det \u00e4r p\u00e5 f\u00f6rbundsst\u00e4mman som medlemmarna i Svenska Budo & Kampsportsf\u00f6rbundet har chansen att s\u00e4ga sitt. D\u00e4r stakas framtiden ut och de viktiga diskussionerna om vad vi vill och vart vi \u00e4r p\u00e5 v\u00e4g har sin plats. I \u00e5r som s\u00e5 m\u00e5nga g\u00e5nger f\u00f6rr \u00e4r det p\u00e5 Sheraton Hotell n\u00e4ra centralstationen i Stockholm. F\u00f6rmiddagen \u00e4r det sektionernas \u00e5rsm\u00f6ten och efter lunch f\u00f6rbundsst\u00e4mma. Det blir ocks\u00e5 uppvisningar och utst\u00e4llningar.","robots":{"index":"index","follow":"follow","max-snippet":"max-snippet:-1","max-image-preview":"max-image-preview:large","max-video-preview":"max-video-preview:-1"},"canonical":"https:\/\/www.budokampsport.se\/2009\/03\/01\/infor-forbundsstamman-den-21-mars\/","og_locale":"sv_SE","og_type":"article","og_title":"Inf\u00f6r f\u00f6rbundsst\u00e4mman den 21 Mars - Svenska Budo &amp; Kampsportsf\u00f6rbundet","og_description":"Det \u00e4r p\u00e5 f\u00f6rbundsst\u00e4mman som medlemmarna i Svenska Budo & Kampsportsf\u00f6rbundet har chansen att s\u00e4ga sitt. D\u00e4r stakas framtiden ut och de viktiga diskussionerna om vad vi vill och vart vi \u00e4r p\u00e5 v\u00e4g har sin plats. I \u00e5r som s\u00e5 m\u00e5nga g\u00e5nger f\u00f6rr \u00e4r det p\u00e5 Sheraton Hotell n\u00e4ra centralstationen i Stockholm. F\u00f6rmiddagen \u00e4r det sektionernas \u00e5rsm\u00f6ten och efter lunch f\u00f6rbundsst\u00e4mma. Det blir ocks\u00e5 uppvisningar och utst\u00e4llningar.","og_url":"https:\/\/www.budokampsport.se\/2009\/03\/01\/infor-forbundsstamman-den-21-mars\/","og_site_name":"Svenska Budo &amp; Kampsportsf\u00f6rbundet","article_published_time":"2009-03-01T14:18:48+00:00","article_modified_time":"2016-12-06T21:30:02+00:00","author":"Tony Svensson","twitter_card":"summary_large_image","twitter_misc":{"Skriven av":"Tony Svensson","Ber\u00e4knad l\u00e4stid":"4 minuter"},"schema":{"@context":"https:\/\/schema.org","@graph":[{"@type":"Article","@id":"https:\/\/www.budokampsport.se\/2009\/03\/01\/infor-forbundsstamman-den-21-mars\/#article","isPartOf":{"@id":"https:\/\/www.budokampsport.se\/2009\/03\/01\/infor-forbundsstamman-den-21-mars\/"},"author":{"name":"Tony Svensson","@id":"https:\/\/www.budokampsport.se\/#\/schema\/person\/fa63fbbb0d79141e613a4ec1e6866e5e"},"headline":"Inf\u00f6r f\u00f6rbundsst\u00e4mman den 21 Mars","datePublished":"2009-03-01T14:18:48+00:00","dateModified":"2016-12-06T21:30:02+00:00","mainEntityOfPage":{"@id":"https:\/\/www.budokampsport.se\/2009\/03\/01\/infor-forbundsstamman-den-21-mars\/"},"wordCount":876,"inLanguage":"sv-SE"},{"@type":"WebPage","@id":"https:\/\/www.budokampsport.se\/2009\/03\/01\/infor-forbundsstamman-den-21-mars\/","url":"https:\/\/www.budokampsport.se\/2009\/03\/01\/infor-forbundsstamman-den-21-mars\/","name":"Inf\u00f6r f\u00f6rbundsst\u00e4mman den 21 Mars - Svenska Budo &amp; Kampsportsf\u00f6rbundet","isPartOf":{"@id":"https:\/\/www.budokampsport.se\/#website"},"datePublished":"2009-03-01T14:18:48+00:00","dateModified":"2016-12-06T21:30:02+00:00","author":{"@id":"https:\/\/www.budokampsport.se\/#\/schema\/person\/fa63fbbb0d79141e613a4ec1e6866e5e"},"description":"Det \u00e4r p\u00e5 f\u00f6rbundsst\u00e4mman som medlemmarna i Svenska Budo & Kampsportsf\u00f6rbundet har chansen att s\u00e4ga sitt. D\u00e4r stakas framtiden ut och de viktiga diskussionerna om vad vi vill och vart vi \u00e4r p\u00e5 v\u00e4g har sin plats. I \u00e5r som s\u00e5 m\u00e5nga g\u00e5nger f\u00f6rr \u00e4r det p\u00e5 Sheraton Hotell n\u00e4ra centralstationen i Stockholm. F\u00f6rmiddagen \u00e4r det sektionernas \u00e5rsm\u00f6ten och efter lunch f\u00f6rbundsst\u00e4mma. Det blir ocks\u00e5 uppvisningar och utst\u00e4llningar.","breadcrumb":{"@id":"https:\/\/www.budokampsport.se\/2009\/03\/01\/infor-forbundsstamman-den-21-mars\/#breadcrumb"},"inLanguage":"sv-SE","potentialAction":[{"@type":"ReadAction","target":["https:\/\/www.budokampsport.se\/2009\/03\/01\/infor-forbundsstamman-den-21-mars\/"]}]},{"@type":"BreadcrumbList","@id":"https:\/\/www.budokampsport.se\/2009\/03\/01\/infor-forbundsstamman-den-21-mars\/#breadcrumb","itemListElement":[{"@type":"ListItem","position":1,"name":"Hem","item":"https:\/\/www.budokampsport.se\/"},{"@type":"ListItem","position":2,"name":"Inf\u00f6r f\u00f6rbundsst\u00e4mman den 21 Mars"}]},{"@type":"WebSite","@id":"https:\/\/www.budokampsport.se\/#website","url":"https:\/\/www.budokampsport.se\/","name":"Svenska Budo &amp; Kampsportsf\u00f6rbundet","description":"T\u00e4vling, Tr\u00e4ning, Tradition","potentialAction":[{"@type":"SearchAction","target":{"@type":"EntryPoint","urlTemplate":"https:\/\/www.budokampsport.se\/?s={search_term_string}"},"query-input":{"@type":"PropertyValueSpecification","valueRequired":true,"valueName":"search_term_string"}}],"inLanguage":"sv-SE"},{"@type":"Person","@id":"https:\/\/www.budokampsport.se\/#\/schema\/person\/fa63fbbb0d79141e613a4ec1e6866e5e","name":"Tony Svensson","image":{"@type":"ImageObject","inLanguage":"sv-SE","@id":"https:\/\/www.budokampsport.se\/#\/schema\/person\/image\/","url":"https:\/\/secure.gravatar.com\/avatar\/7bc374e22b288be285d5a3938a1e7522?s=96&d=blank&r=g","contentUrl":"https:\/\/secure.gravatar.com\/avatar\/7bc374e22b288be285d5a3938a1e7522?s=96&d=blank&r=g","caption":"Tony Svensson"},"url":"https:\/\/www.budokampsport.se\/author\/sbk\/"}]}},"_links":{"self":[{"href":"https:\/\/www.budokampsport.se\/api\/wp\/v2\/posts\/2953","targetHints":{"allow":["GET"]}}],"collection":[{"href":"https:\/\/www.budokampsport.se\/api\/wp\/v2\/posts"}],"about":[{"href":"https:\/\/www.budokampsport.se\/api\/wp\/v2\/types\/post"}],"author":[{"embeddable":true,"href":"https:\/\/www.budokampsport.se\/api\/wp\/v2\/users\/1"}],"replies":[{"embeddable":true,"href":"https:\/\/www.budokampsport.se\/api\/wp\/v2\/comments?post=2953"}],"version-history":[{"count":0,"href":"https:\/\/www.budokampsport.se\/api\/wp\/v2\/posts\/2953\/revisions"}],"wp:attachment":[{"href":"https:\/\/www.budokampsport.se\/api\/wp\/v2\/media?parent=2953"}],"wp:term":[{"taxonomy":"category","embeddable":true,"href":"https:\/\/www.budokampsport.se\/api\/wp\/v2\/categories?post=2953"},{"taxonomy":"post_tag","embeddable":true,"href":"https:\/\/www.budokampsport.se\/api\/wp\/v2\/tags?post=2953"}],"curies":[{"name":"wp","href":"https:\/\/api.w.org\/{rel}","templated":true}]}}