{"id":2965,"date":"2010-11-08T15:14:20","date_gmt":"2010-11-08T14:14:20","guid":{"rendered":"http:\/\/budo.wordpress.dev\/2010\/11\/08\/matti-pajaujis-aker-till-iaido-em-med-spand-forvantan\/"},"modified":"2016-12-06T22:30:05","modified_gmt":"2016-12-06T21:30:05","slug":"matti-pajaujis-aker-till-iaido-em-med-spand-forvantan","status":"publish","type":"post","link":"https:\/\/www.budokampsport.se\/2010\/11\/08\/matti-pajaujis-aker-till-iaido-em-med-spand-forvantan\/","title":{"rendered":"Matti Pajaujis \u00e5ker till Iaido-EM med sp\u00e4nd f\u00f6rv\u00e4ntan"},"content":{"rendered":"<p><P><STRONG><SPAN style=\"LINE-HEIGHT: 115%; FONT-SIZE: 11pt\"><IMG alt=\"\" align=right src=\"\/sites\/default\/files\/iaidoem_paris.jpg\" width=150 height=215>Det blir femte internationella m\u00e4sterskapet f\u00f6r S\u00f6lvesborgs Matti Pajaujis. P\u00e5 l\u00f6rdag inleds n\u00e4mligen EM i Iaido i Paris, d\u00e4r Matti \u00e4r en av tio uttagna svenskar.<BR>\u00a0\u00a0 &#8211; Jag har egentligen ingen aning om hur det kommer att g\u00e5, men jag k\u00e4nner mig i god form, s\u00e4ger Pajaujis till budokampsport.se.<\/SPAN><\/STRONG><SPAN style=\"LINE-HEIGHT: 115%; FONT-SIZE: 11pt\"><BR><BR>Det svenska landslaget i Iaido \u00e5ker till Paris i helgen f\u00f6r att t\u00e4vla i EM. Det \u00e4r en trupp p\u00e5 tio deltagare som \u00e5ker till den franska huvudstaden under helgen.<BR><!--break--><BR>Fr\u00e5n S\u00f6lvesborgs Budos\u00e4llskap kommer Matti Pajaujis, som kommer att t\u00e4vla i Godan-klassen. Pajaujis, som g\u00f6r sitt femte stora officiella m\u00e4sterskap, \u00e4r i bra form.<BR>\u00a0\u00a0&#8211; Jo, det k\u00e4nns bra. Jag har kunnat tr\u00e4na bra den senaste tiden, \u00e4ven om jag har lite k\u00e4nningar i ena kn\u00e4et. Det ska bli v\u00e4ldigt roligt och sp\u00e4nnande i Paris.<BR><BR><STRONG>&#8220;Vill vinna det man st\u00e4ller upp i&#8221;<BR><\/STRONG>EM kommer i \u00e5r att inneh\u00e5lla tv\u00e5 seminariedagar, d\u00e4r \u00e5rets nyheter kommer att tas upp. Det blir \u00e4ven ett rent domarseminarium, s\u00e5 helgen i Paris best\u00e5r av mer \u00e4n bara t\u00e4vlingarna.<BR>\u00a0\u00a0 &#8211; Jag har tr\u00e4nat in de tekniker jag ska visa i min kata. \u00c4rligt talat har jag ingen aning om hur l\u00e5ngt det r\u00e4cker. Jag kan bara g\u00f6ra mitt b\u00e4sta och sedan f\u00e5r vi se.<BR><BR>Seminariedelen inleds p\u00e5 torsdag. P\u00e5 l\u00f6rdag inleds sj\u00e4lva t\u00e4vlandet och enligt Matti \u00e5ker han sj\u00e4lv ner med en speciell k\u00e4nsla.<BR>\u00a0\u00a0 &#8211; Det var ju inte s\u00e5 l\u00e4nge sedan jag graderade mig, s\u00e5 det blir ju sp\u00e4nnande. Det \u00e4r kul att f\u00e5 vara med, men sj\u00e4lvklart vill man vinna det man st\u00e4ller upp i. Men, som sagt, jag kan bara g\u00f6ra mitt b\u00e4sta s\u00e5 f\u00e5r vi se hur l\u00e5ngt det r\u00e4cker.<BR><BR>Text: Jonathan Broberg<\/SPAN><\/P><\/p>\n","protected":false},"excerpt":{"rendered":"<p><P><STRONG><SPAN style=\"LINE-HEIGHT: 115%; FONT-SIZE: 11pt\"><IMG alt=\"\" align=right src=\"\/sites\/default\/files\/iaidoem_paris.jpg\" width=150 height=215>Det blir femte internationella m\u00e4sterskapet f\u00f6r S\u00f6lvesborgs Matti Pajaujis. P\u00e5 l\u00f6rdag inleds n\u00e4mligen EM i Iaido i Paris, d\u00e4r Matti \u00e4r en av tio uttagna svenskar.<BR>\u00a0\u00a0 &#8211; Jag har egentligen ingen aning om hur det kommer att g\u00e5, men jag k\u00e4nner mig i god form, s\u00e4ger Pajaujis till budokampsport.se.<\/SPAN><\/STRONG><SPAN style=\"LINE-HEIGHT: 115%; FONT-SIZE: 11pt\"><BR><BR>Det svenska landslaget i Iaido \u00e5ker till Paris i helgen f\u00f6r att t\u00e4vla i EM. Det \u00e4r en trupp p\u00e5 tio deltagare som \u00e5ker till den franska huvudstaden under helgen.<BR><\/p><br>","protected":false},"author":7,"featured_media":0,"comment_status":"closed","ping_status":"closed","sticky":false,"template":"","format":"standard","meta":{"_acf_changed":false,"footnotes":""},"categories":[1],"tags":[],"class_list":["post-2965","post","type-post","status-publish","format-standard","hentry","category-okategoriserade"],"acf":[],"yoast_head":"<!-- This site is optimized with the Yoast SEO plugin v26.8 - https:\/\/yoast.com\/product\/yoast-seo-wordpress\/ -->\n<title>Matti Pajaujis \u00e5ker till Iaido-EM med sp\u00e4nd f\u00f6rv\u00e4ntan - Svenska Budo &amp; Kampsportsf\u00f6rbundet<\/title>\n<meta name=\"description\" content=\"Det blir femte internationella m\u00e4sterskapet f\u00f6r S\u00f6lvesborgs Matti Pajaujis. P\u00e5 l\u00f6rdag inleds n\u00e4mligen EM i Iaido i Paris, d\u00e4r Matti \u00e4r en av tio uttagna svenskar.\u00a0\u00a0 - Jag har egentligen ingen aning om hur det kommer att g\u00e5, men jag k\u00e4nner mig i god form, s\u00e4ger Pajaujis till budokampsport.se.Det svenska landslaget i Iaido \u00e5ker till Paris i helgen f\u00f6r att t\u00e4vla i EM. Det \u00e4r en trupp p\u00e5 tio deltagare som \u00e5ker till den franska huvudstaden under helgen.\" \/>\n<meta name=\"robots\" content=\"index, follow, max-snippet:-1, max-image-preview:large, max-video-preview:-1\" \/>\n<link rel=\"canonical\" href=\"https:\/\/www.budokampsport.se\/2010\/11\/08\/matti-pajaujis-aker-till-iaido-em-med-spand-forvantan\/\" \/>\n<meta property=\"og:locale\" content=\"sv_SE\" \/>\n<meta property=\"og:type\" content=\"article\" \/>\n<meta property=\"og:title\" content=\"Matti Pajaujis \u00e5ker till Iaido-EM med sp\u00e4nd f\u00f6rv\u00e4ntan - Svenska Budo &amp; Kampsportsf\u00f6rbundet\" \/>\n<meta property=\"og:description\" content=\"Det blir femte internationella m\u00e4sterskapet f\u00f6r S\u00f6lvesborgs Matti Pajaujis. P\u00e5 l\u00f6rdag inleds n\u00e4mligen EM i Iaido i Paris, d\u00e4r Matti \u00e4r en av tio uttagna svenskar.\u00a0\u00a0 - Jag har egentligen ingen aning om hur det kommer att g\u00e5, men jag k\u00e4nner mig i god form, s\u00e4ger Pajaujis till budokampsport.se.Det svenska landslaget i Iaido \u00e5ker till Paris i helgen f\u00f6r att t\u00e4vla i EM. Det \u00e4r en trupp p\u00e5 tio deltagare som \u00e5ker till den franska huvudstaden under helgen.\" \/>\n<meta property=\"og:url\" content=\"https:\/\/www.budokampsport.se\/2010\/11\/08\/matti-pajaujis-aker-till-iaido-em-med-spand-forvantan\/\" \/>\n<meta property=\"og:site_name\" content=\"Svenska Budo &amp; Kampsportsf\u00f6rbundet\" \/>\n<meta property=\"article:author\" content=\"https:\/\/www.facebook.com\/jonathan.broberg.7\" \/>\n<meta property=\"article:published_time\" content=\"2010-11-08T14:14:20+00:00\" \/>\n<meta property=\"article:modified_time\" content=\"2016-12-06T21:30:05+00:00\" \/>\n<meta name=\"author\" content=\"Jonathan Broberg\" \/>\n<meta name=\"twitter:card\" content=\"summary_large_image\" \/>\n<meta name=\"twitter:label1\" content=\"Skriven av\" \/>\n\t<meta name=\"twitter:data1\" content=\"Jonathan Broberg\" \/>\n\t<meta name=\"twitter:label2\" content=\"Ber\u00e4knad l\u00e4stid\" \/>\n\t<meta name=\"twitter:data2\" content=\"2 minuter\" \/>\n<script type=\"application\/ld+json\" class=\"yoast-schema-graph\">{\"@context\":\"https:\/\/schema.org\",\"@graph\":[{\"@type\":\"Article\",\"@id\":\"https:\/\/www.budokampsport.se\/2010\/11\/08\/matti-pajaujis-aker-till-iaido-em-med-spand-forvantan\/#article\",\"isPartOf\":{\"@id\":\"https:\/\/www.budokampsport.se\/2010\/11\/08\/matti-pajaujis-aker-till-iaido-em-med-spand-forvantan\/\"},\"author\":{\"name\":\"Jonathan Broberg\",\"@id\":\"https:\/\/www.budokampsport.se\/#\/schema\/person\/5c06d81d14850e2a8ce5493386560145\"},\"headline\":\"Matti Pajaujis \u00e5ker till Iaido-EM med sp\u00e4nd f\u00f6rv\u00e4ntan\",\"datePublished\":\"2010-11-08T14:14:20+00:00\",\"dateModified\":\"2016-12-06T21:30:05+00:00\",\"mainEntityOfPage\":{\"@id\":\"https:\/\/www.budokampsport.se\/2010\/11\/08\/matti-pajaujis-aker-till-iaido-em-med-spand-forvantan\/\"},\"wordCount\":339,\"inLanguage\":\"sv-SE\"},{\"@type\":\"WebPage\",\"@id\":\"https:\/\/www.budokampsport.se\/2010\/11\/08\/matti-pajaujis-aker-till-iaido-em-med-spand-forvantan\/\",\"url\":\"https:\/\/www.budokampsport.se\/2010\/11\/08\/matti-pajaujis-aker-till-iaido-em-med-spand-forvantan\/\",\"name\":\"Matti Pajaujis \u00e5ker till Iaido-EM med sp\u00e4nd f\u00f6rv\u00e4ntan - Svenska Budo &amp; Kampsportsf\u00f6rbundet\",\"isPartOf\":{\"@id\":\"https:\/\/www.budokampsport.se\/#website\"},\"datePublished\":\"2010-11-08T14:14:20+00:00\",\"dateModified\":\"2016-12-06T21:30:05+00:00\",\"author\":{\"@id\":\"https:\/\/www.budokampsport.se\/#\/schema\/person\/5c06d81d14850e2a8ce5493386560145\"},\"description\":\"Det blir femte internationella m\u00e4sterskapet f\u00f6r S\u00f6lvesborgs Matti Pajaujis. P\u00e5 l\u00f6rdag inleds n\u00e4mligen EM i Iaido i Paris, d\u00e4r Matti \u00e4r en av tio uttagna svenskar.\u00a0\u00a0 - Jag har egentligen ingen aning om hur det kommer att g\u00e5, men jag k\u00e4nner mig i god form, s\u00e4ger Pajaujis till budokampsport.se.Det svenska landslaget i Iaido \u00e5ker till Paris i helgen f\u00f6r att t\u00e4vla i EM. Det \u00e4r en trupp p\u00e5 tio deltagare som \u00e5ker till den franska huvudstaden under helgen.\",\"breadcrumb\":{\"@id\":\"https:\/\/www.budokampsport.se\/2010\/11\/08\/matti-pajaujis-aker-till-iaido-em-med-spand-forvantan\/#breadcrumb\"},\"inLanguage\":\"sv-SE\",\"potentialAction\":[{\"@type\":\"ReadAction\",\"target\":[\"https:\/\/www.budokampsport.se\/2010\/11\/08\/matti-pajaujis-aker-till-iaido-em-med-spand-forvantan\/\"]}]},{\"@type\":\"BreadcrumbList\",\"@id\":\"https:\/\/www.budokampsport.se\/2010\/11\/08\/matti-pajaujis-aker-till-iaido-em-med-spand-forvantan\/#breadcrumb\",\"itemListElement\":[{\"@type\":\"ListItem\",\"position\":1,\"name\":\"Hem\",\"item\":\"https:\/\/www.budokampsport.se\/\"},{\"@type\":\"ListItem\",\"position\":2,\"name\":\"Matti Pajaujis \u00e5ker till Iaido-EM med sp\u00e4nd f\u00f6rv\u00e4ntan\"}]},{\"@type\":\"WebSite\",\"@id\":\"https:\/\/www.budokampsport.se\/#website\",\"url\":\"https:\/\/www.budokampsport.se\/\",\"name\":\"Svenska Budo &amp; Kampsportsf\u00f6rbundet\",\"description\":\"T\u00e4vling, Tr\u00e4ning, Tradition\",\"potentialAction\":[{\"@type\":\"SearchAction\",\"target\":{\"@type\":\"EntryPoint\",\"urlTemplate\":\"https:\/\/www.budokampsport.se\/?s={search_term_string}\"},\"query-input\":{\"@type\":\"PropertyValueSpecification\",\"valueRequired\":true,\"valueName\":\"search_term_string\"}}],\"inLanguage\":\"sv-SE\"},{\"@type\":\"Person\",\"@id\":\"https:\/\/www.budokampsport.se\/#\/schema\/person\/5c06d81d14850e2a8ce5493386560145\",\"name\":\"Jonathan Broberg\",\"image\":{\"@type\":\"ImageObject\",\"inLanguage\":\"sv-SE\",\"@id\":\"https:\/\/www.budokampsport.se\/#\/schema\/person\/image\/\",\"url\":\"https:\/\/secure.gravatar.com\/avatar\/a58041c6cea9128bd9c40ee2f26d4136?s=96&d=blank&r=g\",\"contentUrl\":\"https:\/\/secure.gravatar.com\/avatar\/a58041c6cea9128bd9c40ee2f26d4136?s=96&d=blank&r=g\",\"caption\":\"Jonathan Broberg\"},\"sameAs\":[\"https:\/\/www.facebook.com\/jonathan.broberg.7\"],\"url\":\"https:\/\/www.budokampsport.se\/author\/jonathan\/\"}]}<\/script>\n<!-- \/ Yoast SEO plugin. -->","yoast_head_json":{"title":"Matti Pajaujis \u00e5ker till Iaido-EM med sp\u00e4nd f\u00f6rv\u00e4ntan - Svenska Budo &amp; Kampsportsf\u00f6rbundet","description":"Det blir femte internationella m\u00e4sterskapet f\u00f6r S\u00f6lvesborgs Matti Pajaujis. P\u00e5 l\u00f6rdag inleds n\u00e4mligen EM i Iaido i Paris, d\u00e4r Matti \u00e4r en av tio uttagna svenskar.\u00a0\u00a0 - Jag har egentligen ingen aning om hur det kommer att g\u00e5, men jag k\u00e4nner mig i god form, s\u00e4ger Pajaujis till budokampsport.se.Det svenska landslaget i Iaido \u00e5ker till Paris i helgen f\u00f6r att t\u00e4vla i EM. Det \u00e4r en trupp p\u00e5 tio deltagare som \u00e5ker till den franska huvudstaden under helgen.","robots":{"index":"index","follow":"follow","max-snippet":"max-snippet:-1","max-image-preview":"max-image-preview:large","max-video-preview":"max-video-preview:-1"},"canonical":"https:\/\/www.budokampsport.se\/2010\/11\/08\/matti-pajaujis-aker-till-iaido-em-med-spand-forvantan\/","og_locale":"sv_SE","og_type":"article","og_title":"Matti Pajaujis \u00e5ker till Iaido-EM med sp\u00e4nd f\u00f6rv\u00e4ntan - Svenska Budo &amp; Kampsportsf\u00f6rbundet","og_description":"Det blir femte internationella m\u00e4sterskapet f\u00f6r S\u00f6lvesborgs Matti Pajaujis. P\u00e5 l\u00f6rdag inleds n\u00e4mligen EM i Iaido i Paris, d\u00e4r Matti \u00e4r en av tio uttagna svenskar.\u00a0\u00a0 - Jag har egentligen ingen aning om hur det kommer att g\u00e5, men jag k\u00e4nner mig i god form, s\u00e4ger Pajaujis till budokampsport.se.Det svenska landslaget i Iaido \u00e5ker till Paris i helgen f\u00f6r att t\u00e4vla i EM. Det \u00e4r en trupp p\u00e5 tio deltagare som \u00e5ker till den franska huvudstaden under helgen.","og_url":"https:\/\/www.budokampsport.se\/2010\/11\/08\/matti-pajaujis-aker-till-iaido-em-med-spand-forvantan\/","og_site_name":"Svenska Budo &amp; Kampsportsf\u00f6rbundet","article_author":"https:\/\/www.facebook.com\/jonathan.broberg.7","article_published_time":"2010-11-08T14:14:20+00:00","article_modified_time":"2016-12-06T21:30:05+00:00","author":"Jonathan Broberg","twitter_card":"summary_large_image","twitter_misc":{"Skriven av":"Jonathan Broberg","Ber\u00e4knad l\u00e4stid":"2 minuter"},"schema":{"@context":"https:\/\/schema.org","@graph":[{"@type":"Article","@id":"https:\/\/www.budokampsport.se\/2010\/11\/08\/matti-pajaujis-aker-till-iaido-em-med-spand-forvantan\/#article","isPartOf":{"@id":"https:\/\/www.budokampsport.se\/2010\/11\/08\/matti-pajaujis-aker-till-iaido-em-med-spand-forvantan\/"},"author":{"name":"Jonathan Broberg","@id":"https:\/\/www.budokampsport.se\/#\/schema\/person\/5c06d81d14850e2a8ce5493386560145"},"headline":"Matti Pajaujis \u00e5ker till Iaido-EM med sp\u00e4nd f\u00f6rv\u00e4ntan","datePublished":"2010-11-08T14:14:20+00:00","dateModified":"2016-12-06T21:30:05+00:00","mainEntityOfPage":{"@id":"https:\/\/www.budokampsport.se\/2010\/11\/08\/matti-pajaujis-aker-till-iaido-em-med-spand-forvantan\/"},"wordCount":339,"inLanguage":"sv-SE"},{"@type":"WebPage","@id":"https:\/\/www.budokampsport.se\/2010\/11\/08\/matti-pajaujis-aker-till-iaido-em-med-spand-forvantan\/","url":"https:\/\/www.budokampsport.se\/2010\/11\/08\/matti-pajaujis-aker-till-iaido-em-med-spand-forvantan\/","name":"Matti Pajaujis \u00e5ker till Iaido-EM med sp\u00e4nd f\u00f6rv\u00e4ntan - Svenska Budo &amp; Kampsportsf\u00f6rbundet","isPartOf":{"@id":"https:\/\/www.budokampsport.se\/#website"},"datePublished":"2010-11-08T14:14:20+00:00","dateModified":"2016-12-06T21:30:05+00:00","author":{"@id":"https:\/\/www.budokampsport.se\/#\/schema\/person\/5c06d81d14850e2a8ce5493386560145"},"description":"Det blir femte internationella m\u00e4sterskapet f\u00f6r S\u00f6lvesborgs Matti Pajaujis. P\u00e5 l\u00f6rdag inleds n\u00e4mligen EM i Iaido i Paris, d\u00e4r Matti \u00e4r en av tio uttagna svenskar.\u00a0\u00a0 - Jag har egentligen ingen aning om hur det kommer att g\u00e5, men jag k\u00e4nner mig i god form, s\u00e4ger Pajaujis till budokampsport.se.Det svenska landslaget i Iaido \u00e5ker till Paris i helgen f\u00f6r att t\u00e4vla i EM. Det \u00e4r en trupp p\u00e5 tio deltagare som \u00e5ker till den franska huvudstaden under helgen.","breadcrumb":{"@id":"https:\/\/www.budokampsport.se\/2010\/11\/08\/matti-pajaujis-aker-till-iaido-em-med-spand-forvantan\/#breadcrumb"},"inLanguage":"sv-SE","potentialAction":[{"@type":"ReadAction","target":["https:\/\/www.budokampsport.se\/2010\/11\/08\/matti-pajaujis-aker-till-iaido-em-med-spand-forvantan\/"]}]},{"@type":"BreadcrumbList","@id":"https:\/\/www.budokampsport.se\/2010\/11\/08\/matti-pajaujis-aker-till-iaido-em-med-spand-forvantan\/#breadcrumb","itemListElement":[{"@type":"ListItem","position":1,"name":"Hem","item":"https:\/\/www.budokampsport.se\/"},{"@type":"ListItem","position":2,"name":"Matti Pajaujis \u00e5ker till Iaido-EM med sp\u00e4nd f\u00f6rv\u00e4ntan"}]},{"@type":"WebSite","@id":"https:\/\/www.budokampsport.se\/#website","url":"https:\/\/www.budokampsport.se\/","name":"Svenska Budo &amp; Kampsportsf\u00f6rbundet","description":"T\u00e4vling, Tr\u00e4ning, Tradition","potentialAction":[{"@type":"SearchAction","target":{"@type":"EntryPoint","urlTemplate":"https:\/\/www.budokampsport.se\/?s={search_term_string}"},"query-input":{"@type":"PropertyValueSpecification","valueRequired":true,"valueName":"search_term_string"}}],"inLanguage":"sv-SE"},{"@type":"Person","@id":"https:\/\/www.budokampsport.se\/#\/schema\/person\/5c06d81d14850e2a8ce5493386560145","name":"Jonathan Broberg","image":{"@type":"ImageObject","inLanguage":"sv-SE","@id":"https:\/\/www.budokampsport.se\/#\/schema\/person\/image\/","url":"https:\/\/secure.gravatar.com\/avatar\/a58041c6cea9128bd9c40ee2f26d4136?s=96&d=blank&r=g","contentUrl":"https:\/\/secure.gravatar.com\/avatar\/a58041c6cea9128bd9c40ee2f26d4136?s=96&d=blank&r=g","caption":"Jonathan Broberg"},"sameAs":["https:\/\/www.facebook.com\/jonathan.broberg.7"],"url":"https:\/\/www.budokampsport.se\/author\/jonathan\/"}]}},"_links":{"self":[{"href":"https:\/\/www.budokampsport.se\/api\/wp\/v2\/posts\/2965","targetHints":{"allow":["GET"]}}],"collection":[{"href":"https:\/\/www.budokampsport.se\/api\/wp\/v2\/posts"}],"about":[{"href":"https:\/\/www.budokampsport.se\/api\/wp\/v2\/types\/post"}],"author":[{"embeddable":true,"href":"https:\/\/www.budokampsport.se\/api\/wp\/v2\/users\/7"}],"replies":[{"embeddable":true,"href":"https:\/\/www.budokampsport.se\/api\/wp\/v2\/comments?post=2965"}],"version-history":[{"count":0,"href":"https:\/\/www.budokampsport.se\/api\/wp\/v2\/posts\/2965\/revisions"}],"wp:attachment":[{"href":"https:\/\/www.budokampsport.se\/api\/wp\/v2\/media?parent=2965"}],"wp:term":[{"taxonomy":"category","embeddable":true,"href":"https:\/\/www.budokampsport.se\/api\/wp\/v2\/categories?post=2965"},{"taxonomy":"post_tag","embeddable":true,"href":"https:\/\/www.budokampsport.se\/api\/wp\/v2\/tags?post=2965"}],"curies":[{"name":"wp","href":"https:\/\/api.w.org\/{rel}","templated":true}]}}