{"id":2984,"date":"2009-08-12T12:44:28","date_gmt":"2009-08-12T10:44:28","guid":{"rendered":"http:\/\/budo.wordpress.dev\/2009\/08\/12\/dags-for-karate-i-os\/"},"modified":"2016-12-06T22:30:09","modified_gmt":"2016-12-06T21:30:09","slug":"dags-for-karate-i-os","status":"publish","type":"post","link":"https:\/\/www.budokampsport.se\/2009\/08\/12\/dags-for-karate-i-os\/","title":{"rendered":"Dags f\u00f6r karate i OS?"},"content":{"rendered":"<p><strong><img loading=\"lazy\" decoding=\"async\" height=\"204\" alt=\"\" width=\"135\" align=\"right\" src=\"\/sites\/default\/files\/os_karate.jpg\" \/>I morgon, torsdag, kommer ett beslut om tv\u00e5 idrotter som kan f\u00e5 olympisk status. Som de flesta s\u00e4kert redan k\u00e4nner till har karate ans\u00f6kt om olympiskt deltagande vid sommar-OS 2016. Enligt en unders\u00f6kning gjord av International Sports Press Association ligger karate mycket bra till f\u00f6r det.<\/strong><\/p>\n<p> Till sommar-OS 2016\u00a0kan tv\u00e5 nya olympiska idrotter f\u00e5 f\u00f6lja med. Under morgondagen (torsdag) l\u00e4mnas beslut om vilka det blir. F\u00f6r tillf\u00e4llet finns sju kandidater: karate, rugby, golf, squash, baseball, softball och roller sports. Tv\u00e5 av dessa idrotter \u201dg\u00e5r vidare\u201d och\u00a0definitivt beslut om att f\u00e5 OS-status eller inte fattas vid en kongress i K\u00f6penhamn senare under h\u00f6sten.<\/p>\n<p> <!--break--> <\/p>\n<p> <strong>OS-status &#8211; ov\u00e4rderligt<\/strong><br \/> International Sports Press Association har gjort en unders\u00f6kning bland 305 journalister fr\u00e5n 85 l\u00e4nder. Journalisterna har tyckt till om vilka tv\u00e5 idrotter som de tror och hoppas ska f\u00e5 OS-status. I topp ligger \u2013 karate. T\u00e4tt f\u00f6ljt, b\u00f6r n\u00e4mnas, av rugby och golf. Karate har f\u00e5tt lite drygt 20 % av r\u00f6sterna. <\/p>\n<p> Karatef\u00f6rbundets ordf\u00f6rande Urban Andersson \u00e4r mycket sp\u00e4nd p\u00e5 det beslut som kommer under torsdagen.<br \/> \u00a0\u00a0 &#8211; Sj\u00e4lvklart. Att f\u00e5 m\u00f6jlighet och vara med i OS \u00e4r egentligen ov\u00e4rderligt f\u00f6r oss. Ett s\u00e5dant medverkande skulle betyda att statusen p\u00e5 karate h\u00f6js. I\u00a0f\u00f6rl\u00e4ngningen kan det inneb\u00e4ra att fler b\u00f6rjar med karare, vi f\u00e5r mer uppm\u00e4rksamhet massmedialt och, ja, det \u00e4r bara f\u00f6rdelar.<\/p>\n<p> I morgon klockan 15.00 h\u00e5lls en presskonferens d\u00e4r idrotterna som \u201dg\u00e5r vidare\u201d presenteras.<\/p>\n<p>Text: Jonathan Broberg<\/p>\n","protected":false},"excerpt":{"rendered":"<p><strong><img loading=\"lazy\" decoding=\"async\" height=\"204\" alt=\"\" width=\"135\" align=\"right\" src=\"\/sites\/default\/files\/os_karate.jpg\" \/>I morgon, torsdag, kommer ett beslut om tv\u00e5 idrotter som kan f\u00e5 olympisk status. Som de flesta s\u00e4kert redan k\u00e4nner till har karate ans\u00f6kt om olympiskt deltagande vid sommar-OS 2016. Enligt en unders\u00f6kning gjord av International Sports Press Association ligger karate mycket bra till f\u00f6r det.<\/strong><\/p><br><p>Till sommar-OS 2016\u00a0kan tv\u00e5 nya olympiska idrotter f\u00e5 f\u00f6lja med. Under morgondagen (torsdag) l\u00e4mnas beslut om vilka det blir. F\u00f6r tillf\u00e4llet finns sju kandidater: karate, rugby, golf, squash, baseball, softball och roller sports. Tv\u00e5 av dessa idrotter \u201dg\u00e5r vidare\u201d och\u00a0definitivt beslut om att f\u00e5 OS-status eller inte fattas vid en kongress i K\u00f6penhamn senare under h\u00f6sten.<\/p><br>","protected":false},"author":7,"featured_media":0,"comment_status":"closed","ping_status":"closed","sticky":false,"template":"","format":"standard","meta":{"_acf_changed":false,"footnotes":""},"categories":[1],"tags":[],"class_list":["post-2984","post","type-post","status-publish","format-standard","hentry","category-okategoriserade"],"acf":[],"yoast_head":"<!-- This site is optimized with the Yoast SEO plugin v26.8 - https:\/\/yoast.com\/product\/yoast-seo-wordpress\/ -->\n<title>Dags f\u00f6r karate i OS? - Svenska Budo &amp; Kampsportsf\u00f6rbundet<\/title>\n<meta name=\"description\" content=\"I morgon, torsdag, kommer ett beslut om tv\u00e5 idrotter som kan f\u00e5 olympisk status. Som de flesta s\u00e4kert redan k\u00e4nner till har karate ans\u00f6kt om olympiskt deltagande vid sommar-OS 2016. Enligt en unders\u00f6kning gjord av International Sports Press Association ligger karate mycket bra till f\u00f6r det. Till sommar-OS 2016\u00a0kan tv\u00e5 nya olympiska idrotter f\u00e5 f\u00f6lja med. Under morgondagen (torsdag) l\u00e4mnas beslut om vilka det blir. F\u00f6r tillf\u00e4llet finns sju kandidater: karate, rugby, golf, squash, baseball, softball och roller sports. Tv\u00e5 av dessa idrotter \u201dg\u00e5r vidare\u201d och\u00a0definitivt beslut om att f\u00e5 OS-status eller inte fattas vid en kongress i K\u00f6penhamn senare under h\u00f6sten.\" \/>\n<meta name=\"robots\" content=\"index, follow, max-snippet:-1, max-image-preview:large, max-video-preview:-1\" \/>\n<link rel=\"canonical\" href=\"https:\/\/www.budokampsport.se\/2009\/08\/12\/dags-for-karate-i-os\/\" \/>\n<meta property=\"og:locale\" content=\"sv_SE\" \/>\n<meta property=\"og:type\" content=\"article\" \/>\n<meta property=\"og:title\" content=\"Dags f\u00f6r karate i OS? - Svenska Budo &amp; Kampsportsf\u00f6rbundet\" \/>\n<meta property=\"og:description\" content=\"I morgon, torsdag, kommer ett beslut om tv\u00e5 idrotter som kan f\u00e5 olympisk status. Som de flesta s\u00e4kert redan k\u00e4nner till har karate ans\u00f6kt om olympiskt deltagande vid sommar-OS 2016. Enligt en unders\u00f6kning gjord av International Sports Press Association ligger karate mycket bra till f\u00f6r det. Till sommar-OS 2016\u00a0kan tv\u00e5 nya olympiska idrotter f\u00e5 f\u00f6lja med. Under morgondagen (torsdag) l\u00e4mnas beslut om vilka det blir. F\u00f6r tillf\u00e4llet finns sju kandidater: karate, rugby, golf, squash, baseball, softball och roller sports. Tv\u00e5 av dessa idrotter \u201dg\u00e5r vidare\u201d och\u00a0definitivt beslut om att f\u00e5 OS-status eller inte fattas vid en kongress i K\u00f6penhamn senare under h\u00f6sten.\" \/>\n<meta property=\"og:url\" content=\"https:\/\/www.budokampsport.se\/2009\/08\/12\/dags-for-karate-i-os\/\" \/>\n<meta property=\"og:site_name\" content=\"Svenska Budo &amp; Kampsportsf\u00f6rbundet\" \/>\n<meta property=\"article:author\" content=\"https:\/\/www.facebook.com\/jonathan.broberg.7\" \/>\n<meta property=\"article:published_time\" content=\"2009-08-12T10:44:28+00:00\" \/>\n<meta property=\"article:modified_time\" content=\"2016-12-06T21:30:09+00:00\" \/>\n<meta name=\"author\" content=\"Jonathan Broberg\" \/>\n<meta name=\"twitter:card\" content=\"summary_large_image\" \/>\n<meta name=\"twitter:label1\" content=\"Skriven av\" \/>\n\t<meta name=\"twitter:data1\" content=\"Jonathan Broberg\" \/>\n\t<meta name=\"twitter:label2\" content=\"Ber\u00e4knad l\u00e4stid\" \/>\n\t<meta name=\"twitter:data2\" content=\"1 minut\" \/>\n<script type=\"application\/ld+json\" class=\"yoast-schema-graph\">{\"@context\":\"https:\/\/schema.org\",\"@graph\":[{\"@type\":\"Article\",\"@id\":\"https:\/\/www.budokampsport.se\/2009\/08\/12\/dags-for-karate-i-os\/#article\",\"isPartOf\":{\"@id\":\"https:\/\/www.budokampsport.se\/2009\/08\/12\/dags-for-karate-i-os\/\"},\"author\":{\"name\":\"Jonathan Broberg\",\"@id\":\"https:\/\/www.budokampsport.se\/#\/schema\/person\/5c06d81d14850e2a8ce5493386560145\"},\"headline\":\"Dags f\u00f6r karate i OS?\",\"datePublished\":\"2009-08-12T10:44:28+00:00\",\"dateModified\":\"2016-12-06T21:30:09+00:00\",\"mainEntityOfPage\":{\"@id\":\"https:\/\/www.budokampsport.se\/2009\/08\/12\/dags-for-karate-i-os\/\"},\"wordCount\":274,\"inLanguage\":\"sv-SE\"},{\"@type\":\"WebPage\",\"@id\":\"https:\/\/www.budokampsport.se\/2009\/08\/12\/dags-for-karate-i-os\/\",\"url\":\"https:\/\/www.budokampsport.se\/2009\/08\/12\/dags-for-karate-i-os\/\",\"name\":\"Dags f\u00f6r karate i OS? - Svenska Budo &amp; Kampsportsf\u00f6rbundet\",\"isPartOf\":{\"@id\":\"https:\/\/www.budokampsport.se\/#website\"},\"datePublished\":\"2009-08-12T10:44:28+00:00\",\"dateModified\":\"2016-12-06T21:30:09+00:00\",\"author\":{\"@id\":\"https:\/\/www.budokampsport.se\/#\/schema\/person\/5c06d81d14850e2a8ce5493386560145\"},\"description\":\"I morgon, torsdag, kommer ett beslut om tv\u00e5 idrotter som kan f\u00e5 olympisk status. Som de flesta s\u00e4kert redan k\u00e4nner till har karate ans\u00f6kt om olympiskt deltagande vid sommar-OS 2016. Enligt en unders\u00f6kning gjord av International Sports Press Association ligger karate mycket bra till f\u00f6r det. Till sommar-OS 2016\u00a0kan tv\u00e5 nya olympiska idrotter f\u00e5 f\u00f6lja med. Under morgondagen (torsdag) l\u00e4mnas beslut om vilka det blir. F\u00f6r tillf\u00e4llet finns sju kandidater: karate, rugby, golf, squash, baseball, softball och roller sports. Tv\u00e5 av dessa idrotter \u201dg\u00e5r vidare\u201d och\u00a0definitivt beslut om att f\u00e5 OS-status eller inte fattas vid en kongress i K\u00f6penhamn senare under h\u00f6sten.\",\"breadcrumb\":{\"@id\":\"https:\/\/www.budokampsport.se\/2009\/08\/12\/dags-for-karate-i-os\/#breadcrumb\"},\"inLanguage\":\"sv-SE\",\"potentialAction\":[{\"@type\":\"ReadAction\",\"target\":[\"https:\/\/www.budokampsport.se\/2009\/08\/12\/dags-for-karate-i-os\/\"]}]},{\"@type\":\"BreadcrumbList\",\"@id\":\"https:\/\/www.budokampsport.se\/2009\/08\/12\/dags-for-karate-i-os\/#breadcrumb\",\"itemListElement\":[{\"@type\":\"ListItem\",\"position\":1,\"name\":\"Hem\",\"item\":\"https:\/\/www.budokampsport.se\/\"},{\"@type\":\"ListItem\",\"position\":2,\"name\":\"Dags f\u00f6r karate i OS?\"}]},{\"@type\":\"WebSite\",\"@id\":\"https:\/\/www.budokampsport.se\/#website\",\"url\":\"https:\/\/www.budokampsport.se\/\",\"name\":\"Svenska Budo &amp; Kampsportsf\u00f6rbundet\",\"description\":\"T\u00e4vling, Tr\u00e4ning, Tradition\",\"potentialAction\":[{\"@type\":\"SearchAction\",\"target\":{\"@type\":\"EntryPoint\",\"urlTemplate\":\"https:\/\/www.budokampsport.se\/?s={search_term_string}\"},\"query-input\":{\"@type\":\"PropertyValueSpecification\",\"valueRequired\":true,\"valueName\":\"search_term_string\"}}],\"inLanguage\":\"sv-SE\"},{\"@type\":\"Person\",\"@id\":\"https:\/\/www.budokampsport.se\/#\/schema\/person\/5c06d81d14850e2a8ce5493386560145\",\"name\":\"Jonathan Broberg\",\"image\":{\"@type\":\"ImageObject\",\"inLanguage\":\"sv-SE\",\"@id\":\"https:\/\/www.budokampsport.se\/#\/schema\/person\/image\/\",\"url\":\"https:\/\/secure.gravatar.com\/avatar\/a58041c6cea9128bd9c40ee2f26d4136?s=96&d=blank&r=g\",\"contentUrl\":\"https:\/\/secure.gravatar.com\/avatar\/a58041c6cea9128bd9c40ee2f26d4136?s=96&d=blank&r=g\",\"caption\":\"Jonathan Broberg\"},\"sameAs\":[\"https:\/\/www.facebook.com\/jonathan.broberg.7\"],\"url\":\"https:\/\/www.budokampsport.se\/author\/jonathan\/\"}]}<\/script>\n<!-- \/ Yoast SEO plugin. -->","yoast_head_json":{"title":"Dags f\u00f6r karate i OS? - Svenska Budo &amp; Kampsportsf\u00f6rbundet","description":"I morgon, torsdag, kommer ett beslut om tv\u00e5 idrotter som kan f\u00e5 olympisk status. Som de flesta s\u00e4kert redan k\u00e4nner till har karate ans\u00f6kt om olympiskt deltagande vid sommar-OS 2016. Enligt en unders\u00f6kning gjord av International Sports Press Association ligger karate mycket bra till f\u00f6r det. Till sommar-OS 2016\u00a0kan tv\u00e5 nya olympiska idrotter f\u00e5 f\u00f6lja med. Under morgondagen (torsdag) l\u00e4mnas beslut om vilka det blir. F\u00f6r tillf\u00e4llet finns sju kandidater: karate, rugby, golf, squash, baseball, softball och roller sports. Tv\u00e5 av dessa idrotter \u201dg\u00e5r vidare\u201d och\u00a0definitivt beslut om att f\u00e5 OS-status eller inte fattas vid en kongress i K\u00f6penhamn senare under h\u00f6sten.","robots":{"index":"index","follow":"follow","max-snippet":"max-snippet:-1","max-image-preview":"max-image-preview:large","max-video-preview":"max-video-preview:-1"},"canonical":"https:\/\/www.budokampsport.se\/2009\/08\/12\/dags-for-karate-i-os\/","og_locale":"sv_SE","og_type":"article","og_title":"Dags f\u00f6r karate i OS? - Svenska Budo &amp; Kampsportsf\u00f6rbundet","og_description":"I morgon, torsdag, kommer ett beslut om tv\u00e5 idrotter som kan f\u00e5 olympisk status. Som de flesta s\u00e4kert redan k\u00e4nner till har karate ans\u00f6kt om olympiskt deltagande vid sommar-OS 2016. Enligt en unders\u00f6kning gjord av International Sports Press Association ligger karate mycket bra till f\u00f6r det. Till sommar-OS 2016\u00a0kan tv\u00e5 nya olympiska idrotter f\u00e5 f\u00f6lja med. Under morgondagen (torsdag) l\u00e4mnas beslut om vilka det blir. F\u00f6r tillf\u00e4llet finns sju kandidater: karate, rugby, golf, squash, baseball, softball och roller sports. Tv\u00e5 av dessa idrotter \u201dg\u00e5r vidare\u201d och\u00a0definitivt beslut om att f\u00e5 OS-status eller inte fattas vid en kongress i K\u00f6penhamn senare under h\u00f6sten.","og_url":"https:\/\/www.budokampsport.se\/2009\/08\/12\/dags-for-karate-i-os\/","og_site_name":"Svenska Budo &amp; Kampsportsf\u00f6rbundet","article_author":"https:\/\/www.facebook.com\/jonathan.broberg.7","article_published_time":"2009-08-12T10:44:28+00:00","article_modified_time":"2016-12-06T21:30:09+00:00","author":"Jonathan Broberg","twitter_card":"summary_large_image","twitter_misc":{"Skriven av":"Jonathan Broberg","Ber\u00e4knad l\u00e4stid":"1 minut"},"schema":{"@context":"https:\/\/schema.org","@graph":[{"@type":"Article","@id":"https:\/\/www.budokampsport.se\/2009\/08\/12\/dags-for-karate-i-os\/#article","isPartOf":{"@id":"https:\/\/www.budokampsport.se\/2009\/08\/12\/dags-for-karate-i-os\/"},"author":{"name":"Jonathan Broberg","@id":"https:\/\/www.budokampsport.se\/#\/schema\/person\/5c06d81d14850e2a8ce5493386560145"},"headline":"Dags f\u00f6r karate i OS?","datePublished":"2009-08-12T10:44:28+00:00","dateModified":"2016-12-06T21:30:09+00:00","mainEntityOfPage":{"@id":"https:\/\/www.budokampsport.se\/2009\/08\/12\/dags-for-karate-i-os\/"},"wordCount":274,"inLanguage":"sv-SE"},{"@type":"WebPage","@id":"https:\/\/www.budokampsport.se\/2009\/08\/12\/dags-for-karate-i-os\/","url":"https:\/\/www.budokampsport.se\/2009\/08\/12\/dags-for-karate-i-os\/","name":"Dags f\u00f6r karate i OS? - Svenska Budo &amp; Kampsportsf\u00f6rbundet","isPartOf":{"@id":"https:\/\/www.budokampsport.se\/#website"},"datePublished":"2009-08-12T10:44:28+00:00","dateModified":"2016-12-06T21:30:09+00:00","author":{"@id":"https:\/\/www.budokampsport.se\/#\/schema\/person\/5c06d81d14850e2a8ce5493386560145"},"description":"I morgon, torsdag, kommer ett beslut om tv\u00e5 idrotter som kan f\u00e5 olympisk status. Som de flesta s\u00e4kert redan k\u00e4nner till har karate ans\u00f6kt om olympiskt deltagande vid sommar-OS 2016. Enligt en unders\u00f6kning gjord av International Sports Press Association ligger karate mycket bra till f\u00f6r det. Till sommar-OS 2016\u00a0kan tv\u00e5 nya olympiska idrotter f\u00e5 f\u00f6lja med. Under morgondagen (torsdag) l\u00e4mnas beslut om vilka det blir. F\u00f6r tillf\u00e4llet finns sju kandidater: karate, rugby, golf, squash, baseball, softball och roller sports. Tv\u00e5 av dessa idrotter \u201dg\u00e5r vidare\u201d och\u00a0definitivt beslut om att f\u00e5 OS-status eller inte fattas vid en kongress i K\u00f6penhamn senare under h\u00f6sten.","breadcrumb":{"@id":"https:\/\/www.budokampsport.se\/2009\/08\/12\/dags-for-karate-i-os\/#breadcrumb"},"inLanguage":"sv-SE","potentialAction":[{"@type":"ReadAction","target":["https:\/\/www.budokampsport.se\/2009\/08\/12\/dags-for-karate-i-os\/"]}]},{"@type":"BreadcrumbList","@id":"https:\/\/www.budokampsport.se\/2009\/08\/12\/dags-for-karate-i-os\/#breadcrumb","itemListElement":[{"@type":"ListItem","position":1,"name":"Hem","item":"https:\/\/www.budokampsport.se\/"},{"@type":"ListItem","position":2,"name":"Dags f\u00f6r karate i OS?"}]},{"@type":"WebSite","@id":"https:\/\/www.budokampsport.se\/#website","url":"https:\/\/www.budokampsport.se\/","name":"Svenska Budo &amp; Kampsportsf\u00f6rbundet","description":"T\u00e4vling, Tr\u00e4ning, Tradition","potentialAction":[{"@type":"SearchAction","target":{"@type":"EntryPoint","urlTemplate":"https:\/\/www.budokampsport.se\/?s={search_term_string}"},"query-input":{"@type":"PropertyValueSpecification","valueRequired":true,"valueName":"search_term_string"}}],"inLanguage":"sv-SE"},{"@type":"Person","@id":"https:\/\/www.budokampsport.se\/#\/schema\/person\/5c06d81d14850e2a8ce5493386560145","name":"Jonathan Broberg","image":{"@type":"ImageObject","inLanguage":"sv-SE","@id":"https:\/\/www.budokampsport.se\/#\/schema\/person\/image\/","url":"https:\/\/secure.gravatar.com\/avatar\/a58041c6cea9128bd9c40ee2f26d4136?s=96&d=blank&r=g","contentUrl":"https:\/\/secure.gravatar.com\/avatar\/a58041c6cea9128bd9c40ee2f26d4136?s=96&d=blank&r=g","caption":"Jonathan Broberg"},"sameAs":["https:\/\/www.facebook.com\/jonathan.broberg.7"],"url":"https:\/\/www.budokampsport.se\/author\/jonathan\/"}]}},"_links":{"self":[{"href":"https:\/\/www.budokampsport.se\/api\/wp\/v2\/posts\/2984","targetHints":{"allow":["GET"]}}],"collection":[{"href":"https:\/\/www.budokampsport.se\/api\/wp\/v2\/posts"}],"about":[{"href":"https:\/\/www.budokampsport.se\/api\/wp\/v2\/types\/post"}],"author":[{"embeddable":true,"href":"https:\/\/www.budokampsport.se\/api\/wp\/v2\/users\/7"}],"replies":[{"embeddable":true,"href":"https:\/\/www.budokampsport.se\/api\/wp\/v2\/comments?post=2984"}],"version-history":[{"count":0,"href":"https:\/\/www.budokampsport.se\/api\/wp\/v2\/posts\/2984\/revisions"}],"wp:attachment":[{"href":"https:\/\/www.budokampsport.se\/api\/wp\/v2\/media?parent=2984"}],"wp:term":[{"taxonomy":"category","embeddable":true,"href":"https:\/\/www.budokampsport.se\/api\/wp\/v2\/categories?post=2984"},{"taxonomy":"post_tag","embeddable":true,"href":"https:\/\/www.budokampsport.se\/api\/wp\/v2\/tags?post=2984"}],"curies":[{"name":"wp","href":"https:\/\/api.w.org\/{rel}","templated":true}]}}