{"id":3022,"date":"2009-09-19T07:50:12","date_gmt":"2009-09-19T05:50:12","guid":{"rendered":"http:\/\/budo.wordpress.dev\/2009\/09\/19\/just-nu-karate-sm-ar-invigt\/"},"modified":"2016-12-06T22:30:17","modified_gmt":"2016-12-06T21:30:17","slug":"just-nu-karate-sm-ar-invigt","status":"publish","type":"post","link":"https:\/\/www.budokampsport.se\/2009\/09\/19\/just-nu-karate-sm-ar-invigt\/","title":{"rendered":"Just nu: Karate-SM \u00e4r invigt"},"content":{"rendered":"<p><P><STRONG><IMG height=159 alt=\"\" src=\"http:\/\/www.budo.se\/sites\/default\/files\/sm-003.jpg\" width=275 align=right>S\u00e5 \u00e4r d\u00e5 karate-SM formellt ig\u00e5ng. Budokampsport.se finns p\u00e5 plats under helgen f\u00f6r att f\u00f6lja m\u00e4sterskapet som p\u00e5 f\u00f6rhand ser ut som en av de starkaste t\u00e4vlingarna p\u00e5 v\u00e4ldigt l\u00e4nge.<BR><\/STRONG><BR>1973 arrangerades SM i Valhallahallen senast. Det blev en klassiker som det fortfarande pratas om i karatekretsar. \u00c5rets t\u00e4vling har ocks\u00e5 m\u00f6jlighet att bli en \u201dsnackis\u201d.<BR><!--break--><BR>Nu \u00e4r ocks\u00e5 formellt SM i g\u00e5ng och s\u00e5 h\u00e4r ser det ut just nu i hallen, d\u00e4r sp\u00e4nning v\u00e4xlas med f\u00f6rv\u00e4ntan just nu. F\u00f6rst ut p\u00e5 programmet \u00e4r kata f\u00f6r tjejer.<BR><BR>F\u00f6r er som inte kan f\u00e5 nog av karaten direkts\u00e4nds evenemanget p\u00e5 webben. S\u00e4ndningarna \u00e4r gratis och du f\u00f6ljer dessa p\u00e5 <A href=\"http:\/\/www.svenskkarate.tv\/\">www.svenskkarate.tv<\/A>.<\/P> <P>Text: Jonathan Broberg<BR><BR>\u00a0<\/P><\/p>\n","protected":false},"excerpt":{"rendered":"<p><P><STRONG><IMG height=159 alt=\"\" src=\"http:\/\/www.budo.se\/sites\/default\/files\/sm-003.jpg\" width=275 align=right>S\u00e5 \u00e4r d\u00e5 karate-SM formellt ig\u00e5ng. Budokampsport.se finns p\u00e5 plats under helgen f\u00f6r att f\u00f6lja m\u00e4sterskapet som p\u00e5 f\u00f6rhand ser ut som en av de starkaste t\u00e4vlingarna p\u00e5 v\u00e4ldigt l\u00e4nge.<BR><\/STRONG><BR>1973 arrangerades SM i Valhallahallen senast. Det blev en klassiker som det fortfarande pratas om i karatekretsar. \u00c5rets t\u00e4vling har ocks\u00e5 m\u00f6jlighet att bli en \u201dsnackis\u201d.<BR><\/p><br>","protected":false},"author":7,"featured_media":0,"comment_status":"closed","ping_status":"closed","sticky":false,"template":"","format":"standard","meta":{"_acf_changed":false,"footnotes":""},"categories":[1],"tags":[],"class_list":["post-3022","post","type-post","status-publish","format-standard","hentry","category-okategoriserade"],"acf":[],"yoast_head":"<!-- This site is optimized with the Yoast SEO plugin v26.8 - https:\/\/yoast.com\/product\/yoast-seo-wordpress\/ -->\n<title>Just nu: Karate-SM \u00e4r invigt - Svenska Budo &amp; Kampsportsf\u00f6rbundet<\/title>\n<meta name=\"description\" content=\"S\u00e5 \u00e4r d\u00e5 karate-SM formellt ig\u00e5ng. Budokampsport.se finns p\u00e5 plats under helgen f\u00f6r att f\u00f6lja m\u00e4sterskapet som p\u00e5 f\u00f6rhand ser ut som en av de starkaste t\u00e4vlingarna p\u00e5 v\u00e4ldigt l\u00e4nge.1973 arrangerades SM i Valhallahallen senast. Det blev en klassiker som det fortfarande pratas om i karatekretsar. \u00c5rets t\u00e4vling har ocks\u00e5 m\u00f6jlighet att bli en \u201dsnackis\u201d.\" \/>\n<meta name=\"robots\" content=\"index, follow, max-snippet:-1, max-image-preview:large, max-video-preview:-1\" \/>\n<link rel=\"canonical\" href=\"https:\/\/www.budokampsport.se\/2009\/09\/19\/just-nu-karate-sm-ar-invigt\/\" \/>\n<meta property=\"og:locale\" content=\"sv_SE\" \/>\n<meta property=\"og:type\" content=\"article\" \/>\n<meta property=\"og:title\" content=\"Just nu: Karate-SM \u00e4r invigt - Svenska Budo &amp; Kampsportsf\u00f6rbundet\" \/>\n<meta property=\"og:description\" content=\"S\u00e5 \u00e4r d\u00e5 karate-SM formellt ig\u00e5ng. Budokampsport.se finns p\u00e5 plats under helgen f\u00f6r att f\u00f6lja m\u00e4sterskapet som p\u00e5 f\u00f6rhand ser ut som en av de starkaste t\u00e4vlingarna p\u00e5 v\u00e4ldigt l\u00e4nge.1973 arrangerades SM i Valhallahallen senast. Det blev en klassiker som det fortfarande pratas om i karatekretsar. \u00c5rets t\u00e4vling har ocks\u00e5 m\u00f6jlighet att bli en \u201dsnackis\u201d.\" \/>\n<meta property=\"og:url\" content=\"https:\/\/www.budokampsport.se\/2009\/09\/19\/just-nu-karate-sm-ar-invigt\/\" \/>\n<meta property=\"og:site_name\" content=\"Svenska Budo &amp; Kampsportsf\u00f6rbundet\" \/>\n<meta property=\"article:author\" content=\"https:\/\/www.facebook.com\/jonathan.broberg.7\" \/>\n<meta property=\"article:published_time\" content=\"2009-09-19T05:50:12+00:00\" \/>\n<meta property=\"article:modified_time\" content=\"2016-12-06T21:30:17+00:00\" \/>\n<meta name=\"author\" content=\"Jonathan Broberg\" \/>\n<meta name=\"twitter:card\" content=\"summary_large_image\" \/>\n<meta name=\"twitter:label1\" content=\"Skriven av\" \/>\n\t<meta name=\"twitter:data1\" content=\"Jonathan Broberg\" \/>\n\t<meta name=\"twitter:label2\" content=\"Ber\u00e4knad l\u00e4stid\" \/>\n\t<meta name=\"twitter:data2\" content=\"1 minut\" \/>\n<script type=\"application\/ld+json\" class=\"yoast-schema-graph\">{\"@context\":\"https:\/\/schema.org\",\"@graph\":[{\"@type\":\"Article\",\"@id\":\"https:\/\/www.budokampsport.se\/2009\/09\/19\/just-nu-karate-sm-ar-invigt\/#article\",\"isPartOf\":{\"@id\":\"https:\/\/www.budokampsport.se\/2009\/09\/19\/just-nu-karate-sm-ar-invigt\/\"},\"author\":{\"name\":\"Jonathan Broberg\",\"@id\":\"https:\/\/www.budokampsport.se\/#\/schema\/person\/5c06d81d14850e2a8ce5493386560145\"},\"headline\":\"Just nu: Karate-SM \u00e4r invigt\",\"datePublished\":\"2009-09-19T05:50:12+00:00\",\"dateModified\":\"2016-12-06T21:30:17+00:00\",\"mainEntityOfPage\":{\"@id\":\"https:\/\/www.budokampsport.se\/2009\/09\/19\/just-nu-karate-sm-ar-invigt\/\"},\"wordCount\":143,\"inLanguage\":\"sv-SE\"},{\"@type\":\"WebPage\",\"@id\":\"https:\/\/www.budokampsport.se\/2009\/09\/19\/just-nu-karate-sm-ar-invigt\/\",\"url\":\"https:\/\/www.budokampsport.se\/2009\/09\/19\/just-nu-karate-sm-ar-invigt\/\",\"name\":\"Just nu: Karate-SM \u00e4r invigt - Svenska Budo &amp; Kampsportsf\u00f6rbundet\",\"isPartOf\":{\"@id\":\"https:\/\/www.budokampsport.se\/#website\"},\"datePublished\":\"2009-09-19T05:50:12+00:00\",\"dateModified\":\"2016-12-06T21:30:17+00:00\",\"author\":{\"@id\":\"https:\/\/www.budokampsport.se\/#\/schema\/person\/5c06d81d14850e2a8ce5493386560145\"},\"description\":\"S\u00e5 \u00e4r d\u00e5 karate-SM formellt ig\u00e5ng. Budokampsport.se finns p\u00e5 plats under helgen f\u00f6r att f\u00f6lja m\u00e4sterskapet som p\u00e5 f\u00f6rhand ser ut som en av de starkaste t\u00e4vlingarna p\u00e5 v\u00e4ldigt l\u00e4nge.1973 arrangerades SM i Valhallahallen senast. Det blev en klassiker som det fortfarande pratas om i karatekretsar. \u00c5rets t\u00e4vling har ocks\u00e5 m\u00f6jlighet att bli en \u201dsnackis\u201d.\",\"breadcrumb\":{\"@id\":\"https:\/\/www.budokampsport.se\/2009\/09\/19\/just-nu-karate-sm-ar-invigt\/#breadcrumb\"},\"inLanguage\":\"sv-SE\",\"potentialAction\":[{\"@type\":\"ReadAction\",\"target\":[\"https:\/\/www.budokampsport.se\/2009\/09\/19\/just-nu-karate-sm-ar-invigt\/\"]}]},{\"@type\":\"BreadcrumbList\",\"@id\":\"https:\/\/www.budokampsport.se\/2009\/09\/19\/just-nu-karate-sm-ar-invigt\/#breadcrumb\",\"itemListElement\":[{\"@type\":\"ListItem\",\"position\":1,\"name\":\"Hem\",\"item\":\"https:\/\/www.budokampsport.se\/\"},{\"@type\":\"ListItem\",\"position\":2,\"name\":\"Just nu: Karate-SM \u00e4r invigt\"}]},{\"@type\":\"WebSite\",\"@id\":\"https:\/\/www.budokampsport.se\/#website\",\"url\":\"https:\/\/www.budokampsport.se\/\",\"name\":\"Svenska Budo &amp; Kampsportsf\u00f6rbundet\",\"description\":\"T\u00e4vling, Tr\u00e4ning, Tradition\",\"potentialAction\":[{\"@type\":\"SearchAction\",\"target\":{\"@type\":\"EntryPoint\",\"urlTemplate\":\"https:\/\/www.budokampsport.se\/?s={search_term_string}\"},\"query-input\":{\"@type\":\"PropertyValueSpecification\",\"valueRequired\":true,\"valueName\":\"search_term_string\"}}],\"inLanguage\":\"sv-SE\"},{\"@type\":\"Person\",\"@id\":\"https:\/\/www.budokampsport.se\/#\/schema\/person\/5c06d81d14850e2a8ce5493386560145\",\"name\":\"Jonathan Broberg\",\"image\":{\"@type\":\"ImageObject\",\"inLanguage\":\"sv-SE\",\"@id\":\"https:\/\/www.budokampsport.se\/#\/schema\/person\/image\/\",\"url\":\"https:\/\/secure.gravatar.com\/avatar\/a58041c6cea9128bd9c40ee2f26d4136?s=96&d=blank&r=g\",\"contentUrl\":\"https:\/\/secure.gravatar.com\/avatar\/a58041c6cea9128bd9c40ee2f26d4136?s=96&d=blank&r=g\",\"caption\":\"Jonathan Broberg\"},\"sameAs\":[\"https:\/\/www.facebook.com\/jonathan.broberg.7\"],\"url\":\"https:\/\/www.budokampsport.se\/author\/jonathan\/\"}]}<\/script>\n<!-- \/ Yoast SEO plugin. -->","yoast_head_json":{"title":"Just nu: Karate-SM \u00e4r invigt - Svenska Budo &amp; Kampsportsf\u00f6rbundet","description":"S\u00e5 \u00e4r d\u00e5 karate-SM formellt ig\u00e5ng. Budokampsport.se finns p\u00e5 plats under helgen f\u00f6r att f\u00f6lja m\u00e4sterskapet som p\u00e5 f\u00f6rhand ser ut som en av de starkaste t\u00e4vlingarna p\u00e5 v\u00e4ldigt l\u00e4nge.1973 arrangerades SM i Valhallahallen senast. Det blev en klassiker som det fortfarande pratas om i karatekretsar. \u00c5rets t\u00e4vling har ocks\u00e5 m\u00f6jlighet att bli en \u201dsnackis\u201d.","robots":{"index":"index","follow":"follow","max-snippet":"max-snippet:-1","max-image-preview":"max-image-preview:large","max-video-preview":"max-video-preview:-1"},"canonical":"https:\/\/www.budokampsport.se\/2009\/09\/19\/just-nu-karate-sm-ar-invigt\/","og_locale":"sv_SE","og_type":"article","og_title":"Just nu: Karate-SM \u00e4r invigt - Svenska Budo &amp; Kampsportsf\u00f6rbundet","og_description":"S\u00e5 \u00e4r d\u00e5 karate-SM formellt ig\u00e5ng. Budokampsport.se finns p\u00e5 plats under helgen f\u00f6r att f\u00f6lja m\u00e4sterskapet som p\u00e5 f\u00f6rhand ser ut som en av de starkaste t\u00e4vlingarna p\u00e5 v\u00e4ldigt l\u00e4nge.1973 arrangerades SM i Valhallahallen senast. Det blev en klassiker som det fortfarande pratas om i karatekretsar. \u00c5rets t\u00e4vling har ocks\u00e5 m\u00f6jlighet att bli en \u201dsnackis\u201d.","og_url":"https:\/\/www.budokampsport.se\/2009\/09\/19\/just-nu-karate-sm-ar-invigt\/","og_site_name":"Svenska Budo &amp; Kampsportsf\u00f6rbundet","article_author":"https:\/\/www.facebook.com\/jonathan.broberg.7","article_published_time":"2009-09-19T05:50:12+00:00","article_modified_time":"2016-12-06T21:30:17+00:00","author":"Jonathan Broberg","twitter_card":"summary_large_image","twitter_misc":{"Skriven av":"Jonathan Broberg","Ber\u00e4knad l\u00e4stid":"1 minut"},"schema":{"@context":"https:\/\/schema.org","@graph":[{"@type":"Article","@id":"https:\/\/www.budokampsport.se\/2009\/09\/19\/just-nu-karate-sm-ar-invigt\/#article","isPartOf":{"@id":"https:\/\/www.budokampsport.se\/2009\/09\/19\/just-nu-karate-sm-ar-invigt\/"},"author":{"name":"Jonathan Broberg","@id":"https:\/\/www.budokampsport.se\/#\/schema\/person\/5c06d81d14850e2a8ce5493386560145"},"headline":"Just nu: Karate-SM \u00e4r invigt","datePublished":"2009-09-19T05:50:12+00:00","dateModified":"2016-12-06T21:30:17+00:00","mainEntityOfPage":{"@id":"https:\/\/www.budokampsport.se\/2009\/09\/19\/just-nu-karate-sm-ar-invigt\/"},"wordCount":143,"inLanguage":"sv-SE"},{"@type":"WebPage","@id":"https:\/\/www.budokampsport.se\/2009\/09\/19\/just-nu-karate-sm-ar-invigt\/","url":"https:\/\/www.budokampsport.se\/2009\/09\/19\/just-nu-karate-sm-ar-invigt\/","name":"Just nu: Karate-SM \u00e4r invigt - Svenska Budo &amp; Kampsportsf\u00f6rbundet","isPartOf":{"@id":"https:\/\/www.budokampsport.se\/#website"},"datePublished":"2009-09-19T05:50:12+00:00","dateModified":"2016-12-06T21:30:17+00:00","author":{"@id":"https:\/\/www.budokampsport.se\/#\/schema\/person\/5c06d81d14850e2a8ce5493386560145"},"description":"S\u00e5 \u00e4r d\u00e5 karate-SM formellt ig\u00e5ng. Budokampsport.se finns p\u00e5 plats under helgen f\u00f6r att f\u00f6lja m\u00e4sterskapet som p\u00e5 f\u00f6rhand ser ut som en av de starkaste t\u00e4vlingarna p\u00e5 v\u00e4ldigt l\u00e4nge.1973 arrangerades SM i Valhallahallen senast. Det blev en klassiker som det fortfarande pratas om i karatekretsar. \u00c5rets t\u00e4vling har ocks\u00e5 m\u00f6jlighet att bli en \u201dsnackis\u201d.","breadcrumb":{"@id":"https:\/\/www.budokampsport.se\/2009\/09\/19\/just-nu-karate-sm-ar-invigt\/#breadcrumb"},"inLanguage":"sv-SE","potentialAction":[{"@type":"ReadAction","target":["https:\/\/www.budokampsport.se\/2009\/09\/19\/just-nu-karate-sm-ar-invigt\/"]}]},{"@type":"BreadcrumbList","@id":"https:\/\/www.budokampsport.se\/2009\/09\/19\/just-nu-karate-sm-ar-invigt\/#breadcrumb","itemListElement":[{"@type":"ListItem","position":1,"name":"Hem","item":"https:\/\/www.budokampsport.se\/"},{"@type":"ListItem","position":2,"name":"Just nu: Karate-SM \u00e4r invigt"}]},{"@type":"WebSite","@id":"https:\/\/www.budokampsport.se\/#website","url":"https:\/\/www.budokampsport.se\/","name":"Svenska Budo &amp; Kampsportsf\u00f6rbundet","description":"T\u00e4vling, Tr\u00e4ning, Tradition","potentialAction":[{"@type":"SearchAction","target":{"@type":"EntryPoint","urlTemplate":"https:\/\/www.budokampsport.se\/?s={search_term_string}"},"query-input":{"@type":"PropertyValueSpecification","valueRequired":true,"valueName":"search_term_string"}}],"inLanguage":"sv-SE"},{"@type":"Person","@id":"https:\/\/www.budokampsport.se\/#\/schema\/person\/5c06d81d14850e2a8ce5493386560145","name":"Jonathan Broberg","image":{"@type":"ImageObject","inLanguage":"sv-SE","@id":"https:\/\/www.budokampsport.se\/#\/schema\/person\/image\/","url":"https:\/\/secure.gravatar.com\/avatar\/a58041c6cea9128bd9c40ee2f26d4136?s=96&d=blank&r=g","contentUrl":"https:\/\/secure.gravatar.com\/avatar\/a58041c6cea9128bd9c40ee2f26d4136?s=96&d=blank&r=g","caption":"Jonathan Broberg"},"sameAs":["https:\/\/www.facebook.com\/jonathan.broberg.7"],"url":"https:\/\/www.budokampsport.se\/author\/jonathan\/"}]}},"_links":{"self":[{"href":"https:\/\/www.budokampsport.se\/api\/wp\/v2\/posts\/3022","targetHints":{"allow":["GET"]}}],"collection":[{"href":"https:\/\/www.budokampsport.se\/api\/wp\/v2\/posts"}],"about":[{"href":"https:\/\/www.budokampsport.se\/api\/wp\/v2\/types\/post"}],"author":[{"embeddable":true,"href":"https:\/\/www.budokampsport.se\/api\/wp\/v2\/users\/7"}],"replies":[{"embeddable":true,"href":"https:\/\/www.budokampsport.se\/api\/wp\/v2\/comments?post=3022"}],"version-history":[{"count":0,"href":"https:\/\/www.budokampsport.se\/api\/wp\/v2\/posts\/3022\/revisions"}],"wp:attachment":[{"href":"https:\/\/www.budokampsport.se\/api\/wp\/v2\/media?parent=3022"}],"wp:term":[{"taxonomy":"category","embeddable":true,"href":"https:\/\/www.budokampsport.se\/api\/wp\/v2\/categories?post=3022"},{"taxonomy":"post_tag","embeddable":true,"href":"https:\/\/www.budokampsport.se\/api\/wp\/v2\/tags?post=3022"}],"curies":[{"name":"wp","href":"https:\/\/api.w.org\/{rel}","templated":true}]}}