{"id":3052,"date":"2009-10-21T20:45:36","date_gmt":"2009-10-21T18:45:36","guid":{"rendered":"http:\/\/budo.wordpress.dev\/2009\/10\/21\/vm-i-villach-nu-borjar-allvaret\/"},"modified":"2016-12-06T22:30:24","modified_gmt":"2016-12-06T21:30:24","slug":"vm-i-villach-nu-borjar-allvaret","status":"publish","type":"post","link":"https:\/\/www.budokampsport.se\/2009\/10\/21\/vm-i-villach-nu-borjar-allvaret\/","title":{"rendered":"VM i Villach: Nu b\u00f6rjar allvaret"},"content":{"rendered":"<p><P><STRONG><IMG height=277 alt=\"\" src=\"http:\/\/www.budo.se\/sites\/default\/files\/kickbox-wm.jpg\" width=200 align=right>I morgon b\u00f6rjar \u00e4ntligen VM i kickboxning. Sverige har tolv\u00a0fighters p\u00e5 plats, men \u00e4r sannerligen inte ensamma. VM utg\u00f6rs av 60 nationer och \u00f6ver 600 kickboxare.<\/STRONG><BR><BR>Villach har invaderats. \u00d6verallt\u00a0\u00e4r det kickboxarna som syns i den lilla alpbyn som gr\u00e4nsar till b\u00e5de Slovenien och Italien. \u00c5rets VM kommer att ha rekordm\u00e5nga deltagare. Dessutom fr\u00e5n rekordm\u00e5nga l\u00e4nder.<BR><!--break--><BR>Det svenska landslaget har f\u00e5tt sin lottning klar. De flesta t\u00e4vlar redan under morgondagen med sin f\u00f6rsta match, vilket medf\u00f6rt att en viss f\u00f6rv\u00e4ntansfylld sp\u00e4nning finns i truppen.<BR><BR><STRONG>&#8220;Vi \u00e4r f\u00f6rberedda&#8221;<BR><\/STRONG>Avg\u00e5ng fr\u00e5n hotellet med buss till arenan kommer att ske klockan 08.45. Timmen senare kliver den f\u00f6rsta svenska fightern in i ringen. Under kv\u00e4llen har ett gemensamt landslagsm\u00f6te h\u00e5llits d\u00e4r bland annat regelverket f\u00f6r \u00e5rets turnering har avklarats. <BR><BR>F\u00f6rbundskaptenen Martin Eisengarten ser verkligen fram emot morgondagen.<BR>\u00a0\u00a0 &#8211; Det \u00e4r det h\u00e4r som vi alla har tr\u00e4nat och f\u00f6rberett oss f\u00f6r. Det ska bli oerh\u00f6rt sk\u00f6nt att det hela \u00e4ntligen drar ig\u00e5ng. Vi k\u00e4nner oss beredda inf\u00f6r morgonens matcher, s\u00e4ger han till budokampsport.se.<BR><BR>Vill du se mer av VM, <A href=\"http:\/\/www.kickbox-wm.at\/\">h\u00e4r har du den officiella VM-hemsidan<\/A>.<\/P> <P>Text: Jonathan Broberg<\/P><\/p>\n","protected":false},"excerpt":{"rendered":"<p><P><STRONG><IMG height=277 alt=\"\" src=\"http:\/\/www.budo.se\/sites\/default\/files\/kickbox-wm.jpg\" width=200 align=right>I morgon b\u00f6rjar \u00e4ntligen VM i kickboxning. Sverige har tolv\u00a0fighters p\u00e5 plats, men \u00e4r sannerligen inte ensamma. VM utg\u00f6rs av 60 nationer och \u00f6ver 600 kickboxare.<\/STRONG><BR><BR>Villach har invaderats. \u00d6verallt\u00a0\u00e4r det kickboxarna som syns i den lilla alpbyn som gr\u00e4nsar till b\u00e5de Slovenien och Italien. \u00c5rets VM kommer att ha rekordm\u00e5nga deltagare. Dessutom fr\u00e5n rekordm\u00e5nga l\u00e4nder.<BR><\/p><br>","protected":false},"author":7,"featured_media":0,"comment_status":"closed","ping_status":"closed","sticky":false,"template":"","format":"standard","meta":{"_acf_changed":false,"footnotes":""},"categories":[1],"tags":[],"class_list":["post-3052","post","type-post","status-publish","format-standard","hentry","category-okategoriserade"],"acf":[],"yoast_head":"<!-- This site is optimized with the Yoast SEO plugin v26.8 - https:\/\/yoast.com\/product\/yoast-seo-wordpress\/ -->\n<title>VM i Villach: Nu b\u00f6rjar allvaret - Svenska Budo &amp; Kampsportsf\u00f6rbundet<\/title>\n<meta name=\"description\" content=\"I morgon b\u00f6rjar \u00e4ntligen VM i kickboxning. Sverige har tolv\u00a0fighters p\u00e5 plats, men \u00e4r sannerligen inte ensamma. VM utg\u00f6rs av 60 nationer och \u00f6ver 600 kickboxare.Villach har invaderats. \u00d6verallt\u00a0\u00e4r det kickboxarna som syns i den lilla alpbyn som gr\u00e4nsar till b\u00e5de Slovenien och Italien. \u00c5rets VM kommer att ha rekordm\u00e5nga deltagare. Dessutom fr\u00e5n rekordm\u00e5nga l\u00e4nder.\" \/>\n<meta name=\"robots\" content=\"index, follow, max-snippet:-1, max-image-preview:large, max-video-preview:-1\" \/>\n<link rel=\"canonical\" href=\"https:\/\/www.budokampsport.se\/2009\/10\/21\/vm-i-villach-nu-borjar-allvaret\/\" \/>\n<meta property=\"og:locale\" content=\"sv_SE\" \/>\n<meta property=\"og:type\" content=\"article\" \/>\n<meta property=\"og:title\" content=\"VM i Villach: Nu b\u00f6rjar allvaret - Svenska Budo &amp; Kampsportsf\u00f6rbundet\" \/>\n<meta property=\"og:description\" content=\"I morgon b\u00f6rjar \u00e4ntligen VM i kickboxning. Sverige har tolv\u00a0fighters p\u00e5 plats, men \u00e4r sannerligen inte ensamma. VM utg\u00f6rs av 60 nationer och \u00f6ver 600 kickboxare.Villach har invaderats. \u00d6verallt\u00a0\u00e4r det kickboxarna som syns i den lilla alpbyn som gr\u00e4nsar till b\u00e5de Slovenien och Italien. \u00c5rets VM kommer att ha rekordm\u00e5nga deltagare. Dessutom fr\u00e5n rekordm\u00e5nga l\u00e4nder.\" \/>\n<meta property=\"og:url\" content=\"https:\/\/www.budokampsport.se\/2009\/10\/21\/vm-i-villach-nu-borjar-allvaret\/\" \/>\n<meta property=\"og:site_name\" content=\"Svenska Budo &amp; Kampsportsf\u00f6rbundet\" \/>\n<meta property=\"article:author\" content=\"https:\/\/www.facebook.com\/jonathan.broberg.7\" \/>\n<meta property=\"article:published_time\" content=\"2009-10-21T18:45:36+00:00\" \/>\n<meta property=\"article:modified_time\" content=\"2016-12-06T21:30:24+00:00\" \/>\n<meta name=\"author\" content=\"Jonathan Broberg\" \/>\n<meta name=\"twitter:card\" content=\"summary_large_image\" \/>\n<meta name=\"twitter:label1\" content=\"Skriven av\" \/>\n\t<meta name=\"twitter:data1\" content=\"Jonathan Broberg\" \/>\n\t<meta name=\"twitter:label2\" content=\"Ber\u00e4knad l\u00e4stid\" \/>\n\t<meta name=\"twitter:data2\" content=\"1 minut\" \/>\n<script type=\"application\/ld+json\" class=\"yoast-schema-graph\">{\"@context\":\"https:\/\/schema.org\",\"@graph\":[{\"@type\":\"Article\",\"@id\":\"https:\/\/www.budokampsport.se\/2009\/10\/21\/vm-i-villach-nu-borjar-allvaret\/#article\",\"isPartOf\":{\"@id\":\"https:\/\/www.budokampsport.se\/2009\/10\/21\/vm-i-villach-nu-borjar-allvaret\/\"},\"author\":{\"name\":\"Jonathan Broberg\",\"@id\":\"https:\/\/www.budokampsport.se\/#\/schema\/person\/5c06d81d14850e2a8ce5493386560145\"},\"headline\":\"VM i Villach: Nu b\u00f6rjar allvaret\",\"datePublished\":\"2009-10-21T18:45:36+00:00\",\"dateModified\":\"2016-12-06T21:30:24+00:00\",\"mainEntityOfPage\":{\"@id\":\"https:\/\/www.budokampsport.se\/2009\/10\/21\/vm-i-villach-nu-borjar-allvaret\/\"},\"wordCount\":227,\"inLanguage\":\"sv-SE\"},{\"@type\":\"WebPage\",\"@id\":\"https:\/\/www.budokampsport.se\/2009\/10\/21\/vm-i-villach-nu-borjar-allvaret\/\",\"url\":\"https:\/\/www.budokampsport.se\/2009\/10\/21\/vm-i-villach-nu-borjar-allvaret\/\",\"name\":\"VM i Villach: Nu b\u00f6rjar allvaret - Svenska Budo &amp; Kampsportsf\u00f6rbundet\",\"isPartOf\":{\"@id\":\"https:\/\/www.budokampsport.se\/#website\"},\"datePublished\":\"2009-10-21T18:45:36+00:00\",\"dateModified\":\"2016-12-06T21:30:24+00:00\",\"author\":{\"@id\":\"https:\/\/www.budokampsport.se\/#\/schema\/person\/5c06d81d14850e2a8ce5493386560145\"},\"description\":\"I morgon b\u00f6rjar \u00e4ntligen VM i kickboxning. Sverige har tolv\u00a0fighters p\u00e5 plats, men \u00e4r sannerligen inte ensamma. VM utg\u00f6rs av 60 nationer och \u00f6ver 600 kickboxare.Villach har invaderats. \u00d6verallt\u00a0\u00e4r det kickboxarna som syns i den lilla alpbyn som gr\u00e4nsar till b\u00e5de Slovenien och Italien. \u00c5rets VM kommer att ha rekordm\u00e5nga deltagare. Dessutom fr\u00e5n rekordm\u00e5nga l\u00e4nder.\",\"breadcrumb\":{\"@id\":\"https:\/\/www.budokampsport.se\/2009\/10\/21\/vm-i-villach-nu-borjar-allvaret\/#breadcrumb\"},\"inLanguage\":\"sv-SE\",\"potentialAction\":[{\"@type\":\"ReadAction\",\"target\":[\"https:\/\/www.budokampsport.se\/2009\/10\/21\/vm-i-villach-nu-borjar-allvaret\/\"]}]},{\"@type\":\"BreadcrumbList\",\"@id\":\"https:\/\/www.budokampsport.se\/2009\/10\/21\/vm-i-villach-nu-borjar-allvaret\/#breadcrumb\",\"itemListElement\":[{\"@type\":\"ListItem\",\"position\":1,\"name\":\"Hem\",\"item\":\"https:\/\/www.budokampsport.se\/\"},{\"@type\":\"ListItem\",\"position\":2,\"name\":\"VM i Villach: Nu b\u00f6rjar allvaret\"}]},{\"@type\":\"WebSite\",\"@id\":\"https:\/\/www.budokampsport.se\/#website\",\"url\":\"https:\/\/www.budokampsport.se\/\",\"name\":\"Svenska Budo &amp; Kampsportsf\u00f6rbundet\",\"description\":\"T\u00e4vling, Tr\u00e4ning, Tradition\",\"potentialAction\":[{\"@type\":\"SearchAction\",\"target\":{\"@type\":\"EntryPoint\",\"urlTemplate\":\"https:\/\/www.budokampsport.se\/?s={search_term_string}\"},\"query-input\":{\"@type\":\"PropertyValueSpecification\",\"valueRequired\":true,\"valueName\":\"search_term_string\"}}],\"inLanguage\":\"sv-SE\"},{\"@type\":\"Person\",\"@id\":\"https:\/\/www.budokampsport.se\/#\/schema\/person\/5c06d81d14850e2a8ce5493386560145\",\"name\":\"Jonathan Broberg\",\"image\":{\"@type\":\"ImageObject\",\"inLanguage\":\"sv-SE\",\"@id\":\"https:\/\/www.budokampsport.se\/#\/schema\/person\/image\/\",\"url\":\"https:\/\/secure.gravatar.com\/avatar\/a58041c6cea9128bd9c40ee2f26d4136?s=96&d=blank&r=g\",\"contentUrl\":\"https:\/\/secure.gravatar.com\/avatar\/a58041c6cea9128bd9c40ee2f26d4136?s=96&d=blank&r=g\",\"caption\":\"Jonathan Broberg\"},\"sameAs\":[\"https:\/\/www.facebook.com\/jonathan.broberg.7\"],\"url\":\"https:\/\/www.budokampsport.se\/author\/jonathan\/\"}]}<\/script>\n<!-- \/ Yoast SEO plugin. -->","yoast_head_json":{"title":"VM i Villach: Nu b\u00f6rjar allvaret - Svenska Budo &amp; Kampsportsf\u00f6rbundet","description":"I morgon b\u00f6rjar \u00e4ntligen VM i kickboxning. Sverige har tolv\u00a0fighters p\u00e5 plats, men \u00e4r sannerligen inte ensamma. VM utg\u00f6rs av 60 nationer och \u00f6ver 600 kickboxare.Villach har invaderats. \u00d6verallt\u00a0\u00e4r det kickboxarna som syns i den lilla alpbyn som gr\u00e4nsar till b\u00e5de Slovenien och Italien. \u00c5rets VM kommer att ha rekordm\u00e5nga deltagare. Dessutom fr\u00e5n rekordm\u00e5nga l\u00e4nder.","robots":{"index":"index","follow":"follow","max-snippet":"max-snippet:-1","max-image-preview":"max-image-preview:large","max-video-preview":"max-video-preview:-1"},"canonical":"https:\/\/www.budokampsport.se\/2009\/10\/21\/vm-i-villach-nu-borjar-allvaret\/","og_locale":"sv_SE","og_type":"article","og_title":"VM i Villach: Nu b\u00f6rjar allvaret - Svenska Budo &amp; Kampsportsf\u00f6rbundet","og_description":"I morgon b\u00f6rjar \u00e4ntligen VM i kickboxning. Sverige har tolv\u00a0fighters p\u00e5 plats, men \u00e4r sannerligen inte ensamma. VM utg\u00f6rs av 60 nationer och \u00f6ver 600 kickboxare.Villach har invaderats. \u00d6verallt\u00a0\u00e4r det kickboxarna som syns i den lilla alpbyn som gr\u00e4nsar till b\u00e5de Slovenien och Italien. \u00c5rets VM kommer att ha rekordm\u00e5nga deltagare. Dessutom fr\u00e5n rekordm\u00e5nga l\u00e4nder.","og_url":"https:\/\/www.budokampsport.se\/2009\/10\/21\/vm-i-villach-nu-borjar-allvaret\/","og_site_name":"Svenska Budo &amp; Kampsportsf\u00f6rbundet","article_author":"https:\/\/www.facebook.com\/jonathan.broberg.7","article_published_time":"2009-10-21T18:45:36+00:00","article_modified_time":"2016-12-06T21:30:24+00:00","author":"Jonathan Broberg","twitter_card":"summary_large_image","twitter_misc":{"Skriven av":"Jonathan Broberg","Ber\u00e4knad l\u00e4stid":"1 minut"},"schema":{"@context":"https:\/\/schema.org","@graph":[{"@type":"Article","@id":"https:\/\/www.budokampsport.se\/2009\/10\/21\/vm-i-villach-nu-borjar-allvaret\/#article","isPartOf":{"@id":"https:\/\/www.budokampsport.se\/2009\/10\/21\/vm-i-villach-nu-borjar-allvaret\/"},"author":{"name":"Jonathan Broberg","@id":"https:\/\/www.budokampsport.se\/#\/schema\/person\/5c06d81d14850e2a8ce5493386560145"},"headline":"VM i Villach: Nu b\u00f6rjar allvaret","datePublished":"2009-10-21T18:45:36+00:00","dateModified":"2016-12-06T21:30:24+00:00","mainEntityOfPage":{"@id":"https:\/\/www.budokampsport.se\/2009\/10\/21\/vm-i-villach-nu-borjar-allvaret\/"},"wordCount":227,"inLanguage":"sv-SE"},{"@type":"WebPage","@id":"https:\/\/www.budokampsport.se\/2009\/10\/21\/vm-i-villach-nu-borjar-allvaret\/","url":"https:\/\/www.budokampsport.se\/2009\/10\/21\/vm-i-villach-nu-borjar-allvaret\/","name":"VM i Villach: Nu b\u00f6rjar allvaret - Svenska Budo &amp; Kampsportsf\u00f6rbundet","isPartOf":{"@id":"https:\/\/www.budokampsport.se\/#website"},"datePublished":"2009-10-21T18:45:36+00:00","dateModified":"2016-12-06T21:30:24+00:00","author":{"@id":"https:\/\/www.budokampsport.se\/#\/schema\/person\/5c06d81d14850e2a8ce5493386560145"},"description":"I morgon b\u00f6rjar \u00e4ntligen VM i kickboxning. Sverige har tolv\u00a0fighters p\u00e5 plats, men \u00e4r sannerligen inte ensamma. VM utg\u00f6rs av 60 nationer och \u00f6ver 600 kickboxare.Villach har invaderats. \u00d6verallt\u00a0\u00e4r det kickboxarna som syns i den lilla alpbyn som gr\u00e4nsar till b\u00e5de Slovenien och Italien. \u00c5rets VM kommer att ha rekordm\u00e5nga deltagare. Dessutom fr\u00e5n rekordm\u00e5nga l\u00e4nder.","breadcrumb":{"@id":"https:\/\/www.budokampsport.se\/2009\/10\/21\/vm-i-villach-nu-borjar-allvaret\/#breadcrumb"},"inLanguage":"sv-SE","potentialAction":[{"@type":"ReadAction","target":["https:\/\/www.budokampsport.se\/2009\/10\/21\/vm-i-villach-nu-borjar-allvaret\/"]}]},{"@type":"BreadcrumbList","@id":"https:\/\/www.budokampsport.se\/2009\/10\/21\/vm-i-villach-nu-borjar-allvaret\/#breadcrumb","itemListElement":[{"@type":"ListItem","position":1,"name":"Hem","item":"https:\/\/www.budokampsport.se\/"},{"@type":"ListItem","position":2,"name":"VM i Villach: Nu b\u00f6rjar allvaret"}]},{"@type":"WebSite","@id":"https:\/\/www.budokampsport.se\/#website","url":"https:\/\/www.budokampsport.se\/","name":"Svenska Budo &amp; Kampsportsf\u00f6rbundet","description":"T\u00e4vling, Tr\u00e4ning, Tradition","potentialAction":[{"@type":"SearchAction","target":{"@type":"EntryPoint","urlTemplate":"https:\/\/www.budokampsport.se\/?s={search_term_string}"},"query-input":{"@type":"PropertyValueSpecification","valueRequired":true,"valueName":"search_term_string"}}],"inLanguage":"sv-SE"},{"@type":"Person","@id":"https:\/\/www.budokampsport.se\/#\/schema\/person\/5c06d81d14850e2a8ce5493386560145","name":"Jonathan Broberg","image":{"@type":"ImageObject","inLanguage":"sv-SE","@id":"https:\/\/www.budokampsport.se\/#\/schema\/person\/image\/","url":"https:\/\/secure.gravatar.com\/avatar\/a58041c6cea9128bd9c40ee2f26d4136?s=96&d=blank&r=g","contentUrl":"https:\/\/secure.gravatar.com\/avatar\/a58041c6cea9128bd9c40ee2f26d4136?s=96&d=blank&r=g","caption":"Jonathan Broberg"},"sameAs":["https:\/\/www.facebook.com\/jonathan.broberg.7"],"url":"https:\/\/www.budokampsport.se\/author\/jonathan\/"}]}},"_links":{"self":[{"href":"https:\/\/www.budokampsport.se\/api\/wp\/v2\/posts\/3052","targetHints":{"allow":["GET"]}}],"collection":[{"href":"https:\/\/www.budokampsport.se\/api\/wp\/v2\/posts"}],"about":[{"href":"https:\/\/www.budokampsport.se\/api\/wp\/v2\/types\/post"}],"author":[{"embeddable":true,"href":"https:\/\/www.budokampsport.se\/api\/wp\/v2\/users\/7"}],"replies":[{"embeddable":true,"href":"https:\/\/www.budokampsport.se\/api\/wp\/v2\/comments?post=3052"}],"version-history":[{"count":0,"href":"https:\/\/www.budokampsport.se\/api\/wp\/v2\/posts\/3052\/revisions"}],"wp:attachment":[{"href":"https:\/\/www.budokampsport.se\/api\/wp\/v2\/media?parent=3052"}],"wp:term":[{"taxonomy":"category","embeddable":true,"href":"https:\/\/www.budokampsport.se\/api\/wp\/v2\/categories?post=3052"},{"taxonomy":"post_tag","embeddable":true,"href":"https:\/\/www.budokampsport.se\/api\/wp\/v2\/tags?post=3052"}],"curies":[{"name":"wp","href":"https:\/\/api.w.org\/{rel}","templated":true}]}}